{"id":10175,"date":"2025-11-01T19:59:09","date_gmt":"2025-11-01T18:59:09","guid":{"rendered":"https:\/\/valasskemezirici.casd.cz\/?p=10175"},"modified":"2025-11-01T19:59:12","modified_gmt":"2025-11-01T18:59:12","slug":"sobota-1-listopadu-2025","status":"publish","type":"post","link":"https:\/\/valasskemezirici.casd.cz\/?p=10175","title":{"rendered":"Sobota 1.listopadu 2025"},"content":{"rendered":"<p style=\"text-align: justify;\">Prvn\u00ed listopadov\u00fd den p\u0159edznamen\u00e1v\u00e1 za\u010d\u00e1tek modlitebn\u00edho t\u00fddne. P\u0159edn\u00e1\u0161ky maj\u00ed n\u00e1zev \u201e<em>Je\u017e\u00ed\u0161 se brzy vr\u00e1t\u00ed<\/em>\u201c. V\u011b\u0159\u00edte tomu? Sd\u00edl\u00edte se o to s lidmi kolem sebe? Je p\u0159ed n\u00e1mi \u010das, kdy se chceme v\u00edce ne\u017e jindy spole\u010dn\u011b modlit, p\u0159em\u00fd\u0161let a diskutovat o Je\u017e\u00ed\u0161i, kter\u00fd je na cest\u011b k n\u00e1m. Chceme si p\u0159ipomenout, co o tom \u0159\u00edk\u00e1 Bible, chceme spole\u010dn\u011b sd\u00edlet tuto nad\u011bji, pokl\u00e1dat si ot\u00e1zky, kter\u00e9 d\u00edky n\u00ed m\u00e1me. V\u011bdom\u00ed Krista, kter\u00fd se brzy vr\u00e1t\u00ed, si v\u0161ak nesm\u00edme nechat jen pro sebe.<\/p>\n<p style=\"text-align: justify;\">\u00dakolem sobotn\u00ed \u0161koly \u201e<em>Hospodin bojuje za v\u00e1s<\/em>\u201c n\u00e1s provedl Petr Ch\u00e1ra.<\/p>\n<p style=\"text-align: justify;\">My\u0161lenka \u201esvat\u00fdch v\u00e1lek\u201c byla a je t\u011b\u017eko pochopiteln\u00e1. Bohem \u201eschv\u00e1len\u00e9 v\u00e1lky\u201c ale maj\u00ed sv\u00e9 podm\u00ednky i duchovn\u00ed d\u016fsledky. Jak to, \u017ee n\u00e1\u0161 B\u016fh, B\u016fh l\u00e1sky, vedl Izrael k&nbsp;v\u00e1lk\u00e1m? M\u011bl v&nbsp;pl\u00e1nu genocidu, nebo ne? Jist\u011b ne. A\u010d je v&nbsp;knize Jozue ps\u00e1no o \u201e\u00fapln\u00e9m vyhuben\u00ed\u201c, nen\u00ed to my\u0161leno doslova. D\u00e1le \u010dteme, \u017ee \u0159ada Kananejc\u016f \u017eila v&nbsp;zemi d\u00e1le.<\/p>\n<p style=\"text-align: justify;\">Pro\u010d se uch\u00fdlil B\u016fh k&nbsp;tak razantn\u00edmu \u0159e\u0161en\u00ed? Pot\u0159eboval p\u016fdu pro Izrael, nebo bylo d\u016fvodem n\u011bco jin\u00e9ho? Mnoho pohansk\u00fdch ritu\u00e1l\u016f je zalo\u017eeno na zvrhl\u00fdch sexu\u00e1ln\u00edch praktik\u00e1ch, kter\u00e9 B\u016fh odsuzuje. Kananejci promarnili p\u0159\u00edle\u017eitost vzd\u00e1t se jich. A p\u0159\u00edle\u017eitost\u00ed m\u011bli \u0159adu. Izrael nest\u00e1l u hranice zem\u011b poprv\u00e9, j\u00ed\u017e p\u0159ed 40 lety sly\u0161eli Kananejci o Bo\u017e\u00edch \u010dinech. Pov\u011bst o mocn\u00e9m Izraelsk\u00e9m Bohu \u0161la po cel\u00e9 zemi. U Jericha m\u011bli 6 dn\u00ed na obr\u00e1cen\u00ed, a tak jako B\u016fh u\u0161et\u0159il Ninive, kdy\u017e se obr\u00e1tilo, u\u0161et\u0159il by jist\u011b i Jericho.&nbsp;Kananejci, kte\u0159\u00ed uznali Bo\u017e\u00ed svrchovanost, mohli z\u00e1hub\u011b uniknout. B\u016fh dal h\u0159\u00ed\u0161n\u00edk\u016fm \u010das milosti.&nbsp;Postupn\u011b se ale dostali do bodu, kdy u\u017e nebyla mo\u017en\u00e1 Bo\u017e\u00ed shov\u00edvavost, a m\u011bli b\u00fdt vyhlazeni.<\/p>\n<p><img loading=\"lazy\" decoding=\"async\" class=\"alignnone wp-image-10176\" src=\"https:\/\/valasskemezirici.casd.cz\/wp-content\/uploads\/2025\/11\/dabeb614-faa5-4a9e-b602-75817b3dacbd.jpeg\" alt=\"\" width=\"568\" height=\"757\" srcset=\"https:\/\/valasskemezirici.casd.cz\/wp-content\/uploads\/2025\/11\/dabeb614-faa5-4a9e-b602-75817b3dacbd.jpeg 1920w, https:\/\/valasskemezirici.casd.cz\/wp-content\/uploads\/2025\/11\/dabeb614-faa5-4a9e-b602-75817b3dacbd-225x300.jpeg 225w, https:\/\/valasskemezirici.casd.cz\/wp-content\/uploads\/2025\/11\/dabeb614-faa5-4a9e-b602-75817b3dacbd-768x1024.jpeg 768w, https:\/\/valasskemezirici.casd.cz\/wp-content\/uploads\/2025\/11\/dabeb614-faa5-4a9e-b602-75817b3dacbd-1152x1536.jpeg 1152w, https:\/\/valasskemezirici.casd.cz\/wp-content\/uploads\/2025\/11\/dabeb614-faa5-4a9e-b602-75817b3dacbd-1536x2048.jpeg 1536w\" sizes=\"auto, (max-width: 568px) 100vw, 568px\" \/><\/p>\n<p><!--more--><\/p>\n<p style=\"text-align: justify;\">B\u016fh netoleroval h\u0159\u00edch u Kananejc\u016f, u Izraelc\u016f ani u n\u00e1s.&nbsp;Izraelci za\u017eili zvrat, kdy\u017e B\u016fh najednou bojoval proti nim ve chv\u00edli, kdy se provinili. &nbsp;<\/p>\n<p style=\"text-align: justify;\">Izraelci m\u011bli zni\u010dit v\u0161e mor\u00e1ln\u011b zka\u017een\u00e9, v\u0161e co by m\u011blo negativn\u00ed vliv na jejich duchovn\u00ed \u017eivot. Hospodin m\u011bl kontrolu nad ni\u010den\u00edm lid\u00ed, zv\u00ed\u0159at i v\u011bc\u00ed.&nbsp;Bylo omezeno na konkr\u00e9tn\u00ed d\u011bjinn\u00e9 obdob\u00ed a vymezenou geografickou oblast. Bo\u017e\u00edm c\u00edlem bylo potrestat h\u0159\u00edch a vyhubit vzpouru v\u016f\u010di Bohu.<\/p>\n<p style=\"text-align: justify;\">Stejn\u011b v\u00fdznamn\u00fdm t\u00e9matem jsou ve star\u00e9m z\u00e1kon\u011b vid\u011bn\u00ed o&nbsp;budouc\u00ed pokojn\u00e9 mesi\u00e1\u0161sk\u00e9 \u00e9\u0159e.<\/p>\n<p style=\"text-align: justify;\"><em>2.Kr 6,16\u201323. popisuje p\u0159\u00edb\u011bh, kdy izraelsk\u00fd kr\u00e1l p\u0159ipravil hostinu pro aramejsk\u00e9 vojsko, a to u\u017e nikdy nevpadlo do izraelsk\u00e9 zem\u011b.<\/em><\/p>\n<p style=\"text-align: justify;\">Dne\u0161n\u00ed tradi\u010dn\u00ed k\u00e1z\u00e1n\u00ed bylo z&nbsp;d\u016fvodu za\u010d\u00e1tku modlitebn\u00edho t\u00fddne nahrazeno sezn\u00e1men\u00ed s&nbsp;p\u0159edn\u00e1\u0161kami. Veden\u00edm n\u00e1m poslou\u017eil bratr Pavel Pimek. V\u0161ichni \u010dlenov\u00e9 si mohou vyzvednout jak v\u00fdtisk Adventu s p\u0159edn\u00e1\u0161kami, tak ob\u00e1lku, do kter\u00e9 mohou vlo\u017eit ver\u0161 a finan\u010dn\u00ed p\u0159\u00edsp\u011bvek modlitebn\u00edho t\u00fddne. Ten bude letos v\u011bnov\u00e1n na Gener\u00e1ln\u00ed misii.<\/p>\n<p style=\"text-align: justify;\">N\u00e1s sbor m\u00e1 p\u0159\u00edjemn\u00fd zvyk sch\u00e1zet se v&nbsp;dob\u011b modlitebn\u00edho t\u00fddne v&nbsp;dom\u00e1cnostech jednotliv\u00fdch \u010dlen\u016f. Za\u010d\u00e1tek bude v\u017edy v&nbsp;18 hodin. Leto\u0161n\u00ed rozd\u011blen\u00ed vypad\u00e1 takto:<\/p>\n<p style=\"text-align: justify;\">Ne &#8211; Pimkovi<\/p>\n<p style=\"text-align: justify;\">Po \u2013 Donovi<\/p>\n<p style=\"text-align: justify;\">\u00dat \u2013 Ty\u0161erovi<\/p>\n<p style=\"text-align: justify;\">St \u2013 Mro\u010dkovi<\/p>\n<p style=\"text-align: justify;\">\u010ct \u2013 Ch\u00e1rovi<\/p>\n<p style=\"text-align: justify;\">P\u00e1 \u2013 Kimlerovi ml.<\/p>\n<p><img loading=\"lazy\" decoding=\"async\" class=\"alignnone wp-image-10178\" src=\"https:\/\/valasskemezirici.casd.cz\/wp-content\/uploads\/2025\/11\/60e69e56-8699-4434-90f0-105311577a47-1.jpeg\" alt=\"\" width=\"544\" height=\"408\" srcset=\"https:\/\/valasskemezirici.casd.cz\/wp-content\/uploads\/2025\/11\/60e69e56-8699-4434-90f0-105311577a47-1.jpeg 2560w, https:\/\/valasskemezirici.casd.cz\/wp-content\/uploads\/2025\/11\/60e69e56-8699-4434-90f0-105311577a47-1-300x225.jpeg 300w, https:\/\/valasskemezirici.casd.cz\/wp-content\/uploads\/2025\/11\/60e69e56-8699-4434-90f0-105311577a47-1-1024x768.jpeg 1024w, https:\/\/valasskemezirici.casd.cz\/wp-content\/uploads\/2025\/11\/60e69e56-8699-4434-90f0-105311577a47-1-768x576.jpeg 768w, https:\/\/valasskemezirici.casd.cz\/wp-content\/uploads\/2025\/11\/60e69e56-8699-4434-90f0-105311577a47-1-1536x1152.jpeg 1536w, https:\/\/valasskemezirici.casd.cz\/wp-content\/uploads\/2025\/11\/60e69e56-8699-4434-90f0-105311577a47-1-2048x1536.jpeg 2048w\" sizes=\"auto, (max-width: 544px) 100vw, 544px\" \/><\/p>\n<p style=\"text-align: justify;\">Na posledn\u00ed konferenci na\u0161\u00ed c\u00edrkve v&nbsp;USA se mluvilo o t\u00e9matech leto\u0161n\u00edho modlitebn\u00edho t\u00fddne. N\u00e1m\u011bty americk\u00fdch v\u011b\u0159\u00edc\u00edch jsou ale jin\u00e9 ne\u017e evropsk\u00e9. V\u00fdvoj k\u0159es\u0165anstv\u00ed byl jin\u00fd, ne\u017e u n\u00e1s. A proto i n\u00e1m\u011bty t\u00e9mat p\u0159edn\u00e1\u0161ek nemus\u00ed oslovit n\u00e1s stejn\u011b, jako americk\u00e9 sourozence v Kristu. Mo\u017en\u00e1 bychom volili jin\u00e1.<\/p>\n<p style=\"text-align: justify;\">\u201eJe\u017e\u00ed\u0161 se brzy vr\u00e1t\u00ed\u201c plat\u00ed s&nbsp;postupuj\u00edc\u00edm v\u011bkem st\u00e1le v\u00edce. Bratr Pimek n\u00e1m p\u0159e\u010detl z&nbsp;P\u00edsma 1 Tes 5.kapitola, kde apo\u0161tol Pavel p\u00ed\u0161e o posledn\u00ed dob\u011b. I tehdej\u0161\u00ed k\u0159es\u0165any tato doba zam\u011bstn\u00e1vala. Pavel tomu d\u00e1v\u00e1 jin\u00fd smysl.<\/p>\n<p style=\"text-align: justify;\">Doba se ch\u00fdl\u00ed, sly\u0161\u00edme o glob\u00e1ln\u00edm oteplov\u00e1n\u00ed, o zni\u010den\u00e9 krajin\u011b, v\u00e1lk\u00e1ch, p\u0159\u00edrodn\u00edch katastrof\u00e1ch, pron\u00e1sledov\u00e1n\u00ed k\u0159es\u0165an\u016f. M\u00e1me d\u016fvod se b\u00e1t, p\u0159estat v\u011b\u0159it v&nbsp;Boha, v&nbsp;Jeho l\u00e1sku, ve spasen\u00ed? M\u016f\u017eeme my situaci kolem n\u00e1s zm\u011bnit? Ne.<\/p>\n<p style=\"text-align: justify;\">M\u00e1me lidi kolem n\u00e1s stra\u0161it koncem sv\u011bta, nebo je chl\u00e1cholit, \u017ee situaci dok\u00e1\u017eeme zm\u011bnit? Nebo jim hovo\u0159it o l\u00e1sce Je\u017e\u00ed\u0161e, kter\u00fd n\u00e1m nab\u00edz\u00ed spasen\u00ed a stvo\u0159\u00ed nov\u00fd sv\u011bt? Na\u0161e c\u00edrkev u\u017e nen\u00ed jedin\u00e1, kter\u00e1 hl\u00e1s\u00e1 brzk\u00fd p\u0159\u00edchod Je\u017e\u00ed\u0161e Krista.<\/p>\n<p style=\"text-align: justify;\">Tesalonick\u00e1 c\u00edrkev tak\u00e9 o\u010dek\u00e1vala p\u0159\u00edchod Je\u017e\u00ed\u0161e Krista. Vypad\u00e1 to, \u017ee byli tla\u010deni, \u017ee je\u0161t\u011b na jeho p\u0159\u00edchod nejsou p\u0159ipraveni. Jsme p\u0159ipraveni my? D\u00e1 se p\u0159ipravit? Mus\u00edme sv\u016fj \u017eivot vlo\u017eit do Bo\u017e\u00edch rukou, t\u00edm budeme p\u0159ipraveni.<\/p>\n<p style=\"text-align: justify;\">Sou\u010dasn\u00fd pape\u017e p\u016fsobil p\u0159ed n\u00e1stupem na pape\u017esk\u00fd stolec mezi indi\u00e1ni. Slou\u017eil v&nbsp;prav\u00e9m slova smyslu t\u011bmto lidem. Pom\u00e1hal, pracoval, nejen vyu\u010doval. U\u010dil je spol\u00e9hat na Hospodina a pom\u00e1hat jeden druh\u00e9mu, a modlit se jeden za druh\u00e9ho.&nbsp; Modl\u00edme se my jeden za druh\u00e9ho, nebo jen za sv\u00e9 probl\u00e9my?<\/p>\n<p style=\"text-align: justify;\">Za co bychom se m\u011bli modlit? Co by m\u011blo b\u00fdt n\u00e1pln\u00ed MT? Jen \u010dten\u00ed, nebo modlitby? V&nbsp;prv\u00e9 \u0159ad\u011b modlitby za druh\u00e9. V&nbsp;modlitb\u00e1ch neprosazovat svoji v\u016fli, ale toho, kdo je naho\u0159e.<\/p>\n<p style=\"text-align: justify;\">N\u00e1m\u011bty:<\/p>\n<ul style=\"text-align: justify;\">\n<li>Za nemocn\u00e9, p\u0159est\u00e1rl\u00e9<\/li>\n<li>Nev\u011b\u0159\u00edc\u00ed \/ nechod\u00edc\u00ed d\u011bti<\/li>\n<li>Hledat horizont\u00e1ln\u00ed sm\u011br spojen\u00ed s&nbsp;na\u0161\u00edm otcem<\/li>\n<li>M\u00e1me mnoho nechod\u00edc\u00edch \u010dlen\u016f, spole\u010denstv\u00ed jim nic ne\u0159\u00edk\u00e1<\/li>\n<li>M\u00e1me sousedy, spolupracovn\u00edky, kte\u0159\u00ed nev\u011b\u0159\u00ed, a mo\u017en\u00e1 n\u00e1m ani nejsou p\u0159\u00edjemn\u00ed \u2013 o to v\u00edce se modlit<\/li>\n<li>Modlit se za spole\u010denstv\u00ed a spojen\u00ed v&nbsp;JK<\/li>\n<li>Za mlad\u00e9, aby p\u0159evzali \u0161tafetu pr\u00e1ce ve sboru<\/li>\n<li>Za chv\u00edle, kdy za\u010dne ochabovat na\u0161e v\u00edra<\/li>\n<\/ul>\n<p style=\"text-align: justify;\">V\u011bnujme modlitb\u00e1m v\u00edce \u010dasu, ne\u017e ka\u017ed\u00fd oby\u010dejn\u00fd den.<\/p>\n<p style=\"text-align: justify;\">Nezapom\u00ednejme v&nbsp;modlitb\u00e1ch lidem okolo n\u00e1s \u017eehnat.<\/p>\n<p><img loading=\"lazy\" decoding=\"async\" class=\"alignnone wp-image-10179\" src=\"https:\/\/valasskemezirici.casd.cz\/wp-content\/uploads\/2025\/11\/11539f1d-d2a6-426e-afad-8e569d905571.jpeg\" alt=\"\" width=\"650\" height=\"487\" srcset=\"https:\/\/valasskemezirici.casd.cz\/wp-content\/uploads\/2025\/11\/11539f1d-d2a6-426e-afad-8e569d905571.jpeg 2560w, https:\/\/valasskemezirici.casd.cz\/wp-content\/uploads\/2025\/11\/11539f1d-d2a6-426e-afad-8e569d905571-300x225.jpeg 300w, https:\/\/valasskemezirici.casd.cz\/wp-content\/uploads\/2025\/11\/11539f1d-d2a6-426e-afad-8e569d905571-1024x768.jpeg 1024w, https:\/\/valasskemezirici.casd.cz\/wp-content\/uploads\/2025\/11\/11539f1d-d2a6-426e-afad-8e569d905571-768x576.jpeg 768w, https:\/\/valasskemezirici.casd.cz\/wp-content\/uploads\/2025\/11\/11539f1d-d2a6-426e-afad-8e569d905571-1536x1152.jpeg 1536w, https:\/\/valasskemezirici.casd.cz\/wp-content\/uploads\/2025\/11\/11539f1d-d2a6-426e-afad-8e569d905571-2048x1536.jpeg 2048w\" sizes=\"auto, (max-width: 650px) 100vw, 650px\" \/><\/p>\n<p style=\"text-align: justify;\">&nbsp;<\/p>\n<p style=\"text-align: justify;\">&nbsp;<\/p>\n","protected":false},"excerpt":{"rendered":"<p>Prvn\u00ed listopadov\u00fd den p\u0159edznamen\u00e1v\u00e1 za\u010d\u00e1tek modlitebn\u00edho t\u00fddne. P\u0159edn\u00e1\u0161ky maj\u00ed n\u00e1zev \u201eJe\u017e\u00ed\u0161 se brzy vr\u00e1t\u00ed\u201c. V\u011b\u0159\u00edte tomu? Sd\u00edl\u00edte se o to s lidmi kolem sebe? Je p\u0159ed n\u00e1mi \u010das, kdy se chceme v\u00edce ne\u017e jindy spole\u010dn\u011b modlit, p\u0159em\u00fd\u0161let a diskutovat o Je\u017e\u00ed\u0161i, kter\u00fd je na cest\u011b k n\u00e1m. Chceme si p\u0159ipomenout, co o tom \u0159\u00edk\u00e1 Bible, [&hellip;]<\/p>\n","protected":false},"author":1,"featured_media":0,"comment_status":"closed","ping_status":"open","sticky":false,"template":"","format":"standard","meta":{"ngg_post_thumbnail":0,"footnotes":""},"categories":[1],"tags":[],"class_list":["post-10175","post","type-post","status-publish","format-standard","hentry","category-nezarazene"],"_links":{"self":[{"href":"https:\/\/valasskemezirici.casd.cz\/index.php?rest_route=\/wp\/v2\/posts\/10175","targetHints":{"allow":["GET"]}}],"collection":[{"href":"https:\/\/valasskemezirici.casd.cz\/index.php?rest_route=\/wp\/v2\/posts"}],"about":[{"href":"https:\/\/valasskemezirici.casd.cz\/index.php?rest_route=\/wp\/v2\/types\/post"}],"author":[{"embeddable":true,"href":"https:\/\/valasskemezirici.casd.cz\/index.php?rest_route=\/wp\/v2\/users\/1"}],"replies":[{"embeddable":true,"href":"https:\/\/valasskemezirici.casd.cz\/index.php?rest_route=%2Fwp%2Fv2%2Fcomments&post=10175"}],"version-history":[{"count":1,"href":"https:\/\/valasskemezirici.casd.cz\/index.php?rest_route=\/wp\/v2\/posts\/10175\/revisions"}],"predecessor-version":[{"id":10180,"href":"https:\/\/valasskemezirici.casd.cz\/index.php?rest_route=\/wp\/v2\/posts\/10175\/revisions\/10180"}],"wp:attachment":[{"href":"https:\/\/valasskemezirici.casd.cz\/index.php?rest_route=%2Fwp%2Fv2%2Fmedia&parent=10175"}],"wp:term":[{"taxonomy":"category","embeddable":true,"href":"https:\/\/valasskemezirici.casd.cz\/index.php?rest_route=%2Fwp%2Fv2%2Fcategories&post=10175"},{"taxonomy":"post_tag","embeddable":true,"href":"https:\/\/valasskemezirici.casd.cz\/index.php?rest_route=%2Fwp%2Fv2%2Ftags&post=10175"}],"curies":[{"name":"wp","href":"https:\/\/api.w.org\/{rel}","templated":true}]}}