{"id":10185,"date":"2025-11-03T13:16:47","date_gmt":"2025-11-03T12:16:47","guid":{"rendered":"https:\/\/valasskemezirici.casd.cz\/?p=10185"},"modified":"2025-11-03T13:17:32","modified_gmt":"2025-11-03T12:17:32","slug":"ukonceni-modlitebniho-tydne","status":"publish","type":"post","link":"https:\/\/valasskemezirici.casd.cz\/?p=10185","title":{"rendered":"Ukon\u010den\u00ed modlitebn\u00edho t\u00fddne"},"content":{"rendered":"<p>Ukon\u010den\u00ed modlitebn\u00edho t\u00fddne v sobotu 8.listopadu pro\u017eijeme spolu se sestrami a bratry sboru Kate\u0159inice.<\/p>\n<p>Sd\u00edlet se budeme u poledn\u00edho agap\u00e9. Za p\u0159\u00edsp\u011bvek na spole\u010dn\u00fd st\u016fl budeme r\u00e1di.<\/p>\n<p><img loading=\"lazy\" decoding=\"async\" class=\"alignnone wp-image-10186\" src=\"https:\/\/valasskemezirici.casd.cz\/wp-content\/uploads\/2025\/11\/MT.jpg\" alt=\"\" width=\"721\" height=\"436\" srcset=\"https:\/\/valasskemezirici.casd.cz\/wp-content\/uploads\/2025\/11\/MT.jpg 828w, https:\/\/valasskemezirici.casd.cz\/wp-content\/uploads\/2025\/11\/MT-300x182.jpg 300w, https:\/\/valasskemezirici.casd.cz\/wp-content\/uploads\/2025\/11\/MT-768x465.jpg 768w\" sizes=\"auto, (max-width: 721px) 100vw, 721px\" \/><\/p>\n","protected":false},"excerpt":{"rendered":"<p>Ukon\u010den\u00ed modlitebn\u00edho t\u00fddne v sobotu 8.listopadu pro\u017eijeme spolu se sestrami a bratry sboru Kate\u0159inice. Sd\u00edlet se budeme u poledn\u00edho agap\u00e9. Za p\u0159\u00edsp\u011bvek na spole\u010dn\u00fd st\u016fl budeme r\u00e1di.<\/p>\n","protected":false},"author":1,"featured_media":0,"comment_status":"closed","ping_status":"open","sticky":false,"template":"","format":"standard","meta":{"ngg_post_thumbnail":0,"footnotes":""},"categories":[1],"tags":[],"class_list":["post-10185","post","type-post","status-publish","format-standard","hentry","category-nezarazene"],"_links":{"self":[{"href":"https:\/\/valasskemezirici.casd.cz\/index.php?rest_route=\/wp\/v2\/posts\/10185","targetHints":{"allow":["GET"]}}],"collection":[{"href":"https:\/\/valasskemezirici.casd.cz\/index.php?rest_route=\/wp\/v2\/posts"}],"about":[{"href":"https:\/\/valasskemezirici.casd.cz\/index.php?rest_route=\/wp\/v2\/types\/post"}],"author":[{"embeddable":true,"href":"https:\/\/valasskemezirici.casd.cz\/index.php?rest_route=\/wp\/v2\/users\/1"}],"replies":[{"embeddable":true,"href":"https:\/\/valasskemezirici.casd.cz\/index.php?rest_route=%2Fwp%2Fv2%2Fcomments&post=10185"}],"version-history":[{"count":1,"href":"https:\/\/valasskemezirici.casd.cz\/index.php?rest_route=\/wp\/v2\/posts\/10185\/revisions"}],"predecessor-version":[{"id":10187,"href":"https:\/\/valasskemezirici.casd.cz\/index.php?rest_route=\/wp\/v2\/posts\/10185\/revisions\/10187"}],"wp:attachment":[{"href":"https:\/\/valasskemezirici.casd.cz\/index.php?rest_route=%2Fwp%2Fv2%2Fmedia&parent=10185"}],"wp:term":[{"taxonomy":"category","embeddable":true,"href":"https:\/\/valasskemezirici.casd.cz\/index.php?rest_route=%2Fwp%2Fv2%2Fcategories&post=10185"},{"taxonomy":"post_tag","embeddable":true,"href":"https:\/\/valasskemezirici.casd.cz\/index.php?rest_route=%2Fwp%2Fv2%2Ftags&post=10185"}],"curies":[{"name":"wp","href":"https:\/\/api.w.org\/{rel}","templated":true}]}}