{"id":10212,"date":"2025-11-17T18:06:29","date_gmt":"2025-11-17T17:06:29","guid":{"rendered":"https:\/\/valasskemezirici.casd.cz\/?p=10212"},"modified":"2025-11-17T18:06:35","modified_gmt":"2025-11-17T17:06:35","slug":"sobota-15-listopadu-2025","status":"publish","type":"post","link":"https:\/\/valasskemezirici.casd.cz\/?p=10212","title":{"rendered":"Sobota 15.listopadu 2025"},"content":{"rendered":"<p style=\"text-align: justify;\">V\u017edy m\u00e1me velkou radost, kdy\u017e do sboru p\u0159ijde n\u011bkdo, koho jsme del\u0161\u00ed dobu nevid\u011bli. Dnes n\u00e1s nesm\u00edrn\u011b pot\u011b\u0161ily sestry Hana a Alena Jan\u010dovy. D\u00edky pat\u0159\u00ed na\u0161emu dobr\u00e9mu P\u00e1nu a Spasiteli, \u017ee vedl jejich kroky do sbore\u010dku, ve kter\u00e9m p\u016fsobily v dob\u011b sv\u00e9ho ml\u00e1d\u00ed. B\u00fdval\u00e1 ml\u00e1de\u017e n\u00e1m p\u011bkn\u011b zap\u00f3zovala pro fotografii.&nbsp;<\/p>\n<p><img loading=\"lazy\" decoding=\"async\" class=\"alignnone wp-image-10213\" src=\"https:\/\/valasskemezirici.casd.cz\/wp-content\/uploads\/2025\/11\/aa6dbf25-5f9a-41c0-a4fe-26daf3b686c0.jpeg\" alt=\"\" width=\"898\" height=\"674\" srcset=\"https:\/\/valasskemezirici.casd.cz\/wp-content\/uploads\/2025\/11\/aa6dbf25-5f9a-41c0-a4fe-26daf3b686c0.jpeg 1600w, https:\/\/valasskemezirici.casd.cz\/wp-content\/uploads\/2025\/11\/aa6dbf25-5f9a-41c0-a4fe-26daf3b686c0-300x225.jpeg 300w, https:\/\/valasskemezirici.casd.cz\/wp-content\/uploads\/2025\/11\/aa6dbf25-5f9a-41c0-a4fe-26daf3b686c0-1024x768.jpeg 1024w, https:\/\/valasskemezirici.casd.cz\/wp-content\/uploads\/2025\/11\/aa6dbf25-5f9a-41c0-a4fe-26daf3b686c0-768x576.jpeg 768w, https:\/\/valasskemezirici.casd.cz\/wp-content\/uploads\/2025\/11\/aa6dbf25-5f9a-41c0-a4fe-26daf3b686c0-1536x1152.jpeg 1536w\" sizes=\"auto, (max-width: 898px) 100vw, 898px\" \/><\/p>\n<p><!--more--><\/p>\n<p style=\"text-align: justify;\">Sobotn\u00ed \u0161kolou n\u00e1s provedl Franta Tomanec. \u00dakol s&nbsp;n\u00e1zvem \u201eUct\u00edv\u00e1n\u00ed uprost\u0159ed boje\u201c n\u00e1s vedl k&nbsp;p\u0159em\u00fd\u0161len\u00ed o tom, pro\u010d p\u0159i dob\u00fdv\u00e1n\u00ed zasl\u00edben\u00e9 zem\u011b se Izraelci znovu zasv\u011bcovali Hospodinu, n\u011bkdy tv\u00e1\u0159\u00ed v tv\u00e1\u0159 hroz\u00edc\u00edmu nebezpe\u010d\u00ed. Jozue \u010dasto \u010dinil rozhodnut\u00ed, kter\u00e1 se z lidsk\u00e9ho hlediska mohla zd\u00e1t nelogick\u00e1: ob\u0159\u00edzka mu\u017e\u016f na nep\u0159\u00e1telsk\u00e9m \u00fazem\u00ed, slaven\u00ed Pesachu v p\u0159\u00edm\u00e9 bl\u00edzkosti nep\u0159\u00e1tel, stavba olt\u00e1\u0159e a uct\u00edv\u00e1n\u00ed Hospodina uprost\u0159ed vojensk\u00e9ho ta\u017een\u00ed nebo postaven\u00ed stanu setk\u00e1v\u00e1n\u00ed je\u0161t\u011b p\u0159ed rozd\u011blen\u00edm d\u011bdictv\u00ed zbyl\u00fdm sedmi kmen\u016fm .<\/p>\n<p style=\"text-align: justify;\">I v na\u0161em ru\u0161n\u00e9m \u017eivot\u011b m\u00e1me sklony zam\u011b\u0159it se p\u0159edev\u0161\u00edm na to, co je nal\u00e9hav\u00e9. Velmi \u010dasto ale zapom\u00edn\u00e1me v\u011bnovat \u010das obnov\u011b na\u0161eho vztahu s Bohem. Nest\u00edh\u00e1me se zastavit, zamyslet se a pod\u011bkovat Bohu za to, co pro n\u00e1s ud\u011blal a co pro n\u00e1s st\u00e1le d\u011bl\u00e1. Chyb\u00ed n\u00e1m \u010das a s\u00edla na osobn\u00ed rann\u00ed a ve\u010dern\u00ed zti\u0161en\u00ed, nato\u017e na spole\u010dnou rodinnou bohoslu\u017ebu. Ta se v na\u0161em usp\u011bchan\u00e9m a na v\u00fdkon zam\u011b\u0159en\u00e9m sv\u011bt\u011b m\u016f\u017ee jevit jako t\u00e9m\u011b\u0159 nere\u00e1ln\u00e1. V hloubi srdce ale v\u00edme, \u017ee \u010das str\u00e1ven\u00fd s Bohem a na\u0161imi bl\u00edzk\u00fdmi je tou nejlep\u0161\u00ed investic\u00ed na\u0161eho omezen\u00e9ho \u010dasu.<\/p>\n<p style=\"text-align: justify;\">K\u00e1z\u00e1n\u00edm n\u00e1m poslou\u017eil bratr ze vset\u00ednsk\u00e9ho sboru Ji\u0159\u00ed Kloda. Zam\u00fd\u0161lel se nad jednotou v c\u00edrkvi. Audio z\u00e1znam si poslechn\u011bte na na\u0161em webu pod odkazem K\u00c1Z\u00c1N\u00cd.<\/p>\n<p><img loading=\"lazy\" decoding=\"async\" class=\"alignnone wp-image-10214\" src=\"https:\/\/valasskemezirici.casd.cz\/wp-content\/uploads\/2025\/11\/6d0048f1-918b-46ca-b8a5-5ad823c3d3ee.jpeg\" alt=\"\" width=\"903\" height=\"602\" srcset=\"https:\/\/valasskemezirici.casd.cz\/wp-content\/uploads\/2025\/11\/6d0048f1-918b-46ca-b8a5-5ad823c3d3ee.jpeg 1600w, https:\/\/valasskemezirici.casd.cz\/wp-content\/uploads\/2025\/11\/6d0048f1-918b-46ca-b8a5-5ad823c3d3ee-300x200.jpeg 300w, https:\/\/valasskemezirici.casd.cz\/wp-content\/uploads\/2025\/11\/6d0048f1-918b-46ca-b8a5-5ad823c3d3ee-1024x682.jpeg 1024w, https:\/\/valasskemezirici.casd.cz\/wp-content\/uploads\/2025\/11\/6d0048f1-918b-46ca-b8a5-5ad823c3d3ee-768x512.jpeg 768w, https:\/\/valasskemezirici.casd.cz\/wp-content\/uploads\/2025\/11\/6d0048f1-918b-46ca-b8a5-5ad823c3d3ee-1536x1023.jpeg 1536w\" sizes=\"auto, (max-width: 903px) 100vw, 903px\" \/> <img loading=\"lazy\" decoding=\"async\" class=\"alignnone wp-image-10215\" src=\"https:\/\/valasskemezirici.casd.cz\/wp-content\/uploads\/2025\/11\/b603b4ae-4ce0-47ee-b0eb-15e9b4cfde43.jpeg\" alt=\"\" width=\"903\" height=\"602\" srcset=\"https:\/\/valasskemezirici.casd.cz\/wp-content\/uploads\/2025\/11\/b603b4ae-4ce0-47ee-b0eb-15e9b4cfde43.jpeg 1600w, https:\/\/valasskemezirici.casd.cz\/wp-content\/uploads\/2025\/11\/b603b4ae-4ce0-47ee-b0eb-15e9b4cfde43-300x200.jpeg 300w, https:\/\/valasskemezirici.casd.cz\/wp-content\/uploads\/2025\/11\/b603b4ae-4ce0-47ee-b0eb-15e9b4cfde43-1024x682.jpeg 1024w, https:\/\/valasskemezirici.casd.cz\/wp-content\/uploads\/2025\/11\/b603b4ae-4ce0-47ee-b0eb-15e9b4cfde43-768x512.jpeg 768w, https:\/\/valasskemezirici.casd.cz\/wp-content\/uploads\/2025\/11\/b603b4ae-4ce0-47ee-b0eb-15e9b4cfde43-1536x1023.jpeg 1536w\" sizes=\"auto, (max-width: 903px) 100vw, 903px\" \/> <img loading=\"lazy\" decoding=\"async\" class=\"alignnone wp-image-10216\" src=\"https:\/\/valasskemezirici.casd.cz\/wp-content\/uploads\/2025\/11\/ce95cb90-6dad-4fa3-9673-a38eb32c63fe.jpeg\" alt=\"\" width=\"905\" height=\"603\" srcset=\"https:\/\/valasskemezirici.casd.cz\/wp-content\/uploads\/2025\/11\/ce95cb90-6dad-4fa3-9673-a38eb32c63fe.jpeg 1600w, https:\/\/valasskemezirici.casd.cz\/wp-content\/uploads\/2025\/11\/ce95cb90-6dad-4fa3-9673-a38eb32c63fe-300x200.jpeg 300w, https:\/\/valasskemezirici.casd.cz\/wp-content\/uploads\/2025\/11\/ce95cb90-6dad-4fa3-9673-a38eb32c63fe-1024x682.jpeg 1024w, https:\/\/valasskemezirici.casd.cz\/wp-content\/uploads\/2025\/11\/ce95cb90-6dad-4fa3-9673-a38eb32c63fe-768x512.jpeg 768w, https:\/\/valasskemezirici.casd.cz\/wp-content\/uploads\/2025\/11\/ce95cb90-6dad-4fa3-9673-a38eb32c63fe-1536x1023.jpeg 1536w\" sizes=\"auto, (max-width: 905px) 100vw, 905px\" \/><\/p>\n","protected":false},"excerpt":{"rendered":"<p>V\u017edy m\u00e1me velkou radost, kdy\u017e do sboru p\u0159ijde n\u011bkdo, koho jsme del\u0161\u00ed dobu nevid\u011bli. Dnes n\u00e1s nesm\u00edrn\u011b pot\u011b\u0161ily sestry Hana a Alena Jan\u010dovy. D\u00edky pat\u0159\u00ed na\u0161emu dobr\u00e9mu P\u00e1nu a Spasiteli, \u017ee vedl jejich kroky do sbore\u010dku, ve kter\u00e9m p\u016fsobily v dob\u011b sv\u00e9ho ml\u00e1d\u00ed. B\u00fdval\u00e1 ml\u00e1de\u017e n\u00e1m p\u011bkn\u011b zap\u00f3zovala pro fotografii.&nbsp;<\/p>\n","protected":false},"author":1,"featured_media":0,"comment_status":"closed","ping_status":"open","sticky":false,"template":"","format":"standard","meta":{"ngg_post_thumbnail":0,"footnotes":""},"categories":[1],"tags":[],"class_list":["post-10212","post","type-post","status-publish","format-standard","hentry","category-nezarazene"],"_links":{"self":[{"href":"https:\/\/valasskemezirici.casd.cz\/index.php?rest_route=\/wp\/v2\/posts\/10212","targetHints":{"allow":["GET"]}}],"collection":[{"href":"https:\/\/valasskemezirici.casd.cz\/index.php?rest_route=\/wp\/v2\/posts"}],"about":[{"href":"https:\/\/valasskemezirici.casd.cz\/index.php?rest_route=\/wp\/v2\/types\/post"}],"author":[{"embeddable":true,"href":"https:\/\/valasskemezirici.casd.cz\/index.php?rest_route=\/wp\/v2\/users\/1"}],"replies":[{"embeddable":true,"href":"https:\/\/valasskemezirici.casd.cz\/index.php?rest_route=%2Fwp%2Fv2%2Fcomments&post=10212"}],"version-history":[{"count":1,"href":"https:\/\/valasskemezirici.casd.cz\/index.php?rest_route=\/wp\/v2\/posts\/10212\/revisions"}],"predecessor-version":[{"id":10217,"href":"https:\/\/valasskemezirici.casd.cz\/index.php?rest_route=\/wp\/v2\/posts\/10212\/revisions\/10217"}],"wp:attachment":[{"href":"https:\/\/valasskemezirici.casd.cz\/index.php?rest_route=%2Fwp%2Fv2%2Fmedia&parent=10212"}],"wp:term":[{"taxonomy":"category","embeddable":true,"href":"https:\/\/valasskemezirici.casd.cz\/index.php?rest_route=%2Fwp%2Fv2%2Fcategories&post=10212"},{"taxonomy":"post_tag","embeddable":true,"href":"https:\/\/valasskemezirici.casd.cz\/index.php?rest_route=%2Fwp%2Fv2%2Ftags&post=10212"}],"curies":[{"name":"wp","href":"https:\/\/api.w.org\/{rel}","templated":true}]}}