{"id":10225,"date":"2025-11-23T14:05:11","date_gmt":"2025-11-23T13:05:11","guid":{"rendered":"https:\/\/valasskemezirici.casd.cz\/?p=10225"},"modified":"2025-11-24T09:24:43","modified_gmt":"2025-11-24T08:24:43","slug":"sobota-22-listopadu-2025","status":"publish","type":"post","link":"https:\/\/valasskemezirici.casd.cz\/?p=10225","title":{"rendered":"Sobota 22.listopadu 2025"},"content":{"rendered":"<p>Dne\u0161n\u00ed n\u00e1v\u0161t\u011bvn\u00edky bohoslu\u017eby prov\u00e1zel cestou \u0161tiplav\u00fd a chladiv\u00fd v\u00edtr. Bab\u00ed l\u00e9to je s&nbsp;jistotou pry\u010d a ohla\u0161ovan\u00e1 sn\u011bhov\u00e1 nad\u00edlka je za dve\u0159mi. \u010cern\u00e9 mraky u\u017e ji ohla\u0161uj\u00ed.<\/p>\n<p>V modlitebn\u011b ale bylo kr\u00e1sn\u011b teplou\u010dko a mohli jsme se po vypro\u0161en\u00ed Bo\u017e\u00edho Ducha pustit do studia \u00fakolu sobotn\u00ed \u0161koly. Pokra\u010dovali jsme v prob\u00edr\u00e1n\u00ed knihy Jozue a spolu s bratrem Ch\u00e1rou se zam\u00fd\u0161leli nad \u201eVelik\u00e1ny v\u00edry Jozuem a K\u00e1lebem\u201c. Kdo m\u016f\u017ee b\u00fdt nazv\u00e1n velik\u00e1nem v\u00edry? M\u00e1me i dnes n\u011bjak\u00e9? \u010c\u00edm n\u00e1m m\u016f\u017ee pomoci p\u0159\u00edklad t\u011bchto dvou Bohu v\u011brn\u00fdch mu\u017e\u016f?<\/p>\n<p>\u0158\u00edk\u00e1 se, \u017ee p\u0159\u00edklady t\u00e1hnou. Dobr\u00e9, ale \u010dasto i ty zl\u00e9. Tak\u00e9 dosp\u011bl\u00ed pot\u0159ebuj\u00ed vzory, zejm\u00e9na v duchovn\u00ed oblasti. Jozue a K\u00e1leb jsou vzorem odvahy, hou\u017eevnatosti a v\u011brnosti Hospodinu.<\/p>\n<p>Deset ostatn\u00edch vyzv\u011bda\u010d\u016f vyl\u00ed\u010dilo zasl\u00edbenou zemi jako nedobytnou. K\u00e1leb v\u011b\u0159il, \u017ee s&nbsp;Bo\u017e\u00ed pomoc\u00ed si podrob\u00ed obrovit\u00e9 An\u00e1kovce. &nbsp;Byl p\u0159\u00edkladem toho, co m\u016f\u017eou dos\u00e1hnout lid\u00e9, kte\u0159\u00ed jsou pln\u011b oddan\u00ed Hospodinu.<\/p>\n<p>P\u0159\u00edb\u011bh Otniela a Aksy ukazuje, \u017ee dal\u0161\u00ed generace byla p\u0159ipravena pokra\u010dovat v napl\u0148ov\u00e1n\u00ed Bo\u017e\u00edho pl\u00e1nu s&nbsp;Izraelem.<\/p>\n<p>Jozue si vybral skromn\u00e9 m\u00edsto nedaleko \u0160\u00edla, v bl\u00edzkosti svatyn\u011b. Ukazuje to na Jozuovy skute\u010dn\u00e9 priority.<\/p>\n<p>P\u0159em\u00fd\u0161len\u00ed o \u017eivotn\u00edch p\u0159\u00edkladech hrdin\u016f v\u00edry je d\u016fle\u017eit\u00e9 pro n\u00e1\u0161 duchovn\u00ed r\u016fst. Pohledem na Je\u017e\u00ed\u0161e Krista se m\u011bn\u00edme.<\/p>\n<p>Sou\u010d\u00e1st\u00ed na\u0161\u00ed povahy se stane p\u0159\u00edv\u011btivost a l\u00e1ska. K\u00e1leb uv\u011b\u0159il Bo\u017e\u00edmu zasl\u00edben\u00ed, \u017ee Hospodin d\u00e1 sv\u00e9mu lidu do vlastnictv\u00ed Kana\u00e1n. Trp\u011bliv\u011b sn\u00e1\u0161el putov\u00e1n\u00ed po pou\u0161ti a sd\u00edlel s lidem zklam\u00e1n\u00ed i t\u00edhu viny. M\u00e1me s\u00edlu odolat tlaku okol\u00ed a odvahu ozvat se, kdy\u017e ostatn\u00ed ml\u010d\u00ed?<\/p>\n<p>Ve sv\u011bt\u011b doch\u00e1z\u00ed k&nbsp;probuzen\u00ed mezi mlad\u00fdmi. Unaveni soci\u00e1ln\u00edmi s\u00edt\u011bmi, neklidem a nejistotou ve sv\u011bt\u011b hledaj\u00ed stabilitu a pokoj, a ve velk\u00e9m hledaj\u00ed a n\u00e1sleduj\u00ed Boha. Tak\u00e9 v&nbsp;na\u0161em mal\u00e9m spole\u010denstv\u00ed jsme r\u00e1di, kdy\u017e se mlad\u00ed zapojuj\u00ed do slu\u017eby ve sboru. V duchu hesla \u201eml\u00e1d\u00ed vp\u0159ed\u201c &#x1f60a; n\u00e1m dnes k\u00e1zala Ad\u00e9lka Vr\u00e1blov\u00e1. Zam\u00fd\u0161lela se nad rozd\u00edlem mezi \u201ev\u011b\u0159\u00edm v&nbsp;Boha\u201c a \u201ed\u016fv\u011b\u0159uji Bohu\u201c. Co je d\u016fle\u017eit\u011bj\u0161\u00ed? A jak jsme na tom my? Audio z\u00e1znam si m\u016f\u017eete poslechnou pod odkazem \u201eK\u00e1z\u00e1n\u00ed\u201c.<\/p>\n<p><img loading=\"lazy\" decoding=\"async\" class=\"alignnone wp-image-10226\" src=\"https:\/\/valasskemezirici.casd.cz\/wp-content\/uploads\/2025\/11\/Obrazek-WhatsApp-2025-11-22-v-16.08.46_dc2d9fc0.jpg\" alt=\"\" width=\"708\" height=\"472\" srcset=\"https:\/\/valasskemezirici.casd.cz\/wp-content\/uploads\/2025\/11\/Obrazek-WhatsApp-2025-11-22-v-16.08.46_dc2d9fc0.jpg 1600w, https:\/\/valasskemezirici.casd.cz\/wp-content\/uploads\/2025\/11\/Obrazek-WhatsApp-2025-11-22-v-16.08.46_dc2d9fc0-300x200.jpg 300w, https:\/\/valasskemezirici.casd.cz\/wp-content\/uploads\/2025\/11\/Obrazek-WhatsApp-2025-11-22-v-16.08.46_dc2d9fc0-1024x682.jpg 1024w, https:\/\/valasskemezirici.casd.cz\/wp-content\/uploads\/2025\/11\/Obrazek-WhatsApp-2025-11-22-v-16.08.46_dc2d9fc0-768x512.jpg 768w, https:\/\/valasskemezirici.casd.cz\/wp-content\/uploads\/2025\/11\/Obrazek-WhatsApp-2025-11-22-v-16.08.46_dc2d9fc0-1536x1023.jpg 1536w\" sizes=\"auto, (max-width: 708px) 100vw, 708px\" \/><\/p>\n<p><!--more--><\/p>\n<p><img loading=\"lazy\" decoding=\"async\" class=\"alignnone wp-image-10227\" src=\"https:\/\/valasskemezirici.casd.cz\/wp-content\/uploads\/2025\/11\/Obrazek-WhatsApp-2025-11-22-v-16.08.47_6d443d84.jpg\" alt=\"\" width=\"705\" height=\"470\" srcset=\"https:\/\/valasskemezirici.casd.cz\/wp-content\/uploads\/2025\/11\/Obrazek-WhatsApp-2025-11-22-v-16.08.47_6d443d84.jpg 1600w, https:\/\/valasskemezirici.casd.cz\/wp-content\/uploads\/2025\/11\/Obrazek-WhatsApp-2025-11-22-v-16.08.47_6d443d84-300x200.jpg 300w, https:\/\/valasskemezirici.casd.cz\/wp-content\/uploads\/2025\/11\/Obrazek-WhatsApp-2025-11-22-v-16.08.47_6d443d84-1024x682.jpg 1024w, https:\/\/valasskemezirici.casd.cz\/wp-content\/uploads\/2025\/11\/Obrazek-WhatsApp-2025-11-22-v-16.08.47_6d443d84-768x512.jpg 768w, https:\/\/valasskemezirici.casd.cz\/wp-content\/uploads\/2025\/11\/Obrazek-WhatsApp-2025-11-22-v-16.08.47_6d443d84-1536x1023.jpg 1536w\" sizes=\"auto, (max-width: 705px) 100vw, 705px\" \/> <img loading=\"lazy\" decoding=\"async\" class=\"alignnone wp-image-10228\" src=\"https:\/\/valasskemezirici.casd.cz\/wp-content\/uploads\/2025\/11\/Obrazek-WhatsApp-2025-11-22-v-16.08.47_7a350795.jpg\" alt=\"\" width=\"707\" height=\"471\" srcset=\"https:\/\/valasskemezirici.casd.cz\/wp-content\/uploads\/2025\/11\/Obrazek-WhatsApp-2025-11-22-v-16.08.47_7a350795.jpg 1600w, https:\/\/valasskemezirici.casd.cz\/wp-content\/uploads\/2025\/11\/Obrazek-WhatsApp-2025-11-22-v-16.08.47_7a350795-300x200.jpg 300w, https:\/\/valasskemezirici.casd.cz\/wp-content\/uploads\/2025\/11\/Obrazek-WhatsApp-2025-11-22-v-16.08.47_7a350795-1024x682.jpg 1024w, https:\/\/valasskemezirici.casd.cz\/wp-content\/uploads\/2025\/11\/Obrazek-WhatsApp-2025-11-22-v-16.08.47_7a350795-768x512.jpg 768w, https:\/\/valasskemezirici.casd.cz\/wp-content\/uploads\/2025\/11\/Obrazek-WhatsApp-2025-11-22-v-16.08.47_7a350795-1536x1023.jpg 1536w\" sizes=\"auto, (max-width: 707px) 100vw, 707px\" \/> <img loading=\"lazy\" decoding=\"async\" class=\"alignnone wp-image-10229\" src=\"https:\/\/valasskemezirici.casd.cz\/wp-content\/uploads\/2025\/11\/Obrazek-WhatsApp-2025-11-22-v-16.08.47_9a196982.jpg\" alt=\"\" width=\"707\" height=\"471\" srcset=\"https:\/\/valasskemezirici.casd.cz\/wp-content\/uploads\/2025\/11\/Obrazek-WhatsApp-2025-11-22-v-16.08.47_9a196982.jpg 1600w, https:\/\/valasskemezirici.casd.cz\/wp-content\/uploads\/2025\/11\/Obrazek-WhatsApp-2025-11-22-v-16.08.47_9a196982-300x200.jpg 300w, https:\/\/valasskemezirici.casd.cz\/wp-content\/uploads\/2025\/11\/Obrazek-WhatsApp-2025-11-22-v-16.08.47_9a196982-1024x682.jpg 1024w, https:\/\/valasskemezirici.casd.cz\/wp-content\/uploads\/2025\/11\/Obrazek-WhatsApp-2025-11-22-v-16.08.47_9a196982-768x512.jpg 768w, https:\/\/valasskemezirici.casd.cz\/wp-content\/uploads\/2025\/11\/Obrazek-WhatsApp-2025-11-22-v-16.08.47_9a196982-1536x1023.jpg 1536w\" sizes=\"auto, (max-width: 707px) 100vw, 707px\" \/><\/p>\n","protected":false},"excerpt":{"rendered":"<p>Dne\u0161n\u00ed n\u00e1v\u0161t\u011bvn\u00edky bohoslu\u017eby prov\u00e1zel cestou \u0161tiplav\u00fd a chladiv\u00fd v\u00edtr. Bab\u00ed l\u00e9to je s&nbsp;jistotou pry\u010d a ohla\u0161ovan\u00e1 sn\u011bhov\u00e1 nad\u00edlka je za dve\u0159mi. \u010cern\u00e9 mraky u\u017e ji ohla\u0161uj\u00ed. V modlitebn\u011b ale bylo kr\u00e1sn\u011b teplou\u010dko a mohli jsme se po vypro\u0161en\u00ed Bo\u017e\u00edho Ducha pustit do studia \u00fakolu sobotn\u00ed \u0161koly. Pokra\u010dovali jsme v prob\u00edr\u00e1n\u00ed knihy Jozue a spolu s [&hellip;]<\/p>\n","protected":false},"author":1,"featured_media":0,"comment_status":"closed","ping_status":"open","sticky":false,"template":"","format":"standard","meta":{"ngg_post_thumbnail":0,"footnotes":""},"categories":[1],"tags":[],"class_list":["post-10225","post","type-post","status-publish","format-standard","hentry","category-nezarazene"],"_links":{"self":[{"href":"https:\/\/valasskemezirici.casd.cz\/index.php?rest_route=\/wp\/v2\/posts\/10225","targetHints":{"allow":["GET"]}}],"collection":[{"href":"https:\/\/valasskemezirici.casd.cz\/index.php?rest_route=\/wp\/v2\/posts"}],"about":[{"href":"https:\/\/valasskemezirici.casd.cz\/index.php?rest_route=\/wp\/v2\/types\/post"}],"author":[{"embeddable":true,"href":"https:\/\/valasskemezirici.casd.cz\/index.php?rest_route=\/wp\/v2\/users\/1"}],"replies":[{"embeddable":true,"href":"https:\/\/valasskemezirici.casd.cz\/index.php?rest_route=%2Fwp%2Fv2%2Fcomments&post=10225"}],"version-history":[{"count":2,"href":"https:\/\/valasskemezirici.casd.cz\/index.php?rest_route=\/wp\/v2\/posts\/10225\/revisions"}],"predecessor-version":[{"id":10241,"href":"https:\/\/valasskemezirici.casd.cz\/index.php?rest_route=\/wp\/v2\/posts\/10225\/revisions\/10241"}],"wp:attachment":[{"href":"https:\/\/valasskemezirici.casd.cz\/index.php?rest_route=%2Fwp%2Fv2%2Fmedia&parent=10225"}],"wp:term":[{"taxonomy":"category","embeddable":true,"href":"https:\/\/valasskemezirici.casd.cz\/index.php?rest_route=%2Fwp%2Fv2%2Fcategories&post=10225"},{"taxonomy":"post_tag","embeddable":true,"href":"https:\/\/valasskemezirici.casd.cz\/index.php?rest_route=%2Fwp%2Fv2%2Ftags&post=10225"}],"curies":[{"name":"wp","href":"https:\/\/api.w.org\/{rel}","templated":true}]}}