{"id":10264,"date":"2025-12-07T17:04:08","date_gmt":"2025-12-07T16:04:08","guid":{"rendered":"https:\/\/valasskemezirici.casd.cz\/?p=10264"},"modified":"2025-12-07T17:04:11","modified_gmt":"2025-12-07T16:04:11","slug":"sobota-6-prosince-2025","status":"publish","type":"post","link":"https:\/\/valasskemezirici.casd.cz\/?p=10264","title":{"rendered":"Sobota 6.prosince 2025"},"content":{"rendered":"<p style=\"text-align: justify;\">Nach\u00e1z\u00edme se v adventn\u00edm \u010dase a v\u00edce intenzivn\u011bji si uv\u011bdomujeme \u010din l\u00e1sky, kter\u00fd n\u00e1\u0161 P\u00e1n kv\u016fli n\u00e1m ud\u011blal. Poslal na z\u00e1chranu h\u0159\u00ed\u0161n\u00fdch lid\u00ed sv\u00e9ho milovan\u00e9ho Syna, kter\u00fd se vzdal sv\u00e9ho nebesk\u00e9ho domova, aby n\u00e1s u\u010dil, vychov\u00e1val a nakonec i zachr\u00e1nil pro \u017eivot v\u011b\u010dn\u00fd &#8211; polo\u017eil za n\u00e1s sv\u016fj vz\u00e1cn\u00fd \u017eivot. Sice term\u00edn jeho&nbsp; narozen\u00ed do lidsk\u00e9ho t\u011bla nezn\u00e1me, ale na dan\u00e9 skute\u010dnosti to nic nem\u011bn\u00ed. D\u00edky Pane za Tvou bezmeznou l\u00e1sku k n\u00e1m.<\/p>\n<p>P\u0159i tradi\u010dn\u00edm sd\u00edlen\u00ed jsme se dozv\u011bd\u011bli o odchodu sestry Ji\u0159iny \u0160krlov\u00e9, kter\u00e1 n\u00e1s p\u0159ede\u0161la na cest\u011b k&nbsp; P\u00e1nu. K\u00e9\u017e B\u016fh pos\u00edl\u00ed jej\u00ed rodinu v nad\u011bji na budouc\u00ed radostn\u00e9 setk\u00e1n\u00ed u nohou na\u0161eho Je\u017e\u00ed\u0161e.<\/p>\n<p style=\"text-align: justify;\">Nelehk\u00fdm \u00fakolem sobotn\u00ed \u0161koly s n\u00e1zvem &#8222;Prav\u00fd Jozue&#8220; n\u00e1s provedla Anna Petrovi\u010dov\u00e1. P\u0159em\u00fd\u0161leli jsme o Jozuovi jako prototypu, tedy p\u0159edobrazu Je\u017e\u00ed\u0161e Krista a zemi Kanaansk\u00e9 jako p\u0159edobrazu nov\u00e9 zem\u011b. Spln\u011bn\u00ed slib\u016f dan\u00fdch Moj\u017e\u00ed\u0161ovi je z\u00e1rukou, \u017ee i zasl\u00edben\u00ed dan\u00e1 n\u00e1m se napln\u00ed, \u017ee B\u016fh je st\u00e1le stejn\u00fd a v\u011brn\u00fd. Shrnut\u00ed nejd\u016fle\u017eit\u011bj\u0161\u00edch my\u0161lenek najdete na na\u0161em webu.<\/p>\n<p>K\u00e1z\u00e1n\u00edm n\u00e1m poslou\u017eila sestra Iva Ch\u00e1rov\u00e1. Ka\u017ed\u00fd z n\u00e1s se m\u016f\u017ee lehce vzd\u00e1lit na\u0161emu Bohu d\u00edky intenzivn\u00edmu zam\u011b\u0159en\u00ed se na pr\u00e1ci, p\u00e9\u010di o d\u011bti, partnera, zv\u00ed\u0159ec\u00edho par\u0165\u00e1ka \u010di na z\u00e1jmy. Ani\u017e bychom si to uv\u011bdomovali, vym\u011bn\u00edme Boha za n\u00e1hra\u017eku. Na samotn\u00fdch \u010dinnostech nen\u00ed nic \u0161patn\u00e9ho, ale nesm\u00ed n\u00e1m zab\u00edrat \u010das, kter\u00fd bychom m\u011bli v\u011bnovat na\u0161emu Bohu. Je velmi t\u011b\u017ek\u00e9 si n\u011bco takov\u00e9ho p\u0159iznat. O to v\u00edc je to nebezpe\u010dn\u00e9.&nbsp; I kdy\u017e se ale P\u00e1nu vzd\u00e1l\u00edme a n\u00e1\u0161 vztah d\u00edky n\u00e1m ochladne, B\u016fh n\u00e1m nab\u00edz\u00ed cestu zp\u011bt. V\u00edce si m\u016f\u017eete poslechnout na audio z\u00e1znamu k\u00e1z\u00e1n\u00ed.<\/p>\n<h4><span style=\"color: #ff0000;\">P\u0159\u00ed\u0161t\u00ed v\u00edkend je posledn\u00ed mo\u017enost p\u0159in\u00e9st d\u00e1rky pro Chulig\u00e1ny na jejich v\u00e1no\u010dn\u00ed bohoslu\u017ebu a v\u00e1no\u010dn\u00ed bal\u00ed\u010dky pro Ukrajinsk\u00e9 d\u011bti. V\u0161em ochotn\u00fdm d\u00e1rc\u016fm d\u011bkujeme.<\/span><\/h4>\n<h4><img loading=\"lazy\" decoding=\"async\" class=\"wp-image-10265 alignleft\" src=\"https:\/\/valasskemezirici.casd.cz\/wp-content\/uploads\/2025\/12\/6fad071d-86a1-41c8-83d2-4ac1e48a682b.jpeg\" alt=\"\" width=\"389\" height=\"518\" srcset=\"https:\/\/valasskemezirici.casd.cz\/wp-content\/uploads\/2025\/12\/6fad071d-86a1-41c8-83d2-4ac1e48a682b.jpeg 1536w, https:\/\/valasskemezirici.casd.cz\/wp-content\/uploads\/2025\/12\/6fad071d-86a1-41c8-83d2-4ac1e48a682b-225x300.jpeg 225w, https:\/\/valasskemezirici.casd.cz\/wp-content\/uploads\/2025\/12\/6fad071d-86a1-41c8-83d2-4ac1e48a682b-768x1024.jpeg 768w, https:\/\/valasskemezirici.casd.cz\/wp-content\/uploads\/2025\/12\/6fad071d-86a1-41c8-83d2-4ac1e48a682b-1152x1536.jpeg 1152w\" sizes=\"auto, (max-width: 389px) 100vw, 389px\" \/><\/h4>\n<p><img loading=\"lazy\" decoding=\"async\" class=\"alignnone wp-image-10266\" src=\"https:\/\/valasskemezirici.casd.cz\/wp-content\/uploads\/2025\/12\/cd156f7c-d8c2-47be-8d12-010d2224d261.jpeg\" alt=\"\" width=\"393\" height=\"524\" srcset=\"https:\/\/valasskemezirici.casd.cz\/wp-content\/uploads\/2025\/12\/cd156f7c-d8c2-47be-8d12-010d2224d261.jpeg 1536w, https:\/\/valasskemezirici.casd.cz\/wp-content\/uploads\/2025\/12\/cd156f7c-d8c2-47be-8d12-010d2224d261-225x300.jpeg 225w, https:\/\/valasskemezirici.casd.cz\/wp-content\/uploads\/2025\/12\/cd156f7c-d8c2-47be-8d12-010d2224d261-768x1024.jpeg 768w, https:\/\/valasskemezirici.casd.cz\/wp-content\/uploads\/2025\/12\/cd156f7c-d8c2-47be-8d12-010d2224d261-1152x1536.jpeg 1152w\" sizes=\"auto, (max-width: 393px) 100vw, 393px\" \/><\/p>\n","protected":false},"excerpt":{"rendered":"<p>Nach\u00e1z\u00edme se v adventn\u00edm \u010dase a v\u00edce intenzivn\u011bji si uv\u011bdomujeme \u010din l\u00e1sky, kter\u00fd n\u00e1\u0161 P\u00e1n kv\u016fli n\u00e1m ud\u011blal. Poslal na z\u00e1chranu h\u0159\u00ed\u0161n\u00fdch lid\u00ed sv\u00e9ho milovan\u00e9ho Syna, kter\u00fd se vzdal sv\u00e9ho nebesk\u00e9ho domova, aby n\u00e1s u\u010dil, vychov\u00e1val a nakonec i zachr\u00e1nil pro \u017eivot v\u011b\u010dn\u00fd &#8211; polo\u017eil za n\u00e1s sv\u016fj vz\u00e1cn\u00fd \u017eivot. Sice term\u00edn jeho&nbsp; narozen\u00ed do [&hellip;]<\/p>\n","protected":false},"author":1,"featured_media":0,"comment_status":"closed","ping_status":"open","sticky":false,"template":"","format":"standard","meta":{"ngg_post_thumbnail":0,"footnotes":""},"categories":[1],"tags":[],"class_list":["post-10264","post","type-post","status-publish","format-standard","hentry","category-nezarazene"],"_links":{"self":[{"href":"https:\/\/valasskemezirici.casd.cz\/index.php?rest_route=\/wp\/v2\/posts\/10264","targetHints":{"allow":["GET"]}}],"collection":[{"href":"https:\/\/valasskemezirici.casd.cz\/index.php?rest_route=\/wp\/v2\/posts"}],"about":[{"href":"https:\/\/valasskemezirici.casd.cz\/index.php?rest_route=\/wp\/v2\/types\/post"}],"author":[{"embeddable":true,"href":"https:\/\/valasskemezirici.casd.cz\/index.php?rest_route=\/wp\/v2\/users\/1"}],"replies":[{"embeddable":true,"href":"https:\/\/valasskemezirici.casd.cz\/index.php?rest_route=%2Fwp%2Fv2%2Fcomments&post=10264"}],"version-history":[{"count":1,"href":"https:\/\/valasskemezirici.casd.cz\/index.php?rest_route=\/wp\/v2\/posts\/10264\/revisions"}],"predecessor-version":[{"id":10267,"href":"https:\/\/valasskemezirici.casd.cz\/index.php?rest_route=\/wp\/v2\/posts\/10264\/revisions\/10267"}],"wp:attachment":[{"href":"https:\/\/valasskemezirici.casd.cz\/index.php?rest_route=%2Fwp%2Fv2%2Fmedia&parent=10264"}],"wp:term":[{"taxonomy":"category","embeddable":true,"href":"https:\/\/valasskemezirici.casd.cz\/index.php?rest_route=%2Fwp%2Fv2%2Fcategories&post=10264"},{"taxonomy":"post_tag","embeddable":true,"href":"https:\/\/valasskemezirici.casd.cz\/index.php?rest_route=%2Fwp%2Fv2%2Ftags&post=10264"}],"curies":[{"name":"wp","href":"https:\/\/api.w.org\/{rel}","templated":true}]}}