{"id":10358,"date":"2026-01-11T09:41:38","date_gmt":"2026-01-11T08:41:38","guid":{"rendered":"https:\/\/valasskemezirici.casd.cz\/?p=10358"},"modified":"2026-01-11T15:57:44","modified_gmt":"2026-01-11T14:57:44","slug":"sobota-10-ledna-2026","status":"publish","type":"post","link":"https:\/\/valasskemezirici.casd.cz\/?p=10358","title":{"rendered":"Sobota 10.ledna 2026"},"content":{"rendered":"<p style=\"text-align: justify;\">Zat\u00edm co prvn\u00ed sobota v&nbsp;nov\u00e9m kalend\u00e1\u0159n\u00edm roce je v\u011bnov\u00e1na spole\u010dn\u00e9 bohoslu\u017eb\u011b v\u0161ech Vala\u0161sk\u00fdch sbor\u016f, druh\u00e1 sobota je jen na\u0161e. Po tradi\u010dn\u00edm dopoledni a agap\u00e9 se sch\u00e1z\u00edme na tzv. novoro\u010dn\u00edm posezen\u00ed, co\u017e je kryc\u00ed jm\u00e9no pro novoro\u010dn\u00ed bes\u00eddku. Ta je spojov\u00e1na v\u011bt\u0161inou s&nbsp;vystoupen\u00edm d\u011bt\u00ed. T\u011bch je v\u0161ak v&nbsp;na\u0161em sbore\u010dku v\u00edce ne\u017e poskromnu, a tak se ujalo, \u017ee za ka\u017edou rodinu vystoup\u00ed n\u011bkdo s&nbsp;p\u00edsn\u00ed, b\u00e1sn\u00ed, zku\u0161enost\u00ed \u010di sc\u00e9nkou. Sv\u00fdmi p\u0159\u00edsp\u011bvky chv\u00e1l\u00edme na\u0161eho P\u00e1na, vyjad\u0159ujeme d\u00edk za v\u0161echna po\u017eehn\u00e1n\u00ed a radost z&nbsp;toho, \u017ee se m\u016f\u017eeme v&nbsp;m\u00edru a svobod\u011b ka\u017edou sobotu sch\u00e1zet se sv\u00fdm Bohem a P\u00e1nem.<\/p>\n<p style=\"text-align: justify;\">Na\u0161e m\u011bsto vypad\u00e1 posledn\u00ed dny jako z&nbsp;Ladov\u00fdch obr\u00e1zk\u016f. Mr\u00e1z n\u00e1s cestou do modlitebny \u0161t\u00edpal do tv\u00e1\u0159\u00ed a sn\u011bhov\u00e9 vlo\u010dky v\u0161ech mysliteln\u00fdch tvar\u016f zasypal vala\u0161skou krajinu tak d\u016fkladn\u011b, \u017ee se mnoz\u00ed dnes dostavili se zpo\u017ed\u011bn\u00edm. \u00dakolem sobotn\u00ed \u0161koly \u201eD\u016fvod k&nbsp;d\u00edkuvzd\u00e1n\u00ed a modlitb\u011b\u201c n\u00e1s provedla Ani\u010dka Petrovi\u010dov\u00e1. P\u0159em\u00fd\u0161leli jsme nad prvn\u00ed kapitolou listu Filipsk\u00fdm a Kolosk\u00fdm.<\/p>\n<p><img loading=\"lazy\" decoding=\"async\" class=\"alignnone wp-image-10359\" src=\"https:\/\/valasskemezirici.casd.cz\/wp-content\/uploads\/2026\/01\/o1.jpeg\" alt=\"\" width=\"594\" height=\"396\" srcset=\"https:\/\/valasskemezirici.casd.cz\/wp-content\/uploads\/2026\/01\/o1.jpeg 1600w, https:\/\/valasskemezirici.casd.cz\/wp-content\/uploads\/2026\/01\/o1-300x200.jpeg 300w, https:\/\/valasskemezirici.casd.cz\/wp-content\/uploads\/2026\/01\/o1-1024x683.jpeg 1024w, https:\/\/valasskemezirici.casd.cz\/wp-content\/uploads\/2026\/01\/o1-768x512.jpeg 768w, https:\/\/valasskemezirici.casd.cz\/wp-content\/uploads\/2026\/01\/o1-1536x1024.jpeg 1536w\" sizes=\"auto, (max-width: 594px) 100vw, 594px\" \/><\/p>\n<p><!--more--> <img loading=\"lazy\" decoding=\"async\" class=\"alignnone wp-image-10360\" src=\"https:\/\/valasskemezirici.casd.cz\/wp-content\/uploads\/2026\/01\/o3.jpeg\" alt=\"\" width=\"596\" height=\"397\" srcset=\"https:\/\/valasskemezirici.casd.cz\/wp-content\/uploads\/2026\/01\/o3.jpeg 1600w, https:\/\/valasskemezirici.casd.cz\/wp-content\/uploads\/2026\/01\/o3-300x200.jpeg 300w, https:\/\/valasskemezirici.casd.cz\/wp-content\/uploads\/2026\/01\/o3-1024x683.jpeg 1024w, https:\/\/valasskemezirici.casd.cz\/wp-content\/uploads\/2026\/01\/o3-768x512.jpeg 768w, https:\/\/valasskemezirici.casd.cz\/wp-content\/uploads\/2026\/01\/o3-1536x1024.jpeg 1536w\" sizes=\"auto, (max-width: 596px) 100vw, 596px\" \/> <img loading=\"lazy\" decoding=\"async\" class=\"alignnone wp-image-10361\" src=\"https:\/\/valasskemezirici.casd.cz\/wp-content\/uploads\/2026\/01\/o8.jpeg\" alt=\"\" width=\"594\" height=\"396\" srcset=\"https:\/\/valasskemezirici.casd.cz\/wp-content\/uploads\/2026\/01\/o8.jpeg 1600w, https:\/\/valasskemezirici.casd.cz\/wp-content\/uploads\/2026\/01\/o8-300x200.jpeg 300w, https:\/\/valasskemezirici.casd.cz\/wp-content\/uploads\/2026\/01\/o8-1024x683.jpeg 1024w, https:\/\/valasskemezirici.casd.cz\/wp-content\/uploads\/2026\/01\/o8-768x512.jpeg 768w, https:\/\/valasskemezirici.casd.cz\/wp-content\/uploads\/2026\/01\/o8-1536x1024.jpeg 1536w\" sizes=\"auto, (max-width: 594px) 100vw, 594px\" \/><\/p>\n<p>&nbsp;<\/p>\n<p style=\"text-align: justify;\">Apo\u0161tol Pavel se nach\u00e1z\u00ed ve v\u011bzen\u00ed. M\u00edsto aby truchlil nad sv\u00fdm osudem, le\u017e\u00ed mu na srdci sbory, kter\u00e9 zalo\u017eil a evangelizace voj\u00e1k\u016f a dozorc\u016f. Pavlovi m\u00e9n\u011b z\u00e1le\u017e\u00ed na jeho vlastn\u00ed budoucnosti ne\u017e na obhajob\u011b samotn\u00e9ho evangelia. Pavel se ve v\u011bzen\u00ed usilovn\u011b modlil za celou c\u00edrkev a jej\u00ed blaho. Pavel se nemodl\u00ed jen za v\u00edce l\u00e1sky, ale tak\u00e9 za pozn\u00e1n\u00ed duchovn\u00edch v\u011bc\u00ed, kter\u00e9 lze z\u00edskat pouze spole\u010denstv\u00edm s Bohem a studiem jeho slova Modl\u00ed se za schopnost rozpoznat <em>\u201ena&nbsp;\u010dem z\u00e1le\u017e\u00ed\u201c<\/em>. V\u0161echno, co&nbsp;k\u0159es\u0165an\u00e9 d\u011blaj\u00ed, by m\u011blo b\u00fdt tak jasn\u00e9 jako slune\u010dn\u00ed paprsek. Nem\u00e1me \u017e\u00e1dnou vlastn\u00ed spravedlnost, ale jen tu, kterou p\u0159ij\u00edm\u00e1me prost\u0159ednictv\u00edm Krista.<\/p>\n<p style=\"text-align: justify;\">Pavel vn\u00edmal svou situaci jinak, ne\u017e by se dalo o\u010dek\u00e1vat. Jeho duchovn\u00ed pozn\u00e1n\u00ed ho vedlo k tomu, \u017ee sv\u00e9 uv\u011bzn\u011bn\u00ed vn\u00edmal jako n\u011bco dobr\u00e9ho. Nep\u0159ek\u00e1\u017eelo mu \u2013 naopak to vn\u00edmal jako n\u011bco <em>\u201ek prosp\u011bchu evangelia\u201c<\/em>. Tam, kde jin\u00ed vid\u011bli jen pouta a m\u0159\u00ed\u017ee, Pavel vid\u011bl sv\u00e9 \u0159\u00edmsk\u00e9 str\u00e1\u017ece jako adepty Bo\u017e\u00edho kr\u00e1lovstv\u00ed. Vid\u011bl tak\u00e9, \u017ee jeho uv\u011bzn\u011bn\u00ed velmi povzbudilo ostatn\u00ed, aby byli aktivn\u011bj\u0161\u00ed a odhodlan\u011bj\u0161\u00ed \u0161\u00ed\u0159it evangelium a aby sm\u011ble mluvili o Kristu beze strachu z n\u00e1sledk\u016f. Je \u00fa\u017easn\u00e9, jak rychle se v&nbsp;Pavlov\u011b dob\u011b evangelium \u0161\u00ed\u0159ilo. Ale nen\u00ed to z\u00e1sluha Pavlova, byl pouh\u00fdm Bo\u017e\u00edm n\u00e1strojem. Je to Bo\u017e\u00ed moc p\u016fsob\u00edc\u00ed prost\u0159ednictv\u00edm jeho Slova, kter\u00e1 v \u010dlov\u011bku rod\u00ed duchovn\u00ed \u017eivot a d\u011bl\u00e1 z&nbsp;n\u011bj \u201enov\u00e9 stvo\u0159en\u00ed\u201c. Pavel se tak\u00e9 modl\u00ed, aby <em>\u201evedli \u017eivot hodn\u00fd P\u00e1na a ve v\u0161em se mu l\u00edbili\u201c. <\/em>&nbsp;To se samoz\u0159ejm\u011b vztahuje i na n\u00e1s.<\/p>\n<p>Bratr Petr Ch\u00e1ra slav\u00ed 70 let a proto n\u00e1s pozval na spole\u010dn\u00fd ob\u011bd, kter\u00fd sliboval sladkou te\u010dku v podob\u011b dvoupatrov\u00e9ho dortu. Sou\u010dasn\u011b n\u00e1m nab\u00eddl projekci fotografi\u00ed ze sv\u00e9ho \u017eivota po ukon\u010den\u00ed novoro\u010dn\u00edho posezen\u00ed.<\/p>\n<p style=\"text-align: justify;\">K\u00e1z\u00e1n\u00edm z&nbsp;Bo\u017e\u00edho slova n\u00e1m poslou\u017eil bratr Pavel Pimek. Zam\u00fd\u0161lel se t\u00edm, co by n\u00e1s m\u011blo prov\u00e1zet v&nbsp;nov\u00e9m roce. P\u0159ipomn\u011bl n\u00e1m postavu P\u00e1na Je\u017e\u00ed\u0161e v&nbsp;jeho posledn\u00edm t\u00fddnu p\u0159ed smrt\u00ed za na\u0161e h\u0159\u00edchy. P\u0159em\u00fd\u0161lejme nad t\u0159emi zlo\u010dinci odsouzen\u00fdmi na smrt. Na prost\u0159edn\u00edm k\u0159\u00ed\u017ei m\u011bl trp\u011bt revolucion\u00e1\u0159 Barab\u00e1\u0161. Ale v\u0161echno je jinak. Je tam h\u0159eby p\u0159ibit bezh\u0159\u00ed\u0161n\u00fd \u017eidovsk\u00fd kr\u00e1l. Nezn\u00e1me jm\u00e9na druh\u00fdch dvou uk\u0159i\u017eovan\u00fdch. Cel\u00e1 poprava byla divadlem pro \u0161irokou \u0161k\u00e1lu div\u00e1ctva. Dokonce i duchovn\u00ed elita stoj\u00ed pod k\u0159\u00ed\u017ei s&nbsp;voj\u00e1ky, s n\u00e1hodn\u00fdmi p\u0159\u00edchoz\u00edmi a rodinn\u00fdmi p\u0159\u00edbuzn\u00fdmi k\u0159i\u017eovan\u00fdch. Dusn\u00e1 atmosf\u00e9ra. Posm\u011bch, nad\u00e1vky, zesm\u011b\u0161\u0148ov\u00e1n\u00ed Je\u017e\u00ed\u0161e. Lid\u00e9&nbsp; nerozeznali kr\u00e1lovstv\u00ed l\u00e1sky, kterou Je\u017e\u00ed\u0161 prosazoval. Mar 15, 25.-32. Tupili ho i ti, kte\u0159\u00ed viseli vedle N\u011bho. Luk 23, 39.-43. Jeden z&nbsp;lotr\u016f pros\u00ed o to, aby byl s&nbsp;Je\u017e\u00ed\u0161em v&nbsp;r\u00e1ji. A Je\u017e\u00ed\u0161 to sl\u00edbil. P\u0159i rozhovoru s&nbsp;odsouzen\u00fdmi v\u011bt\u0161inou tvrd\u00ed, \u017ee jsou nevinn\u00ed. Tento si uv\u011bdomuje, co zl\u00e9ho sp\u00e1chal, uv\u011bdomuje si Bo\u017e\u00ed spravedlnost, mo\u017en\u00e1 se ozvalo sv\u011bdom\u00ed. Mo\u017en\u00e1 n\u00e1pis \u201eJe\u017e\u00ed\u0161 kr\u00e1l \u017eidovsk\u00fd\u201c ho p\u0159im\u011bl p\u0159em\u00fd\u0161let nad sv\u00fdm provin\u011bn\u00edm. S&nbsp;kr\u00e1lovstv\u00edm l\u00e1sky se ve sv\u00e9m \u017eivot\u011b neztoto\u017e\u0148oval, p\u0159esto uzn\u00e1v\u00e1 sv\u00e1 provin\u011bn\u00ed a pros\u00ed s&nbsp;pokorou o milost. Co to je za spravedlnost? Lotr, dareb\u00e1k, zlo\u010dinec, mo\u017en\u00e1 vrah, a bude v&nbsp;r\u00e1ji? Z&nbsp;lidsk\u00e9ho pohledu nepochopiteln\u00e1 milost. Tak\u00e9 v&nbsp;na\u0161em z\u00e1konod\u00e1rstv\u00ed se milost ud\u011bluje. Nap\u0159. Havlova amnestie \u2013 v\u011bt\u0161ina propu\u0161t\u011bn\u00fdch si svobody a odpu\u0161t\u011bn\u00ed nev\u00e1\u017eilo a dostalo se brzy zp\u011bt do v\u011bzen\u00ed.<\/p>\n<p style=\"text-align: justify;\">Mohl h\u0159\u00ed\u0161n\u00edk na k\u0159\u00ed\u017ei n\u011bco se sv\u00fdm \u017eivotem ud\u011blat? Zm\u011bnit se? Nem\u011bl. V&nbsp;cel\u00e9 Bibli se setk\u00e1v\u00e1me s&nbsp;milost\u00ed. Prvn\u00ed lid\u00e9 v&nbsp;r\u00e1ji. Provinili se, ale dost\u00e1vaj\u00ed novou \u0161anci a zasl\u00edben\u00ed vykupitele. Prvn\u00ed vrah Kain dost\u00e1v\u00e1 znamen\u00ed, aby ho nikdo nezabil. Dostal novou \u0161anci? Nebo odpu\u0161t\u011bn\u00ed? J\u00e1kob\u016fv syn Josef byl trnem v&nbsp;o\u010d\u00edch sv\u00fdch bratr\u016f, a tak se ho p\u0159i prvn\u00ed p\u0159\u00edle\u017eitosti pokusili zbavit. V\u011bze\u0148, spr\u00e1vce Putifara, pozd\u011bji druh\u00fd nejvy\u0161\u0161\u00ed v&nbsp;Egypt\u011b. Milost Hospodinova byla s&nbsp;n\u00edm. Jon\u00e1\u0161 necht\u011bl varovat Ninive. Cel\u00e9 m\u011bsto uv\u011b\u0159ilo Bohu, k\u00e1lo se a bylo jim odpu\u0161t\u011bno. Jon\u00e1\u0161 nech\u00e1pe takov\u00e9 milosrdenstv\u00ed.<\/p>\n<p style=\"text-align: justify;\">Je\u017e\u00ed\u0161 p\u0159i rab\u00ednsk\u00e9m vyu\u010dov\u00e1n\u00ed na n\u00e1dvo\u0159\u00ed Jeruzal\u00e9msk\u00e9ho chr\u00e1mu. Jan 8, 1.-1.&nbsp; Je\u017e\u00ed\u0161 odpustil nev\u011bstce a usv\u011bd\u010dil \u017eidovsk\u00e9 farizee z&nbsp;h\u0159\u00edchu. Je\u017e\u00ed\u0161 nep\u0159estal vyu\u010dovat. T\u00edmto p\u0159\u00edb\u011bhem u\u010dil d\u00e1l. Dal milost nev\u011bstce i \u017ealobc\u016fm. Dostali mo\u017enost pochopit Bo\u017e\u00ed kr\u00e1lovstv\u00ed.<\/p>\n<p style=\"text-align: justify;\">Audio z\u00e1znam k\u00e1z\u00e1n\u00ed najdete na na\u0161em webu.<\/p>\n<p>P\u0159esn\u011b p\u0159ed koncem bohoslu\u017eby p\u0159i\u0161li do modlitebny T\u0159i kr\u00e1lov\u00e9 se svou sb\u00edrkou. A i kdy\u017e jde o sb\u00edrku Charity a ne Adry, v\u016fbec n\u00e1m to nezabr\u00e1nilo v chuti p\u0159isp\u011bt na dobrou v\u011bc. Odm\u011bnou n\u00e1m byla d\u011btsk\u00fdmi hl\u00e1sky zazp\u00edvan\u00e1 koleda.<\/p>\n<p style=\"text-align: justify;\">Po dopoledn\u00ed bohoslu\u017eb\u011b n\u00e1sledovalo agap\u00e9 a spole\u010dn\u00e9 novoro\u010dn\u00ed posezen\u00ed, ale o tom si p\u0159e\u010dt\u011bte v&nbsp;dal\u0161\u00edm p\u0159\u00edsp\u011bvku.<\/p>\n<p><img loading=\"lazy\" decoding=\"async\" class=\"alignnone  wp-image-10385\" src=\"https:\/\/valasskemezirici.casd.cz\/wp-content\/uploads\/2026\/01\/o9.jpeg\" alt=\"\" width=\"651\" height=\"434\" srcset=\"https:\/\/valasskemezirici.casd.cz\/wp-content\/uploads\/2026\/01\/o9.jpeg 1600w, https:\/\/valasskemezirici.casd.cz\/wp-content\/uploads\/2026\/01\/o9-300x200.jpeg 300w, https:\/\/valasskemezirici.casd.cz\/wp-content\/uploads\/2026\/01\/o9-1024x683.jpeg 1024w, https:\/\/valasskemezirici.casd.cz\/wp-content\/uploads\/2026\/01\/o9-768x512.jpeg 768w, https:\/\/valasskemezirici.casd.cz\/wp-content\/uploads\/2026\/01\/o9-1536x1024.jpeg 1536w\" sizes=\"auto, (max-width: 651px) 100vw, 651px\" \/><\/p>\n<p style=\"text-align: justify;\">&nbsp;<\/p>\n","protected":false},"excerpt":{"rendered":"<p>Zat\u00edm co prvn\u00ed sobota v&nbsp;nov\u00e9m kalend\u00e1\u0159n\u00edm roce je v\u011bnov\u00e1na spole\u010dn\u00e9 bohoslu\u017eb\u011b v\u0161ech Vala\u0161sk\u00fdch sbor\u016f, druh\u00e1 sobota je jen na\u0161e. Po tradi\u010dn\u00edm dopoledni a agap\u00e9 se sch\u00e1z\u00edme na tzv. novoro\u010dn\u00edm posezen\u00ed, co\u017e je kryc\u00ed jm\u00e9no pro novoro\u010dn\u00ed bes\u00eddku. Ta je spojov\u00e1na v\u011bt\u0161inou s&nbsp;vystoupen\u00edm d\u011bt\u00ed. T\u011bch je v\u0161ak v&nbsp;na\u0161em sbore\u010dku v\u00edce ne\u017e poskromnu, a tak se ujalo, [&hellip;]<\/p>\n","protected":false},"author":1,"featured_media":0,"comment_status":"closed","ping_status":"open","sticky":false,"template":"","format":"standard","meta":{"ngg_post_thumbnail":0,"footnotes":""},"categories":[1],"tags":[],"class_list":["post-10358","post","type-post","status-publish","format-standard","hentry","category-nezarazene"],"_links":{"self":[{"href":"https:\/\/valasskemezirici.casd.cz\/index.php?rest_route=\/wp\/v2\/posts\/10358","targetHints":{"allow":["GET"]}}],"collection":[{"href":"https:\/\/valasskemezirici.casd.cz\/index.php?rest_route=\/wp\/v2\/posts"}],"about":[{"href":"https:\/\/valasskemezirici.casd.cz\/index.php?rest_route=\/wp\/v2\/types\/post"}],"author":[{"embeddable":true,"href":"https:\/\/valasskemezirici.casd.cz\/index.php?rest_route=\/wp\/v2\/users\/1"}],"replies":[{"embeddable":true,"href":"https:\/\/valasskemezirici.casd.cz\/index.php?rest_route=%2Fwp%2Fv2%2Fcomments&post=10358"}],"version-history":[{"count":3,"href":"https:\/\/valasskemezirici.casd.cz\/index.php?rest_route=\/wp\/v2\/posts\/10358\/revisions"}],"predecessor-version":[{"id":10386,"href":"https:\/\/valasskemezirici.casd.cz\/index.php?rest_route=\/wp\/v2\/posts\/10358\/revisions\/10386"}],"wp:attachment":[{"href":"https:\/\/valasskemezirici.casd.cz\/index.php?rest_route=%2Fwp%2Fv2%2Fmedia&parent=10358"}],"wp:term":[{"taxonomy":"category","embeddable":true,"href":"https:\/\/valasskemezirici.casd.cz\/index.php?rest_route=%2Fwp%2Fv2%2Fcategories&post=10358"},{"taxonomy":"post_tag","embeddable":true,"href":"https:\/\/valasskemezirici.casd.cz\/index.php?rest_route=%2Fwp%2Fv2%2Ftags&post=10358"}],"curies":[{"name":"wp","href":"https:\/\/api.w.org\/{rel}","templated":true}]}}