{"id":10377,"date":"2026-01-11T11:40:49","date_gmt":"2026-01-11T10:40:49","guid":{"rendered":"https:\/\/valasskemezirici.casd.cz\/?p=10377"},"modified":"2026-01-11T19:03:50","modified_gmt":"2026-01-11T18:03:50","slug":"novorocni-posezeni-10-ledna-2026","status":"publish","type":"post","link":"https:\/\/valasskemezirici.casd.cz\/?p=10377","title":{"rendered":"Novoro\u010dn\u00ed posezen\u00ed 10.ledna 2026"},"content":{"rendered":"<p style=\"text-align: justify;\"><strong>Novoro\u010dn\u00ed posezen\u00ed<\/strong><\/p>\n<p style=\"text-align: justify;\">Po dopoledn\u00ed \u010d\u00e1sti sobotn\u00ed bohoslu\u017eby a spole\u010dn\u00e9m agap\u00e9 v&nbsp;re\u017eii bratra Petra Ch\u00e1ry, kter\u00fd slav\u00ed 70 let, jsme se op\u011bt shrom\u00e1\u017edili v&nbsp;modlitebn\u011b, abychom chv\u00e1lili Hospodina p\u00edsn\u011bmi, b\u00e1sn\u011bmi, sc\u00e9nkami a hrou na hudebn\u00ed n\u00e1stroje. Na\u0161e tzv. novoro\u010dn\u00ed posezen\u00ed je sestaveno z&nbsp;vystoupen\u00ed z\u00e1stupc\u016f jednotliv\u00fdch rodin, proto\u017ee d\u011bt\u00ed je v&nbsp;na\u0161em sbore\u010dku pom\u00e1lu. Tento zp\u016fsob oslavy na\u0161eho P\u00e1na se stal velmi obl\u00edben\u00fdm. U\u017e\u00edv\u00e1me si nejen p\u0159\u00edtomnosti Bo\u017e\u00edho Ducha, ale i sebe navz\u00e1jem. Uv\u011bdomujeme si nezaslou\u017een\u00e1 po\u017eehn\u00e1n\u00ed, kter\u00fdmi n\u00e1s P\u00e1n zahrnuje, ale tak\u00e9 upev\u0148ujeme na\u0161i kr\u00e1snou duchovn\u00ed rodinku.<\/p>\n<p style=\"text-align: justify;\">V&nbsp;\u00favodu jsme si prom\u00edtli video dokumentuj\u00edc\u00ed ud\u00e1losti minul\u00e9ho roku. Pro\u017eili jsme mnoho kr\u00e1sn\u00fdch akc\u00ed, jako nap\u0159\u00edklad bohoslu\u017ebu \u017een a v\u00fdro\u010dn\u00ed bohoslu\u017ebu u p\u0159\u00edle\u017eitosti 95 let sboru, ale tak\u00e9 smutn\u011bj\u0161\u00ed ud\u00e1losti, kdy n\u00e1s opustili Jana Jan\u010dov\u00e1, Bohu\u0161 Kr\u016fpa a Ji\u0159ka \u0160krlov\u00e1. I takov\u00e9 okam\u017eiky k&nbsp;\u017eivotu pat\u0159\u00ed a posiluj\u00ed na\u0161e p\u0159imknut\u00ed se k&nbsp;Bohu.<\/p>\n<p><img loading=\"lazy\" decoding=\"async\" class=\"alignnone wp-image-10382\" src=\"https:\/\/valasskemezirici.casd.cz\/wp-content\/uploads\/2026\/01\/o5.jpeg\" alt=\"\" width=\"675\" height=\"450\" srcset=\"https:\/\/valasskemezirici.casd.cz\/wp-content\/uploads\/2026\/01\/o5.jpeg 1600w, https:\/\/valasskemezirici.casd.cz\/wp-content\/uploads\/2026\/01\/o5-300x200.jpeg 300w, https:\/\/valasskemezirici.casd.cz\/wp-content\/uploads\/2026\/01\/o5-1024x683.jpeg 1024w, https:\/\/valasskemezirici.casd.cz\/wp-content\/uploads\/2026\/01\/o5-768x512.jpeg 768w, https:\/\/valasskemezirici.casd.cz\/wp-content\/uploads\/2026\/01\/o5-1536x1024.jpeg 1536w\" sizes=\"auto, (max-width: 675px) 100vw, 675px\" \/><\/p>\n<p><!--more--><\/p>\n<p style=\"text-align: justify;\">N\u00e1sledovaly p\u0159\u00edsp\u011bvky \u010dlen\u016f sboru. A proto\u017ee jsme vzpom\u00ednali na minul\u00fd rok, za\u010dali jsme p\u00edsn\u00ed <strong>Franty Tomance<\/strong> \u201eVzpom\u00edn\u00e1 se, vzpom\u00edn\u00e1\u201c kter\u00e1 byla z\u00e1rove\u0148 zp\u00edv\u00e1na jako hold Jan\u011b Jan\u010dov\u00e9. A\u010d nebyly mobily ani jin\u00e9 komunika\u010dn\u00ed prost\u0159edky, v\u017edy s&nbsp;ochotou pou\u0161t\u011bla sv\u00e9 d\u011bti na ml\u00e1de\u017enick\u00e9 akce a vandry, a to i kdy\u017e se jelo do zahrani\u010d\u00ed.<\/p>\n<p style=\"text-align: justify;\"><strong><em>VZPOM\u00cdN\u00c1 SE, VZPOM\u00cdN\u00c1<\/em><\/strong><\/p>\n<ol style=\"text-align: justify;\">\n<li><em> \u00dazkou a klikatou p\u011b\u0161inou, krajinou les\u016f a skal,<\/em><\/li>\n<\/ol>\n<p style=\"text-align: justify;\"><em>&nbsp;&nbsp;&nbsp;&nbsp; Voln\u00ed jak pt\u00e1ci jsme bloudili v nejhez\u010d\u00ed ze v\u0161ech katedr\u00e1l.<\/em><\/p>\n<p style=\"text-align: justify;\"><em>Ref: Vzpom\u00edn\u00e1 se, vzpom\u00edn\u00e1, kdo nejezdil ven, ten mo\u017en\u00e1 nech\u00e1pe,<\/em><\/p>\n<p style=\"text-align: justify;\"><em>&nbsp;&nbsp;&nbsp;&nbsp;&nbsp;&nbsp;&nbsp;&nbsp;&nbsp; Vzpom\u00edn\u00e1 se, vzpom\u00edn\u00e1, h\u0159\u00e1l ohe\u0148 a l\u00e1ska, l\u00e1ska agap\u00e9.<\/em><\/p>\n<ol style=\"text-align: justify;\" start=\"2\">\n<li><em> Kdo n\u00e1m tu cestu tak vyzdobil, kdo si tu s barvami hr\u00e1l ?<\/em><\/li>\n<\/ol>\n<p style=\"text-align: justify;\"><em>&nbsp;&nbsp;&nbsp;&nbsp; Kdo je to, kter\u00fd n\u00e1m postavil nejhez\u010d\u00ed ze v\u0161ech katedr\u00e1l ?<\/em><\/p>\n<p style=\"text-align: justify;\"><em>Ref: <\/em><\/p>\n<ol style=\"text-align: justify;\" start=\"3\">\n<li><em> O\u00e1zou sm\u00edchu a pohody sv\u011bt se n\u00e1m v tu chv\u00edli zd\u00e1l<\/em><\/li>\n<\/ol>\n<p style=\"text-align: justify;\"><em>&nbsp;&nbsp;&nbsp;&nbsp; Na hor\u00e1ch i dol\u016f v \u00fadol\u00edch, v nejhez\u010d\u00ed ze v\u0161ech katedr\u00e1l.<\/em><\/p>\n<p style=\"text-align: justify;\"><em>Ref: <\/em><\/p>\n<ol style=\"text-align: justify;\" start=\"4\">\n<li><em> Ve st\u00ednu smrk\u016f a kapradin vyrostlo z\u00e1zrak\u016f p\u00e1r,<\/em><\/li>\n<\/ol>\n<p style=\"text-align: justify;\"><em>&nbsp;&nbsp;&nbsp;&nbsp; Pro chu\u0165 a pro radost poutn\u00edk\u016f v nejhez\u010d\u00ed ze v\u0161ech katedr\u00e1l.<\/em><\/p>\n<p style=\"text-align: justify;\"><em>Ref: <\/em><\/p>\n<ol style=\"text-align: justify;\" start=\"5\">\n<li><em> V\u011bci, ty b\u00fdvaly obecn\u00e9, v kotl\u00edku sm\u011bs \u201eco kdo dal\u201c<\/em><\/li>\n<\/ol>\n<p style=\"text-align: justify;\"><em>&nbsp;&nbsp;&nbsp;&nbsp; Kadidlem z bylin to von\u011blo v nejhez\u010d\u00ed ze v\u0161ech katedr\u00e1l.<\/em><\/p>\n<p style=\"text-align: justify;\"><em>Ref: <\/em><\/p>\n<ol style=\"text-align: justify;\" start=\"6\">\n<li><em> Hlubiny p\u0159\u00e1telstv\u00ed testoval v\u00edtr, kdy\u017e s mraky se hnal<\/em><\/li>\n<\/ol>\n<p style=\"text-align: justify;\"><em>&nbsp;&nbsp;&nbsp;&nbsp; Nebesk\u00e9 varhany h\u0159\u00edmaly v nejhez\u010d\u00ed ze v\u0161ech katedr\u00e1l.<\/em><\/p>\n<p style=\"text-align: justify;\"><em>Ref: <\/em><\/p>\n<ol style=\"text-align: justify;\" start=\"7\">\n<li><em> Sedm\u00fd den s n\u00e1ladou sv\u00e1te\u010dn\u00ed, p\u00edsni\u010dky co ka\u017ed\u00fd znal<\/em><\/li>\n<\/ol>\n<p style=\"text-align: justify;\"><em>&nbsp;&nbsp;&nbsp;&nbsp; Kruh kolem stud\u00e1nky balz\u00e1mu v nejhez\u010d\u00ed ze v\u0161ech katedr\u00e1l.<\/em><\/p>\n<p style=\"text-align: justify;\"><em>Ref: <\/em><\/p>\n<ol style=\"text-align: justify;\" start=\"8\">\n<li><em> Ch\u00e1tr\u00e1 zem, pl\u00e1\u010de a um\u00edr\u00e1, pt\u00e1me se, co bude d\u00e1l ?<\/em><\/li>\n<\/ol>\n<p style=\"text-align: justify;\"><em>&nbsp;&nbsp;&nbsp;&nbsp; kam p\u016fjdem a\u017e zmiz\u00ed v sutin\u00e1ch nejhez\u010d\u00ed ze v\u0161ech katedr\u00e1l ?<\/em><\/p>\n<p style=\"text-align: justify;\"><em>&nbsp;&nbsp;&nbsp;&nbsp; Na\u0161t\u011bst\u00ed &#8211;<\/em><\/p>\n<p style=\"text-align: justify;\"><em>&nbsp;&nbsp;&nbsp;&nbsp;&nbsp;&nbsp;&nbsp;&nbsp;&nbsp;&nbsp; Nov\u00fd chr\u00e1m je p\u0159ichyst\u00e1n, kdo nev\u011b\u0159\u00ed, ten to mo\u017en\u00e1 nech\u00e1pe.<\/em><\/p>\n<p style=\"text-align: justify;\"><em>&nbsp;&nbsp;&nbsp;&nbsp;&nbsp;&nbsp;&nbsp;&nbsp;&nbsp;&nbsp; Sv\u011bt\u016f P\u00e1n se vrac\u00ed k n\u00e1m a s N\u00edm kr\u00e1sa, m\u00edr a l\u00e1ska agap\u00e9.<\/em><\/p>\n<p style=\"text-align: justify;\"><img loading=\"lazy\" decoding=\"async\" class=\"alignnone wp-image-10387\" src=\"https:\/\/valasskemezirici.casd.cz\/wp-content\/uploads\/2026\/01\/a39.jpeg\" alt=\"\" width=\"603\" height=\"402\" srcset=\"https:\/\/valasskemezirici.casd.cz\/wp-content\/uploads\/2026\/01\/a39.jpeg 1600w, https:\/\/valasskemezirici.casd.cz\/wp-content\/uploads\/2026\/01\/a39-300x200.jpeg 300w, https:\/\/valasskemezirici.casd.cz\/wp-content\/uploads\/2026\/01\/a39-1024x683.jpeg 1024w, https:\/\/valasskemezirici.casd.cz\/wp-content\/uploads\/2026\/01\/a39-768x512.jpeg 768w, https:\/\/valasskemezirici.casd.cz\/wp-content\/uploads\/2026\/01\/a39-1536x1024.jpeg 1536w\" sizes=\"auto, (max-width: 603px) 100vw, 603px\" \/><\/p>\n<p style=\"text-align: justify;\"><strong>St\u00e1zinka Kimlerov\u00e1<\/strong> se sv\u00fdm violoncellem n\u00e1m zahr\u00e1la skladbi\u010dku, kterou se u\u010d\u00ed na hodin\u00e1ch v&nbsp;ZU\u0160. Jde j\u00ed to moc p\u011bkn\u011b a muzikantsk\u00e9 vlohy jsou znateln\u00e9.<\/p>\n<p><img loading=\"lazy\" decoding=\"async\" class=\"alignnone wp-image-10388\" src=\"https:\/\/valasskemezirici.casd.cz\/wp-content\/uploads\/2026\/01\/a34.jpeg\" alt=\"\" width=\"606\" height=\"404\" srcset=\"https:\/\/valasskemezirici.casd.cz\/wp-content\/uploads\/2026\/01\/a34.jpeg 1600w, https:\/\/valasskemezirici.casd.cz\/wp-content\/uploads\/2026\/01\/a34-300x200.jpeg 300w, https:\/\/valasskemezirici.casd.cz\/wp-content\/uploads\/2026\/01\/a34-1024x683.jpeg 1024w, https:\/\/valasskemezirici.casd.cz\/wp-content\/uploads\/2026\/01\/a34-768x512.jpeg 768w, https:\/\/valasskemezirici.casd.cz\/wp-content\/uploads\/2026\/01\/a34-1536x1024.jpeg 1536w\" sizes=\"auto, (max-width: 606px) 100vw, 606px\" \/><\/p>\n<p style=\"text-align: justify;\"><strong>Jenda Petrovi\u010d<\/strong> n\u00e1m p\u0159e\u010detl kr\u00e1tk\u00e9 zamy\u0161len\u00ed. Tak jak on to m\u00e1 r\u00e1d \u2013 a\u010d kr\u00e1tk\u00fd text, hlubok\u00e1 my\u0161lenka, kter\u00e1 \u010dlov\u011bka nut\u00ed se zamyslet.<\/p>\n<p><em>Pomal\u00fd postup je lep\u0161\u00ed ne\u017e \u017e\u00e1dn\u00fd postup.<\/em><\/p>\n<p><em>I \u017e\u00e1dn\u00fd postup je pomal\u00fd postup <\/em><\/p>\n<p><em>Na cest\u011b \u017eivotem. <\/em><\/p>\n<p><em>M\u00edsto znepokojen\u00ed nad rychlost\u00ed sv\u00e9ho postupu,<\/em><\/p>\n<p><em>Se ptejme,<\/em><\/p>\n<p><em>Kam m\u011b moje cesta vede?<\/em><\/p>\n<p><em>Jak si u\u017e\u00edv\u00e1m ka\u017edou zku\u0161enost, kter\u00e1 p\u0159ich\u00e1z\u00ed?<\/em><\/p>\n<p><em>Objev sv\u016fj vesm\u00edr,<\/em><\/p>\n<p><em>Nastav kormidlo,<\/em><\/p>\n<p><em>Zvedni plachtu,<\/em><\/p>\n<p><em>A vydej se na dobrodru\u017enou cestu.<\/em><\/p>\n<p><em>Ka\u017ed\u00fd krok spr\u00e1vn\u00fdm sm\u011brem<\/em><\/p>\n<p><em>stoj\u00ed za oslavu.<\/em><\/p>\n<p><em>Nejmen\u0161\u00ed kroky jsou nejcenn\u011bj\u0161\u00ed,<\/em><\/p>\n<p><em>proto\u017ee vy\u017eaduj\u00ed nejv\u00edc \u00fasil\u00ed<\/em><\/p>\n<p><em>a L\u00e1sky.<\/em><\/p>\n<p><img loading=\"lazy\" decoding=\"async\" class=\"alignnone wp-image-10389\" src=\"https:\/\/valasskemezirici.casd.cz\/wp-content\/uploads\/2026\/01\/a35.jpeg\" alt=\"\" width=\"640\" height=\"959\" srcset=\"https:\/\/valasskemezirici.casd.cz\/wp-content\/uploads\/2026\/01\/a35.jpeg 1067w, https:\/\/valasskemezirici.casd.cz\/wp-content\/uploads\/2026\/01\/a35-200x300.jpeg 200w, https:\/\/valasskemezirici.casd.cz\/wp-content\/uploads\/2026\/01\/a35-683x1024.jpeg 683w, https:\/\/valasskemezirici.casd.cz\/wp-content\/uploads\/2026\/01\/a35-768x1152.jpeg 768w, https:\/\/valasskemezirici.casd.cz\/wp-content\/uploads\/2026\/01\/a35-1024x1536.jpeg 1024w\" sizes=\"auto, (max-width: 640px) 100vw, 640px\" \/><\/p>\n<p style=\"text-align: justify;\"><strong>Franta Tomanec se Sva\u0165kou Bal\u00e1\u017eovou<\/strong> zazp\u00edvali p\u00edse\u0148 na zn\u00e1mou melodii, ke kter\u00e9 napsala text pr\u00e1v\u011b Sva\u0165ka. V&nbsp;dob\u011b sv\u00e9ho ml\u00e1d\u00ed ud\u011blala \u0159adu chyb, ale proto\u017ee znala P\u00e1na, od chyb se odklonila a na\u0161la si cesti\u010dku do sboru. Jej\u00ed pokora, skromnost a oddanost Bohu jsou n\u00e1m p\u0159\u00edkladem.<\/p>\n<p style=\"text-align: justify;\"><strong><em>TY JSI MOU NAD\u011aJ\u00cd<\/em><\/strong><\/p>\n<p style=\"text-align: justify;\"><em>Ty jsi mou nad\u011bj\u00ed na p\u0159e\u017eit\u00ed t\u011bchto dn\u016f<\/em><\/p>\n<p style=\"text-align: justify;\"><em>Je to pr\u00e1zdn\u00e9, je to pr\u00e1zdn\u00e9, kdy\u017e nen\u00ed pro co \u017e\u00edt.<\/em><\/p>\n<p style=\"text-align: justify;\"><em>Moje p\u0159\u00e1n\u00ed, moje touhy, i to moje mal\u00e9 \u201ej\u00e1\u201c<\/em><\/p>\n<p style=\"text-align: justify;\"><em>Br\u00e1n\u00ed mi j\u00edt za Tebou, \u017e\u00edt tak, jak Ty by sis p\u0159\u00e1l.<\/em><\/p>\n<p style=\"text-align: justify;\"><em>Ot\u00e1\u010d\u00edm se k Tob\u011b z\u00e1dy, d\u011bl\u00e1m, \u017ee T\u011b nesly\u0161\u00edm<\/em><\/p>\n<p style=\"text-align: justify;\"><em>A za p\u00e1r t\u00fddn\u016f se zp\u00e1tky vrac\u00edm, ne\u0161\u0165astn\u00e1 a zklaman\u00e1<\/em><\/p>\n<p style=\"text-align: justify;\"><em>Ty jsi mou nad\u011bj\u00ed na p\u0159e\u017eit\u00ed t\u011bchto dn\u016f<\/em><\/p>\n<p style=\"text-align: justify;\"><em>Je to pr\u00e1zdn\u00e9, je to pr\u00e1zdn\u00e9, kdy\u017e nen\u00ed pro co \u017e\u00edt.<\/em><\/p>\n<p style=\"text-align: justify;\"><em> <img loading=\"lazy\" decoding=\"async\" class=\"alignnone wp-image-10390\" src=\"https:\/\/valasskemezirici.casd.cz\/wp-content\/uploads\/2026\/01\/a36.jpeg\" alt=\"\" width=\"614\" height=\"409\" srcset=\"https:\/\/valasskemezirici.casd.cz\/wp-content\/uploads\/2026\/01\/a36.jpeg 1600w, https:\/\/valasskemezirici.casd.cz\/wp-content\/uploads\/2026\/01\/a36-300x200.jpeg 300w, https:\/\/valasskemezirici.casd.cz\/wp-content\/uploads\/2026\/01\/a36-1024x683.jpeg 1024w, https:\/\/valasskemezirici.casd.cz\/wp-content\/uploads\/2026\/01\/a36-768x512.jpeg 768w, https:\/\/valasskemezirici.casd.cz\/wp-content\/uploads\/2026\/01\/a36-1536x1024.jpeg 1536w\" sizes=\"auto, (max-width: 614px) 100vw, 614px\" \/><\/em><\/p>\n<p style=\"text-align: justify;\"><strong>Sv\u011btlanka a Olenka<\/strong>, na\u0161e \u201eholky\u201c z&nbsp;Ukrajiny, kter\u00e9 s&nbsp;n\u00e1mi \u017eij\u00ed u\u017e t\u00e9m\u011b\u0159 4 roky, se velmi dob\u0159e p\u0159izp\u016fsobily na\u0161\u00ed kultu\u0159e a zvyk\u016fm. Abychom my v\u011bd\u011bli, jak vypadaj\u00ed na Ukrajin\u011b v\u00e1noce, pustily n\u00e1m jednu j jejich kr\u00e1sn\u00fdch koled. D\u00edky doprovodn\u00fdm text\u016fm jsme si mohli vyzkou\u0161et, zda si pamatujeme z&nbsp;dob \u0161koln\u00ed doch\u00e1zky azbuku a zazp\u00edvat si spole\u010dn\u011b s&nbsp;nimi.<\/p>\n<p style=\"text-align: justify;\"><img loading=\"lazy\" decoding=\"async\" class=\"alignnone wp-image-10391\" src=\"https:\/\/valasskemezirici.casd.cz\/wp-content\/uploads\/2026\/01\/a37.jpeg\" alt=\"\" width=\"618\" height=\"412\" srcset=\"https:\/\/valasskemezirici.casd.cz\/wp-content\/uploads\/2026\/01\/a37.jpeg 1600w, https:\/\/valasskemezirici.casd.cz\/wp-content\/uploads\/2026\/01\/a37-300x200.jpeg 300w, https:\/\/valasskemezirici.casd.cz\/wp-content\/uploads\/2026\/01\/a37-1024x683.jpeg 1024w, https:\/\/valasskemezirici.casd.cz\/wp-content\/uploads\/2026\/01\/a37-768x512.jpeg 768w, https:\/\/valasskemezirici.casd.cz\/wp-content\/uploads\/2026\/01\/a37-1536x1024.jpeg 1536w\" sizes=\"auto, (max-width: 618px) 100vw, 618px\" \/><\/p>\n<p style=\"text-align: justify;\">P\u00edsni\u010dka \u201eNa druh\u00e9m b\u0159ehu Jord\u00e1nu\u201c v&nbsp;pod\u00e1n\u00ed <strong>tria IFA<\/strong> (Iva + Franta + Ad\u00e9lka) n\u00e1m p\u0159ipomn\u011bla osobu Ji\u0159inky \u0160krlov\u00e9. Tato p\u00edse\u0148 Franty Tomance zazn\u011bla poprv\u00e9 asi v&nbsp;roce 1968 na Hronovsk\u00e9m setk\u00e1n\u00ed ml\u00e1de\u017ee. Tady si Franta v\u0161iml v\u00fdrazn\u00e9 Ji\u0159inky, kter\u00e1 se pozd\u011bji p\u0159est\u011bhovala d\u00edky s\u0148atku s&nbsp;Mirkem \u0160krlou do stejn\u00e9ho sbore\u010dku na Vala\u0161sko.<\/p>\n<p style=\"text-align: justify;\">&nbsp;<\/p>\n<p style=\"text-align: justify;\"><strong><em>NA DRUH\u00c9M B\u0158EHU JORD\u00c1NU<\/em><\/strong><\/p>\n<ol style=\"text-align: justify;\">\n<li><em>Na druh\u00e9m b\u0159ehu Jord\u00e1nu, tam kon\u010d\u00ed na\u0161e pou\u0165,<\/em><\/li>\n<\/ol>\n<p style=\"text-align: justify;\"><em>&nbsp;&nbsp;&nbsp;&nbsp;&nbsp; Tam skon\u010d\u00ed v\u0161echno str\u00e1d\u00e1n\u00ed, tam nebude u\u017e pou\u0161\u0165.<\/em><\/p>\n<p style=\"text-align: justify;\"><em>Ref. Tam harfy zvu\u010d\u00edc\u00ed zn\u00edt budou ozv\u011bnou<\/em><\/p>\n<p style=\"text-align: justify;\"><em>&nbsp;&nbsp;&nbsp;&nbsp;&nbsp;&nbsp;&nbsp;&nbsp;&nbsp; a zp\u011bvy zn\u011bj\u00edc\u00ed ku P\u00e1nu s oslavou,<\/em><\/p>\n<p style=\"text-align: justify;\"><em>&nbsp;&nbsp;&nbsp;&nbsp;&nbsp;&nbsp;&nbsp;&nbsp;&nbsp; tam se vlk s ber\u00e1nkem pase v st\u00ednu palem,<\/em><\/p>\n<p style=\"text-align: justify;\"><em>&nbsp;&nbsp;&nbsp;&nbsp;&nbsp;&nbsp;&nbsp;&nbsp;&nbsp; ta zem\u011b \u010dek\u00e1 n\u00e1s u\u017e tam, za Jord\u00e1nem.<\/em><\/p>\n<ol style=\"text-align: justify;\" start=\"2\">\n<li><em> Na druh\u00e9m b\u0159ehu Jord\u00e1nu, nen\u00ed v\u00edc starost\u00ed,<\/em><\/li>\n<\/ol>\n<p style=\"text-align: justify;\"><em>&nbsp;&nbsp;&nbsp;&nbsp;&nbsp; tam nebude u\u017e tr\u00e1pen\u00ed, \u017e\u00edt budem v radosti.<\/em><\/p>\n<p style=\"text-align: justify;\"><em>Ref. Tam harfy zvu\u010d\u00edc\u00ed zn\u00edt budou ozv\u011bnou<\/em><\/p>\n<p style=\"text-align: justify;\"><em>&nbsp;&nbsp;&nbsp;&nbsp;&nbsp;&nbsp;&nbsp;&nbsp;&nbsp; a zp\u011bvy zn\u011bj\u00edc\u00ed ku P\u00e1nu s oslavou,<\/em><\/p>\n<p style=\"text-align: justify;\"><em>&nbsp;&nbsp;&nbsp;&nbsp;&nbsp;&nbsp;&nbsp;&nbsp;&nbsp; tam se vlk s ber\u00e1nkem pase v st\u00ednu palem,<\/em><\/p>\n<p style=\"text-align: justify;\"><em>&nbsp;&nbsp;&nbsp;&nbsp;&nbsp;&nbsp;&nbsp;&nbsp;&nbsp; ta zem\u011b \u010dek\u00e1 n\u00e1s u\u017e tam, za Jord\u00e1nem.<\/em><\/p>\n<ol style=\"text-align: justify;\" start=\"3\">\n<li><em> Na druh\u00e9m b\u0159ehu Jord\u00e1nu, v krajin\u011b pln\u00e9 kr\u00e1s,<\/em><\/li>\n<\/ol>\n<p style=\"text-align: justify;\"><em>&nbsp;&nbsp;&nbsp;&nbsp; tam domov m\u00e1me p\u0159ipraven, tam Je\u017e\u00ed\u0161 vol\u00e1 n\u00e1s.<\/em><\/p>\n<p style=\"text-align: justify;\"><em>Ref. Tam harfy zvu\u010d\u00edc\u00ed zn\u00edt budou ozv\u011bnou<\/em><\/p>\n<p style=\"text-align: justify;\"><em>&nbsp;&nbsp;&nbsp;&nbsp;&nbsp;&nbsp;&nbsp;&nbsp;&nbsp; a zp\u011bvy zn\u011bj\u00edc\u00ed ku P\u00e1nu s oslavou,<\/em><\/p>\n<p style=\"text-align: justify;\"><em>&nbsp;&nbsp;&nbsp;&nbsp;&nbsp;&nbsp;&nbsp;&nbsp;&nbsp; tam se vlk s ber\u00e1nkem pase v st\u00ednu palem,<\/em><\/p>\n<p style=\"text-align: justify;\"><em>&nbsp;&nbsp;&nbsp;&nbsp;&nbsp;&nbsp;&nbsp;&nbsp;&nbsp; ta zem\u011b \u010dek\u00e1 n\u00e1s u\u017e tam, za Jord\u00e1nem.<\/em><\/p>\n<ol style=\"text-align: justify;\" start=\"4\">\n<li><em> Na druh\u00e9m b\u0159ehu Jord\u00e1nu, tam chceme v\u0161ichni b\u00fdt,<\/em><\/li>\n<\/ol>\n<p style=\"text-align: justify;\"><em>&nbsp;&nbsp;&nbsp;&nbsp; nech\u00e1me-li se Kristem v\u00e9st, budem s N\u00edm v\u011b\u010dn\u011b \u017e\u00edt.<\/em><\/p>\n<p style=\"text-align: justify;\"><em>Ref. Tam harfy zvu\u010d\u00edc\u00ed zn\u00edt budou ozv\u011bnou<\/em><\/p>\n<p style=\"text-align: justify;\"><em>&nbsp;&nbsp;&nbsp;&nbsp;&nbsp;&nbsp;&nbsp;&nbsp;&nbsp; a zp\u011bvy zn\u011bj\u00edc\u00ed ku P\u00e1nu s oslavou,<\/em><\/p>\n<p style=\"text-align: justify;\"><em>&nbsp;&nbsp;&nbsp;&nbsp;&nbsp;&nbsp;&nbsp;&nbsp;&nbsp; tam se vlk s ber\u00e1nkem pase v st\u00ednu palem,<\/em><\/p>\n<p style=\"text-align: justify;\"><em>&nbsp;&nbsp;&nbsp;&nbsp;&nbsp;&nbsp;&nbsp;&nbsp;&nbsp; ta zem\u011b \u010dek\u00e1 n\u00e1s u\u017e tam, za Jord\u00e1nem.<\/em><\/p>\n<p style=\"text-align: justify;\">&nbsp;<\/p>\n<p style=\"text-align: justify;\"><strong>Sva\u0165ka Bal\u00e1\u017eov\u00e1<\/strong> m\u00e1 velmi r\u00e1da knihy. P\u0159e\u010detla n\u00e1m jeden p\u0159\u00edb\u011bh pro ponau\u010den\u00ed a povzbuzen\u00ed.<\/p>\n<p style=\"text-align: justify;\"><strong>P\u0159\u00edb\u011bh o v\u011btvi, kter\u00e1 se nezlomila<\/strong><\/p>\n<p style=\"text-align: justify;\">Na kraji vesnice rostla star\u00e1 jablo\u0148. Cel\u00fd rok ji su\u017eoval v\u00edtr, bou\u0159e i sucha. Na podzim u\u017e m\u011bla jen p\u00e1r list\u016f a lid\u00e9 \u0159\u00edkali, \u017ee p\u0159\u00ed\u0161t\u00ed rok u\u017e asi nep\u0159e\u017eije.<\/p>\n<p style=\"text-align: justify;\">Jednoho zimn\u00edho ve\u010dera \u0161el kolem n\u00ed mlad\u00fd mu\u017e jm\u00e9nem Pavel. Ten rok byl pro n\u011bj t\u011b\u017ek\u00fd a c\u00edtil se stejn\u011b unaven\u00fd jako ten strom. Op\u0159el se o jeho kmen a povzdechl si: \u201eBo\u017ee, m\u00e1m pocit, \u017ee u\u017e se zlom\u00edm.\u201c Vtom zafoukal v\u00edtr. Pavel se pod\u00edval vzh\u016fru \u2014 a v\u0161iml si jedin\u00e9 v\u011btve, kter\u00e1 se ve v\u011btru oh\u00fdbala, ale nel\u00e1mala. Byla tenk\u00e1, skoro k\u0159ehk\u00e1, a p\u0159esto dr\u017eela.<\/p>\n<p style=\"text-align: justify;\">A Pavel najednou pochopil: s\u00edla t\u00e9 v\u011btve nebyla v n\u00ed samotn\u00e9, ale v ko\u0159enech, kter\u00e9 ji nesly. Stejn\u011b tak i on nebyl dr\u017een vlastn\u00ed silou, ale silou Toho, kter\u00fd ho zako\u0159enil v nad\u011bji.<\/p>\n<p style=\"text-align: justify;\">Pavel se usm\u00e1l, poprv\u00e9 po dlouh\u00e9 dob\u011b. Ne proto, \u017ee by se v\u0161echno vy\u0159e\u0161ilo, ale proto, \u017ee v\u011bd\u011bl, \u017ee B\u016fh ho dr\u017e\u00ed \u2014 i kdy\u017e se c\u00edt\u00ed slab\u00fd.<\/p>\n<p style=\"text-align: justify;\"><img loading=\"lazy\" decoding=\"async\" class=\"alignnone wp-image-10392\" src=\"https:\/\/valasskemezirici.casd.cz\/wp-content\/uploads\/2026\/01\/a72-e1768143872311.jpeg\" alt=\"\" width=\"635\" height=\"562\" srcset=\"https:\/\/valasskemezirici.casd.cz\/wp-content\/uploads\/2026\/01\/a72-e1768143872311.jpeg 1205w, https:\/\/valasskemezirici.casd.cz\/wp-content\/uploads\/2026\/01\/a72-e1768143872311-300x266.jpeg 300w, https:\/\/valasskemezirici.casd.cz\/wp-content\/uploads\/2026\/01\/a72-e1768143872311-1024x907.jpeg 1024w, https:\/\/valasskemezirici.casd.cz\/wp-content\/uploads\/2026\/01\/a72-e1768143872311-768x680.jpeg 768w\" sizes=\"auto, (max-width: 635px) 100vw, 635px\" \/><\/p>\n<p style=\"text-align: justify;\"><strong>Ad\u00e9lka Vr\u00e1blov\u00e1 a Jind\u0159i\u0161ka Mro\u010dkov\u00e1<\/strong> n\u00e1m zahr\u00e1ly na housle a cello kr\u00e1snou p\u00edse\u0148 z&nbsp;poh\u00e1dky Kr\u00e1ska a zv\u00ed\u0159e. P\u0159ed t\u00edm n\u00e1s ale rozesm\u00e1ly sc\u00e9nkou o zapomn\u011btlivosti a roztr\u017eitosti hudebn\u00edk\u016f.<\/p>\n<p><img loading=\"lazy\" decoding=\"async\" class=\"alignnone wp-image-10393\" src=\"https:\/\/valasskemezirici.casd.cz\/wp-content\/uploads\/2026\/01\/a46.jpeg\" alt=\"\" width=\"645\" height=\"430\" srcset=\"https:\/\/valasskemezirici.casd.cz\/wp-content\/uploads\/2026\/01\/a46.jpeg 1600w, https:\/\/valasskemezirici.casd.cz\/wp-content\/uploads\/2026\/01\/a46-300x200.jpeg 300w, https:\/\/valasskemezirici.casd.cz\/wp-content\/uploads\/2026\/01\/a46-1024x683.jpeg 1024w, https:\/\/valasskemezirici.casd.cz\/wp-content\/uploads\/2026\/01\/a46-768x512.jpeg 768w, https:\/\/valasskemezirici.casd.cz\/wp-content\/uploads\/2026\/01\/a46-1536x1024.jpeg 1536w\" sizes=\"auto, (max-width: 645px) 100vw, 645px\" \/><\/p>\n<p>Sestra&nbsp;<strong>Elen Jan\u010dov\u00e1<\/strong> se s n\u00e1mi pod\u011blila o zku\u0161enost s P\u00e1nem. Jej\u00ed sestra p\u0159e\u017eila velmi v\u00e1\u017enou autonehodu, ale d\u00edky modlitb\u00e1m se uzdravuje tak rychle, \u017ee ani l\u00e9ka\u0159i nev\u011b\u0159\u00ed, jak je to mo\u017en\u00e9. D\u00edky Bohu za Jeho pomoc a l\u00e1sku.<\/p>\n<p style=\"text-align: justify;\"><img loading=\"lazy\" decoding=\"async\" class=\"alignnone wp-image-10394\" src=\"https:\/\/valasskemezirici.casd.cz\/wp-content\/uploads\/2026\/01\/a49.jpeg\" alt=\"\" width=\"651\" height=\"434\" srcset=\"https:\/\/valasskemezirici.casd.cz\/wp-content\/uploads\/2026\/01\/a49.jpeg 1600w, https:\/\/valasskemezirici.casd.cz\/wp-content\/uploads\/2026\/01\/a49-300x200.jpeg 300w, https:\/\/valasskemezirici.casd.cz\/wp-content\/uploads\/2026\/01\/a49-1024x683.jpeg 1024w, https:\/\/valasskemezirici.casd.cz\/wp-content\/uploads\/2026\/01\/a49-768x512.jpeg 768w, https:\/\/valasskemezirici.casd.cz\/wp-content\/uploads\/2026\/01\/a49-1536x1024.jpeg 1536w\" sizes=\"auto, (max-width: 651px) 100vw, 651px\" \/><\/p>\n<p style=\"text-align: justify;\"><strong>Mirek E\u0161ler<\/strong>, kter\u00fd nikdy nenapsal jedin\u00fd ver\u0161, dostal po n\u00e1vratu mezi n\u00e1s obrovsk\u00fd dar od Boha. Skl\u00e1d\u00e1 jednu p\u00edse\u0148 za druhou, a nejen \u017ee melodie jsou \u00fachvatn\u00e9, ale p\u0159edev\u0161\u00edm text okam\u017eit\u011b zas\u00e1hne srdce. Kolik l\u00e1sky, pokory a touhy po spole\u010denstv\u00ed s&nbsp;P\u00e1nem dok\u00e1\u017ee zachytit na pap\u00edr ! Dnes n\u00e1m zazp\u00edval zcela novou p\u00edse\u0148 popisuj\u00edc\u00ed utrpen\u00ed a nezm\u011brnou v\u00edru prvn\u00edch k\u0159es\u0165an\u016f.<\/p>\n<p style=\"text-align: justify;\">OKOVY<\/p>\n<ol style=\"text-align: justify;\">\n<li>\u00dasta v\u00ednem ji\u017e zt\u011b\u017ekla,&nbsp;<\/li>\n<\/ol>\n<p style=\"text-align: justify;\">&nbsp;&nbsp;&nbsp;&nbsp;&nbsp;&nbsp; utichl opil\u00fd sm\u00edch,<\/p>\n<p style=\"text-align: justify;\">&nbsp;&nbsp;&nbsp;&nbsp;&nbsp;&nbsp; v podzem\u00ed \u0159\u00edmsk\u00e9ho m\u011bsta,<\/p>\n<p style=\"text-align: justify;\">&nbsp;&nbsp;&nbsp;&nbsp;&nbsp;&nbsp; zask\u0159\u00edpla zrzav\u00e1 m\u0159\u00ed\u017e.<\/p>\n<ol style=\"text-align: justify;\" start=\"2\">\n<li>V cel\u00e1ch je mnoho rv\u00e1\u010d\u016f,<\/li>\n<\/ol>\n<p style=\"text-align: justify;\">&nbsp;&nbsp;&nbsp;&nbsp;&nbsp; vrah\u016f a pochybn\u00fdch \u017een,<\/p>\n<p style=\"text-align: justify;\">&nbsp;&nbsp;&nbsp;&nbsp;&nbsp; s ve\u010derem nad\u011bje hr\u00e1\u010d\u016f,<\/p>\n<p style=\"text-align: justify;\">&nbsp;&nbsp;&nbsp;&nbsp;&nbsp; skom\u00edr\u00e1 v z\u00e1pachu st\u011bn.<\/p>\n<p style=\"text-align: justify;\">Ref.:<\/p>\n<p style=\"text-align: justify;\">Chv\u00e1l\u00edme Je\u017e\u00ed\u0161e, chv\u00e1l\u00edme P\u00e1na,<\/p>\n<p style=\"text-align: justify;\">Sv\u011btlem je v temnot\u00e1ch cel.<\/p>\n<p style=\"text-align: justify;\">On n\u00e1m dal svobodu, zp\u0159etrhal \u0159et\u011bzy,<\/p>\n<p style=\"text-align: justify;\">Zbavil n\u00e1s okov\u016f zel.<\/p>\n<p style=\"text-align: justify;\">&nbsp;<\/p>\n<ol style=\"text-align: justify;\" start=\"3\">\n<li>Bolest a \u00fatrapy lid\u00ed,<\/li>\n<\/ol>\n<p style=\"text-align: justify;\">&nbsp;&nbsp;&nbsp;&nbsp; st\u00e9n\u00e1n\u00ed z gladi\u00ed ran,<\/p>\n<p style=\"text-align: justify;\">&nbsp;&nbsp;&nbsp;&nbsp; n\u011bkdo se za h\u0159\u00edchy styd\u00ed,<\/p>\n<p style=\"text-align: justify;\">&nbsp;&nbsp;&nbsp;&nbsp; jin\u00fd d\u00e1l \u017eiv\u00ed sv\u016fj klan.<\/p>\n<ol style=\"text-align: justify;\" start=\"4\">\n<li>Ve sv\u011btle borov\u00e9 lou\u010de,<\/li>\n<\/ol>\n<p style=\"text-align: justify;\">&nbsp;&nbsp;&nbsp;&nbsp; v\u011bz\u0148ov\u00e9 sv\u016fj sen u\u017e sn\u00ed,<\/p>\n<p style=\"text-align: justify;\">&nbsp;&nbsp;&nbsp;&nbsp; v temnot\u00e1ch v\u0161ak mal\u00fd hlou\u010dek,<\/p>\n<p style=\"text-align: justify;\">&nbsp;&nbsp;&nbsp;&nbsp; Podivn\u00e1 p\u00edse\u0148 tu zn\u00ed.<\/p>\n<p style=\"text-align: justify;\">REF.<\/p>\n<ol style=\"text-align: justify;\" start=\"5\">\n<li>Nad r\u00e1nem chodby se pln\u00ed,<\/li>\n<\/ol>\n<p style=\"text-align: justify;\">&nbsp;&nbsp;&nbsp;&nbsp; z\u00e1stupy pla\u010d\u00edc\u00edch \u017een,<\/p>\n<p style=\"text-align: justify;\">&nbsp;&nbsp;&nbsp; svobodu dostanou prvn\u00ed,<\/p>\n<p style=\"text-align: justify;\">&nbsp;&nbsp;&nbsp; s podm\u00ednkou trval\u00fdch zm\u011bn.<\/p>\n<ol style=\"text-align: justify;\" start=\"6\">\n<li>V paprsc\u00edch rann\u00edho slunce,<\/li>\n<\/ol>\n<p style=\"text-align: justify;\">&nbsp;&nbsp;&nbsp;&nbsp; ztr\u00e1c\u00ed se i smrti st\u00edn,<\/p>\n<p style=\"text-align: justify;\">&nbsp;&nbsp;&nbsp;&nbsp; k\u0159es\u0165an\u00e9 sp\u00ednaj\u00ed ruce,<\/p>\n<p style=\"text-align: justify;\">&nbsp;&nbsp;&nbsp;&nbsp; v modlitb\u00e1ch d\u00e1l chv\u00e1la zn\u00ed.<\/p>\n<p style=\"text-align: justify;\">REF.<\/p>\n<ol style=\"text-align: justify;\" start=\"7\">\n<li>S ve\u010derem propust\u00ed rv\u00e1\u010de,<\/li>\n<\/ol>\n<p style=\"text-align: justify;\">&nbsp;&nbsp;&nbsp;&nbsp; dlu\u017en\u00edky po stovce ran,<\/p>\n<p style=\"text-align: justify;\">&nbsp;&nbsp;&nbsp;&nbsp; mo\u017en\u00e1 i opil\u00e9 sp\u00e1\u010de,<\/p>\n<p style=\"text-align: justify;\">&nbsp;&nbsp;&nbsp;&nbsp; za zvuk\u016f v\u011bze\u0148sk\u00fdch bran.<\/p>\n<ol style=\"text-align: justify;\" start=\"8\">\n<li>Kristovci z\u016fstanou v cel\u00e1ch,<\/li>\n<\/ol>\n<p style=\"text-align: justify;\">&nbsp;&nbsp;&nbsp;&nbsp; c\u00edsa\u0159 m\u00e1 u\u017e jin\u00fd pl\u00e1n,<\/p>\n<p style=\"text-align: justify;\">&nbsp;&nbsp;&nbsp;&nbsp; pobavit publikum v \u0159ad\u00e1ch,<\/p>\n<p style=\"text-align: justify;\">&nbsp;&nbsp;&nbsp;&nbsp; oddat je krvav\u00fdm hr\u00e1m.<\/p>\n<p style=\"text-align: justify;\">REF.<\/p>\n<ol style=\"text-align: justify;\" start=\"9\">\n<li>K\u0159es\u0165an\u016f cela je pln\u00e1,<\/li>\n<\/ol>\n<p style=\"text-align: justify;\">&nbsp;&nbsp;&nbsp;&nbsp; ka\u017ed\u00fd sv\u016fj ortel u\u017e zn\u00e1,<\/p>\n<p style=\"text-align: justify;\">&nbsp;&nbsp;&nbsp;&nbsp; nad\u011bje v Krista v\u0161ak trv\u00e1,<\/p>\n<p style=\"text-align: justify;\">&nbsp;&nbsp;&nbsp;&nbsp; svou sl\u00e1vu ka\u017ed\u00fd ji\u017e m\u00e1.<\/p>\n<ol style=\"text-align: justify;\" start=\"10\">\n<li>V ar\u00e9n\u00e1ch p\u00e1chne to krv\u00ed,<\/li>\n<\/ol>\n<p style=\"text-align: justify;\">&nbsp;&nbsp;&nbsp;&nbsp;&nbsp;&nbsp;&nbsp; zv\u011b\u0159e i svat\u00fdch t\u011bl,<\/p>\n<p style=\"text-align: justify;\">&nbsp;&nbsp;&nbsp;&nbsp;&nbsp;&nbsp;&nbsp; Odpus\u0165 jim, Ot\u010de, co um\u00ed<\/p>\n<p style=\"text-align: justify;\">&nbsp;&nbsp;&nbsp;&nbsp;&nbsp;&nbsp;&nbsp; Zab\u00edjet o\u0161t\u011bpy st\u0159el.<\/p>\n<p style=\"text-align: justify;\">REF.<\/p>\n<ol style=\"text-align: justify;\" start=\"11\">\n<li>S modlitbou u l\u016f\u017eka klek\u00e1m,<\/li>\n<\/ol>\n<p style=\"text-align: justify;\">&nbsp;&nbsp;&nbsp;&nbsp;&nbsp;&nbsp;&nbsp; tob\u011b chci sv\u016fj \u017eivot d\u00e1t,<\/p>\n<p style=\"text-align: justify;\">&nbsp;&nbsp;&nbsp;&nbsp;&nbsp;&nbsp;&nbsp; odvahu m\u00fdch bratr\u016f nem\u00e1m,<\/p>\n<p style=\"text-align: justify;\">&nbsp;&nbsp;&nbsp;&nbsp;&nbsp;&nbsp;&nbsp; v tob\u011b v\u0161ak z\u016fstanu st\u00e1t.<\/p>\n<ol style=\"text-align: justify;\" start=\"12\">\n<li>Pane a\u0165 vytrv\u00e1m svat\u00fdm,<\/li>\n<\/ol>\n<p style=\"text-align: justify;\">&nbsp;&nbsp;&nbsp;&nbsp;&nbsp;&nbsp;&nbsp; zbaven\u00fd okov\u016f zel,<\/p>\n<p style=\"text-align: justify;\">&nbsp;&nbsp;&nbsp;&nbsp;&nbsp;&nbsp;&nbsp; v tv\u00fdch rukou n\u00e1strojem platn\u00fdm,<\/p>\n<p style=\"text-align: justify;\">&nbsp;&nbsp;&nbsp;&nbsp;&nbsp;&nbsp;&nbsp; v ar\u00e9n\u00e1ch d\u011bj\u016f a her.<\/p>\n<p style=\"text-align: justify;\">REF.<\/p>\n<p style=\"text-align: justify;\"><img loading=\"lazy\" decoding=\"async\" class=\"alignnone wp-image-10395\" src=\"https:\/\/valasskemezirici.casd.cz\/wp-content\/uploads\/2026\/01\/a95.jpeg\" alt=\"\" width=\"631\" height=\"841\" srcset=\"https:\/\/valasskemezirici.casd.cz\/wp-content\/uploads\/2026\/01\/a95.jpeg 1536w, https:\/\/valasskemezirici.casd.cz\/wp-content\/uploads\/2026\/01\/a95-225x300.jpeg 225w, https:\/\/valasskemezirici.casd.cz\/wp-content\/uploads\/2026\/01\/a95-768x1024.jpeg 768w, https:\/\/valasskemezirici.casd.cz\/wp-content\/uploads\/2026\/01\/a95-1152x1536.jpeg 1152w\" sizes=\"auto, (max-width: 631px) 100vw, 631px\" \/><\/p>\n<p style=\"text-align: justify;\"><strong>Trio IFA<\/strong> zavzpom\u00ednalo na bratra Bohu\u0161ka Kr\u016fpu p\u0159ezd\u00edvan\u00e9ho Bory\u0161. N\u011bkolik dn\u00ed p\u0159ed jeho odchodem k&nbsp;P\u00e1nu ho nav\u0161t\u00edvil Franta Tomanec a nato\u010dil video p\u00edsni\u010dky \u201eDnes\u201c, kterou mu Bohou\u0161ek sl\u00e1bnouc\u00edm hlasem zazp\u00edval. Nikdo netu\u0161il, \u017ee je to na t\u00e9to zemi naposledy. Na jeho pam\u00e1tku trio tuto p\u00edse\u0148 zazp\u00edvalo.<\/p>\n<p style=\"text-align: justify;\"><strong>DNES<\/strong><\/p>\n<ol style=\"text-align: justify;\">\n<li>Dnes v\u0161eho sv\u011bta jsem se vzdal a novou cestou jdu.<\/li>\n<\/ol>\n<p style=\"text-align: justify;\">&nbsp;&nbsp;&nbsp;&nbsp; Sv\u016fj k\u0159\u00ed\u017e jsem na tu cestu vzal a l\u00e1sku Kristovu, a l\u00e1sku Kristovu.<\/p>\n<p style=\"text-align: justify;\">Ref.&nbsp;&nbsp;&nbsp;&nbsp;&nbsp; \u00d3 p\u0159ijmi mne, \u00f3 p\u0159ijmi mne, Spasiteli m\u016fj.<\/p>\n<ol style=\"text-align: justify;\" start=\"2\">\n<li>Dnes mistrem m\u00fdm se Je\u017e\u00ed\u0161 stal, na sebe vzal m\u016fj h\u0159\u00edch,<\/li>\n<\/ol>\n<p style=\"text-align: justify;\">&nbsp;&nbsp;&nbsp;&nbsp; J\u00e1 Jemu cel\u00e9 srdce dal, jdu v Jeho \u0161l\u00e9p\u011bj\u00edch, jdu v Jeho \u0161l\u00e9p\u011bj\u00edch.<\/p>\n<p style=\"text-align: justify;\">Ref.&nbsp;&nbsp;&nbsp;&nbsp;&nbsp; \u00d3 p\u0159ijmi mne, \u00f3 p\u0159ijmi mne, Spasiteli m\u016fj.<\/p>\n<ol style=\"text-align: justify;\" start=\"3\">\n<li>Dnes odpadla m\u011b du\u0161e t\u00ed\u017e, v\u00edc nebudu se chv\u011bt.<\/li>\n<\/ol>\n<p style=\"text-align: justify;\">&nbsp;&nbsp;&nbsp;&nbsp; D\u00e1l kr\u00e1\u010det chci jen k N\u011bmu bl\u00ed\u017e a nikdy v\u00edce zp\u011bt, a nikdy v\u00edce zp\u011bt.<\/p>\n<p style=\"text-align: justify;\">Ref.&nbsp;&nbsp;&nbsp;&nbsp;&nbsp; \u00d3 p\u0159ijmi mne, \u00f3 p\u0159ijmi mne, Spasiteli m\u016fj.<\/p>\n<p style=\"text-align: justify;\">&nbsp;<\/p>\n<p style=\"text-align: justify;\">Bl\u00ed\u017eili jsme se ke konci posezen\u00ed, a p\u0159\u00edsp\u011bvky malinko odleh\u010dili atmosf\u00e9ru. V\u00edme dob\u0159e, \u017ee n\u00e1\u0161 dobr\u00fd B\u016fh m\u00e1 smysl pro humor, a tak mu to jist\u011b nevadilo.<\/p>\n<p style=\"text-align: justify;\">&nbsp;<\/p>\n<p style=\"text-align: justify;\">Bratr <strong>Jirka Kostruh<\/strong> za\u010dal sepisovat sv\u00e9 pam\u011bti a p\u0159\u00edb\u011bhy, kter\u00e9 pro\u017eil. P\u0159evypr\u00e1v\u011bl n\u00e1m jeden z&nbsp;nich \u2013 o tom, jak k\u00e1cel star\u00fd strom. Jako\u017eto budouc\u00ed chemik, student chemick\u00e9 pr\u016fmyslovky, se rozhodl odstranit nepot\u0159ebn\u00fd strom v\u00fdbuchem. Nutno podotknout, \u017ee strom tam st\u00e1l je\u0161t\u011b n\u011bkolik let, co\u017e se nedalo \u0159\u00edct o oknech d\u011bde\u010dkova domu, u kter\u00e9ho cel\u00e1 pyrotechnick\u00e1 akce prob\u00edhala.<\/p>\n<p style=\"text-align: justify;\"><img loading=\"lazy\" decoding=\"async\" class=\"alignnone wp-image-10396\" src=\"https:\/\/valasskemezirici.casd.cz\/wp-content\/uploads\/2026\/01\/a51.jpeg\" alt=\"\" width=\"610\" height=\"914\" srcset=\"https:\/\/valasskemezirici.casd.cz\/wp-content\/uploads\/2026\/01\/a51.jpeg 1067w, https:\/\/valasskemezirici.casd.cz\/wp-content\/uploads\/2026\/01\/a51-200x300.jpeg 200w, https:\/\/valasskemezirici.casd.cz\/wp-content\/uploads\/2026\/01\/a51-683x1024.jpeg 683w, https:\/\/valasskemezirici.casd.cz\/wp-content\/uploads\/2026\/01\/a51-768x1152.jpeg 768w, https:\/\/valasskemezirici.casd.cz\/wp-content\/uploads\/2026\/01\/a51-1024x1536.jpeg 1024w\" sizes=\"auto, (max-width: 610px) 100vw, 610px\" \/><\/p>\n<p style=\"text-align: justify;\"><strong>Iva Ch\u00e1rov\u00e1<\/strong> se pokusila na n\u011bkter\u00e9 \u010dleny sbore\u010dku napsat b\u00e1se\u0148 bez uveden\u00ed jm\u00e9na. \u00dakolem \u010dlen\u016f bylo poznat, o koho v&nbsp;b\u00e1sni jde. Uh\u00e1dnete i vy?<\/p>\n<ol style=\"text-align: justify;\">\n<li>L\u00e9ta ho nebrzd\u00ed,<\/li>\n<\/ol>\n<p style=\"text-align: justify;\">&nbsp; &nbsp; &nbsp; &nbsp; &nbsp; Na \u0161tafl\u00edch sk\u00e1\u010de,<\/p>\n<p style=\"text-align: justify;\">&nbsp; &nbsp; &nbsp; &nbsp; &nbsp; Lehounce vym\u00fd\u0161l\u00ed<\/p>\n<p style=\"text-align: justify;\">&nbsp; &nbsp; &nbsp; &nbsp; &nbsp; P\u00edsn\u011b i b\u00e1sn\u011b.<\/p>\n<p style=\"text-align: justify;\">&nbsp; &nbsp; &nbsp; &nbsp; &nbsp;Kdo potk\u00e1 ho na cest\u011b,<\/p>\n<p style=\"text-align: justify;\">&nbsp; &nbsp; &nbsp; &nbsp; &nbsp;Sm\u00edch sotva skryje,<\/p>\n<p style=\"text-align: justify;\">&nbsp; &nbsp; &nbsp; &nbsp; &nbsp;Kamar\u00e1d do de\u0161t\u011b,<\/p>\n<p style=\"text-align: justify;\">&nbsp; &nbsp; &nbsp; &nbsp; &nbsp; Jen a\u0165 n\u00e1m \u017eije !<\/p>\n<ol style=\"text-align: justify;\" start=\"2\">\n<li>Sladk\u00e9 by jedl klidn\u011b i ve spr\u0161e,<\/li>\n<\/ol>\n<p style=\"text-align: justify;\">&nbsp; &nbsp; &nbsp; &nbsp; &nbsp;R\u00e1no i ve\u010der sleduje \u201esero\u0161e\u201c.&nbsp;&nbsp;&nbsp;&nbsp;&nbsp;&nbsp;&nbsp; (seri\u00e1ly)<\/p>\n<p style=\"text-align: justify;\">&nbsp; &nbsp; &nbsp; &nbsp; &nbsp;Sp\u00e1nek je pro n\u011bho nejlep\u0161\u00ed sport,<\/p>\n<p style=\"text-align: justify;\">&nbsp; &nbsp; &nbsp; &nbsp; &nbsp;Na pejska sv\u00e1d\u00ed to, \u201eOn je d\u016fvod!\u201c<\/p>\n<p style=\"text-align: justify;\">&nbsp; &nbsp; &nbsp; &nbsp; &nbsp;Tam kde je publikum m\u011bn\u00ed se v kluka,<\/p>\n<p style=\"text-align: justify;\">&nbsp; &nbsp; &nbsp; &nbsp; &nbsp;Vychrl\u00ed vt\u00edpe\u010dky, sv\u011bt sm\u00edchy puk\u00e1 !<\/p>\n<p style=\"text-align: justify;\">&nbsp; &nbsp; &nbsp; &nbsp; &nbsp;Ctihodn\u00fd Abraham je jeho vzorem,<\/p>\n<p style=\"text-align: justify;\">&nbsp; &nbsp; &nbsp; &nbsp; &nbsp;R\u00e1d by m\u011bl, jako on, \u017een pln\u00fd har\u00e9m.<\/p>\n<ol style=\"text-align: justify;\" start=\"3\">\n<li>Zn\u00e1m jednoho p\u00e1na, co miluje \u010d\u00edsla,<\/li>\n<\/ol>\n<p style=\"text-align: justify;\">&nbsp; &nbsp; &nbsp; &nbsp; &nbsp;Excelem surfuje a je\u0161t\u011b si hv\u00edzd\u00e1.<\/p>\n<p style=\"text-align: justify;\">&nbsp; &nbsp; &nbsp; &nbsp; &nbsp;Pen\u00edze zkrot\u00ed, on dob\u0159e jim vl\u00e1dne,<\/p>\n<p style=\"text-align: justify;\">&nbsp; &nbsp; &nbsp; &nbsp; &nbsp;Mrkne se na d\u016fm, a v\u00ed kudy t\u00e1hne.<\/p>\n<p style=\"text-align: justify;\">&nbsp; &nbsp; &nbsp; &nbsp; &nbsp;Pracuje piln\u011b jak v\u010deli\u010dka mal\u00e1,<\/p>\n<p style=\"text-align: justify;\">&nbsp; &nbsp; &nbsp; &nbsp; &nbsp;\u00dakolu shrnut\u00ed sbor po n\u011bm \u017e\u00e1d\u00e1.<\/p>\n<p style=\"text-align: justify;\">&nbsp; &nbsp; &nbsp; &nbsp; &nbsp;Zosnovat pl\u00e1ny na sborov\u00fd v\u00fdlet,<\/p>\n<p style=\"text-align: justify;\">&nbsp; &nbsp; &nbsp; &nbsp; &nbsp;To nen\u00ed probl\u00e9m, o v\u0161em m\u00e1 p\u0159ehled.<\/p>\n<ol style=\"text-align: justify;\" start=\"4\">\n<li>Sv\u011btem jde potichu,<\/li>\n<\/ol>\n<p>&nbsp; &nbsp; &nbsp; &nbsp; &nbsp; jak list, co ne\u0161ust\u00ed,<\/p>\n<p style=\"text-align: justify;\">&nbsp; &nbsp; &nbsp; &nbsp; &nbsp; V o\u010d\u00edch m\u00e1 pokoru,<\/p>\n<p style=\"text-align: justify;\">&nbsp; &nbsp; &nbsp; &nbsp; &nbsp; Vynik\u00e1 skromnost\u00ed.<\/p>\n<p style=\"text-align: justify;\">&nbsp; &nbsp; &nbsp; &nbsp; &nbsp; Dovede naslouchat,<\/p>\n<p style=\"text-align: justify;\">&nbsp; &nbsp; &nbsp; &nbsp; &nbsp; Sm\u00e1t se i plakat,<\/p>\n<p style=\"text-align: justify;\">&nbsp; &nbsp; &nbsp; &nbsp; &nbsp; Z m\u00e1la se radovat,<\/p>\n<p style=\"text-align: justify;\">&nbsp; &nbsp; &nbsp; &nbsp; &nbsp; V knih\u00e1ch sv\u011bt hledat.<\/p>\n<ol style=\"text-align: justify;\" start=\"5\">\n<li>Noty zn\u00e1 d\u016fv\u011brn\u011b jak star\u00e9 p\u0159\u00e1tele,<\/li>\n<\/ol>\n<p style=\"text-align: justify;\">&nbsp; &nbsp; &nbsp; &nbsp; &nbsp;\u010cte si je s lehkost\u00ed, brouk\u00e1 si vesele.<\/p>\n<p style=\"text-align: justify;\">&nbsp; &nbsp; &nbsp; &nbsp; &nbsp;Jemn\u00e1 je v pohybu, hlasu i byt\u00ed,<\/p>\n<p style=\"text-align: justify;\">&nbsp; &nbsp; &nbsp; &nbsp; &nbsp;Orchestru \u0161\u00e9fuje, miluje kv\u00edt\u00ed.<\/p>\n<p style=\"text-align: justify;\">&nbsp; &nbsp; &nbsp; &nbsp; &nbsp;Podzimn\u00ed \u00faroda d\u011bs\u00ed j\u00ed tro\u0161i\u010dku,<\/p>\n<p style=\"text-align: justify;\">&nbsp; &nbsp; &nbsp; &nbsp; &nbsp;Zava\u0159it dok\u00e1\u017ee houby i mrkvi\u010dku.<\/p>\n<p style=\"text-align: justify;\">&nbsp; &nbsp; &nbsp; &nbsp; &nbsp;R\u00e1no si v posteli pole\u017e\u00ed r\u00e1da,<\/p>\n<p style=\"text-align: justify;\">&nbsp; &nbsp; &nbsp; &nbsp; &nbsp;A\u017e kdy\u017e j\u00ed probud\u00ed slunce z\u00e1\u0159 zr\u00e1dn\u00e1.<\/p>\n<ol style=\"text-align: justify;\" start=\"6\">\n<li>Tu\u017ekou v\u017edy pohlad\u00ed pap\u00edr jak k\u016f\u017ei,<\/li>\n<\/ol>\n<p style=\"text-align: justify;\">&nbsp; &nbsp; &nbsp; &nbsp; &nbsp;Kdy\u017e \u017eensk\u00e9 k\u0159ivky ti\u0161e si krou\u017e\u00ed.<\/p>\n<p style=\"text-align: justify;\">&nbsp; &nbsp; &nbsp; &nbsp; &nbsp;M\u00e1 r\u00e1d ten okam\u017eik, kdy tvary se rod\u00ed,<\/p>\n<p style=\"text-align: justify;\">&nbsp; &nbsp; &nbsp; &nbsp; &nbsp;Kr\u00e1su a um\u011bn\u00ed ocenit um\u00ed.<\/p>\n<p style=\"text-align: justify;\">&nbsp; &nbsp; &nbsp; &nbsp; &nbsp;Makov\u00fdm \u0161\u00e1te\u010dkem p\u0159\u00e1tele v\u00edt\u00e1.<\/p>\n<p style=\"text-align: justify;\">&nbsp; &nbsp; &nbsp; &nbsp; &nbsp;S bal\u00edkem tiskovin u vchodu hl\u00edd\u00e1.<\/p>\n<p style=\"text-align: justify;\">&nbsp; &nbsp; &nbsp; &nbsp; &nbsp;Soudruhy nemus\u00ed, ml\u00e1d\u00ed mu zni\u010dili,<\/p>\n<p style=\"text-align: justify;\">&nbsp; &nbsp; &nbsp; &nbsp; &nbsp;Kde mohl dneska b\u00fdt, kdyby tu nebyli!<\/p>\n<ol style=\"text-align: justify;\" start=\"7\">\n<li>St\u00e1le jen pracuje, nem\u016f\u017ee jinak,<\/li>\n<\/ol>\n<p style=\"text-align: justify;\">&nbsp; &nbsp; &nbsp; &nbsp; &nbsp; &nbsp;Na dom\u011b, zahrad\u011b, chce snad b\u00fdt kulak?<\/p>\n<p style=\"text-align: justify;\">&nbsp; &nbsp; &nbsp; &nbsp; &nbsp; &nbsp;S \u010delovkou na hlav\u011b v\u00fdkopy kope,<\/p>\n<p style=\"text-align: justify;\">&nbsp; &nbsp; &nbsp; &nbsp; &nbsp; Terasou ohrom\u00ed sousedy mnoh\u00e9.<\/p>\n<p style=\"text-align: justify;\">&nbsp; &nbsp; &nbsp; &nbsp; &nbsp; Vala\u0161sk\u00fdch kope\u010dk\u016f nijak se nelekne,<\/p>\n<p style=\"text-align: justify;\">&nbsp; &nbsp; &nbsp; &nbsp; &nbsp; Na kole, na b\u011b\u017ek\u00e1ch, snadno je p\u0159eb\u011bhne.<\/p>\n<p style=\"text-align: justify;\">&nbsp; &nbsp; &nbsp; &nbsp; &nbsp; V\u017edy\u0165 je to borec, co s p\u0159ehledem zdolal<\/p>\n<p style=\"text-align: justify;\">&nbsp; &nbsp; &nbsp; &nbsp; &nbsp; Jizerskou trasu l\u00edp ne\u017e mlad\u00fd ogar.<\/p>\n<ol style=\"text-align: justify;\" start=\"8\">\n<li>M\u00e1 v srdci m\u00edsto pro zemi vzd\u00e1lenou,<\/li>\n<\/ol>\n<p style=\"text-align: justify;\">&nbsp; &nbsp; &nbsp; &nbsp; &nbsp;A hv\u011bzdu Davida v klop\u011b m\u00e1 zabodlou.<\/p>\n<p style=\"text-align: justify;\">&nbsp; &nbsp; &nbsp; &nbsp; &nbsp;Izrael to jeho v\u011b\u010dn\u00fd je c\u00edl,<\/p>\n<p style=\"text-align: justify;\">&nbsp; &nbsp; &nbsp; &nbsp; &nbsp;Teskn\u011b si povzdychne \u2013 k\u00e9\u017e bych tam \u017eil!<\/p>\n<p style=\"text-align: justify;\">&nbsp; &nbsp; &nbsp; &nbsp; &nbsp;P\u0159edn\u00e1\u0161ky, besedy, streamy \u010di videa,<\/p>\n<p style=\"text-align: justify;\">&nbsp; &nbsp; &nbsp; &nbsp; &nbsp;V\u0161emu se v\u011bnuje, zvl\u00e1\u0161\u0165 kdy\u017e jde o \u017eida.<\/p>\n<p style=\"text-align: justify;\">&nbsp; &nbsp; &nbsp; &nbsp; &nbsp;Ve dne i za noci po\u010d\u00edta\u010d proh\u00e1n\u00ed,<\/p>\n<p style=\"text-align: justify;\">&nbsp; &nbsp; &nbsp; &nbsp; &nbsp;Svou milou Bo\u017eenku k zoufalstv\u00ed doh\u00e1n\u00ed.<\/p>\n<p style=\"text-align: justify;\">&nbsp;<\/p>\n<p style=\"text-align: justify;\">Posledn\u00ed p\u0159\u00edsp\u011bvek na\u0161eho odpoledne si p\u0159ipravili <strong>man\u017eel\u00e9 Mro\u010dkovi<\/strong>, kte\u0159\u00ed ve stylu sout\u011b\u017ee \u201eNa lovu\u201c vyzkou\u0161eli biblick\u00e9 znalosti na\u0161eho oslavence Petra Ch\u00e1ry. Lovcem nebyl nikdo men\u0161\u00ed ne\u017e vedouc\u00ed sboru Pavel Pimek. Sout\u011b\u017e\u00edc\u00edho Petra dohnal s&nbsp;lehkost\u00ed, ale i tak z\u00edskal Petr hodnotn\u00e9 ceny.<\/p>\n<p style=\"text-align: justify;\"><img loading=\"lazy\" decoding=\"async\" class=\"alignnone wp-image-10397\" src=\"https:\/\/valasskemezirici.casd.cz\/wp-content\/uploads\/2026\/01\/a71.jpeg\" alt=\"\" width=\"612\" height=\"408\" srcset=\"https:\/\/valasskemezirici.casd.cz\/wp-content\/uploads\/2026\/01\/a71.jpeg 1600w, https:\/\/valasskemezirici.casd.cz\/wp-content\/uploads\/2026\/01\/a71-300x200.jpeg 300w, https:\/\/valasskemezirici.casd.cz\/wp-content\/uploads\/2026\/01\/a71-1024x683.jpeg 1024w, https:\/\/valasskemezirici.casd.cz\/wp-content\/uploads\/2026\/01\/a71-768x512.jpeg 768w, https:\/\/valasskemezirici.casd.cz\/wp-content\/uploads\/2026\/01\/a71-1536x1024.jpeg 1536w\" sizes=\"auto, (max-width: 612px) 100vw, 612px\" \/><\/p>\n<p style=\"text-align: justify;\">Proto\u017ee \u0161lo p\u0159edev\u0161\u00edm o setk\u00e1n\u00ed ve jm\u00e9nu na\u0161eho P\u00e1na Je\u017e\u00ed\u0161e Krista, neopomn\u011bli jsme setk\u00e1n\u00ed ukon\u010dit d\u011bkovnou modlitbou za rok uplynul\u00fd, a poprosit o Bo\u017e\u00ed veden\u00ed, moudrost a ochranu i pro rok nov\u00fd. Potom si ka\u017ed\u00fd z&nbsp;n\u00e1s vybral novoro\u010dn\u00ed ver\u0161\u00ed\u010dek, kter\u00fd n\u00e1m bude dod\u00e1vat s\u00edlu a povzbuzen\u00ed v&nbsp;nov\u00e9m roce.<\/p>\n<p style=\"text-align: justify;\"><strong>Pro sbor byl vybr\u00e1n ver\u0161 Mat 5, 14.-16.<\/strong><\/p>\n<p style=\"text-align: justify;\"><strong>Vy jste sv\u011btlo sv\u011bta. Nem\u016f\u017ee z\u016fstat skryto m\u011bsto le\u017e\u00edc\u00ed na ho\u0159e.\u2002 A kdy<\/strong><strong>\u017e<\/strong><strong> rozsv<\/strong><strong>\u00ed<\/strong><strong>t<\/strong><strong>\u00ed<\/strong><strong> lampu, nestav<\/strong><strong>\u00ed<\/strong><strong> ji pod n<\/strong><strong>\u00e1<\/strong><strong>dobu, ale na sv<\/strong><strong>\u00ed<\/strong><strong>cen; a sv<\/strong><strong>\u00ed<\/strong><strong>t<\/strong><strong>\u00ed<\/strong><strong> v<\/strong><strong>\u0161<\/strong><strong>em v dom<\/strong><strong>\u011b<\/strong><strong>.<\/strong><strong>&nbsp;<\/strong><strong> Tak a<\/strong><strong>\u0165<\/strong><strong> sv<\/strong><strong>\u00ed<\/strong><strong>t<\/strong><strong>\u00ed<\/strong><strong> va<\/strong><strong>\u0161<\/strong><strong>e sv<\/strong><strong>\u011b<\/strong><strong>tlo p<\/strong><strong>\u0159<\/strong><strong>ed lidmi, aby vid<\/strong><strong>\u011b<\/strong><strong>li va<\/strong><strong>\u0161<\/strong><strong>e dobr<\/strong><strong>\u00e9<\/strong><strong> skutky a vzdali sl<\/strong><strong>\u00e1<\/strong><strong>vu va<\/strong><strong>\u0161<\/strong><strong>emu Otci v nebes<\/strong><strong>\u00ed<\/strong><strong>ch. \u2002<\/strong><\/p>\n<p style=\"text-align: justify;\"><img loading=\"lazy\" decoding=\"async\" class=\"alignnone wp-image-10398\" src=\"https:\/\/valasskemezirici.casd.cz\/wp-content\/uploads\/2026\/01\/a78.jpeg\" alt=\"\" width=\"599\" height=\"899\" srcset=\"https:\/\/valasskemezirici.casd.cz\/wp-content\/uploads\/2026\/01\/a78.jpeg 1067w, https:\/\/valasskemezirici.casd.cz\/wp-content\/uploads\/2026\/01\/a78-200x300.jpeg 200w, https:\/\/valasskemezirici.casd.cz\/wp-content\/uploads\/2026\/01\/a78-683x1024.jpeg 683w, https:\/\/valasskemezirici.casd.cz\/wp-content\/uploads\/2026\/01\/a78-768x1152.jpeg 768w, https:\/\/valasskemezirici.casd.cz\/wp-content\/uploads\/2026\/01\/a78-1024x1536.jpeg 1024w\" sizes=\"auto, (max-width: 599px) 100vw, 599px\" \/><\/p>\n<p style=\"text-align: justify;\">Po ukon\u010den\u00ed posezen\u00ed jsme si mohli pochutnat na slibovan\u00e9m dortu na\u0161eho \u010derstv\u00e9ho 70n\u00edka Petra Ch\u00e1ry a z\u00e1jemci mohli shl\u00e9dnout fotografie z&nbsp;jeho \u017eivota.<\/p>\n<p style=\"text-align: justify;\">Sobota n\u00e1m utekla jako voda, soumrak padal na krajinu, a tak jsme si spole\u010dn\u011b sv\u00e1te\u010dn\u00ed den odpo\u010dinku ukon\u010dili. D\u011bkujeme P\u00e1nu za Jeho milosrdenstv\u00ed a l\u00e1sku k&nbsp;n\u00e1m !<\/p>\n<p style=\"text-align: justify;\"><img loading=\"lazy\" decoding=\"async\" class=\"alignnone wp-image-10399\" src=\"https:\/\/valasskemezirici.casd.cz\/wp-content\/uploads\/2026\/01\/a84.jpeg\" alt=\"\" width=\"611\" height=\"916\" srcset=\"https:\/\/valasskemezirici.casd.cz\/wp-content\/uploads\/2026\/01\/a84.jpeg 1067w, https:\/\/valasskemezirici.casd.cz\/wp-content\/uploads\/2026\/01\/a84-200x300.jpeg 200w, https:\/\/valasskemezirici.casd.cz\/wp-content\/uploads\/2026\/01\/a84-683x1024.jpeg 683w, https:\/\/valasskemezirici.casd.cz\/wp-content\/uploads\/2026\/01\/a84-768x1152.jpeg 768w, https:\/\/valasskemezirici.casd.cz\/wp-content\/uploads\/2026\/01\/a84-1024x1536.jpeg 1024w\" sizes=\"auto, (max-width: 611px) 100vw, 611px\" \/><\/p>\n<p><img loading=\"lazy\" decoding=\"async\" class=\"alignnone wp-image-10408\" src=\"https:\/\/valasskemezirici.casd.cz\/wp-content\/uploads\/2026\/01\/a14.jpeg\" alt=\"\" width=\"613\" height=\"408\" srcset=\"https:\/\/valasskemezirici.casd.cz\/wp-content\/uploads\/2026\/01\/a14.jpeg 1600w, https:\/\/valasskemezirici.casd.cz\/wp-content\/uploads\/2026\/01\/a14-300x200.jpeg 300w, https:\/\/valasskemezirici.casd.cz\/wp-content\/uploads\/2026\/01\/a14-1024x683.jpeg 1024w, https:\/\/valasskemezirici.casd.cz\/wp-content\/uploads\/2026\/01\/a14-768x512.jpeg 768w, https:\/\/valasskemezirici.casd.cz\/wp-content\/uploads\/2026\/01\/a14-1536x1024.jpeg 1536w\" sizes=\"auto, (max-width: 613px) 100vw, 613px\" \/><\/p>\n<p><img loading=\"lazy\" decoding=\"async\" class=\"alignnone wp-image-10407\" src=\"https:\/\/valasskemezirici.casd.cz\/wp-content\/uploads\/2026\/01\/a12.jpeg\" alt=\"\" width=\"617\" height=\"411\" srcset=\"https:\/\/valasskemezirici.casd.cz\/wp-content\/uploads\/2026\/01\/a12.jpeg 1600w, https:\/\/valasskemezirici.casd.cz\/wp-content\/uploads\/2026\/01\/a12-300x200.jpeg 300w, https:\/\/valasskemezirici.casd.cz\/wp-content\/uploads\/2026\/01\/a12-1024x683.jpeg 1024w, https:\/\/valasskemezirici.casd.cz\/wp-content\/uploads\/2026\/01\/a12-768x512.jpeg 768w, https:\/\/valasskemezirici.casd.cz\/wp-content\/uploads\/2026\/01\/a12-1536x1024.jpeg 1536w\" sizes=\"auto, (max-width: 617px) 100vw, 617px\" \/> <img loading=\"lazy\" decoding=\"async\" class=\"alignnone wp-image-10406\" src=\"https:\/\/valasskemezirici.casd.cz\/wp-content\/uploads\/2026\/01\/a10.jpeg\" alt=\"\" width=\"618\" height=\"412\" srcset=\"https:\/\/valasskemezirici.casd.cz\/wp-content\/uploads\/2026\/01\/a10.jpeg 1600w, https:\/\/valasskemezirici.casd.cz\/wp-content\/uploads\/2026\/01\/a10-300x200.jpeg 300w, https:\/\/valasskemezirici.casd.cz\/wp-content\/uploads\/2026\/01\/a10-1024x683.jpeg 1024w, https:\/\/valasskemezirici.casd.cz\/wp-content\/uploads\/2026\/01\/a10-768x512.jpeg 768w, https:\/\/valasskemezirici.casd.cz\/wp-content\/uploads\/2026\/01\/a10-1536x1024.jpeg 1536w\" sizes=\"auto, (max-width: 618px) 100vw, 618px\" \/> <img loading=\"lazy\" decoding=\"async\" class=\"alignnone wp-image-10405\" src=\"https:\/\/valasskemezirici.casd.cz\/wp-content\/uploads\/2026\/01\/a9.jpeg\" alt=\"\" width=\"617\" height=\"411\" srcset=\"https:\/\/valasskemezirici.casd.cz\/wp-content\/uploads\/2026\/01\/a9.jpeg 1600w, https:\/\/valasskemezirici.casd.cz\/wp-content\/uploads\/2026\/01\/a9-300x200.jpeg 300w, https:\/\/valasskemezirici.casd.cz\/wp-content\/uploads\/2026\/01\/a9-1024x683.jpeg 1024w, https:\/\/valasskemezirici.casd.cz\/wp-content\/uploads\/2026\/01\/a9-768x512.jpeg 768w, https:\/\/valasskemezirici.casd.cz\/wp-content\/uploads\/2026\/01\/a9-1536x1024.jpeg 1536w\" sizes=\"auto, (max-width: 617px) 100vw, 617px\" \/> <img loading=\"lazy\" decoding=\"async\" class=\"alignnone wp-image-10404\" src=\"https:\/\/valasskemezirici.casd.cz\/wp-content\/uploads\/2026\/01\/a6.jpeg\" alt=\"\" width=\"621\" height=\"414\" srcset=\"https:\/\/valasskemezirici.casd.cz\/wp-content\/uploads\/2026\/01\/a6.jpeg 1600w, https:\/\/valasskemezirici.casd.cz\/wp-content\/uploads\/2026\/01\/a6-300x200.jpeg 300w, https:\/\/valasskemezirici.casd.cz\/wp-content\/uploads\/2026\/01\/a6-1024x683.jpeg 1024w, https:\/\/valasskemezirici.casd.cz\/wp-content\/uploads\/2026\/01\/a6-768x512.jpeg 768w, https:\/\/valasskemezirici.casd.cz\/wp-content\/uploads\/2026\/01\/a6-1536x1024.jpeg 1536w\" sizes=\"auto, (max-width: 621px) 100vw, 621px\" \/> <img loading=\"lazy\" decoding=\"async\" class=\"alignnone wp-image-10403\" src=\"https:\/\/valasskemezirici.casd.cz\/wp-content\/uploads\/2026\/01\/a5.jpeg\" alt=\"\" width=\"626\" height=\"417\" srcset=\"https:\/\/valasskemezirici.casd.cz\/wp-content\/uploads\/2026\/01\/a5.jpeg 1600w, https:\/\/valasskemezirici.casd.cz\/wp-content\/uploads\/2026\/01\/a5-300x200.jpeg 300w, https:\/\/valasskemezirici.casd.cz\/wp-content\/uploads\/2026\/01\/a5-1024x683.jpeg 1024w, https:\/\/valasskemezirici.casd.cz\/wp-content\/uploads\/2026\/01\/a5-768x512.jpeg 768w, https:\/\/valasskemezirici.casd.cz\/wp-content\/uploads\/2026\/01\/a5-1536x1024.jpeg 1536w\" sizes=\"auto, (max-width: 626px) 100vw, 626px\" \/> <img loading=\"lazy\" decoding=\"async\" class=\"alignnone wp-image-10402\" src=\"https:\/\/valasskemezirici.casd.cz\/wp-content\/uploads\/2026\/01\/a4.jpeg\" alt=\"\" width=\"627\" height=\"418\" srcset=\"https:\/\/valasskemezirici.casd.cz\/wp-content\/uploads\/2026\/01\/a4.jpeg 1600w, https:\/\/valasskemezirici.casd.cz\/wp-content\/uploads\/2026\/01\/a4-300x200.jpeg 300w, https:\/\/valasskemezirici.casd.cz\/wp-content\/uploads\/2026\/01\/a4-1024x683.jpeg 1024w, https:\/\/valasskemezirici.casd.cz\/wp-content\/uploads\/2026\/01\/a4-768x512.jpeg 768w, https:\/\/valasskemezirici.casd.cz\/wp-content\/uploads\/2026\/01\/a4-1536x1024.jpeg 1536w\" sizes=\"auto, (max-width: 627px) 100vw, 627px\" \/> <img loading=\"lazy\" decoding=\"async\" class=\"alignnone wp-image-10401\" src=\"https:\/\/valasskemezirici.casd.cz\/wp-content\/uploads\/2026\/01\/a3.jpeg\" alt=\"\" width=\"629\" height=\"419\" srcset=\"https:\/\/valasskemezirici.casd.cz\/wp-content\/uploads\/2026\/01\/a3.jpeg 1600w, https:\/\/valasskemezirici.casd.cz\/wp-content\/uploads\/2026\/01\/a3-300x200.jpeg 300w, https:\/\/valasskemezirici.casd.cz\/wp-content\/uploads\/2026\/01\/a3-1024x683.jpeg 1024w, https:\/\/valasskemezirici.casd.cz\/wp-content\/uploads\/2026\/01\/a3-768x512.jpeg 768w, https:\/\/valasskemezirici.casd.cz\/wp-content\/uploads\/2026\/01\/a3-1536x1024.jpeg 1536w\" sizes=\"auto, (max-width: 629px) 100vw, 629px\" \/> <img loading=\"lazy\" decoding=\"async\" class=\"alignnone wp-image-10400\" src=\"https:\/\/valasskemezirici.casd.cz\/wp-content\/uploads\/2026\/01\/a2.jpeg\" alt=\"\" width=\"627\" height=\"418\" srcset=\"https:\/\/valasskemezirici.casd.cz\/wp-content\/uploads\/2026\/01\/a2.jpeg 1600w, https:\/\/valasskemezirici.casd.cz\/wp-content\/uploads\/2026\/01\/a2-300x200.jpeg 300w, https:\/\/valasskemezirici.casd.cz\/wp-content\/uploads\/2026\/01\/a2-1024x683.jpeg 1024w, https:\/\/valasskemezirici.casd.cz\/wp-content\/uploads\/2026\/01\/a2-768x512.jpeg 768w, https:\/\/valasskemezirici.casd.cz\/wp-content\/uploads\/2026\/01\/a2-1536x1024.jpeg 1536w\" sizes=\"auto, (max-width: 627px) 100vw, 627px\" \/><\/p>\n","protected":false},"excerpt":{"rendered":"<p>Novoro\u010dn\u00ed posezen\u00ed Po dopoledn\u00ed \u010d\u00e1sti sobotn\u00ed bohoslu\u017eby a spole\u010dn\u00e9m agap\u00e9 v&nbsp;re\u017eii bratra Petra Ch\u00e1ry, kter\u00fd slav\u00ed 70 let, jsme se op\u011bt shrom\u00e1\u017edili v&nbsp;modlitebn\u011b, abychom chv\u00e1lili Hospodina p\u00edsn\u011bmi, b\u00e1sn\u011bmi, sc\u00e9nkami a hrou na hudebn\u00ed n\u00e1stroje. Na\u0161e tzv. novoro\u010dn\u00ed posezen\u00ed je sestaveno z&nbsp;vystoupen\u00ed z\u00e1stupc\u016f jednotliv\u00fdch rodin, proto\u017ee d\u011bt\u00ed je v&nbsp;na\u0161em sbore\u010dku pom\u00e1lu. Tento zp\u016fsob oslavy na\u0161eho P\u00e1na [&hellip;]<\/p>\n","protected":false},"author":1,"featured_media":0,"comment_status":"closed","ping_status":"open","sticky":false,"template":"","format":"standard","meta":{"ngg_post_thumbnail":0,"footnotes":""},"categories":[1],"tags":[],"class_list":["post-10377","post","type-post","status-publish","format-standard","hentry","category-nezarazene"],"_links":{"self":[{"href":"https:\/\/valasskemezirici.casd.cz\/index.php?rest_route=\/wp\/v2\/posts\/10377","targetHints":{"allow":["GET"]}}],"collection":[{"href":"https:\/\/valasskemezirici.casd.cz\/index.php?rest_route=\/wp\/v2\/posts"}],"about":[{"href":"https:\/\/valasskemezirici.casd.cz\/index.php?rest_route=\/wp\/v2\/types\/post"}],"author":[{"embeddable":true,"href":"https:\/\/valasskemezirici.casd.cz\/index.php?rest_route=\/wp\/v2\/users\/1"}],"replies":[{"embeddable":true,"href":"https:\/\/valasskemezirici.casd.cz\/index.php?rest_route=%2Fwp%2Fv2%2Fcomments&post=10377"}],"version-history":[{"count":5,"href":"https:\/\/valasskemezirici.casd.cz\/index.php?rest_route=\/wp\/v2\/posts\/10377\/revisions"}],"predecessor-version":[{"id":10866,"href":"https:\/\/valasskemezirici.casd.cz\/index.php?rest_route=\/wp\/v2\/posts\/10377\/revisions\/10866"}],"wp:attachment":[{"href":"https:\/\/valasskemezirici.casd.cz\/index.php?rest_route=%2Fwp%2Fv2%2Fmedia&parent=10377"}],"wp:term":[{"taxonomy":"category","embeddable":true,"href":"https:\/\/valasskemezirici.casd.cz\/index.php?rest_route=%2Fwp%2Fv2%2Fcategories&post=10377"},{"taxonomy":"post_tag","embeddable":true,"href":"https:\/\/valasskemezirici.casd.cz\/index.php?rest_route=%2Fwp%2Fv2%2Ftags&post=10377"}],"curies":[{"name":"wp","href":"https:\/\/api.w.org\/{rel}","templated":true}]}}