{"id":10863,"date":"2026-01-11T17:53:42","date_gmt":"2026-01-11T16:53:42","guid":{"rendered":"https:\/\/valasskemezirici.casd.cz\/?p=10863"},"modified":"2026-01-11T17:53:44","modified_gmt":"2026-01-11T16:53:44","slug":"pozvanka-na-ekumenicke-modlitebni-vecery-2026","status":"publish","type":"post","link":"https:\/\/valasskemezirici.casd.cz\/?p=10863","title":{"rendered":"Pozv\u00e1nka na ekumenick\u00e9 modlitebn\u00ed ve\u010dery 2026"},"content":{"rendered":"<p><img loading=\"lazy\" decoding=\"async\" class=\"alignnone wp-image-10310\" src=\"https:\/\/valasskemezirici.casd.cz\/wp-content\/uploads\/2025\/12\/aliancni.jpeg\" alt=\"\" width=\"660\" height=\"466\" srcset=\"https:\/\/valasskemezirici.casd.cz\/wp-content\/uploads\/2025\/12\/aliancni.jpeg 1600w, https:\/\/valasskemezirici.casd.cz\/wp-content\/uploads\/2025\/12\/aliancni-300x212.jpeg 300w, https:\/\/valasskemezirici.casd.cz\/wp-content\/uploads\/2025\/12\/aliancni-1024x724.jpeg 1024w, https:\/\/valasskemezirici.casd.cz\/wp-content\/uploads\/2025\/12\/aliancni-768x543.jpeg 768w, https:\/\/valasskemezirici.casd.cz\/wp-content\/uploads\/2025\/12\/aliancni-1536x1086.jpeg 1536w\" sizes=\"auto, (max-width: 660px) 100vw, 660px\" \/><\/p>\n","protected":false},"excerpt":{"rendered":"","protected":false},"author":1,"featured_media":0,"comment_status":"closed","ping_status":"open","sticky":false,"template":"","format":"standard","meta":{"ngg_post_thumbnail":0,"footnotes":""},"categories":[1],"tags":[],"class_list":["post-10863","post","type-post","status-publish","format-standard","hentry","category-nezarazene"],"_links":{"self":[{"href":"https:\/\/valasskemezirici.casd.cz\/index.php?rest_route=\/wp\/v2\/posts\/10863","targetHints":{"allow":["GET"]}}],"collection":[{"href":"https:\/\/valasskemezirici.casd.cz\/index.php?rest_route=\/wp\/v2\/posts"}],"about":[{"href":"https:\/\/valasskemezirici.casd.cz\/index.php?rest_route=\/wp\/v2\/types\/post"}],"author":[{"embeddable":true,"href":"https:\/\/valasskemezirici.casd.cz\/index.php?rest_route=\/wp\/v2\/users\/1"}],"replies":[{"embeddable":true,"href":"https:\/\/valasskemezirici.casd.cz\/index.php?rest_route=%2Fwp%2Fv2%2Fcomments&post=10863"}],"version-history":[{"count":1,"href":"https:\/\/valasskemezirici.casd.cz\/index.php?rest_route=\/wp\/v2\/posts\/10863\/revisions"}],"predecessor-version":[{"id":10864,"href":"https:\/\/valasskemezirici.casd.cz\/index.php?rest_route=\/wp\/v2\/posts\/10863\/revisions\/10864"}],"wp:attachment":[{"href":"https:\/\/valasskemezirici.casd.cz\/index.php?rest_route=%2Fwp%2Fv2%2Fmedia&parent=10863"}],"wp:term":[{"taxonomy":"category","embeddable":true,"href":"https:\/\/valasskemezirici.casd.cz\/index.php?rest_route=%2Fwp%2Fv2%2Fcategories&post=10863"},{"taxonomy":"post_tag","embeddable":true,"href":"https:\/\/valasskemezirici.casd.cz\/index.php?rest_route=%2Fwp%2Fv2%2Ftags&post=10863"}],"curies":[{"name":"wp","href":"https:\/\/api.w.org\/{rel}","templated":true}]}}