{"id":10891,"date":"2026-01-17T19:53:14","date_gmt":"2026-01-17T18:53:14","guid":{"rendered":"https:\/\/valasskemezirici.casd.cz\/?p=10891"},"modified":"2026-01-17T19:53:16","modified_gmt":"2026-01-17T18:53:16","slug":"2-aliancni-modlitebni-bohosluzba","status":"publish","type":"post","link":"https:\/\/valasskemezirici.casd.cz\/?p=10891","title":{"rendered":"2.alian\u010dn\u00ed modlitebn\u00ed bohoslu\u017eba"},"content":{"rendered":"<h4>V \u00fater\u00fd <span style=\"color: #ff0000;\">20.ledna 2026<\/span> se bude konat v na\u0161\u00ed modlitebn\u011b <span style=\"color: #ff0000;\">od 17.30 hodin<\/span> druh\u00e9 setk\u00e1n\u00ed alian\u010dn\u00edho modlitebn\u00edho t\u00fddne. K\u00e1zat bude far\u00e1\u0159&nbsp; \u010ceskobratrsk\u00e9 c\u00edrkve evangelick\u00e9 Ale\u0161 Rosick\u00fd na t\u00e9ma &#8222;U Tiberiadsk\u00e9ho jezera&#8220;.<\/h4>\n<h4>T\u011b\u0161\u00edme se na v\u00e1s.<\/h4>\n<p><img loading=\"lazy\" decoding=\"async\" class=\"alignnone wp-image-10892\" src=\"https:\/\/valasskemezirici.casd.cz\/wp-content\/uploads\/2026\/01\/Letak-aliancni-2026.jpeg\" alt=\"\" width=\"634\" height=\"448\" srcset=\"https:\/\/valasskemezirici.casd.cz\/wp-content\/uploads\/2026\/01\/Letak-aliancni-2026.jpeg 1600w, https:\/\/valasskemezirici.casd.cz\/wp-content\/uploads\/2026\/01\/Letak-aliancni-2026-300x212.jpeg 300w, https:\/\/valasskemezirici.casd.cz\/wp-content\/uploads\/2026\/01\/Letak-aliancni-2026-1024x724.jpeg 1024w, https:\/\/valasskemezirici.casd.cz\/wp-content\/uploads\/2026\/01\/Letak-aliancni-2026-768x543.jpeg 768w, https:\/\/valasskemezirici.casd.cz\/wp-content\/uploads\/2026\/01\/Letak-aliancni-2026-1536x1086.jpeg 1536w\" sizes=\"auto, (max-width: 634px) 100vw, 634px\" \/><\/p>\n","protected":false},"excerpt":{"rendered":"<p>V \u00fater\u00fd 20.ledna 2026 se bude konat v na\u0161\u00ed modlitebn\u011b od 17.30 hodin druh\u00e9 setk\u00e1n\u00ed alian\u010dn\u00edho modlitebn\u00edho t\u00fddne. K\u00e1zat bude far\u00e1\u0159&nbsp; \u010ceskobratrsk\u00e9 c\u00edrkve evangelick\u00e9 Ale\u0161 Rosick\u00fd na t\u00e9ma &#8222;U Tiberiadsk\u00e9ho jezera&#8220;. T\u011b\u0161\u00edme se na v\u00e1s.<\/p>\n","protected":false},"author":1,"featured_media":0,"comment_status":"closed","ping_status":"open","sticky":false,"template":"","format":"standard","meta":{"ngg_post_thumbnail":0,"footnotes":""},"categories":[1],"tags":[],"class_list":["post-10891","post","type-post","status-publish","format-standard","hentry","category-nezarazene"],"_links":{"self":[{"href":"https:\/\/valasskemezirici.casd.cz\/index.php?rest_route=\/wp\/v2\/posts\/10891","targetHints":{"allow":["GET"]}}],"collection":[{"href":"https:\/\/valasskemezirici.casd.cz\/index.php?rest_route=\/wp\/v2\/posts"}],"about":[{"href":"https:\/\/valasskemezirici.casd.cz\/index.php?rest_route=\/wp\/v2\/types\/post"}],"author":[{"embeddable":true,"href":"https:\/\/valasskemezirici.casd.cz\/index.php?rest_route=\/wp\/v2\/users\/1"}],"replies":[{"embeddable":true,"href":"https:\/\/valasskemezirici.casd.cz\/index.php?rest_route=%2Fwp%2Fv2%2Fcomments&post=10891"}],"version-history":[{"count":1,"href":"https:\/\/valasskemezirici.casd.cz\/index.php?rest_route=\/wp\/v2\/posts\/10891\/revisions"}],"predecessor-version":[{"id":10893,"href":"https:\/\/valasskemezirici.casd.cz\/index.php?rest_route=\/wp\/v2\/posts\/10891\/revisions\/10893"}],"wp:attachment":[{"href":"https:\/\/valasskemezirici.casd.cz\/index.php?rest_route=%2Fwp%2Fv2%2Fmedia&parent=10891"}],"wp:term":[{"taxonomy":"category","embeddable":true,"href":"https:\/\/valasskemezirici.casd.cz\/index.php?rest_route=%2Fwp%2Fv2%2Fcategories&post=10891"},{"taxonomy":"post_tag","embeddable":true,"href":"https:\/\/valasskemezirici.casd.cz\/index.php?rest_route=%2Fwp%2Fv2%2Ftags&post=10891"}],"curies":[{"name":"wp","href":"https:\/\/api.w.org\/{rel}","templated":true}]}}