{"id":10899,"date":"2026-01-21T21:00:05","date_gmt":"2026-01-21T20:00:05","guid":{"rendered":"https:\/\/valasskemezirici.casd.cz\/?p=10899"},"modified":"2026-01-21T21:05:35","modified_gmt":"2026-01-21T20:05:35","slug":"2-aliancni-modlitebni-setkani-20-ledna-2026","status":"publish","type":"post","link":"https:\/\/valasskemezirici.casd.cz\/?p=10899","title":{"rendered":"2.alian\u010dn\u00ed modlitebn\u00ed setk\u00e1n\u00ed 20.ledna 2026"},"content":{"rendered":"<p style=\"text-align: justify;\">Druh\u00fd alian\u010dn\u00ed modlitebn\u00ed ve\u010der tohoto roku se uskute\u010dnil v na\u0161\u00ed modlitebn\u011b CASD na H\u0159bitovn\u00ed ulici. Op\u011bt se se\u0161li \u010dlenov\u00e9 v\u0161ech c\u00edrkevn\u00edch spole\u010denstv\u00ed na\u0161eho m\u011bsta, ale podle dru\u017enosti a kamar\u00e1dsk\u00fdch pozdrav\u016f by nikdo nezasv\u011bcen\u00fd nepoznal, \u017ee nejde o jeden sbor.&nbsp;Ve\u010derem n\u00e1s prov\u00e1zel star\u0161\u00ed a vedouc\u00ed na\u0161eho sboru bratr Pavel Pimek. P\u00e1na jsme chv\u00e1lili spole\u010dn\u011b p\u00edsn\u011bmi ze zp\u011bvn\u00edku &#8222;Zp\u00edvejme Hospodinu&#8220;, a proto\u017ee \u0161lo o zn\u00e1m\u00e9 melodie, u\u017eili jsme si kr\u00e1sn\u00fd mnohohlasn\u00fd chor\u00e1l.<\/p>\n<p style=\"text-align: justify;\">Minul\u00fdch 14 let jsme se na ekumenick\u00fdch akc\u00edch potk\u00e1vali s evangel\u00edkem Danem Hellerem, kter\u00fd se stal na\u0161\u00edm velmi bl\u00edzk\u00fdm p\u0159\u00edtelem. Letos ho na postu far\u00e1\u0159e \u010cCE vyst\u0159\u00eddal mladi\u010dk\u00fd Ale\u0161 Rosick\u00fd. Ten n\u00e1m tak\u00e9 poslou\u017eil k\u00e1z\u00e1n\u00edm z Bo\u017e\u00edho slova. Vybral si t\u00e9ma \u201eU Tiberiadsk\u00e9ho jezera\u201c. Z P\u00edsma jsme si p\u0159e\u010detli text Jan 21, 1.-14.<\/p>\n<p><img loading=\"lazy\" decoding=\"async\" class=\"alignnone wp-image-10900\" src=\"https:\/\/valasskemezirici.casd.cz\/wp-content\/uploads\/2026\/01\/a6-1.jpeg\" alt=\"\" width=\"596\" height=\"397\" srcset=\"https:\/\/valasskemezirici.casd.cz\/wp-content\/uploads\/2026\/01\/a6-1.jpeg 1600w, https:\/\/valasskemezirici.casd.cz\/wp-content\/uploads\/2026\/01\/a6-1-300x200.jpeg 300w, https:\/\/valasskemezirici.casd.cz\/wp-content\/uploads\/2026\/01\/a6-1-1024x682.jpeg 1024w, https:\/\/valasskemezirici.casd.cz\/wp-content\/uploads\/2026\/01\/a6-1-768x512.jpeg 768w, https:\/\/valasskemezirici.casd.cz\/wp-content\/uploads\/2026\/01\/a6-1-1536x1023.jpeg 1536w\" sizes=\"auto, (max-width: 596px) 100vw, 596px\" \/><\/p>\n<p><img loading=\"lazy\" decoding=\"async\" class=\"alignnone wp-image-10905\" src=\"https:\/\/valasskemezirici.casd.cz\/wp-content\/uploads\/2026\/01\/a4-1.jpeg\" alt=\"\" width=\"599\" height=\"399\" srcset=\"https:\/\/valasskemezirici.casd.cz\/wp-content\/uploads\/2026\/01\/a4-1.jpeg 1600w, https:\/\/valasskemezirici.casd.cz\/wp-content\/uploads\/2026\/01\/a4-1-300x200.jpeg 300w, https:\/\/valasskemezirici.casd.cz\/wp-content\/uploads\/2026\/01\/a4-1-1024x682.jpeg 1024w, https:\/\/valasskemezirici.casd.cz\/wp-content\/uploads\/2026\/01\/a4-1-768x512.jpeg 768w, https:\/\/valasskemezirici.casd.cz\/wp-content\/uploads\/2026\/01\/a4-1-1536x1023.jpeg 1536w\" sizes=\"auto, (max-width: 599px) 100vw, 599px\" \/><\/p>\n<p>&nbsp;<\/p>\n<p><!--more--><\/p>\n<p style=\"text-align: justify;\">P\u0159epis k\u00e1z\u00e1n\u00ed:<\/p>\n<p style=\"text-align: justify;\"><em>Lid\u00e9 spolu p\u0159est\u00e1vaj\u00ed mluvit a naslouchat si. Jsme jako lid\u00e9 vztahov\u00e9 bytosti, je tak pro n\u00e1s d\u016fle\u017eit\u00e9 spole\u010denstv\u00ed a zcela konkr\u00e9tn\u011b pak spole\u010denstv\u00ed v\u011b\u0159\u00edc\u00edch. Jen\u017ee spole\u010denstv\u00ed se d\u00e1 vytv\u00e1\u0159et i bez Je\u017e\u00ed\u0161e.<\/em><\/p>\n<p style=\"text-align: justify;\"><em>A sv\u00e9 o tom v\u011bd\u011bli i Je\u017e\u00ed\u0161ovi u\u010dedn\u00edci. Kdy\u017e se po Jeho vzk\u0159\u00ed\u0161en\u00ed zase setkali, ujal se Petr veden\u00ed. A aby si zajistili ob\u017eivu, vydali se na lo\u010f chytat ryby. Jen\u017ee t\u00e9 noci nic neulovili. Pak se sc\u00e9na za\u010dne pomalu prom\u011b\u0148ovat. Za\u010dne sv\u00edtat. Jako by za\u010dala sv\u00edtat tak\u00e9 jist\u00e1 nad\u011bje. Touto nad\u011bj\u00ed v\u0161ak nen\u00ed sv\u011btlo sv\u00edt\u00e1n\u00ed, ale vzk\u0159\u00ed\u0161en\u00ed. Je j\u00edm Je\u017e\u00ed\u0161, kter\u00fd st\u00e1l na b\u0159ehu, i kdy\u017e ho u\u010dedn\u00edci zat\u00edm je\u0161t\u011b nepoznali. Potom v\u0161ak usly\u0161\u00ed Jeho hlas. \u201eD\u011bti, nem\u00e1te n\u011bco k j\u00eddlu?\u201c Odpov\u011bd\u00ed je prost\u00e9 \u201eNe, nem\u00e1me\u201c. Vydali se na lov bez sv\u00e9ho mistra a s\u00edt\u011b zej\u00ed pr\u00e1zdnotou.<\/em><\/p>\n<p style=\"text-align: justify;\"><em>Na to Je\u017e\u00ed\u0161 sly\u0161\u00ed: \u201eho\u010fte s\u00edt\u011b na pravou stranu lodi. Tam ryby najdete.\u201c Zkusme se te\u010f zamyslete my, jestli se n\u011bkdy tak jako ti u\u010dedn\u00edci nenam\u00e1h\u00e1me nadarmo. Na \u0161patn\u00e9m m\u00edst\u011b, nebo bez na\u0161eho P\u00e1na a Mistra. Co by n\u00e1m v takovou chv\u00edli poradil? Kde je vlastn\u011b to moje m\u00edsto \u201ena prav\u00e9 stran\u011b\u201c? Kde m\u00e1m j\u00e1 spustit s\u00edt\u011b? A kdy\u017e se s\u00edt\u011b zaplnili rybami, milovan\u00e9mu u\u010dedn\u00edkovi to do\u0161lo. V\u017edy\u0165 je to p\u00e1n, \u0159\u00edk\u00e1 Petrovi. Jen\u017ee Petr jako by str\u010dil hlavu do p\u00edsku. Tedy ne tak docela. Petr, kdy\u017e se s n\u00edm chce B\u016fh setkat, zakryje si tak, jako kdy\u017e si Adam, svou nahotu. A pro jistotu je\u0161t\u011b sko\u010d\u00ed do vody. Oddaluje to je jejich setk\u00e1n\u00ed, jak to jenom jde. Proto\u017ee m\u00e1 je\u0161t\u011b v \u010derstv\u00e9 pam\u011bti, jak Je\u017e\u00ed\u0161e zat\u0159el. Na to ukazuje i to ohni\u0161t\u011b, kter\u00e9 je na b\u0159ehu. Kdy\u017e Petr Je\u017e\u00ed\u0161e zat\u0159el, bylo to tak\u00e9 kolem ohn\u011b. Tentokr\u00e1t je v\u0161ak ta sc\u00e9na trochu jin\u00e1. Krom\u011b ohn\u011b jsou tam je\u0161t\u011b ryba a chl\u00e9b. Je tam n\u011bco p\u0159ipraveno. A je tam vzk\u0159\u00ed\u0161en\u00fd. Je\u017e\u00ed\u0161, kter\u00fd si sv\u00e9 u\u010dedn\u00edky p\u0159itahuje k sob\u011b.<\/em><\/p>\n<p style=\"text-align: justify;\"><em>A i p\u0159esto, \u017ee se ten Petr tak n\u011bjak zdr\u017eoval, tak si je p\u0159itahuje v\u0161echny. I toho Petra, kter\u00fd se sna\u017eil druh\u00e9 v\u00e9st, toho Petra, kter\u00fd p\u0159ed Bohem skr\u00fdval svou nahotu. A Petr je najednou ta\u017een dokonce takovou silou, \u017ee kdy\u017e je Je\u017e\u00ed\u0161 vyzve, aby p\u0159inesl n\u011bco ze sv\u00e9ho \u00falovku, s\u00e1m jde a t\u00e1hne v\u0161ech t\u011bch 153 ryb, kter\u00e9 nalovili do s\u00edt\u00ed a kter\u00e9 m\u011bli ostatn\u00ed takov\u00fd probl\u00e9m ut\u00e1hnout.&nbsp;<\/em><em>A potom, kdy\u017e se setkaj\u00ed, tak to Je\u017e\u00ed\u0161ovo setk\u00e1n\u00ed s Petrem a s ostatn\u00edmi u\u010dedn\u00edky neza\u010d\u00edn\u00e1 v\u00fd\u010ditkami. Je\u017e\u00edm prost\u011b \u0159ekne: &nbsp;\u201ePoj\u010fte j\u00edst\u201c. A a\u010dkoliv te\u010f u\u010dedn\u00edci ulovili velik\u00e9 mno\u017estv\u00ed ryb, nejsou to jejich ryby, ale je to Je\u017e\u00ed\u0161 s\u00e1m, kdo je zde pohost\u00ed t\u00edm, co p\u0159ipravil.<\/em><\/p>\n<p style=\"text-align: justify;\"><em>Lucie Enderlichov\u00e1 z R\u00e1dia 7, kter\u00e1 se nad t\u00edmto textem v modlitebn\u00edm pr\u016fvodci zam\u00fd\u0161l\u00ed, poj\u00edm\u00e1 to Je\u017e\u00ed\u0161ovo sn\u00eddan\u00ed s u\u010dedn\u00edky jako takov\u00fd brunch, to je z anglick\u00e9ho breakfast plus lunch, sn\u00eddan\u011b a ob\u011bd dohromady, takov\u00e1 zkr\u00e1tka. A ten brunch vn\u00edm\u00e1 jako takov\u00e9 m\u00edsto, kde se \u010dlov\u011bk m\u016f\u017ee zastavit, klidu se naj\u00edst, popov\u00eddat si, probrat v\u011bci do hloubky a nebo jenom tak pokl\u00e1bosit.<\/em><\/p>\n<p style=\"text-align: justify;\"><em>P\u0159edstavte se Je\u017e\u00ed\u0161e jako toho, kter\u00fd u\u010dedn\u00edk\u016fm p\u0159ipravil brunch. P\u0159it\u00e1hl je k sob\u011b, pohostil je a vytvo\u0159il spole\u010denstv\u00ed, v&nbsp;n\u011bm\u017e se jim vyd\u00e1v\u00e1 on s\u00e1m. Je\u017e\u00ed\u0161 a jeho u\u010dedn\u00edci jsou prost\u011b spolu. Ale je\u0161t\u011b trochu jinak, ne\u017e byl Petr z u\u010dedn\u00edky na ryb\u00e1ch. Z k\u0159\u00ed\u0161en\u00fdch uprost\u0159ed nich d\u00e1v\u00e1 vzniknout n\u011b\u010demu nov\u00e9mu. Takov\u00e9mu tv\u016fr\u010d\u00edmu spole\u010denstv\u00ed s Bohem kolem j\u00eddla, kter\u00e9 je, v\u011b\u0159\u00edm tomu, i dnes tak d\u016fle\u017eit\u00e9. Kdy\u017e jsme na setk\u00e1n\u00ed far\u00e1\u0159\u016f diskutovali pr\u00e1v\u011b o spole\u010denstv\u00ed, poznamenal jeden z mlad\u0161\u00edch koleg\u016f, \u017ee se u nich dost zm\u011bnila podoba biblick\u00fdch hodin. D\u00e1le si pov\u00eddaj\u00ed na Bibl\u00ed, ale v\u011bt\u0161inou se ji\u017e nesetk\u00e1vaj\u00ed na fa\u0159e, ale sp\u00ed\u0161e po rodin\u00e1ch a poka\u017ed\u00e9 se tak d\u011bje kolem spole\u010dn\u00e9 ve\u010de\u0159e. A mn\u011b se to velmi l\u00edbilo, proto\u017ee mi to p\u0159ipomn\u011blo pr\u00e1v\u011b Je\u017e\u00ed\u0161e, kter\u00fd stoloval s druh\u00fdmi a byl p\u0159itom uprost\u0159ed nich. V jejich ka\u017edodenn\u00edch radostech i starostech, v jejich velk\u00fdch ot\u00e1zk\u00e1ch. A tak, se je\u0161t\u011b zamysleme nad t\u00edm, jak to m\u00e1me vlastn\u011b my. My se v\u011bnujeme dostatek \u010dasu takov\u00fdm oby\u010dejn\u00fdm setk\u00e1n\u00edm s lidmi, zastaven\u00edm se, p\u0159\u00edle\u017eitostem k naslouch\u00e1n\u00ed i ke sd\u00edlen\u00ed vlastn\u00edho \u017eivota.<\/em><\/p>\n<p style=\"text-align: justify;\"><em>Nez\u016fsta\u0148me jen u t\u011bch lidsk\u00fdch setk\u00e1n\u00ed, jak i kdy\u017e jsou tak moc d\u016fle\u017eit\u00e1, ale zamysleme se i nad t\u00edm, bychom naposledy za\u017eili bl\u00edzk\u00e9 setk\u00e1n\u00ed s P\u00e1nem Bohem. P\u0159\u00edpadn\u011b, co bychom mohli ud\u011blat proto, aby k n\u011bmu do\u0161lo.<\/em><\/p>\n<p style=\"text-align: justify;\">Na spole\u010dn\u00fdch modlitb\u00e1ch jsme d\u011bkovali za po\u017eehn\u00e1n\u00ed ud\u00edlen\u00e1 na\u0161\u00edm P\u00e1nem, i prosili. P\u0159edev\u0161\u00edm za situaci ve sv\u011bt\u011b, za v\u0161echny trp\u00edc\u00ed, v\u0161echny, kdo jsou uprost\u0159ed v\u00e1lek \u010di pron\u00e1sledov\u00e1n\u00ed. Za na\u0161i zemi, na\u0161e m\u011bsto, v\u0161echny politick\u00e9 v\u016fdce, na\u0161e c\u00edrkve i rodiny. P\u0159esn\u011b podle Je\u017e\u00ed\u0161ova p\u0159\u00e1n\u00ed \u2013 v&nbsp;jednot\u011b, vz\u00e1jemn\u00e9 l\u00e1sce a svornosti jsme sklonili hlavy a spole\u010dn\u011b vys\u00edlali modlitby vzh\u016fru k&nbsp;nebi. Na\u0161e lidsk\u00e9 hradby, kter\u00e9 jsme si mezi sebe postavili a d\u00edky kter\u00fdm se kdysi jednotn\u00e1 Kristova c\u00edrkev rozd\u011blila, ustoupily p\u0159ed l\u00e1skou k&nbsp;P\u00e1nu.<\/p>\n<p style=\"text-align: justify;\">Sou\u010d\u00e1st\u00ed ozn\u00e1men\u00ed byla informace Bohdana Miku\u0161ka o za\u010d\u00ednaj\u00edc\u00edm festivalu p\u0159\u00e1telstv\u00ed Chaverut, kter\u00fd se v na\u0161em m\u011bst\u011b bude konat v pr\u016fb\u011bhu \u00fanora a b\u0159ezna ji\u017e ve 22.ro\u010dn\u00edku. &nbsp;Op\u011bt je pro n\u00e1s p\u0159ipravena \u0159ada velmi hodnotn\u00fdch akc\u00ed (viz plak\u00e1t na na\u0161em webu) , kter\u00e9 se letos nebudou konat v prostor\u00e1ch Kulturn\u00edho za\u0159\u00edzen\u00ed, ale v jednotliv\u00fdch modlitebn\u00e1ch a kostelech c\u00edrkv\u00ed na\u0161eho m\u011bsta. A to vid\u00edme jako velmi dobr\u00e9, proto\u017ee akc\u00ed se \u00fa\u010dastn\u00ed tak\u00e9 \u0159ada nev\u011b\u0159\u00edc\u00edch lid\u00ed.<\/p>\n<p style=\"text-align: justify;\">Tak jako v\u0161echna alian\u010dn\u00ed setk\u00e1n\u00ed, i toto kon\u010dilo u bohat\u011b prost\u0159en\u00e9ho stolu. P\u0159esn\u011b v&nbsp;duchu k\u00e1z\u00e1n\u00ed jsme si spole\u010dn\u011b pov\u00eddali, sd\u00edleli se a u\u017e\u00edvali si setk\u00e1n\u00ed.<\/p>\n<p style=\"text-align: justify;\">Shrom\u00e1\u017ed\u011bn\u00ed v&nbsp;na\u0161\u00ed modlitebn\u011b m\u00e1 ji\u017e \u0159adu let jedno specifikum, kter\u00e9 jinde nen\u00ed, a to je n\u00e1sledn\u00e9 \u201ejamov\u00e1n\u00ed\u201c, tedy spole\u010dn\u00e9 chv\u00e1len\u00ed P\u00e1na p\u00edsn\u00ed p\u0159i kytar\u00e1ch a banju. Je pravda, \u017ee se mnoz\u00ed \u00fa\u010dastn\u00edci na tyto neform\u00e1ln\u00ed chv\u00edle velmi t\u011b\u0161\u00ed. Tak\u017ee sv\u011btla v&nbsp;na\u0161em sboru zhas\u00ednaj\u00ed v\u017edy a\u017e hodn\u011b pozd\u011b ve\u010der. D\u00edky P\u00e1nu za kr\u00e1sn\u00e9 chv\u00edle, kr\u00e1sn\u00e1 mezic\u00edrkevn\u00ed p\u0159\u00e1telstv\u00ed a touhu po jednot\u011b ve v\u00ed\u0159e v&nbsp;jednoho P\u00e1na a Spasitele.<\/p>\n<p style=\"text-align: justify;\"><img loading=\"lazy\" decoding=\"async\" class=\"alignnone wp-image-10902\" src=\"https:\/\/valasskemezirici.casd.cz\/wp-content\/uploads\/2026\/01\/a2-1.jpeg\" alt=\"\" width=\"603\" height=\"402\" srcset=\"https:\/\/valasskemezirici.casd.cz\/wp-content\/uploads\/2026\/01\/a2-1.jpeg 1600w, https:\/\/valasskemezirici.casd.cz\/wp-content\/uploads\/2026\/01\/a2-1-300x200.jpeg 300w, https:\/\/valasskemezirici.casd.cz\/wp-content\/uploads\/2026\/01\/a2-1-1024x682.jpeg 1024w, https:\/\/valasskemezirici.casd.cz\/wp-content\/uploads\/2026\/01\/a2-1-768x512.jpeg 768w, https:\/\/valasskemezirici.casd.cz\/wp-content\/uploads\/2026\/01\/a2-1-1536x1023.jpeg 1536w\" sizes=\"auto, (max-width: 603px) 100vw, 603px\" \/> <img loading=\"lazy\" decoding=\"async\" class=\"alignnone wp-image-10903\" src=\"https:\/\/valasskemezirici.casd.cz\/wp-content\/uploads\/2026\/01\/a3-1.jpeg\" alt=\"\" width=\"603\" height=\"402\" srcset=\"https:\/\/valasskemezirici.casd.cz\/wp-content\/uploads\/2026\/01\/a3-1.jpeg 1600w, https:\/\/valasskemezirici.casd.cz\/wp-content\/uploads\/2026\/01\/a3-1-300x200.jpeg 300w, https:\/\/valasskemezirici.casd.cz\/wp-content\/uploads\/2026\/01\/a3-1-1024x682.jpeg 1024w, https:\/\/valasskemezirici.casd.cz\/wp-content\/uploads\/2026\/01\/a3-1-768x512.jpeg 768w, https:\/\/valasskemezirici.casd.cz\/wp-content\/uploads\/2026\/01\/a3-1-1536x1023.jpeg 1536w\" sizes=\"auto, (max-width: 603px) 100vw, 603px\" \/> <img loading=\"lazy\" decoding=\"async\" class=\"alignnone wp-image-10904\" src=\"https:\/\/valasskemezirici.casd.cz\/wp-content\/uploads\/2026\/01\/a8.jpeg\" alt=\"\" width=\"602\" height=\"401\" srcset=\"https:\/\/valasskemezirici.casd.cz\/wp-content\/uploads\/2026\/01\/a8.jpeg 1600w, https:\/\/valasskemezirici.casd.cz\/wp-content\/uploads\/2026\/01\/a8-300x200.jpeg 300w, https:\/\/valasskemezirici.casd.cz\/wp-content\/uploads\/2026\/01\/a8-1024x682.jpeg 1024w, https:\/\/valasskemezirici.casd.cz\/wp-content\/uploads\/2026\/01\/a8-768x512.jpeg 768w, https:\/\/valasskemezirici.casd.cz\/wp-content\/uploads\/2026\/01\/a8-1536x1023.jpeg 1536w\" sizes=\"auto, (max-width: 602px) 100vw, 602px\" \/><\/p>\n","protected":false},"excerpt":{"rendered":"<p>Druh\u00fd alian\u010dn\u00ed modlitebn\u00ed ve\u010der tohoto roku se uskute\u010dnil v na\u0161\u00ed modlitebn\u011b CASD na H\u0159bitovn\u00ed ulici. Op\u011bt se se\u0161li \u010dlenov\u00e9 v\u0161ech c\u00edrkevn\u00edch spole\u010denstv\u00ed na\u0161eho m\u011bsta, ale podle dru\u017enosti a kamar\u00e1dsk\u00fdch pozdrav\u016f by nikdo nezasv\u011bcen\u00fd nepoznal, \u017ee nejde o jeden sbor.&nbsp;Ve\u010derem n\u00e1s prov\u00e1zel star\u0161\u00ed a vedouc\u00ed na\u0161eho sboru bratr Pavel Pimek. P\u00e1na jsme chv\u00e1lili spole\u010dn\u011b p\u00edsn\u011bmi ze [&hellip;]<\/p>\n","protected":false},"author":1,"featured_media":0,"comment_status":"closed","ping_status":"open","sticky":false,"template":"","format":"standard","meta":{"ngg_post_thumbnail":0,"footnotes":""},"categories":[1],"tags":[],"class_list":["post-10899","post","type-post","status-publish","format-standard","hentry","category-nezarazene"],"_links":{"self":[{"href":"https:\/\/valasskemezirici.casd.cz\/index.php?rest_route=\/wp\/v2\/posts\/10899","targetHints":{"allow":["GET"]}}],"collection":[{"href":"https:\/\/valasskemezirici.casd.cz\/index.php?rest_route=\/wp\/v2\/posts"}],"about":[{"href":"https:\/\/valasskemezirici.casd.cz\/index.php?rest_route=\/wp\/v2\/types\/post"}],"author":[{"embeddable":true,"href":"https:\/\/valasskemezirici.casd.cz\/index.php?rest_route=\/wp\/v2\/users\/1"}],"replies":[{"embeddable":true,"href":"https:\/\/valasskemezirici.casd.cz\/index.php?rest_route=%2Fwp%2Fv2%2Fcomments&post=10899"}],"version-history":[{"count":2,"href":"https:\/\/valasskemezirici.casd.cz\/index.php?rest_route=\/wp\/v2\/posts\/10899\/revisions"}],"predecessor-version":[{"id":10909,"href":"https:\/\/valasskemezirici.casd.cz\/index.php?rest_route=\/wp\/v2\/posts\/10899\/revisions\/10909"}],"wp:attachment":[{"href":"https:\/\/valasskemezirici.casd.cz\/index.php?rest_route=%2Fwp%2Fv2%2Fmedia&parent=10899"}],"wp:term":[{"taxonomy":"category","embeddable":true,"href":"https:\/\/valasskemezirici.casd.cz\/index.php?rest_route=%2Fwp%2Fv2%2Fcategories&post=10899"},{"taxonomy":"post_tag","embeddable":true,"href":"https:\/\/valasskemezirici.casd.cz\/index.php?rest_route=%2Fwp%2Fv2%2Ftags&post=10899"}],"curies":[{"name":"wp","href":"https:\/\/api.w.org\/{rel}","templated":true}]}}