{"id":10907,"date":"2026-01-21T21:02:32","date_gmt":"2026-01-21T20:02:32","guid":{"rendered":"https:\/\/valasskemezirici.casd.cz\/?p=10907"},"modified":"2026-01-21T21:02:34","modified_gmt":"2026-01-21T20:02:34","slug":"3-aliancni-setkani","status":"publish","type":"post","link":"https:\/\/valasskemezirici.casd.cz\/?p=10907","title":{"rendered":"3.alian\u010dn\u00ed setk\u00e1n\u00ed"},"content":{"rendered":"<h4>V po\u0159ad\u00ed 3.alian\u010dn\u00ed modlitebn\u00ed setk\u00e1n\u00ed se uskute\u010dn\u00ed <span style=\"color: #ff0000;\">v \u00fater\u00fd 27.ledna 2026 v 17.30 hodin<\/span> v modlitebn\u011b C\u00edrkve pro Valmez.<\/h4>\n<h4>K\u00e1zat bude far\u00e1\u0159 \u0158KC Jan Berka.<\/h4>\n<p>&nbsp;<\/p>\n","protected":false},"excerpt":{"rendered":"<p>V po\u0159ad\u00ed 3.alian\u010dn\u00ed modlitebn\u00ed setk\u00e1n\u00ed se uskute\u010dn\u00ed v \u00fater\u00fd 27.ledna 2026 v 17.30 hodin v modlitebn\u011b C\u00edrkve pro Valmez. K\u00e1zat bude far\u00e1\u0159 \u0158KC Jan Berka. &nbsp;<\/p>\n","protected":false},"author":1,"featured_media":0,"comment_status":"closed","ping_status":"open","sticky":false,"template":"","format":"standard","meta":{"ngg_post_thumbnail":0,"footnotes":""},"categories":[1],"tags":[],"class_list":["post-10907","post","type-post","status-publish","format-standard","hentry","category-nezarazene"],"_links":{"self":[{"href":"https:\/\/valasskemezirici.casd.cz\/index.php?rest_route=\/wp\/v2\/posts\/10907","targetHints":{"allow":["GET"]}}],"collection":[{"href":"https:\/\/valasskemezirici.casd.cz\/index.php?rest_route=\/wp\/v2\/posts"}],"about":[{"href":"https:\/\/valasskemezirici.casd.cz\/index.php?rest_route=\/wp\/v2\/types\/post"}],"author":[{"embeddable":true,"href":"https:\/\/valasskemezirici.casd.cz\/index.php?rest_route=\/wp\/v2\/users\/1"}],"replies":[{"embeddable":true,"href":"https:\/\/valasskemezirici.casd.cz\/index.php?rest_route=%2Fwp%2Fv2%2Fcomments&post=10907"}],"version-history":[{"count":1,"href":"https:\/\/valasskemezirici.casd.cz\/index.php?rest_route=\/wp\/v2\/posts\/10907\/revisions"}],"predecessor-version":[{"id":10908,"href":"https:\/\/valasskemezirici.casd.cz\/index.php?rest_route=\/wp\/v2\/posts\/10907\/revisions\/10908"}],"wp:attachment":[{"href":"https:\/\/valasskemezirici.casd.cz\/index.php?rest_route=%2Fwp%2Fv2%2Fmedia&parent=10907"}],"wp:term":[{"taxonomy":"category","embeddable":true,"href":"https:\/\/valasskemezirici.casd.cz\/index.php?rest_route=%2Fwp%2Fv2%2Fcategories&post=10907"},{"taxonomy":"post_tag","embeddable":true,"href":"https:\/\/valasskemezirici.casd.cz\/index.php?rest_route=%2Fwp%2Fv2%2Ftags&post=10907"}],"curies":[{"name":"wp","href":"https:\/\/api.w.org\/{rel}","templated":true}]}}