{"id":10910,"date":"2026-01-24T20:00:08","date_gmt":"2026-01-24T19:00:08","guid":{"rendered":"https:\/\/valasskemezirici.casd.cz\/?p=10910"},"modified":"2026-01-25T09:17:36","modified_gmt":"2026-01-25T08:17:36","slug":"sobota-24-ledna-2026","status":"publish","type":"post","link":"https:\/\/valasskemezirici.casd.cz\/?p=10910","title":{"rendered":"Sobota 24.ledna 2026"},"content":{"rendered":"<p style=\"text-align: justify;\">Zat\u00edm co v Bibli se p\u00ed\u0161e o sklen\u011bn\u00e9m mo\u0159i, v na\u0161em m\u011bst\u011b a jeho okol\u00ed bylo dnes r\u00e1no sklen\u011bn\u00e9 v\u0161echno &#8211; chodn\u00edky, silnice i tr\u00e1va. N\u00e1mraza zp\u016fsobila, \u017ee sebemen\u0161\u00ed kope\u010dek se stal zcela nesj\u00edzdn\u00fdm, a tak ti, kte\u0159\u00ed bydl\u00ed na Vala\u0161sk\u00fdch kopc\u00edch, se dnes do sbore\u010dku nedostali. P\u0159esto byli duchem s n\u00e1mi a my jsme pro\u017eili po\u017eehnan\u00fd sobotn\u00ed den, i kdy\u017e v men\u0161\u00edm po\u010dtu.<\/p>\n<p><img loading=\"lazy\" decoding=\"async\" class=\"alignnone wp-image-10911\" src=\"https:\/\/valasskemezirici.casd.cz\/wp-content\/uploads\/2026\/01\/rsd-zamrzle-auto-1.jpg\" alt=\"\" width=\"583\" height=\"407\" srcset=\"https:\/\/valasskemezirici.casd.cz\/wp-content\/uploads\/2026\/01\/rsd-zamrzle-auto-1.jpg 713w, https:\/\/valasskemezirici.casd.cz\/wp-content\/uploads\/2026\/01\/rsd-zamrzle-auto-1-300x210.jpg 300w\" sizes=\"auto, (max-width: 583px) 100vw, 583px\" \/><\/p>\n<p style=\"text-align: justify;\">\u00dakolem sobotn\u00ed \u0161koly n\u00e1s provedl bratr Franta Tomanec. &#8222;<em>Pokora jako z\u00e1klad jednoty<\/em>&#8220; byl jeho n\u00e1zev. D\u016fle\u017eitost jednoty odvozuje Pavel z u\u010den\u00ed a p\u0159\u00edkladu Je\u017e\u00ed\u0161e Krista. Je to t\u00e9ma, kter\u00e9 nach\u00e1z\u00edme v cel\u00e9m Nov\u00e9m z\u00e1kon\u011b a zejm\u00e9na v epi\u0161tol\u00e1ch. P\u016fvod nejednoty ve vesm\u00edru pramenil z p\u00fdchy a touhy po postaven\u00ed a moci jedin\u00e9ho and\u011bla v nebi. Tento postoj se rychle \u0161\u00ed\u0159il, a to i v dokonal\u00e9m prost\u0159ed\u00ed, a na\u0161el \u017eivnou p\u016fdu i v Edenu.&nbsp; I zde zv\u00edt\u011bzila nespokojenost s pravidly, kter\u00e1 B\u016fh zavedl, a touha z\u00edskat vy\u0161\u0161\u00ed postaven\u00ed, ne\u017e kter\u00e9 pro \u010dlov\u011bka p\u0159ipravil B\u016fh Zam\u011b\u0159ili jsme se na \u00fa\u017easnou Kristovu pokoru, na pou\u010den\u00ed, kter\u00e1 si m\u016f\u017eeme uv\u011bdomit p\u0159i p\u0159em\u00fd\u0161len\u00ed o n\u011bm, a na to, jak m\u016f\u017eeme r\u016fst, abychom se mu v\u00edce podobali.&nbsp;<\/p>\n<p>K\u00e1z\u00e1n\u00edm z Bo\u017e\u00edho slova n\u00e1m poslou\u017eil bratr kazatel Hynek Dona. jeho audioz\u00e1znam najdete na na\u0161em webu. Zkr\u00e1cen\u00fd z\u00e1pis viz n\u00ed\u017ee.<\/p>\n<p><img loading=\"lazy\" decoding=\"async\" class=\"alignnone  wp-image-10917\" src=\"https:\/\/valasskemezirici.casd.cz\/wp-content\/uploads\/2026\/01\/ob2-1.jpeg\" alt=\"\" width=\"584\" height=\"438\" srcset=\"https:\/\/valasskemezirici.casd.cz\/wp-content\/uploads\/2026\/01\/ob2-1.jpeg 1600w, https:\/\/valasskemezirici.casd.cz\/wp-content\/uploads\/2026\/01\/ob2-1-300x225.jpeg 300w, https:\/\/valasskemezirici.casd.cz\/wp-content\/uploads\/2026\/01\/ob2-1-1024x767.jpeg 1024w, https:\/\/valasskemezirici.casd.cz\/wp-content\/uploads\/2026\/01\/ob2-1-768x576.jpeg 768w, https:\/\/valasskemezirici.casd.cz\/wp-content\/uploads\/2026\/01\/ob2-1-1536x1151.jpeg 1536w\" sizes=\"auto, (max-width: 584px) 100vw, 584px\" \/> <img loading=\"lazy\" decoding=\"async\" class=\"alignnone  wp-image-10918\" src=\"https:\/\/valasskemezirici.casd.cz\/wp-content\/uploads\/2026\/01\/ob3-1.jpeg\" alt=\"\" width=\"583\" height=\"437\" srcset=\"https:\/\/valasskemezirici.casd.cz\/wp-content\/uploads\/2026\/01\/ob3-1.jpeg 1600w, https:\/\/valasskemezirici.casd.cz\/wp-content\/uploads\/2026\/01\/ob3-1-300x225.jpeg 300w, https:\/\/valasskemezirici.casd.cz\/wp-content\/uploads\/2026\/01\/ob3-1-1024x767.jpeg 1024w, https:\/\/valasskemezirici.casd.cz\/wp-content\/uploads\/2026\/01\/ob3-1-768x576.jpeg 768w, https:\/\/valasskemezirici.casd.cz\/wp-content\/uploads\/2026\/01\/ob3-1-1536x1151.jpeg 1536w\" sizes=\"auto, (max-width: 583px) 100vw, 583px\" \/><\/p>\n<p>&nbsp;<\/p>\n<p>&nbsp;<\/p>\n<p><!--more--><\/p>\n<p>V\u00fdb\u011br my\u0161lenek k\u00e1z\u00e1n\u00ed:<\/p>\n<p><em>&#8222;Jak\u00fd je p\u00e1n B\u016fh? B\u016fh m\u00e1 s n\u00e1mi trp\u011blivost. P\u0159ij\u00edm\u00e1 n\u00e1s, a\u0165 jsme jakkoliv h\u0159\u00ed\u0161n\u00ed.&nbsp;\u010casto p\u0159em\u00fd\u0161l\u00edme nad t\u00edm, co lidem \u0159\u00edct p\u0159i evangelizaci. Jak\u00e9 k\u00e1z\u00e1n\u00ed m\u011bl Je\u017e\u00ed\u0161, \u017ee ho lid\u00e9 poslouchali? Jsem p\u0159esv\u011bd\u010den, \u017ee Je\u017e\u00ed\u0161 musel mluvit jednodu\u0161e, nevedl teologick\u00e9 debaty, proto\u017ee lid\u00e9 mu museli rozum\u011bt, museli pochopit. A hlavn\u011b vid\u011bli jeho \u017eivot. T\u00edm je fascinoval.<\/em><\/p>\n<p><em>V&nbsp;roce 1875 p\u0159iplula do Lond\u00fdna lo\u010f a na n\u00ed byl mision\u00e1\u0159 z&nbsp;\u010c\u00edny. Potkal se s&nbsp;rusk\u00fdm velmi bohat\u00fdm emigrantem, kter\u00fd cht\u011bl sly\u0161et o jeho pr\u00e1ci. Nakonec dal mision\u00e1\u0159i finan\u010dn\u00ed dar. P\u016fvodn\u011b cht\u011bl d\u00e1t 5 liber, ale ani\u017e by v\u011bd\u011bl pro\u010d, dal mu 50 liber. Mision\u00e1\u0159 se divil. Kdy\u017e p\u0159i\u0161el do misijn\u00edho st\u0159ediska, v\u0161ichni mision\u00e1\u0159i se pr\u00e1v\u011b modlili, proto\u017ee m\u011bli zaplatit n\u011bjak\u00e9 v\u00fddaje v&nbsp;\u010c\u00edn\u011b ve v\u00fd\u0161i 49 liber, a proto\u017ee to bylo hodn\u011b pen\u011bz, nem\u011bli je. Tehdy mision\u00e1\u0159 pochopil, pro\u010d B\u016fh za\u0159\u00eddil, \u017ee dostal dar pr\u00e1v\u011b v&nbsp;takov\u00e9 v\u00fd\u0161i, i kdy\u017e d\u00e1rce p\u016fvodn\u011b v\u016fbec tolik d\u00e1t necht\u011bl.<\/em><\/p>\n<p><em>Tento p\u0159\u00edb\u011bh ukazuje, jak\u00fd n\u00e1\u0161 B\u016fh je. Izaj\u00e1\u0161 65, 24. \u2013 \u201eD\u0159\u00edve ne\u017e zavolaj\u00ed, j\u00e1 odpov\u00edm; budou je\u0161t\u011b mluvit a j\u00e1 je u\u017e vysly\u0161\u00edm.\u201c P\u00e1n v\u00ed o na\u0161ich pot\u0159eb\u00e1ch. Ale ne v\u017edy zareaguje tak, jak chceme. Nen\u00ed automat na spln\u011bn\u00e1 p\u0159\u00e1n\u00ed. A to je dob\u0159e. Je On v\u00ed, co je pro n\u00e1s dobr\u00e9.<\/em><\/p>\n<p><em>Petr 3x zap\u0159el P\u00e1na. Jak\u00fd byl? Cholerik, vzn\u011btliv\u00fd, rychl\u00fd v&nbsp;jedn\u00e1n\u00ed. Dnes v&nbsp;sobotn\u00ed \u0161kole jsme \u010detli list Filipsk\u00fdm. Jak maj\u00ed podle Pavla \u0159e\u0161it probl\u00e9my? Poko\u0159it se, m\u00edt \u00factu k&nbsp;druh\u00fdm, n\u00e1sledovat Je\u017e\u00ed\u0161e a jeho pokorou se nechat v\u00e9st. To, co pro\u017eijeme s&nbsp;P\u00e1nem Je\u017e\u00ed\u0161em, nebo co ud\u011blal v&nbsp;na\u0161em \u017eivot\u011b, n\u00e1s formuje.<\/em><\/p>\n<p><em>Jeden p\u0159\u00edb\u011bh vypr\u00e1v\u00ed, \u017ee v&nbsp;16.stolet\u00ed ve Florencii se skupina um\u011blc\u016f se\u0161la u mohutn\u00e9ho mramorov\u00e9ho kv\u00e1dru. M\u011bl ale \u0161kr\u00e1banec, proto se usnesli, \u017ee z&nbsp;n\u011bho se nic p\u011bkn\u00e9ho vytvo\u0159it nepoda\u0159\u00ed. Potom se okolo mramoru objevila z\u00e1st\u011bna, kterou kdy\u017e po asi roce sundali, objevila se za n\u00ed n\u00e1dhern\u00e1 socha Davida od Michelangela, kter\u00e1 okouzluje a udivuje sv\u011bt do dne\u0161ka.<\/em><\/p>\n<p><em>Kdy\u017e se pod\u00edv\u00e1me ve sv\u011btle tohohle p\u0159\u00edb\u011bhu na n\u00e1\u0161 \u017eivot, kolikr\u00e1t n\u011bco v \u017eivot\u011b pokaz\u00edme, kolikr\u00e1t n\u011bco pokaz\u00edme \u2013 vztahy mezi sebou, vztah ke Kristu. Je\u017e\u00ed\u0161 Kristus je ten mistr, kter\u00fd n\u00e1s dok\u00e1\u017ee zformovat k Bo\u017e\u00ed sl\u00e1v\u011b. A v\u00edte, kde to je mo\u017en\u00e9? Pouze tehdy, kdy se vzd\u00e1me vlastn\u00edch pl\u00e1n\u016f, toho j\u00e1, toho ega, t\u011bch sv\u00fdch p\u0159edstav a vyzn\u00e1me, \u017ee B\u016fh, bo\u017e\u00ed slovo, je to, co n\u00e1s m\u016f\u017ee formovat. To, co n\u00e1s m\u016f\u017ee m\u011bnit. \u017de z toho bezcenn\u00e9ho materi\u00e1lu m\u016f\u017ee vzniknout n\u011bco kr\u00e1sn\u00e9, n\u011bco um\u011bleck\u00e9ho. To je jedin\u00e1 mo\u017enost.<\/em><\/p>\n<p><em>Apo\u0161tol Pavel, kdy\u017e hovo\u0159\u00ed ke Galack\u00fdm, \u0159\u00edk\u00e1 &#8211; Vy jste d\u0159\u00edve neznali ani Boha. Byli jste otroky Boh\u016f, kte\u0159\u00ed na v\u00e1s n\u011bjak p\u016fsobili a kte\u0159\u00ed vlastn\u011b ani nejsou skute\u010dn\u00fdmi Bohy. Ale nyn\u00ed, kdy\u017e jste poznali Boha, l\u00e9pe \u0159e\u010deno &#8211; byli jste od Boha pozn\u00e1ni, jak to, \u017ee se zase navrac\u00edte k t\u011bm bezmocn\u00fdm a uboh\u00fdm mocnostem a chcete se jim d\u00e1t znovu to otroctv\u00ed? Dodr\u017eujete ustanoven\u00ed pro dny, m\u011bs\u00edce.<\/em><\/p>\n<p><em>Kdy\u017e se nech\u00e1v\u00e1me formuje, m\u016f\u017eeme b\u00fdt podobn\u00ed Kristu. On v n\u00e1s p\u016fsob\u00ed. Najednou m\u016f\u017eeme vn\u00edmat, \u017ee nem\u016f\u017eu d\u011blat, co chci. To m\u011b nevede k tomu, \u017ee m\u016f\u017eu b\u00fdt ten, kter\u00fd si d\u011bl\u00e1, co chce. Kdy\u017e se d\u00edv\u00e1me na \u017eivot Je\u017e\u00ed\u0161e Krista, d\u00e1v\u00e1 p\u011bkn\u011b na frak farize\u016fm a z\u00e1kon\u00edk\u016fm, ale nikdy Bo\u017e\u00ed z\u00e1kon neporu\u0161uje. Naopak, on to stav\u00ed je\u0161t\u011b na v\u011bt\u0161\u00ed level.<\/em><\/p>\n<p><em>Pavel \u0159\u00edk\u00e1 &#8211; kam se pod\u011blo to va\u0161e nad\u0161en\u00ed? V\u00edte, \u017ee i nad\u0161en\u00ed je nebezpe\u010dn\u00e9? Nad\u0161en\u00ed pro Krista je \u00fa\u017easn\u00e9. Ale n\u011bkdy si m\u016f\u017eeme tak\u00e9 myslit, \u017ee nad\u0161en\u00ed pro Krista znamen\u00e1 d\u011blat si, co chci. Proto\u017ee tohle dok\u00e1\u017ee i ten zl\u00fd zneu\u017e\u00edt.<\/em><\/p>\n<p><em>Michelangelo dok\u00e1zal z po\u0161kozen\u00e9ho bloku mramoru ud\u011blat n\u011bco \u00fa\u017easn\u00e9ho. Kristus z takov\u00e9 trosky, jako jsem j\u00e1, m\u016f\u017ee n\u011bco ud\u011blat. Z h\u0159\u00ed\u0161n\u00fdch lid\u00ed, kte\u0159\u00ed se mu odevzdaj\u00ed, tady m\u016f\u017ee vzniknout n\u011bco \u00fa\u017easn\u00e9ho, n\u011bco kr\u00e1sn\u00e9ho. To je p\u0159ece kr\u00e1sa. To je velk\u00e9 zadosti u\u010din\u011bn\u00ed v tom, \u017ee ten p\u00e1n B\u016fh n\u00e1s m\u016f\u017ee zm\u011bnit.<\/em><\/p>\n<p><em>Americk\u00fd astronaut James Irwin, kter\u00fd v roce 1971 let\u011bl s Apollo 15 k m\u011bs\u00edci, \u0159\u00edk\u00e1: \u201eTento let, p\u0159i kter\u00e9m jsem vid\u011bl Zemi viset jako p\u011bknou k\u0159ehkou V\u00e1no\u010dn\u00ed ozdobu v \u010dern\u00e9 hlubin\u011b vesm\u00edru a p\u0159itom c\u00edtit bezprost\u0159edn\u00ed Bo\u017e\u00ed p\u0159\u00edtomnost, byl rozhoduj\u00edc\u00ed bod zlomu v m\u00e9m \u017eivot\u011b.\u201c On nepopisuje ve sv\u00e9 knize, biografii, kterou p\u00ed\u0161e o t\u011bchto ud\u00e1lostech, ty technick\u00e9 z\u00e1le\u017eitosti, to, co v\u0161echno \u010dlov\u011bk dok\u00e1zal, ale on tam p\u00ed\u0161e, \u017ee mohl vid\u011bt to, co p\u00e1n B\u016fh stvo\u0159il. On nepsal o sob\u011b jako o hrdinovi, kter\u00fd byl na m\u011bs\u00edci. Ale psal o sob\u011b jako o \u010dlov\u011bku, kter\u00fd mnohdy zklamal. Byl to dokument, kter\u00fd popisoval jeho vztah s Bohem, kter\u00fd nebyl v\u017edy ide\u00e1ln\u00ed. Vztah mezi Hospodinem Bohem a \u010dlov\u011bkem Jamesem Irwinem. On hovo\u0159\u00ed o t\u00e9 n\u00e1maze a trp\u011blivosti, s kterou ho P\u00e1n B\u016fh p\u0159ivedl na tu spr\u00e1vnou cestu.<\/em><\/p>\n<p><em>P\u00e1n B\u016fh nezlomil nade mnou h\u016fl. P\u00e1n B\u016fh to se mnou neskon\u010dil. A j\u00e1 bych cht\u011bl jenom podotknout do z\u00e1vorky, ale m\u016f\u017ee. Proto\u017ee kdy\u017e budu neust\u00e1le odm\u00edtat, tak to P\u00e1n B\u016fh se mnou skon\u010dit m\u016f\u017ee. On to zkou\u0161\u00ed jednou, po druh\u00e9, po t\u0159et\u00ed, po 158. A jednou taky m\u016f\u017ee \u0159\u00edct si a dost.&nbsp;<\/em><em>Co je \u010dlov\u011bk, \u017ee na n\u011bj pamatuje\u0161? Syn \u010dlov\u011bka, \u017ee se o n\u011bj star\u00e1\u0161? Co jsme my oproti stvo\u0159iteli P\u00e1nu Vesm\u00edru, stvo\u0159iteli Vesm\u00edru, \u017ee On na takov\u00e9ho n\u011bjak\u00e9ho Donu pamatuje a m\u00e1 ho ve sv\u00e9m p\u00e9\u010di? Mo\u017en\u00e1 m\u00e1me spoustu probl\u00e9m\u016f, t\u011b\u017ekost\u00ed. Jsme chybuj\u00edc\u00ed lid\u00e9. Ale my m\u016f\u017eeme spol\u00e9hat na na\u0161eho Hospodina.<\/em><\/p>\n<p><em>Matou\u0161 14 kap. \u2013 Je\u017e\u00ed\u0161 nasyt\u00ed p\u011bt tis\u00edc mu\u017e\u016f. Plus \u017eeny, d\u011bti, mo\u017en\u00e1 kolem deseti tis\u00edc. Oni by r\u00e1di ho provolali kr\u00e1lem. R\u00e1di by n\u011bco d\u011blali, ale Je\u017e\u00ed\u0161 jen \u0159ekne u\u010dedn\u00edk\u016fm &#8211; Nastupte do lodi, plujte na druhou stranu. A on odch\u00e1z\u00ed na horu, aby se tam modlil. Oni vypluli. A pak Je\u017e\u00ed\u0161 k n\u00edm po t\u00e9 vod\u011b kr\u00e1\u010d\u00ed. Oni se boj\u00ed, k\u0159i\u010d\u00ed a Je\u017e\u00ed\u0161 jim \u0159ekne t\u0159i v\u011bty. T\u0159i jednoduch\u00e9 v\u011bty.<\/em><\/p>\n<p><em>Je\u017e\u00ed\u0161 k n\u00edm p\u0159ich\u00e1z\u00ed a \u0159\u00edk\u00e1 &#8211; <strong>Vzchopte se!<\/strong> To je n\u011bco, co by m\u011blo i pro n\u00e1\u0161 \u017eivot, pro tu na\u0161e budoucnost, zazn\u00edvat v m\u00e9m \u017eivot\u011b. Vzchopte se. I pro ten n\u00e1\u0161 sbor.<\/em><\/p>\n<p><em>Druh\u00e1 v\u011bta, kter\u00e1 zazn\u00edv\u00e1, Je\u017e\u00ed\u0161 jim \u0159\u00edk\u00e1: <strong>J\u00e1 jsem to.<\/strong> V\u011bta, kterou farizelov\u00e9 a z\u00e1kon\u00edci nen\u00e1vid\u011bli. Proto\u017ee kdy\u017e Je\u017e\u00ed\u0161 \u0159\u00edk\u00e1, j\u00e1 jsem to, tak vlastn\u011b se prohla\u0161uje za Boha.<\/em><\/p>\n<p><em>Je\u017e\u00ed\u0161 jim \u0159\u00edk\u00e1, vzpamatujte se nebo vzchopte se, j\u00e1 jsem to. J\u00e1 jsem B\u016fh.<\/em><\/p>\n<p><em>A to t\u0159et\u00ed \u0159\u00edk\u00e1 &#8211; <strong>Nebojte se.<\/strong> V na\u0161em \u017eivot\u011b p\u0159ich\u00e1z\u00ed r\u016fzn\u00e9 bou\u0159e. R\u016fzn\u00e9 rozbou\u0159en\u00e9 situace. Ale Je\u017e\u00ed\u0161 n\u00e1m \u0159\u00edk\u00e1, vzchop se. J\u00e1 jsem s tebou. Neboj se. To jsou n\u00e1dhern\u00e9 t\u0159i v\u011bty. Neboj se.<\/em><\/p>\n<p><em>J\u00e1 budu s tebou. J\u00e1 t\u011b doprov\u00e1z\u00edm.&nbsp;<\/em><em>To je na\u0161e perspektiva na\u0161eho \u017eivotu, k\u0159es\u0165ansk\u00e9ho \u017eivota.&#8220;<\/em><\/p>\n<p>&nbsp;<\/p>\n","protected":false},"excerpt":{"rendered":"<p>Zat\u00edm co v Bibli se p\u00ed\u0161e o sklen\u011bn\u00e9m mo\u0159i, v na\u0161em m\u011bst\u011b a jeho okol\u00ed bylo dnes r\u00e1no sklen\u011bn\u00e9 v\u0161echno &#8211; chodn\u00edky, silnice i tr\u00e1va. N\u00e1mraza zp\u016fsobila, \u017ee sebemen\u0161\u00ed kope\u010dek se stal zcela nesj\u00edzdn\u00fdm, a tak ti, kte\u0159\u00ed bydl\u00ed na Vala\u0161sk\u00fdch kopc\u00edch, se dnes do sbore\u010dku nedostali. P\u0159esto byli duchem s n\u00e1mi a my jsme [&hellip;]<\/p>\n","protected":false},"author":1,"featured_media":0,"comment_status":"closed","ping_status":"open","sticky":false,"template":"","format":"standard","meta":{"ngg_post_thumbnail":0,"footnotes":""},"categories":[1],"tags":[],"class_list":["post-10910","post","type-post","status-publish","format-standard","hentry","category-nezarazene"],"_links":{"self":[{"href":"https:\/\/valasskemezirici.casd.cz\/index.php?rest_route=\/wp\/v2\/posts\/10910","targetHints":{"allow":["GET"]}}],"collection":[{"href":"https:\/\/valasskemezirici.casd.cz\/index.php?rest_route=\/wp\/v2\/posts"}],"about":[{"href":"https:\/\/valasskemezirici.casd.cz\/index.php?rest_route=\/wp\/v2\/types\/post"}],"author":[{"embeddable":true,"href":"https:\/\/valasskemezirici.casd.cz\/index.php?rest_route=\/wp\/v2\/users\/1"}],"replies":[{"embeddable":true,"href":"https:\/\/valasskemezirici.casd.cz\/index.php?rest_route=%2Fwp%2Fv2%2Fcomments&post=10910"}],"version-history":[{"count":3,"href":"https:\/\/valasskemezirici.casd.cz\/index.php?rest_route=\/wp\/v2\/posts\/10910\/revisions"}],"predecessor-version":[{"id":10919,"href":"https:\/\/valasskemezirici.casd.cz\/index.php?rest_route=\/wp\/v2\/posts\/10910\/revisions\/10919"}],"wp:attachment":[{"href":"https:\/\/valasskemezirici.casd.cz\/index.php?rest_route=%2Fwp%2Fv2%2Fmedia&parent=10910"}],"wp:term":[{"taxonomy":"category","embeddable":true,"href":"https:\/\/valasskemezirici.casd.cz\/index.php?rest_route=%2Fwp%2Fv2%2Fcategories&post=10910"},{"taxonomy":"post_tag","embeddable":true,"href":"https:\/\/valasskemezirici.casd.cz\/index.php?rest_route=%2Fwp%2Fv2%2Ftags&post=10910"}],"curies":[{"name":"wp","href":"https:\/\/api.w.org\/{rel}","templated":true}]}}