{"id":10925,"date":"2026-01-27T22:50:30","date_gmt":"2026-01-27T21:50:30","guid":{"rendered":"https:\/\/valasskemezirici.casd.cz\/?p=10925"},"modified":"2026-01-27T22:50:32","modified_gmt":"2026-01-27T21:50:32","slug":"3-aliancni-shromazdeni-27-ledna-2026","status":"publish","type":"post","link":"https:\/\/valasskemezirici.casd.cz\/?p=10925","title":{"rendered":"3.alian\u010dn\u00ed shrom\u00e1\u017ed\u011bn\u00ed 27.ledna 2026"},"content":{"rendered":"<p style=\"text-align: justify;\">T\u0159et\u00ed setk\u00e1n\u00ed v\u011b\u0159\u00edc\u00edch sourozenc\u016f na\u0161eho m\u011bsta prob\u011bhlo v&nbsp;\u00fater\u00fd 27.ledna. Kr\u00e1sn\u00fd kongresov\u00fd s\u00e1l, kter\u00fd Apo\u0161tolsk\u00e1 c\u00edrkev, naz\u00fdvan\u00e1 t\u00e9\u017e C\u00edrkev pro region, vyu\u017e\u00edv\u00e1 jako modlitebnu, n\u00e1s p\u0159iv\u00edtal p\u00edsn\u011bmi chv\u00e1l\u00edc\u00ed skupinky a p\u0159\u00edjemnou atmosf\u00e9rou. \u00davodn\u00ed slovo pronesl pastor AC Tom\u00e1\u0161 Galda. Za veden\u00ed hudebn\u00edk\u016f jsme se mohli zklidnit a p\u0159ipravit na p\u0159ijet\u00ed Bo\u017e\u00edho slova, kter\u00fdm n\u00e1m poslou\u017eil far\u00e1\u0159 \u0158KC Jan Berka. Je v&nbsp;na\u0161em m\u011bst\u011b nov\u00fd, stejn\u011b jako jeho kolega z&nbsp;Evangelick\u00e9 c\u00edrkve, ale u\u017e te\u010f je jasn\u00e9, \u017ee do na\u0161\u00ed rodinky Vala\u0161sk\u00fdch Bo\u017e\u00edch d\u011bt\u00ed skv\u011ble zapadne. Ke sv\u00e9 promluv\u011b si vybral t\u00e9ma <strong>\u201ePet\u0159e, miluje\u0161 mne?\u201c<\/strong> a text <strong>Jan 21, 15.-22.<\/strong>, kter\u00fd popisuje setk\u00e1n\u00ed Petra se zmrtv\u00fdchvstal\u00fdm Je\u017e\u00ed\u0161em.<\/p>\n<p><img loading=\"lazy\" decoding=\"async\" class=\"alignnone wp-image-10926\" src=\"https:\/\/valasskemezirici.casd.cz\/wp-content\/uploads\/2026\/01\/o14.jpeg\" alt=\"\" width=\"660\" height=\"495\" srcset=\"https:\/\/valasskemezirici.casd.cz\/wp-content\/uploads\/2026\/01\/o14.jpeg 2048w, https:\/\/valasskemezirici.casd.cz\/wp-content\/uploads\/2026\/01\/o14-300x225.jpeg 300w, https:\/\/valasskemezirici.casd.cz\/wp-content\/uploads\/2026\/01\/o14-1024x768.jpeg 1024w, https:\/\/valasskemezirici.casd.cz\/wp-content\/uploads\/2026\/01\/o14-768x576.jpeg 768w, https:\/\/valasskemezirici.casd.cz\/wp-content\/uploads\/2026\/01\/o14-1536x1152.jpeg 1536w\" sizes=\"auto, (max-width: 660px) 100vw, 660px\" \/><\/p>\n<p style=\"text-align: justify;\">P\u0159epis k\u00e1z\u00e1n\u00ed:<\/p>\n<p style=\"text-align: justify;\"><em>\u201eZa\u010dnu takov\u00fdm kr\u00e1tk\u00fdm p\u0159\u00edb\u011bhem, mo\u017en\u00e1 sv\u011bdectv\u00edm, z jednoho okam\u017eiku m\u00e9 slu\u017eby, u\u017e tady v t\u00e9to farnosti ve Vala\u0161sk\u00e9m Mezi\u0159\u00ed\u010di. Jednoho dne na fa\u0159e zazvonil zvonek a j\u00e1 jsem otev\u0159el a byla tam p\u0159ede dve\u0159mi mlad\u00e1 d\u00edvka, asi kolem 20 let. Ptala se, jestli je tam kn\u011bz, jestli by mohla si s n\u011bk\u00fdm promluvit. Tak jsem \u0159\u00edkal, \u017ee m\u016f\u017ee, posadili jsme se a vid\u011bl jsem, \u017ee je nejist\u00e1. A zeptal jsem se, s \u010d\u00edm p\u0159ich\u00e1z\u00ed. \u0158ekla, \u017ee vlastn\u011b ani nev\u00ed, ale \u017ee by si cht\u011bla promluvit. A tak jsem se zeptal, o \u010dem. A ona ml\u010dela.<\/em><\/p>\n<p><!--more--><\/p>\n<p style=\"text-align: justify;\"><em>Tak jsem pochopil, \u017ee to nen\u00ed jedna z t\u011bch obvykl\u00fdch n\u00e1v\u0161t\u011bv, kdy n\u011bkdo \u017e\u00e1d\u00e1 svatbu, k\u0159est nebo t\u0159eba n\u011bjakou pomoc finan\u010dn\u00ed. A tak jsem se j\u00ed zeptal, jak \u017eije, co pro\u017e\u00edv\u00e1. Ona mi kr\u00e1tce pov\u011bd\u011bla sv\u016fj p\u0159\u00edb\u011bh. P\u0159\u00edb\u011bh o tom, jak \u017eije sama, m\u00e1 za sebou n\u00e1ro\u010dn\u00e9 chv\u00edle ve stavu, ve kter\u00e9m byla velmi zran\u011bna. Jak m\u00e1 sice pr\u00e1ci a um\u00ed se o sebe postarat, ale jak tak\u00e9 pro\u017eila t\u011b\u017ek\u00e9 chv\u00edle opu\u0161t\u011bn\u00ed, zran\u011bn\u00ed. Jak se n\u011bkolikr\u00e1t pokusila o sebevra\u017edu, skon\u010dila na psychiatrii u psycholog\u016f, bere pr\u00e1\u0161ky, chod\u00ed na terapie. J\u00e1 jsem celou dobu, kdy\u017e mi ten p\u0159\u00edb\u011bh pov\u00eddala p\u0159em\u00fd\u0161lel, pro\u010d vlastn\u011b p\u0159i\u0161la. Myslel jsem nejprve, \u017ee j\u00ed porad\u00edm, a\u0165 jede za odborn\u00edkem, kter\u00fd by j\u00ed mohl n\u011bjak\u00fdm zp\u016fsobem pomoct. Ale to mi \u0159ekla, \u017ee u\u017e d\u00e1vno chod\u00ed. A \u017ee v\u0161echno dodr\u017euje tak, jak ji l\u00e9ka\u0159i a ostatn\u00ed \u0159\u00edkaj\u00ed. A kdy\u017e dokon\u010dila sv\u016fj p\u0159\u00edb\u011bh, tak tam jenom sed\u011bla a \u010dekala, co \u0159eknu. A j\u00e1 jsem p\u0159em\u00fd\u0161lel, co \u0159\u00edct. A v t\u00e9 chv\u00edli, kdy\u017e jsem se modlilo, p\u0159i\u0161el mi na mysl pr\u00e1v\u011b ten p\u0159\u00edb\u011bh, kter\u00fd jsme p\u0159ed malou chv\u00edli sly\u0161eli z Janova Evangelia, o tom, jak se Je\u017e\u00ed\u0161 pt\u00e1 Petra. \u201ePet\u0159e, miluje\u0161 m\u011b?\u201c Nev\u011bd\u011bl jsem v t\u00e9 chv\u00edli, co to znamen\u00e1, co s t\u00edm m\u00e1m d\u011blat. Ale p\u0159i\u0161lo mi, \u017ee ta d\u00edvka nep\u0159i\u0161la proto, abych j\u00ed radil, jak m\u00e1 \u017e\u00edt. P\u0159i\u0161la, proto\u017ee c\u00edt\u00ed, \u017ee i p\u0159es v\u0161echnu pomoc, kter\u00e9 se j\u00ed dost\u00e1v\u00e1, tak v jej\u00edm srdci n\u011bco chyb\u00ed. Nab\u00eddl jsem j\u00ed, jestli bych se mohl za n\u00ed aspo\u0148 kr\u00e1tce pomodlit. Ona \u0159\u00edkala, \u017ee nen\u00ed v\u011b\u0159\u00edc\u00ed, \u017ee do kostel nechodila ani nebyla vychov\u00e1v\u00e1na ve v\u00ed\u0159e, ani v k\u0159es\u0165ansk\u00e9m prost\u0159ed\u00ed. Ale \u017ee klidn\u011b, jestli chci, tak m\u016f\u017eu. Tak jsem se modlil. A modlil jsem se za to, aby B\u016fh se j\u00ed dal poznat. Nev\u011bd\u011bl jsem, co v\u0161echno pot\u0159ebuje. Ale vid\u011bl jsem, \u017ee p\u0159i t\u00e9 chv\u00edli modlitby se v jej\u00edm srdci n\u011bco zm\u011bnilo. A o tom n\u011b\u010dem bych cht\u011bl kr\u00e1tce te\u010f promluvit.<\/em><\/p>\n<p style=\"text-align: justify;\"><em>Ka\u017ed\u00fd z n\u00e1s jsme stvo\u0159en\u00ed v Bo\u017e\u00ed l\u00e1sce. A jsme povol\u00e1ni u\u017e od na\u0161eho stvo\u0159en\u00ed k tomu, abychom byli Bo\u017e\u00edmi syny a Bo\u017e\u00edmi dcerami. A my to opakujeme \u010dastokr\u00e1t, mo\u017en\u00e1 i v jin\u00fdch c\u00edrkv\u00edch, nejen v katolick\u00e9, \u017ee jsme bo\u017e\u00ed d\u011bti. A co to prakticky znamen\u00e1? To nen\u00ed jenom v\u011bc, kter\u00e1 je na\u0161e osobn\u00ed, \u017ee \u0159\u00edk\u00e1me, \u017ee n\u011bco jsme, \u017ee n\u011bco znamen\u00e1me. Ale ono to m\u00e1 d\u016fsledky tak\u00e9 pro sv\u011bt, ve kter\u00e9m \u017eijeme. Pokud jsme Bo\u017e\u00ed synov\u00e9 a Bo\u017e\u00ed dcery, tak do tohoto sv\u011bta p\u0159in\u00e1\u0161\u00edme Boha n\u011bjak\u00fdm zp\u016fsobem. Petr, Ond\u0159ej, Jakub, Jana a dal\u0161\u00ed se setkali s Je\u017e\u00ed\u0161em a on je povolal, aby ho n\u00e1sledovali. A v jist\u00e9 chv\u00edli jejich spole\u010dn\u00e9ho \u017eivota a spole\u010dn\u00e9 slu\u017eby je Je\u017e\u00ed\u0161 povolal, vyvolil a ustanovil za apo\u0161toly. A \u0159ekl jim, aby \u0161li v\u0161ude tam, kde on cht\u011bl p\u0159ij\u00edt. Aby p\u0159in\u00e1\u0161eli jeho slovo, modlil se za n\u011b, aby byli napln\u011bni jeho duchem, aby konali stejn\u00e9 z\u00e1zraky, jak\u00e9 d\u011blal on.<\/em><\/p>\n<p style=\"text-align: justify;\"><em>A my si m\u016f\u017eeme \u0159\u00edct &#8211; ten \u00fakol, nebo to posl\u00e1n\u00ed t\u011bch dvan\u00e1cti mu\u017e\u016f a nejenom t\u011bch dvan\u00e1cti, ale i dal\u0161\u00edch 70, a potom vlastn\u011b ka\u017ed\u00e9ho z n\u00e1s, je velkolep\u00fd. B\u016fh nejenom \u017ee n\u00e1s stvo\u0159il v l\u00e1sce, ale tak\u00e9 n\u00e1s povol\u00e1v\u00e1 k velk\u00fdm v\u011bcem. A mysl\u00edm, \u017ee tento sv\u011bt, a kdy\u017e to z\u00fa\u017e\u00edme jen na toto m\u011bsto, ve kter\u00e9m \u017eijeme, pot\u0159ebuje takov\u00e9to Kristovi apo\u0161toly. A vn\u00edm\u00e1m, \u017ee v dne\u0161n\u00ed dob\u011b m\u00e1me jakousi krizi osobnost\u00ed, nejenom z k\u0159es\u0165ansk\u00e9ho prost\u0159ed\u00ed, ale i ze sv\u011btsk\u00e9ho. Krizi t\u011bch, kte\u0159\u00ed by p\u0159in\u00e1\u0161eli hodnoty a krizi t\u011bch, kte\u0159\u00ed by tak\u00e9 p\u0159in\u00e1\u0161eli Boha do tohoto sv\u011bta. Je\u017e\u00ed\u0161 povol\u00e1v\u00e1 apo\u0161toly, povol\u00e1v\u00e1 ka\u017ed\u00e9ho z n\u00e1s. A to na\u0161e povol\u00e1n\u00ed je u ka\u017ed\u00e9ho trochu jin\u00e9. N\u011bkte\u0159\u00ed jsou povol\u00e1n\u00ed, aby hl\u00e1sali na ulic\u00edch, n\u011bkdo je povolan\u00fd k tomu, aby o Kristu sv\u011bd\u010dil sv\u00fdm \u017eivotem, slu\u017ebou, l\u00e1skou, pomoc\u00ed, r\u016fzn\u00fdmi zp\u016fsoby. A mo\u017en\u00e1 jsme mnoz\u00ed u\u017e \u010dasto p\u0159em\u00fd\u0161leli nad t\u00edm, jak\u00e9 je to moje povol\u00e1n\u00ed, k \u010demu B\u016fh si vol\u00e1 m\u011b. A potom p\u0159ich\u00e1z\u00ed moment, kdy se sna\u017e\u00edme n\u011bco d\u011blat ve sv\u00e9m \u017eivot\u011b, sna\u017e\u00edme se podle toho na\u0161eho povol\u00e1n\u00ed \u017e\u00edt a p\u0159ijde krize. U Petra ta krize p\u0159i\u0161la. Byl povolan\u00fd, aby byl prvn\u00ed mezi apo\u0161toly, byl povolan\u00fd, aby vedl, ale on zap\u0159el.<\/em><\/p>\n<p style=\"text-align: justify;\"><em>Zn\u00e1me ten p\u0159\u00edb\u011bh, kdy p\u0159ed Je\u017e\u00ed\u0161ov\u00fdm soudem Petr ho zap\u00edr\u00e1, \u017ee ho nezn\u00e1. A ten p\u0159\u00edb\u011bh je i o n\u00e1s. I my ve sv\u00e9m povol\u00e1n\u00ed zakou\u0161\u00edme krizi. To, \u017ee n\u011bjak\u00fdm zp\u016fsobem se sna\u017e\u00edme b\u00fdt t\u011bmi lidmi, kter\u00e9 n\u00e1s B\u016fh stvo\u0159il, b\u00fdt Bo\u017e\u00edmi syny, Bo\u017e\u00edmi dcerami, plnit to povol\u00e1n\u00ed, kter\u00e9 n\u00e1m B\u016fh d\u00e1v\u00e1, b\u00fdt tomuto sv\u011btu sv\u011btlem a sol\u00ed. A najednou zakus\u00edme tu vlastn\u00ed slabost. Zakus\u00edme to, \u017ee n\u011bco jsme nezvl\u00e1dli. A mo\u017en\u00e1 v t\u00e9 chv\u00edli se ten sv\u011bt, kter\u00fd je kolem n\u00e1s, n\u00e1m za\u010dne sm\u00e1t. \u201eTo jsou ti k\u0159es\u0165an\u00e9. To jsou ti, kte\u0159\u00ed se tak zbo\u017en\u011b modl\u00ed, a pak zrad\u00ed, a pak \u017eij\u00ed jinak.\u201c <\/em><\/p>\n<p style=\"text-align: justify;\"><em>A n\u00e1s to m\u016f\u017ee zahanbovat. A je to dob\u0159e, kdy\u017e vn\u00edm\u00e1me, \u017ee to nen\u00ed spr\u00e1vn\u011b. I Petr byl zahanben. T\u0159ikr\u00e1t zap\u0159el Krista, kter\u00e9ho tak miloval. A my v\u00edme, \u017ee ta situace, ve kter\u00e9ho byl, nebyla snadn\u00e1, \u017ee byl pod tlakem, nev\u011bd\u011bl mo\u017en\u00e1, co se d\u011bje a co m\u00e1 d\u011blat. A mo\u017en\u00e1 i my takto ve sv\u00e9m \u017eivot\u011b pro\u017e\u00edv\u00e1me, \u017ee mnoho z t\u011bch v\u011bc\u00ed, kdy v n\u011b\u010dem padneme, tak je v\u011bc\u00ed, kdy jsme pod tlakem, kdy n\u011bco nezvl\u00e1dneme. A pro\u017e\u00edv\u00e1me jak\u00e9si vnit\u0159n\u00ed zklam\u00e1n\u00ed. Mo\u017en\u00e1 sami ze sebe. A do t\u00e9to chv\u00edle p\u0159ich\u00e1z\u00ed ud\u00e1lost, o kter\u00e9 jsme \u010detli v Evangeliu p\u0159ed chv\u00edli, kdy se Petr a ostatn\u00ed setk\u00e1vaj\u00ed se vzk\u0159\u00ed\u0161en\u00fdm Je\u017e\u00ed\u0161em.<\/em><\/p>\n<p style=\"text-align: justify;\"><em>Kl\u00ed\u010dov\u00fd okam\u017eik. K Petrovi p\u0159ich\u00e1z\u00ed Je\u017e\u00ed\u0161 a pt\u00e1 se ho: \u201ePet\u0159e, miluje\u0161 m\u011b?\u201c Petr, kter\u00fd byl stvo\u0159en\u00fd jako Bo\u017e\u00ed d\u00edt\u011b, kter\u00fd byl povolan\u00fd jako Je\u017e\u00ed\u0161\u016fv apo\u0161tol, ustanoven\u00fd ke slu\u017eb\u011b, ale tak\u00e9 Petr, kter\u00fd zradil. Je\u017e\u00ed\u0161 k n\u011bmu znovu p\u0159ich\u00e1z\u00ed s&nbsp;ot\u00e1zkou: \u201ePet\u0159e, miluje\u0161 m\u011b?\u201c Petr, tak jako t\u0159ikr\u00e1t zap\u0159el, tak te\u010f t\u0159ikr\u00e1t vyzn\u00e1v\u00e1: \u201eAno pane, ty v\u00ed\u0161, \u017ee t\u011b miluji.\u201c.<\/em><\/p>\n<p style=\"text-align: justify;\"><em>Tento okam\u017eik je okam\u017eikem sm\u00ed\u0159en\u00ed. Je\u017e\u00ed\u0161 Petrovi ur\u010dit\u011b odpustil u\u017e okam\u017eiku, kdy ho zap\u0159el. V\u00edme, \u017ee jeho l\u00e1ska je dokonal\u00e1, ale toto je okam\u017eik sm\u00ed\u0159en\u00ed. Okam\u017eik, kdy to, co bylo nevy\u0159\u010deno mezi Petrem a Je\u017e\u00ed\u0161em, najednou je vy\u0159\u010deno nahlas. To, co mezi nimi bylo v pozad\u00ed, tak te\u010fka vy\u0161lo na sv\u011btlo. Je\u017e\u00ed\u0161 jasn\u011b ukazuje, \u017ee se nezm\u011bnilo nic z toho, co s Petrem zam\u00fd\u0161lel. A ten \u00fakol, kter\u00fd mu kdysi dal, tak mu d\u00e1v\u00e1 znovu. A ukazuje mu, \u017ee to, co pot\u0159ebuje, aby byl dobr\u00fdm apo\u0161tolem, nejsou speci\u00e1ln\u00ed schopnosti, nen\u00ed to \u017e\u00e1dn\u00e9 speci\u00e1ln\u00ed vzd\u011bl\u00e1n\u00ed, ale je to l\u00e1ska. K\u0159es\u0165ansk\u00fd teolog Augustin kdysi \u0159ekl: \u201eMiluj a d\u011blej, co chce\u0161.\u201c L\u00e1ska je to, co vede Je\u017e\u00ed\u0161e k tomu, \u017ee Petra pov\u011b\u0159uje.<\/em><\/p>\n<p style=\"text-align: justify;\"><em>Petrova l\u00e1ska, to je to, co sta\u010d\u00ed, aby se ti dva usm\u00ed\u0159ili, a Petrovo posl\u00e1n\u00ed mohlo pokra\u010dovat. A tak m\u016f\u017eeme p\u0159em\u00fd\u0161let, co to znamen\u00e1 pro n\u00e1s. Vid\u00edm mnoho lid\u00ed, kte\u0159\u00ed ve sv\u00e9m \u017eivot\u011b n\u011bkam do\u0161li a najednou se zastavili. \u017de jsme pro\u017eili n\u011bjakou krizi, mo\u017en\u00e1 selh\u00e1n\u00ed ve vztaz\u00edch, \u017ee to bylo dobr\u00e9 a najednou ne. A mo\u017en\u00e1 kv\u016fli n\u00e1m, mo\u017en\u00e1 kv\u016fli druh\u00fdm. A najednou jsme se zastavili a stoj\u00edme na m\u00edst\u011b.<\/em><\/p>\n<p style=\"text-align: justify;\"><em>A t\u00edm se chci vr\u00e1tit zp\u00e1tky k t\u00e9 d\u00edvce ze za\u010d\u00e1tku. Ona \u017eila sv\u016fj \u017eivot a najednou se v\u0161echno zhroutilo. A od t\u00e9 doby u\u017e to byla jenom vina, n\u011bjak\u00e1 vlastn\u00ed slabost, pocity, \u017ee za nic nestoj\u00ed a \u017ee jej\u00ed \u017eivot je k ni\u010demu. My mo\u017en\u00e1 nejsme tak v takov\u00fdch hloubk\u00e1ch n\u011bjak\u00e9 na\u0161\u00ed temnoty, mo\u017en\u00e1 v men\u0161\u00edch. Ale v t\u00e9 chv\u00edli, kdy se setk\u00e1v\u00e1me se vzk\u0159\u00ed\u0161en\u00fdm Je\u017e\u00ed\u0161em, kdy vstupuje do na\u0161eho \u017eivota, tak v t\u00e9 chv\u00edli se v\u011bci prom\u011bn\u00ed. A kdy\u017e jsem se za d\u00edvku modlil, tak ona pro\u017eila to, \u017ee v jej\u00edm srdci se objevilo jak\u00fdsi pram\u00ednek sv\u011btla. Ona nedok\u00e1zala \u0159\u00edct, \u017ee to je B\u016fh, kter\u00fd se j\u00ed dot\u00fdk\u00e1 nebo Duch Svat\u00fd, kter\u00fd se vyl\u00e9v\u00e1. Ty pojmy ona v\u016fbec nezn\u00e1, nev\u00ed ani kdo je Pan Je\u017e\u00ed\u0161. Ale zakusila najednou po mnoha m\u011bs\u00edc\u00edch, jak mi \u0159ekla, \u017ee n\u011bco je jinak. N\u011bco se zlomilo. Nepot\u0159ebovala k tomu vyzn\u00e1vat svoje h\u0159\u00edchy anebo d\u011blat kdo v\u00ed co. Sta\u010dilo p\u0159ij\u00edt s otev\u0159enou n\u00e1ru\u010d\u00ed, s otev\u0159enou rukou a po\u017e\u00e1dat. Mo\u017en\u00e1 ani nev\u011bd\u011bla o co \u017e\u00e1dat. A tak j\u00ed B\u016fh p\u0159ijal op\u011bt a dal j\u00ed zakusit, \u017ee o n\u00ed v\u00ed a \u017ee mu na n\u00ed z\u00e1le\u017e\u00ed. Petr co ud\u011blal pro to, aby mu Pane Je\u017e\u00ed\u0161 odpustil? V\u016fbec nic, jenom \u201ebyl\u201c. A Je\u017e\u00ed\u0161 s\u00e1m p\u0159ich\u00e1z\u00ed jako prvn\u00ed. A nejenom, \u017ee mu odpou\u0161t\u00ed, ale znovu ho postav\u00ed do t\u00e9 stejn\u00e9 slu\u017eby, kterou pro n\u011bho m\u011bl ur\u010denou u\u017e od po\u010d\u00e1tku. Co asi ud\u011bl\u00e1 Je\u017e\u00ed\u0161, kdy\u017e se s n\u00edm setk\u00e1me? S na\u0161\u00edm \u017eivotem? Co ud\u011bl\u00e1 s na\u0161imi vztahy? S na\u0161\u00edm man\u017eelstv\u00edm, s m\u00fdm kn\u011b\u017estv\u00edm? Co ud\u011bl\u00e1 s povol\u00e1n\u00edm, do kter\u00e9ho jsme vstoupili? Mo\u017en\u00e1 kdysi s nad\u0161en\u00edm a s&nbsp;radost\u00ed, a s velkou touhou a z\u00e1palem a dobr\u00fdm srdcem. Mo\u017en\u00e1 u\u017e to vychladlo. Mo\u017en\u00e1 u\u017e to polevilo. Mo\u017en\u00e1 u\u017e p\u0159i\u0161ly komplikace, z\u00e1pasy a zklam\u00e1n\u00ed. Na\u0161e nebo druh\u00fdch. A co mysl\u00edte, \u017ee ud\u011bl\u00e1 Je\u017e\u00ed\u0161, kdy\u017e ho do t\u00e9to v\u011bci pozveme? Zept\u00e1 se n\u00e1s, jak to zvl\u00e1d\u00e1\u0161? P\u0159ijde na kontrolu, na inspekci? Asi ne. P\u0159ijde a zept\u00e1 se jednu v\u011bc: \u201eMiluje\u0161 m\u011b?\u201c A pokud odpoj\u00edm ano, tak v\u011b\u0159\u00edm, \u017ee Je\u017e\u00ed\u0161 obnov\u00ed to povol\u00e1n\u00ed, do kter\u00e9ho n\u00e1s postavil, ka\u017ed\u00e9ho z n\u00e1s. A tak ti znovu \u0159ekne.<\/em><\/p>\n<p style=\"text-align: justify;\"><em>Jdi a \u017eij se svou rodinou. \u017dij, pe\u010duj o sv\u00e9 d\u011bti. \u017dij se svou \u017eenou, se sv\u00fdm mu\u017eem. Jdi a hl\u00e1sej Evangelium. Jdi a skl\u00e1n\u011bj se k nemocn\u00fdm. Jdi a ve\u010f mlad\u00e9. Vylu\u010duj d\u011bti, v l\u00e1sce. Jdi a v\u011brn\u011b nes starosti toho, kdo je vedle tebe a jeho k\u0159\u00ed\u017ee. A my pot\u0159ebujeme toto setk\u00e1n\u00ed s Je\u017e\u00ed\u0161em. <\/em><\/p>\n<p style=\"text-align: justify;\"><em>Bez n\u011bj ta na\u0161e slu\u017eba je jenom na\u0161e. A \u010dasem n\u011bjak\u00fdm zp\u016fsobem se stane p\u0159\u00edli\u0161 t\u011b\u017ekou. Petr mohl klidn\u011b p\u016fsobit a d\u011blat v\u011bci, kter\u00e9 mu Je\u017e\u00ed\u0161 \u0159ekl. Ale pokud by nezakusil toto setk\u00e1n\u00ed se vzk\u0159\u00ed\u0161en\u00fdm a napln\u011bn\u00ed Duchem Svat\u00fdm, kter\u00e9 potom p\u0159i\u0161lo, tak v\u00edme, \u017ee jeho slu\u017eba by byla mo\u017en\u00e1 pln\u00e1 strachu, mo\u017en\u00e1 by ani nevy\u0161el a mo\u017en\u00e1 by jenom tak v n\u011bjak\u00e9m zav\u0159en\u00e9m prostoru n\u011bkomu zavzpom\u00ednal, jak\u00e9 to s Je\u017e\u00ed\u0161em bylo. Ale tehdy, kdy\u017e Je\u017e\u00ed\u0161 ho obnovil skrze toto vyzn\u00e1n\u00ed, a kdy\u017e ho naplnil Duch Svat\u00fd, tak v\u00edme, \u017ee Petr vy\u0161el a u\u017e nikdy nezradil, u\u017e nikdy nezap\u0159el, a nesl Kristovo Evangelium tam, kde se mu o tom nikdy nezd\u00e1l. Tak bych v\u00e1s cht\u011bl v\u0161echny pozvat k tomu, abychom kdykoliv zakou\u0161\u00edme jakoukoliv krizi v na\u0161ich povol\u00e1n\u00edch, v tom, co d\u011bl\u00e1me v na\u0161\u00ed slu\u017eb\u011b, v na\u0161ich staz\u00edch, tak si vzpomn\u011bli na tento p\u0159\u00edb\u011bh o tom, jak Je\u017e\u00ed\u0161 obnovuje Petra.\u201c<\/em><\/p>\n<p style=\"text-align: justify;\">Proto\u017ee alian\u010dn\u00ed setk\u00e1n\u00ed jsou p\u0159edev\u0161\u00edm o spole\u010dn\u00fdch modlitb\u00e1ch, sklonili jsme se i tentokr\u00e1t v&nbsp;poko\u0159e p\u0159ed P\u00e1nem. Modlili jsme se za kazatele, star\u0161\u00ed, di\u00e1kony, veden\u00ed c\u00edrkv\u00ed a dal\u0161\u00ed c\u00edrkevn\u00ed pracovn\u00edky. Tak\u00e9 za jejich rodiny, nov\u00e9 \u010dleny sbor\u016f a jejich ochotu ke slu\u017eb\u011b, za slu\u017ebu \u017een v&nbsp;c\u00edrkv\u00edch a v\u0161eobecn\u00e9 kn\u011b\u017estv\u00ed jako \u017eitou hodnotu c\u00edrkve.<\/p>\n<p style=\"text-align: justify;\">Setk\u00e1n\u00ed jsou obvykle zakon\u010dena drobn\u00fdm poho\u0161t\u011bn\u00edm spojen\u00fdm se sd\u00edlen\u00edm v\u0161ech p\u0159\u00edtomn\u00fdch, s p\u0159\u00e1telsk\u00fdmi setk\u00e1n\u00edmi, p\u0159ed\u00e1v\u00e1n\u00edm zku\u0161enost\u00ed a navazov\u00e1n\u00ed nov\u00fdch mezic\u00edrkevn\u00edch kontakt\u016f. T\u011b\u0161\u00edme se na posledn\u00ed z leto\u0161n\u00edch alian\u010dn\u00edch bohoslu\u017eeb, kter\u00e1 se bude konat 3.\u00fanora v \u0158\u00edmskokatolick\u00e9m kostele a k\u00e1z\u00e1n\u00ed bude m\u00edt n\u00e1\u0161 mil\u00fd kazatel Hynek Dona.<\/p>\n<p><img loading=\"lazy\" decoding=\"async\" class=\"alignnone wp-image-10927\" src=\"https:\/\/valasskemezirici.casd.cz\/wp-content\/uploads\/2026\/01\/o7.jpeg\" alt=\"\" width=\"620\" height=\"413\" srcset=\"https:\/\/valasskemezirici.casd.cz\/wp-content\/uploads\/2026\/01\/o7.jpeg 1600w, https:\/\/valasskemezirici.casd.cz\/wp-content\/uploads\/2026\/01\/o7-300x200.jpeg 300w, https:\/\/valasskemezirici.casd.cz\/wp-content\/uploads\/2026\/01\/o7-1024x682.jpeg 1024w, https:\/\/valasskemezirici.casd.cz\/wp-content\/uploads\/2026\/01\/o7-768x512.jpeg 768w, https:\/\/valasskemezirici.casd.cz\/wp-content\/uploads\/2026\/01\/o7-1536x1023.jpeg 1536w\" sizes=\"auto, (max-width: 620px) 100vw, 620px\" \/> <img loading=\"lazy\" decoding=\"async\" class=\"alignnone wp-image-10928\" src=\"https:\/\/valasskemezirici.casd.cz\/wp-content\/uploads\/2026\/01\/o13.jpeg\" alt=\"\" width=\"623\" height=\"415\" srcset=\"https:\/\/valasskemezirici.casd.cz\/wp-content\/uploads\/2026\/01\/o13.jpeg 1600w, https:\/\/valasskemezirici.casd.cz\/wp-content\/uploads\/2026\/01\/o13-300x200.jpeg 300w, https:\/\/valasskemezirici.casd.cz\/wp-content\/uploads\/2026\/01\/o13-1024x682.jpeg 1024w, https:\/\/valasskemezirici.casd.cz\/wp-content\/uploads\/2026\/01\/o13-768x512.jpeg 768w, https:\/\/valasskemezirici.casd.cz\/wp-content\/uploads\/2026\/01\/o13-1536x1023.jpeg 1536w\" sizes=\"auto, (max-width: 623px) 100vw, 623px\" \/><\/p>\n<p>&nbsp;<\/p>\n","protected":false},"excerpt":{"rendered":"<p>T\u0159et\u00ed setk\u00e1n\u00ed v\u011b\u0159\u00edc\u00edch sourozenc\u016f na\u0161eho m\u011bsta prob\u011bhlo v&nbsp;\u00fater\u00fd 27.ledna. Kr\u00e1sn\u00fd kongresov\u00fd s\u00e1l, kter\u00fd Apo\u0161tolsk\u00e1 c\u00edrkev, naz\u00fdvan\u00e1 t\u00e9\u017e C\u00edrkev pro region, vyu\u017e\u00edv\u00e1 jako modlitebnu, n\u00e1s p\u0159iv\u00edtal p\u00edsn\u011bmi chv\u00e1l\u00edc\u00ed skupinky a p\u0159\u00edjemnou atmosf\u00e9rou. \u00davodn\u00ed slovo pronesl pastor AC Tom\u00e1\u0161 Galda. Za veden\u00ed hudebn\u00edk\u016f jsme se mohli zklidnit a p\u0159ipravit na p\u0159ijet\u00ed Bo\u017e\u00edho slova, kter\u00fdm n\u00e1m poslou\u017eil far\u00e1\u0159 [&hellip;]<\/p>\n","protected":false},"author":1,"featured_media":0,"comment_status":"closed","ping_status":"open","sticky":false,"template":"","format":"standard","meta":{"ngg_post_thumbnail":0,"footnotes":""},"categories":[1],"tags":[],"class_list":["post-10925","post","type-post","status-publish","format-standard","hentry","category-nezarazene"],"_links":{"self":[{"href":"https:\/\/valasskemezirici.casd.cz\/index.php?rest_route=\/wp\/v2\/posts\/10925","targetHints":{"allow":["GET"]}}],"collection":[{"href":"https:\/\/valasskemezirici.casd.cz\/index.php?rest_route=\/wp\/v2\/posts"}],"about":[{"href":"https:\/\/valasskemezirici.casd.cz\/index.php?rest_route=\/wp\/v2\/types\/post"}],"author":[{"embeddable":true,"href":"https:\/\/valasskemezirici.casd.cz\/index.php?rest_route=\/wp\/v2\/users\/1"}],"replies":[{"embeddable":true,"href":"https:\/\/valasskemezirici.casd.cz\/index.php?rest_route=%2Fwp%2Fv2%2Fcomments&post=10925"}],"version-history":[{"count":1,"href":"https:\/\/valasskemezirici.casd.cz\/index.php?rest_route=\/wp\/v2\/posts\/10925\/revisions"}],"predecessor-version":[{"id":10929,"href":"https:\/\/valasskemezirici.casd.cz\/index.php?rest_route=\/wp\/v2\/posts\/10925\/revisions\/10929"}],"wp:attachment":[{"href":"https:\/\/valasskemezirici.casd.cz\/index.php?rest_route=%2Fwp%2Fv2%2Fmedia&parent=10925"}],"wp:term":[{"taxonomy":"category","embeddable":true,"href":"https:\/\/valasskemezirici.casd.cz\/index.php?rest_route=%2Fwp%2Fv2%2Fcategories&post=10925"},{"taxonomy":"post_tag","embeddable":true,"href":"https:\/\/valasskemezirici.casd.cz\/index.php?rest_route=%2Fwp%2Fv2%2Ftags&post=10925"}],"curies":[{"name":"wp","href":"https:\/\/api.w.org\/{rel}","templated":true}]}}