{"id":10945,"date":"2026-01-31T21:08:39","date_gmt":"2026-01-31T20:08:39","guid":{"rendered":"https:\/\/valasskemezirici.casd.cz\/?p=10945"},"modified":"2026-01-31T21:08:41","modified_gmt":"2026-01-31T20:08:41","slug":"narodni-tyden-manzelstvi-2026","status":"publish","type":"post","link":"https:\/\/valasskemezirici.casd.cz\/?p=10945","title":{"rendered":"N\u00e1rodn\u00ed t\u00fdden man\u017eelstv\u00ed 2026"},"content":{"rendered":"<p><img loading=\"lazy\" decoding=\"async\" class=\"alignnone  wp-image-10946\" src=\"https:\/\/valasskemezirici.casd.cz\/wp-content\/uploads\/2026\/01\/Snimek-obrazovky-2026-01-31-210728.png\" alt=\"\" width=\"617\" height=\"486\" srcset=\"https:\/\/valasskemezirici.casd.cz\/wp-content\/uploads\/2026\/01\/Snimek-obrazovky-2026-01-31-210728.png 1059w, https:\/\/valasskemezirici.casd.cz\/wp-content\/uploads\/2026\/01\/Snimek-obrazovky-2026-01-31-210728-300x236.png 300w, https:\/\/valasskemezirici.casd.cz\/wp-content\/uploads\/2026\/01\/Snimek-obrazovky-2026-01-31-210728-1024x806.png 1024w, https:\/\/valasskemezirici.casd.cz\/wp-content\/uploads\/2026\/01\/Snimek-obrazovky-2026-01-31-210728-768x605.png 768w\" sizes=\"auto, (max-width: 617px) 100vw, 617px\" \/><\/p>\n<p style=\"text-align: justify;\"><strong>Velk\u00e9 Bo\u017e\u00ed dary<\/strong><\/p>\n<p style=\"text-align: justify;\">Poj\u010fme se sv\u00fdmi rodinami oslavovat stvo\u0159en\u00ed: man\u017eelstv\u00ed, rodinu a sobotu.<\/p>\n<p style=\"text-align: justify;\">V ra\u0301mci letos\u030cni\u0301ho ty\u0301dne ve\u030cnovane\u0301ho rodina\u0301m zame\u030cr\u030ci\u0301me svoji pozornost na objevova\u0301ni\u0301 velky\u0301ch Boz\u030ci\u0301ch daru\u030a. Nas\u030ci\u0301m ci\u0301lem je pomoci rodina\u0301m napojit se na Boz\u030ci\u0301 pr\u030cete\u0301kaji\u0301ci\u0301 la\u0301sku a poznat jeho dary skrze stvor\u030ceni\u0301, vztahy a sobotu.<\/p>\n<p style=\"text-align: justify;\">Budeme zkoumat, jaky\u0301m zpu\u030asobem Boz\u030ci\u0301 la\u0301ska proudi\u0301 z jeho srdce k tomu nas\u030cemu a pote\u0301 mezi na\u0301mi navza\u0301jem. Nauc\u030ci\u0301me se, jak jeho la\u0301sku poznat a sdi\u0301let s ostatni\u0301mi. Prostr\u030cednictvi\u0301m kaz\u030cdodenni\u0301 zkus\u030cenosti ucti\u0301va\u0301ni\u0301, ktere\u0301 zapoji\u0301 vs\u030cechny nas\u030ce smysly (pozorova\u0301ni\u0301 kra\u0301sy, posloucha\u0301ni\u0301 ptac\u030ci\u0301ho zpe\u030cvu, ochutna\u0301va\u0301ni\u0301 ovoce a vni\u0301ma\u0301ni\u0301 jeho pr\u030ci\u0301tomnosti), objevi\u0301me, z\u030ce Boz\u030ci\u0301 la\u0301ska na\u0301s sta\u0301le obklopuje a jen c\u030ceka\u0301, az\u030c si ji\u0301 vs\u030cimneme a budeme ji sdi\u0301let.<\/p>\n<p><!--more--><\/p>\n<p style=\"text-align: justify;\"><em>Karen Holfordov\u00e1<\/em><\/p>\n<p style=\"text-align: justify;\">Hlavn\u00ed autorka \u2013 je vedouci\u0301 odde\u030cleni\u0301 sluz\u030cby rodina\u0301m, de\u030ctem a z\u030cena\u0301m v Transevropske\u0301 divizi. Ma\u0301 praxi v ergoterapii a magistersky\u0301 titul z psychologie, rodinne\u0301 terapie a kr\u030cest\u030canske\u0301ho vu\u030adcovstvi\u0301. Se svy\u0301m manz\u030celem kazatelem Berniem Holfordem z\u030cije v Anglii, ma\u0301 tr\u030ci dospe\u030cle\u0301 de\u030cti a tr\u030ci vnouc\u030cata. Ra\u0301da pi\u0301s\u030ce, chodi\u0301 na procha\u0301zky do lesa a vypra\u0301vi\u0301 druhy\u0301m o Boz\u030ci\u0301 la\u0301sce.<\/p>\n<p style=\"text-align: justify;\">P\u0159ipraven\u00fd materi\u00e1l si st\u00e1hnete ZDE&nbsp;<a href=\"https:\/\/www.adventorion.cz\/ke-stazeni\/modlitebni-prednasky-2026\" target=\"_blank\" rel=\"noopener noreferrer\">https:\/\/www.adventorion.cz\/ke-stazeni\/modlitebni-prednasky-2026<\/a>.<\/p>\n<p style=\"text-align: justify;\">Na poc\u030ca\u0301tku pr\u030cete\u0301kalo boz\u030ci\u0301 srdce la\u0301skou a tato la\u0301ska nas\u030cla sve\u0301 nejve\u030cts\u030ci\u0301 vyja\u0301dr\u030ceni\u0301 ve tr\u030cech velkolepy\u0301ch darech, ktere\u0301 zavrs\u030cily jeho stvor\u030citelske\u0301 di\u0301lo: manz\u030celstvi\u0301, rodina a sobota. Zati\u0301mco prvni\u0301ch s\u030cest dni\u0301 stvor\u030ceni\u0301 odhaluje boz\u030ci\u0301 moc a ume\u030cni\u0301 pr\u030ci vytva\u0301r\u030ceni\u0301 fyzicke\u0301ho sve\u030cta, tyto tr\u030ci bohem ustanovene\u0301 instituce odra\u0301z\u030ci\u0301 samotne\u0301 ja\u0301dro jeho charakteru a jeho nejhlubs\u030ci\u0301 touhy pro lidstvo.<\/p>\n<p style=\"text-align: justify;\">Manz\u030celstvi\u0301, rodina a sobota oslovuji\u0301 nejhlubs\u030ci\u0301 potr\u030ceby lidstva: spolec\u030censtvi\u0301, souna\u0301lez\u030citost a spojeni\u0301 se stvor\u030citelem. Spolec\u030cne\u030c tvor\u030ci\u0301 trojici bohem dany\u0301ch struktur, ktere\u0301 na\u0301m i dnes pr\u030cina\u0301s\u030ceji\u0301 poz\u030cehna\u0301ni\u0301, zachova\u0301vaji\u0301 na\u0301s a pr\u030cipomi\u0301naji\u0301 na\u0301m, z\u030ce jsme u\u0301z\u030casne\u030c a na\u0301dherne\u030c stvor\u030ceni a milova\u0301ni nas\u030ci\u0301m stvor\u030citelem (Z\u030c 139,14).<\/p>\n<p>&nbsp;<\/p>\n<p style=\"text-align: justify;\"><strong><em>Co v\u00e1m o man\u017eelstv\u00ed ne\u0159ekli<\/em><\/strong><\/p>\n<p style=\"text-align: justify;\">Nechte se inspirovat, jak ze sv\u00e9ho dobr\u00e9ho man\u017eelstv\u00ed ud\u011blat je\u0161t\u011b lep\u0161\u00ed nebo obnovit to, co se \u010dasem ve vztahu vytratilo. Ve valent\u00fdnsk\u00e9m t\u00fddnu ka\u017ed\u00fd rok spole\u010dn\u011b oslavujeme, jak moc pro n\u00e1s man\u017eelstv\u00ed znamen\u00e1.<\/p>\n<p style=\"text-align: justify;\">R\u00e1di bychom v\u00e1s op\u011bt po roce pozvali k dal\u0161\u00edmu, tentokr\u00e1t jubilejn\u00edmu 20. ro\u010dn\u00edku N\u00e1rodn\u00edho t\u00fdden man\u017eelstv\u00ed, kter\u00fd prob\u011bhne <strong>9. \u2013 15. \u00fanora 2026 s mottem Co v\u00e1m o man\u017eelstv\u00ed ne\u0159ekli.<\/strong><\/p>\n<p style=\"text-align: justify;\">Jsme r\u00e1di, \u017ee v t\u00e9 z\u00e1plav\u011b negativn\u00edch informac\u00ed a zpr\u00e1v m\u016f\u017eeme spole\u010dn\u011b p\u0159in\u00e1\u0161et n\u011bco pozitivn\u00edho a p\u0159ipom\u00ednat si, \u017ee na\u0161e nejbli\u017e\u0161\u00ed vztahy jsou pro n\u00e1s d\u016fle\u017eit\u00e9 a jsme za n\u011b, i p\u0159es na\u0161e nedokonalosti, vd\u011b\u010dn\u00ed.<\/p>\n<p style=\"text-align: justify;\">Motto <em>Co v\u00e1m o man\u017eelstv\u00ed ne\u0159ekli<\/em> otev\u00edr\u00e1 r\u016fzn\u00e1 t\u00e9mata. D\u00e1 se na man\u017eelstv\u00ed p\u0159ipravit? Co n\u00e1s na man\u017eelstv\u00ed p\u0159ekvapilo? \u010ceho se mo\u017en\u00e1 lid\u00e9 na man\u017eelstv\u00ed zbyte\u010dn\u011b boj\u00ed a co o n\u011bm mo\u017en\u00e1 nev\u011bd\u00ed? Ur\u010dit\u011b je zde prostor pro va\u0161i kreativitu\u2026<\/p>\n<p style=\"text-align: justify;\">Petr Adame<\/p>\n<p style=\"text-align: justify;\">Koordin\u00e1tor N\u00e1rodn\u00edho t\u00fddne man\u017eelstv\u00ed<\/p>\n<p>&nbsp;<\/p>\n","protected":false},"excerpt":{"rendered":"<p>Velk\u00e9 Bo\u017e\u00ed dary Poj\u010fme se sv\u00fdmi rodinami oslavovat stvo\u0159en\u00ed: man\u017eelstv\u00ed, rodinu a sobotu. V ra\u0301mci letos\u030cni\u0301ho ty\u0301dne ve\u030cnovane\u0301ho rodina\u0301m zame\u030cr\u030ci\u0301me svoji pozornost na objevova\u0301ni\u0301 velky\u0301ch Boz\u030ci\u0301ch daru\u030a. Nas\u030ci\u0301m ci\u0301lem je pomoci rodina\u0301m napojit se na Boz\u030ci\u0301 pr\u030cete\u0301kaji\u0301ci\u0301 la\u0301sku a poznat jeho dary skrze stvor\u030ceni\u0301, vztahy a sobotu. Budeme zkoumat, jaky\u0301m zpu\u030asobem Boz\u030ci\u0301 la\u0301ska proudi\u0301 z [&hellip;]<\/p>\n","protected":false},"author":1,"featured_media":0,"comment_status":"closed","ping_status":"open","sticky":false,"template":"","format":"standard","meta":{"ngg_post_thumbnail":0,"footnotes":""},"categories":[1],"tags":[],"class_list":["post-10945","post","type-post","status-publish","format-standard","hentry","category-nezarazene"],"_links":{"self":[{"href":"https:\/\/valasskemezirici.casd.cz\/index.php?rest_route=\/wp\/v2\/posts\/10945","targetHints":{"allow":["GET"]}}],"collection":[{"href":"https:\/\/valasskemezirici.casd.cz\/index.php?rest_route=\/wp\/v2\/posts"}],"about":[{"href":"https:\/\/valasskemezirici.casd.cz\/index.php?rest_route=\/wp\/v2\/types\/post"}],"author":[{"embeddable":true,"href":"https:\/\/valasskemezirici.casd.cz\/index.php?rest_route=\/wp\/v2\/users\/1"}],"replies":[{"embeddable":true,"href":"https:\/\/valasskemezirici.casd.cz\/index.php?rest_route=%2Fwp%2Fv2%2Fcomments&post=10945"}],"version-history":[{"count":1,"href":"https:\/\/valasskemezirici.casd.cz\/index.php?rest_route=\/wp\/v2\/posts\/10945\/revisions"}],"predecessor-version":[{"id":10947,"href":"https:\/\/valasskemezirici.casd.cz\/index.php?rest_route=\/wp\/v2\/posts\/10945\/revisions\/10947"}],"wp:attachment":[{"href":"https:\/\/valasskemezirici.casd.cz\/index.php?rest_route=%2Fwp%2Fv2%2Fmedia&parent=10945"}],"wp:term":[{"taxonomy":"category","embeddable":true,"href":"https:\/\/valasskemezirici.casd.cz\/index.php?rest_route=%2Fwp%2Fv2%2Fcategories&post=10945"},{"taxonomy":"post_tag","embeddable":true,"href":"https:\/\/valasskemezirici.casd.cz\/index.php?rest_route=%2Fwp%2Fv2%2Ftags&post=10945"}],"curies":[{"name":"wp","href":"https:\/\/api.w.org\/{rel}","templated":true}]}}