{"id":10979,"date":"2026-02-07T17:55:38","date_gmt":"2026-02-07T16:55:38","guid":{"rendered":"https:\/\/valasskemezirici.casd.cz\/?p=10979"},"modified":"2026-02-07T18:06:04","modified_gmt":"2026-02-07T17:06:04","slug":"modlitebni-setkavani-2026","status":"publish","type":"post","link":"https:\/\/valasskemezirici.casd.cz\/?p=10979","title":{"rendered":"Modlitebn\u00ed setk\u00e1n\u00ed 2026"},"content":{"rendered":"<h4>Od \u00fater\u00fd 10.\u00fanora znovu rozj\u00ed\u017ed\u00edme modlitebn\u00ed setk\u00e1n\u00ed. Prob\u00edhat budou <span style=\"color: #ff0000;\">od 18.hodin a sch\u00e1zet se budeme po rodin\u00e1ch<\/span>, v\u017edy podle aktu\u00e1ln\u00ed domluvy.<\/h4>\n<h4>Proto\u017ee bude od 9.\u00fanora prob\u00edhat <span style=\"color: #ff0000;\">N\u00e1rodn\u00ed t\u00fdden man\u017eelstv\u00ed<\/span>, spoj\u00edme ob\u011b akce a na modlitebn\u00edch setk\u00e1n\u00edch budeme prob\u00edrat tak\u00e9 p\u0159edn\u00e1\u0161ky k&nbsp;NTM.<\/h4>\n<h4>Sejdeme se :<\/h4>\n<ul>\n<li>\n<h4>10.\u00fanora u Ch\u00e1r\u016f<\/h4>\n<\/li>\n<li>\n<h4>12.\u00fanora u Mro\u010dk\u016f<\/h4>\n<\/li>\n<li>\n<h4>14.\u00fanora v r\u00e1mci bohoslu\u017eby<\/h4>\n<\/li>\n<\/ul>\n<p><img loading=\"lazy\" decoding=\"async\" class=\"alignnone wp-image-10946\" src=\"https:\/\/valasskemezirici.casd.cz\/wp-content\/uploads\/2026\/01\/Snimek-obrazovky-2026-01-31-210728.png\" alt=\"\" width=\"565\" height=\"445\" srcset=\"https:\/\/valasskemezirici.casd.cz\/wp-content\/uploads\/2026\/01\/Snimek-obrazovky-2026-01-31-210728.png 1059w, https:\/\/valasskemezirici.casd.cz\/wp-content\/uploads\/2026\/01\/Snimek-obrazovky-2026-01-31-210728-300x236.png 300w, https:\/\/valasskemezirici.casd.cz\/wp-content\/uploads\/2026\/01\/Snimek-obrazovky-2026-01-31-210728-1024x806.png 1024w, https:\/\/valasskemezirici.casd.cz\/wp-content\/uploads\/2026\/01\/Snimek-obrazovky-2026-01-31-210728-768x605.png 768w\" sizes=\"auto, (max-width: 565px) 100vw, 565px\" \/><\/p>\n","protected":false},"excerpt":{"rendered":"<p>Od \u00fater\u00fd 10.\u00fanora znovu rozj\u00ed\u017ed\u00edme modlitebn\u00ed setk\u00e1n\u00ed. Prob\u00edhat budou od 18.hodin a sch\u00e1zet se budeme po rodin\u00e1ch, v\u017edy podle aktu\u00e1ln\u00ed domluvy. Proto\u017ee bude od 9.\u00fanora prob\u00edhat N\u00e1rodn\u00ed t\u00fdden man\u017eelstv\u00ed, spoj\u00edme ob\u011b akce a na modlitebn\u00edch setk\u00e1n\u00edch budeme prob\u00edrat tak\u00e9 p\u0159edn\u00e1\u0161ky k&nbsp;NTM. Sejdeme se : 10.\u00fanora u Ch\u00e1r\u016f 12.\u00fanora u Mro\u010dk\u016f 14.\u00fanora v r\u00e1mci bohoslu\u017eby<\/p>\n","protected":false},"author":1,"featured_media":0,"comment_status":"closed","ping_status":"open","sticky":false,"template":"","format":"standard","meta":{"ngg_post_thumbnail":0,"footnotes":""},"categories":[1],"tags":[],"class_list":["post-10979","post","type-post","status-publish","format-standard","hentry","category-nezarazene"],"_links":{"self":[{"href":"https:\/\/valasskemezirici.casd.cz\/index.php?rest_route=\/wp\/v2\/posts\/10979","targetHints":{"allow":["GET"]}}],"collection":[{"href":"https:\/\/valasskemezirici.casd.cz\/index.php?rest_route=\/wp\/v2\/posts"}],"about":[{"href":"https:\/\/valasskemezirici.casd.cz\/index.php?rest_route=\/wp\/v2\/types\/post"}],"author":[{"embeddable":true,"href":"https:\/\/valasskemezirici.casd.cz\/index.php?rest_route=\/wp\/v2\/users\/1"}],"replies":[{"embeddable":true,"href":"https:\/\/valasskemezirici.casd.cz\/index.php?rest_route=%2Fwp%2Fv2%2Fcomments&post=10979"}],"version-history":[{"count":5,"href":"https:\/\/valasskemezirici.casd.cz\/index.php?rest_route=\/wp\/v2\/posts\/10979\/revisions"}],"predecessor-version":[{"id":10995,"href":"https:\/\/valasskemezirici.casd.cz\/index.php?rest_route=\/wp\/v2\/posts\/10979\/revisions\/10995"}],"wp:attachment":[{"href":"https:\/\/valasskemezirici.casd.cz\/index.php?rest_route=%2Fwp%2Fv2%2Fmedia&parent=10979"}],"wp:term":[{"taxonomy":"category","embeddable":true,"href":"https:\/\/valasskemezirici.casd.cz\/index.php?rest_route=%2Fwp%2Fv2%2Fcategories&post=10979"},{"taxonomy":"post_tag","embeddable":true,"href":"https:\/\/valasskemezirici.casd.cz\/index.php?rest_route=%2Fwp%2Fv2%2Ftags&post=10979"}],"curies":[{"name":"wp","href":"https:\/\/api.w.org\/{rel}","templated":true}]}}