{"id":10992,"date":"2026-02-07T18:04:58","date_gmt":"2026-02-07T17:04:58","guid":{"rendered":"https:\/\/valasskemezirici.casd.cz\/?p=10992"},"modified":"2026-02-07T18:04:59","modified_gmt":"2026-02-07T17:04:59","slug":"akce-v-nejblizsich-dnech","status":"publish","type":"post","link":"https:\/\/valasskemezirici.casd.cz\/?p=10992","title":{"rendered":"Akce v nejbli\u017e\u0161\u00edch dnech"},"content":{"rendered":"<h4>Akce pro nejbli\u017e\u0161\u00ed dny:<\/h4>\n<ul>\n<li>8.\u00fanora \u2013 10.00 hodin <strong>bohoslu\u017eba Chulig\u00e1n\u016f<\/strong> v na\u0161\u00ed modlitebn\u011b<\/li>\n<li>8.\u00fanora \u2013 16.00 hodin Velk\u00fd s\u00e1l C\u00edrkve pro Valmez \u2013 akce v r\u00e1mci <strong>festivalu Chaverut<\/strong> \u2013 rab\u00edn David Maxa \u2013 \u201eRole Boha v p\u0159\u00edb\u011bhu Kaina a \u00c1bela\u201c<\/li>\n<li>10.\u00fanora \u2013 18.00 hodin <strong>modlitebn\u00ed setk\u00e1n\u00ed<\/strong> u Ch\u00e1r\u016f<\/li>\n<li>12.\u00fanora \u2013 18.00 hodin <strong>modlitebn\u00ed setk\u00e1n\u00ed<\/strong> u Mro\u010dk\u016f<\/li>\n<li>14.\u00fanora \u2013 9.30 hodin <strong>spole\u010dn\u00e1 bohoslu\u017eba se sborem Nov\u00fd Ji\u010d\u00edn<\/strong> ve sboru Valmez + agap\u00e9<\/li>\n<li>15.\u00fanora \u2013 16.00 hodin modlitebna CASD Valmez \u2013 akce v r\u00e1mci <strong>festivalu Chaverut<\/strong> \u2013 p\u0159edseda ICEJ Radek Hejret \u2013 \u201eOpustil Hospodin 7.\u0159\u00edjna 2023 sv\u016fj lid?\u201c<\/li>\n<li>17.\u00fanora &#8211; 18.00 hodin <strong>modlitebn\u00ed setk\u00e1n\u00ed<\/strong><\/li>\n<li>19.\u00fanora \u2013 17.30 hodin mal\u00fd s\u00e1l Knihovny Valmez \u2013 <strong>beseda Adra Klubu zdrav\u00ed v r\u00e1mci N\u00e1rodn\u00edho t\u00fddne man\u017eelsv\u00ed<\/strong>&nbsp;\u2013 Jan a Marcela Furstovi \u2013 \u201eM\u00fdty v man\u017eelstv\u00ed\u201c<\/li>\n<\/ul>\n","protected":false},"excerpt":{"rendered":"<p>Akce pro nejbli\u017e\u0161\u00ed dny: 8.\u00fanora \u2013 10.00 hodin bohoslu\u017eba Chulig\u00e1n\u016f v na\u0161\u00ed modlitebn\u011b 8.\u00fanora \u2013 16.00 hodin Velk\u00fd s\u00e1l C\u00edrkve pro Valmez \u2013 akce v r\u00e1mci festivalu Chaverut \u2013 rab\u00edn David Maxa \u2013 \u201eRole Boha v p\u0159\u00edb\u011bhu Kaina a \u00c1bela\u201c 10.\u00fanora \u2013 18.00 hodin modlitebn\u00ed setk\u00e1n\u00ed u Ch\u00e1r\u016f 12.\u00fanora \u2013 18.00 hodin modlitebn\u00ed setk\u00e1n\u00ed u [&hellip;]<\/p>\n","protected":false},"author":1,"featured_media":0,"comment_status":"closed","ping_status":"open","sticky":false,"template":"","format":"standard","meta":{"ngg_post_thumbnail":0,"footnotes":""},"categories":[1],"tags":[],"class_list":["post-10992","post","type-post","status-publish","format-standard","hentry","category-nezarazene"],"_links":{"self":[{"href":"https:\/\/valasskemezirici.casd.cz\/index.php?rest_route=\/wp\/v2\/posts\/10992","targetHints":{"allow":["GET"]}}],"collection":[{"href":"https:\/\/valasskemezirici.casd.cz\/index.php?rest_route=\/wp\/v2\/posts"}],"about":[{"href":"https:\/\/valasskemezirici.casd.cz\/index.php?rest_route=\/wp\/v2\/types\/post"}],"author":[{"embeddable":true,"href":"https:\/\/valasskemezirici.casd.cz\/index.php?rest_route=\/wp\/v2\/users\/1"}],"replies":[{"embeddable":true,"href":"https:\/\/valasskemezirici.casd.cz\/index.php?rest_route=%2Fwp%2Fv2%2Fcomments&post=10992"}],"version-history":[{"count":1,"href":"https:\/\/valasskemezirici.casd.cz\/index.php?rest_route=\/wp\/v2\/posts\/10992\/revisions"}],"predecessor-version":[{"id":10993,"href":"https:\/\/valasskemezirici.casd.cz\/index.php?rest_route=\/wp\/v2\/posts\/10992\/revisions\/10993"}],"wp:attachment":[{"href":"https:\/\/valasskemezirici.casd.cz\/index.php?rest_route=%2Fwp%2Fv2%2Fmedia&parent=10992"}],"wp:term":[{"taxonomy":"category","embeddable":true,"href":"https:\/\/valasskemezirici.casd.cz\/index.php?rest_route=%2Fwp%2Fv2%2Fcategories&post=10992"},{"taxonomy":"post_tag","embeddable":true,"href":"https:\/\/valasskemezirici.casd.cz\/index.php?rest_route=%2Fwp%2Fv2%2Ftags&post=10992"}],"curies":[{"name":"wp","href":"https:\/\/api.w.org\/{rel}","templated":true}]}}