{"id":11024,"date":"2026-02-14T21:28:29","date_gmt":"2026-02-14T20:28:29","guid":{"rendered":"https:\/\/valasskemezirici.casd.cz\/?p=11024"},"modified":"2026-02-14T21:28:39","modified_gmt":"2026-02-14T20:28:39","slug":"dalsi-akce-festivalu-chaverut","status":"publish","type":"post","link":"https:\/\/valasskemezirici.casd.cz\/?p=11024","title":{"rendered":"Dal\u0161\u00ed akce festivalu Chaverut"},"content":{"rendered":"<h3 style=\"text-align: justify;\">Ned\u011ble <span style=\"color: #ff0000;\">15.2.2026 v 16 hodin<\/span> v modlitebn\u011b C\u00edrkve adventist\u016f sedm\u00e9ho dne se uskute\u010dn\u00ed <span style=\"color: #ff0000;\">beseda s p\u0159edsedou ICEJ Radkem Hejretem<\/span> na t\u00e9ma &#8222;Opustil Hospodin 7.\u0159\u00edjna 2023 sv\u016fj lid ? &#8220; . Poslechneme si osobn\u00ed sv\u011bdectv\u00ed o pobytu v Izraeli v dob\u011b teroristick\u00e9ho \u00fatoku v P\u00e1smu Gazy. Hudebn\u00ed doprovod Ludmila Hejretov\u00e1.<\/h3>\n<p><img loading=\"lazy\" decoding=\"async\" class=\"alignnone wp-image-11025\" src=\"https:\/\/valasskemezirici.casd.cz\/wp-content\/uploads\/2026\/02\/izrael.webp\" alt=\"\" width=\"596\" height=\"335\" srcset=\"https:\/\/valasskemezirici.casd.cz\/wp-content\/uploads\/2026\/02\/izrael.webp 1024w, https:\/\/valasskemezirici.casd.cz\/wp-content\/uploads\/2026\/02\/izrael-300x169.webp 300w, https:\/\/valasskemezirici.casd.cz\/wp-content\/uploads\/2026\/02\/izrael-768x432.webp 768w\" sizes=\"auto, (max-width: 596px) 100vw, 596px\" \/><\/p>\n","protected":false},"excerpt":{"rendered":"<p>Ned\u011ble 15.2.2026 v 16 hodin v modlitebn\u011b C\u00edrkve adventist\u016f sedm\u00e9ho dne se uskute\u010dn\u00ed beseda s p\u0159edsedou ICEJ Radkem Hejretem na t\u00e9ma &#8222;Opustil Hospodin 7.\u0159\u00edjna 2023 sv\u016fj lid ? &#8220; . Poslechneme si osobn\u00ed sv\u011bdectv\u00ed o pobytu v Izraeli v dob\u011b teroristick\u00e9ho \u00fatoku v P\u00e1smu Gazy. Hudebn\u00ed doprovod Ludmila Hejretov\u00e1.<\/p>\n","protected":false},"author":1,"featured_media":0,"comment_status":"closed","ping_status":"open","sticky":false,"template":"","format":"standard","meta":{"ngg_post_thumbnail":0,"footnotes":""},"categories":[1],"tags":[],"class_list":["post-11024","post","type-post","status-publish","format-standard","hentry","category-nezarazene"],"_links":{"self":[{"href":"https:\/\/valasskemezirici.casd.cz\/index.php?rest_route=\/wp\/v2\/posts\/11024","targetHints":{"allow":["GET"]}}],"collection":[{"href":"https:\/\/valasskemezirici.casd.cz\/index.php?rest_route=\/wp\/v2\/posts"}],"about":[{"href":"https:\/\/valasskemezirici.casd.cz\/index.php?rest_route=\/wp\/v2\/types\/post"}],"author":[{"embeddable":true,"href":"https:\/\/valasskemezirici.casd.cz\/index.php?rest_route=\/wp\/v2\/users\/1"}],"replies":[{"embeddable":true,"href":"https:\/\/valasskemezirici.casd.cz\/index.php?rest_route=%2Fwp%2Fv2%2Fcomments&post=11024"}],"version-history":[{"count":2,"href":"https:\/\/valasskemezirici.casd.cz\/index.php?rest_route=\/wp\/v2\/posts\/11024\/revisions"}],"predecessor-version":[{"id":11027,"href":"https:\/\/valasskemezirici.casd.cz\/index.php?rest_route=\/wp\/v2\/posts\/11024\/revisions\/11027"}],"wp:attachment":[{"href":"https:\/\/valasskemezirici.casd.cz\/index.php?rest_route=%2Fwp%2Fv2%2Fmedia&parent=11024"}],"wp:term":[{"taxonomy":"category","embeddable":true,"href":"https:\/\/valasskemezirici.casd.cz\/index.php?rest_route=%2Fwp%2Fv2%2Fcategories&post=11024"},{"taxonomy":"post_tag","embeddable":true,"href":"https:\/\/valasskemezirici.casd.cz\/index.php?rest_route=%2Fwp%2Fv2%2Ftags&post=11024"}],"curies":[{"name":"wp","href":"https:\/\/api.w.org\/{rel}","templated":true}]}}