{"id":11034,"date":"2026-02-15T22:21:24","date_gmt":"2026-02-15T21:21:24","guid":{"rendered":"https:\/\/valasskemezirici.casd.cz\/?p=11034"},"modified":"2026-02-15T22:21:50","modified_gmt":"2026-02-15T21:21:50","slug":"beseda-v-ramci-festivalu-chaverut-v-nasi-modlitebne","status":"publish","type":"post","link":"https:\/\/valasskemezirici.casd.cz\/?p=11034","title":{"rendered":"Beseda v r\u00e1mci festivalu Chaverut v na\u0161\u00ed modlitebn\u011b"},"content":{"rendered":"<div dir=\"auto\" style=\"text-align: justify;\">Dnes 15.2.2026 se v na\u0161em sboru konala dal\u0161\u00ed akce festivalu Chaverut, kter\u00fd se v na\u0161em m\u011bst\u011b po\u0159\u00e1d\u00e1 ji\u017e 22.rokem. Hostem byl <strong>p\u0159edseda ICEJ Radek Hejret<\/strong> se svoj\u00ed man\u017eelkou, kter\u00fd n\u00e1m na z\u00e1klad\u011b vlastn\u00edch pro\u017eitk\u016f zodpov\u011bd\u011bl ot\u00e1zku <strong>&#8222;Opustil Hospodin 7.\u0159\u00edjna 2023 sv\u016fj lid?&#8220;<\/strong> . Pr\u00e1v\u011b v tento den se nach\u00e1zel v Izraeli. Poutavou a dojemnou besedu doplnila pan\u00ed Hejretov\u00e1 kr\u00e1sn\u00fdmi p\u00edsn\u011bmi.<\/div>\n<div dir=\"auto\">Pro\u017eili jsme po\u017eehnan\u00fd ve\u010der spojen\u00fd s modlitbami za Izrael. Neust\u00e1vejme v nich ani nad\u00e1le. B\u016fh n\u00e1s k tomu vyz\u00fdv\u00e1 ve sv\u00e9m Slovu &#x2665;.<\/div>\n<div dir=\"auto\">Podrobn\u00fd popis p\u0159edn\u00e1\u0161ky najdete v na\u0161em b\u0159eznov\u00e9m bulletinu.<\/div>\n<div dir=\"auto\">Z\u00e1znam p\u0159edn\u00e1\u0161ky bude um\u00edst\u011bn na youtube kan\u00e1l na\u0161eho sboru &#8222;sbor CASD ValMez&#8220; a na www.kzvalmez.cz .<\/div>\n<div dir=\"auto\"><img loading=\"lazy\" decoding=\"async\" class=\"alignnone wp-image-11035\" src=\"https:\/\/valasskemezirici.casd.cz\/wp-content\/uploads\/2026\/02\/b7.jpeg\" alt=\"\" width=\"624\" height=\"416\" srcset=\"https:\/\/valasskemezirici.casd.cz\/wp-content\/uploads\/2026\/02\/b7.jpeg 1600w, https:\/\/valasskemezirici.casd.cz\/wp-content\/uploads\/2026\/02\/b7-300x200.jpeg 300w, https:\/\/valasskemezirici.casd.cz\/wp-content\/uploads\/2026\/02\/b7-1024x682.jpeg 1024w, https:\/\/valasskemezirici.casd.cz\/wp-content\/uploads\/2026\/02\/b7-768x512.jpeg 768w, https:\/\/valasskemezirici.casd.cz\/wp-content\/uploads\/2026\/02\/b7-1536x1023.jpeg 1536w\" sizes=\"auto, (max-width: 624px) 100vw, 624px\" \/> <img loading=\"lazy\" decoding=\"async\" class=\"alignnone wp-image-11036\" src=\"https:\/\/valasskemezirici.casd.cz\/wp-content\/uploads\/2026\/02\/b8.jpeg\" alt=\"\" width=\"624\" height=\"416\" srcset=\"https:\/\/valasskemezirici.casd.cz\/wp-content\/uploads\/2026\/02\/b8.jpeg 1600w, https:\/\/valasskemezirici.casd.cz\/wp-content\/uploads\/2026\/02\/b8-300x200.jpeg 300w, https:\/\/valasskemezirici.casd.cz\/wp-content\/uploads\/2026\/02\/b8-1024x682.jpeg 1024w, https:\/\/valasskemezirici.casd.cz\/wp-content\/uploads\/2026\/02\/b8-768x512.jpeg 768w, https:\/\/valasskemezirici.casd.cz\/wp-content\/uploads\/2026\/02\/b8-1536x1023.jpeg 1536w\" sizes=\"auto, (max-width: 624px) 100vw, 624px\" \/><\/div>\n<div dir=\"auto\"><img loading=\"lazy\" decoding=\"async\" class=\"alignnone wp-image-11037\" src=\"https:\/\/valasskemezirici.casd.cz\/wp-content\/uploads\/2026\/02\/b5.jpeg\" alt=\"\" width=\"623\" height=\"415\" srcset=\"https:\/\/valasskemezirici.casd.cz\/wp-content\/uploads\/2026\/02\/b5.jpeg 1600w, https:\/\/valasskemezirici.casd.cz\/wp-content\/uploads\/2026\/02\/b5-300x200.jpeg 300w, https:\/\/valasskemezirici.casd.cz\/wp-content\/uploads\/2026\/02\/b5-1024x682.jpeg 1024w, https:\/\/valasskemezirici.casd.cz\/wp-content\/uploads\/2026\/02\/b5-768x512.jpeg 768w, https:\/\/valasskemezirici.casd.cz\/wp-content\/uploads\/2026\/02\/b5-1536x1023.jpeg 1536w\" sizes=\"auto, (max-width: 623px) 100vw, 623px\" \/><\/div>\n","protected":false},"excerpt":{"rendered":"<p>Dnes 15.2.2026 se v na\u0161em sboru konala dal\u0161\u00ed akce festivalu Chaverut, kter\u00fd se v na\u0161em m\u011bst\u011b po\u0159\u00e1d\u00e1 ji\u017e 22.rokem. Hostem byl p\u0159edseda ICEJ Radek Hejret se svoj\u00ed man\u017eelkou, kter\u00fd n\u00e1m na z\u00e1klad\u011b vlastn\u00edch pro\u017eitk\u016f zodpov\u011bd\u011bl ot\u00e1zku &#8222;Opustil Hospodin 7.\u0159\u00edjna 2023 sv\u016fj lid?&#8220; . Pr\u00e1v\u011b v tento den se nach\u00e1zel v Izraeli. Poutavou a dojemnou besedu [&hellip;]<\/p>\n","protected":false},"author":1,"featured_media":0,"comment_status":"closed","ping_status":"open","sticky":false,"template":"","format":"standard","meta":{"ngg_post_thumbnail":0,"footnotes":""},"categories":[1],"tags":[],"class_list":["post-11034","post","type-post","status-publish","format-standard","hentry","category-nezarazene"],"_links":{"self":[{"href":"https:\/\/valasskemezirici.casd.cz\/index.php?rest_route=\/wp\/v2\/posts\/11034","targetHints":{"allow":["GET"]}}],"collection":[{"href":"https:\/\/valasskemezirici.casd.cz\/index.php?rest_route=\/wp\/v2\/posts"}],"about":[{"href":"https:\/\/valasskemezirici.casd.cz\/index.php?rest_route=\/wp\/v2\/types\/post"}],"author":[{"embeddable":true,"href":"https:\/\/valasskemezirici.casd.cz\/index.php?rest_route=\/wp\/v2\/users\/1"}],"replies":[{"embeddable":true,"href":"https:\/\/valasskemezirici.casd.cz\/index.php?rest_route=%2Fwp%2Fv2%2Fcomments&post=11034"}],"version-history":[{"count":1,"href":"https:\/\/valasskemezirici.casd.cz\/index.php?rest_route=\/wp\/v2\/posts\/11034\/revisions"}],"predecessor-version":[{"id":11038,"href":"https:\/\/valasskemezirici.casd.cz\/index.php?rest_route=\/wp\/v2\/posts\/11034\/revisions\/11038"}],"wp:attachment":[{"href":"https:\/\/valasskemezirici.casd.cz\/index.php?rest_route=%2Fwp%2Fv2%2Fmedia&parent=11034"}],"wp:term":[{"taxonomy":"category","embeddable":true,"href":"https:\/\/valasskemezirici.casd.cz\/index.php?rest_route=%2Fwp%2Fv2%2Fcategories&post=11034"},{"taxonomy":"post_tag","embeddable":true,"href":"https:\/\/valasskemezirici.casd.cz\/index.php?rest_route=%2Fwp%2Fv2%2Ftags&post=11034"}],"curies":[{"name":"wp","href":"https:\/\/api.w.org\/{rel}","templated":true}]}}