{"id":11042,"date":"2026-02-22T20:44:51","date_gmt":"2026-02-22T19:44:51","guid":{"rendered":"https:\/\/valasskemezirici.casd.cz\/?p=11042"},"modified":"2026-02-22T20:44:53","modified_gmt":"2026-02-22T19:44:53","slug":"sobota-21-unora-2026","status":"publish","type":"post","link":"https:\/\/valasskemezirici.casd.cz\/?p=11042","title":{"rendered":"Sobota 21.\u00fanora 2026"},"content":{"rendered":"<p style=\"text-align: justify;\">Dne\u0161n\u00ed sobota byla na po\u010det p\u0159\u00edtomn\u00fdch slab\u0161\u00ed, proto\u017ee \u0159ada \u010dlen\u016f odjela z d\u016fvodu n\u00e1v\u0161t\u011bv do jin\u00fdch sbor\u016f. Kdy\u017e v pr\u016fb\u011bhu sobotn\u00ed \u0161koly p\u0159i\u0161el k\u00e1zaj\u00edc\u00ed Jirka Kloda ze sboru Vset\u00edn, zavr\u0161il se po\u010det 15 p\u0159\u00edtomn\u00fdch.<\/p>\n<p style=\"text-align: justify;\">Shrom\u00e1\u017ed\u011bn\u00ed zah\u00e1jil br. Pavel Pimek. &nbsp;Sestra Iva Ch\u00e1rov\u00e1, kter\u00e1 obvykle zaji\u0161\u0165uje ozvu\u010den\u00ed, hudebn\u00ed doprovod a projekci \u017ealm\u016f tak\u00e9 odcestovala, tak\u017ee se v&nbsp;prvn\u00ed polovin\u011b shrom\u00e1\u017ed\u011bn\u00ed ujala hudebn\u00edho doprovodu na klav\u00edr sestra Zdeni\u010dka Pimkov\u00e1 a ve druh\u00e9 polovin\u011b bylo zprovozn\u011bno audio za\u0159\u00edzen\u00ed. T\u00edm jsme zavzpom\u00ednali na \u201estar\u00e9 \u010dasy\u201c &#x1f60a;.<\/p>\n<p style=\"text-align: justify;\">Bylo mil\u00e9, \u017ee br. Petrovi\u010d neporu\u0161il tradici a pokra\u010doval ve \u010dten\u00ed \u017ealm\u016f. Z&nbsp;d\u016fvod\u016f velmi dlouh\u00e9ho 89. \u017ealmu byl \u010dten \u017dalm 90. Bratr Petrovi\u010d pak d\u00e1le setrval za kazatelsk\u00fdm pult\u00edkem, aby pevnou rukou sbor provedl sobotn\u00ed \u0161kolou. Nejd\u0159\u00edve ale zopakoval pr\u016fvodn\u00ed my\u0161lenky sobotn\u00ed \u0161koly z&nbsp;minul\u00e9ho t\u00fddne. Po tomto shrnut\u00ed, pak voln\u011b nav\u00e1zal na t\u00e9ma ur\u010den\u00e9 pro tento t\u00fdden s&nbsp;n\u00e1zvem \u201e<strong>Kristus nade v\u0161\u00edm<\/strong>\u201c. Od t\u00e9to lekce se na\u0161e pozornost zam\u011b\u0159\u00ed na Pavl\u016fv dopis Kolosk\u00fdm. P\u0159i studiu jsme se v\u011bnovali jednomu z nejvzne\u0161en\u011bj\u0161\u00edch text\u016f o Je\u017e\u00ed\u0161i Kristu v Nov\u00e9m z\u00e1kon\u011b, kter\u00fd nach\u00e1z\u00edme v Ko 1,13\u201319. P\u0159em\u00fd\u0161leli jsme, co to znamen\u00e1, \u017ee Je\u017e\u00ed\u0161 je obrazem neviditeln\u00e9ho Boha, Stvo\u0159itelem a hlavou c\u00edrkve.<\/p>\n<p><img loading=\"lazy\" decoding=\"async\" class=\"alignnone wp-image-11043\" src=\"https:\/\/valasskemezirici.casd.cz\/wp-content\/uploads\/2026\/02\/c2.jpeg\" alt=\"\" width=\"587\" height=\"391\" srcset=\"https:\/\/valasskemezirici.casd.cz\/wp-content\/uploads\/2026\/02\/c2.jpeg 1600w, https:\/\/valasskemezirici.casd.cz\/wp-content\/uploads\/2026\/02\/c2-300x200.jpeg 300w, https:\/\/valasskemezirici.casd.cz\/wp-content\/uploads\/2026\/02\/c2-1024x682.jpeg 1024w, https:\/\/valasskemezirici.casd.cz\/wp-content\/uploads\/2026\/02\/c2-768x512.jpeg 768w, https:\/\/valasskemezirici.casd.cz\/wp-content\/uploads\/2026\/02\/c2-1536x1023.jpeg 1536w\" sizes=\"auto, (max-width: 587px) 100vw, 587px\" \/><\/p>\n<p><!--more--><\/p>\n<p style=\"text-align: justify;\">D\u016fvody, kter\u00e9 Pavel uvedl pro Je\u017e\u00ed\u0161ovo v\u00fdjime\u010dn\u00e9 postaven\u00ed:<\/p>\n<ul style=\"text-align: justify;\">\n<li>Je dokonal\u00fdm projevem neviditeln\u00e9ho Boha.<\/li>\n<li>Je prost\u0159edn\u00edkem, skrze n\u011bho\u017e byly stvo\u0159eny v\u0161echny v\u011bci.<\/li>\n<li>Existoval p\u0159ede v\u0161\u00edm a v\u0161echno je sjednoceno v n\u011bm.<\/li>\n<li>Je hlavou c\u00edrkve, kter\u00e1 je jeho t\u011blem.<\/li>\n<li>Je p\u016fvodcem stvo\u0159en\u00ed i nov\u00e9ho stvo\u0159en\u00ed.<\/li>\n<li>P\u0159emohl h\u0159\u00edch a smrt, a tak si zaslou\u017eil pr\u00e1vo vzk\u0159\u00edsit v\u0161echny, kte\u0159\u00ed v n\u011bj vlo\u017e\u00ed svou d\u016fv\u011bru jako ve Spasitele.<\/li>\n<li>Je\u017e\u00ed\u0161 v\u017edy existoval, ale nyn\u00ed, d\u00edky sv\u00e9mu d\u00edlu, z\u00edskal p\u0159edn\u00ed postaven\u00ed jako hlava lidstva a hlava c\u00edrkve.<\/li>\n<\/ul>\n<p style=\"text-align: justify;\">P\u0159es nesm\u011bl\u00e9 po\u010d\u00e1te\u010dn\u00ed reakce ze sborov\u00fdch lavic a hled\u00e1n\u00ed odpov\u011bd\u00ed na nelehk\u00e9 ot\u00e1zky, byla nakonec \u00fa\u010dast na diskuzi pom\u011brn\u011b bohat\u00e1 a pestr\u00e1.<\/p>\n<p style=\"text-align: justify;\">K\u00e1z\u00e1n\u00edm z&nbsp;Bo\u017e\u00edho slova n\u00e1m poslou\u017eil bratr Ji\u0159\u00ed Kloda a pokra\u010doval v&nbsp;n\u011bm ve sv\u00e9m d\u0159\u00edv\u011bj\u0161\u00edm uveden\u00e9m k\u00e1z\u00e1n\u00ed na t\u00e9ma <strong>Kristova velekn\u011b\u017esk\u00e1 modlitba<\/strong><\/p>\n<p style=\"text-align: justify;\">Citoval z&nbsp;evangelia Jan 17, 17., Jan 17, 26. a Jan 15, 12.-17.<\/p>\n<p style=\"text-align: justify;\">V&nbsp;Kristov\u011b velekn\u011b\u017esk\u00e9 modlitb\u011b je vid\u011bt prosbu pro u\u010dedn\u00edky, ale i z\u00e1m\u011br pro budouc\u00ed c\u00edrkve. Je to program, kter\u00fd p\u0159esahuje viditeln\u00e9 struktury r\u016fzn\u00fdch instituc\u00ed, je v\u0161eobecn\u00fd. Je to program jednoty, pravdy a l\u00e1sky. V&nbsp;17.ver\u0161i je apel na l\u00e1sku a jednotu.<\/p>\n<p style=\"text-align: justify;\">Dal\u0161\u00ed d\u00edl modlitby je za ty, kte\u0159\u00ed skrze jejich slovo uv\u011b\u0159\u00ed. To je nekone\u010dn\u00fd program, a\u017e do 2.p\u0159\u00edchodu Je\u017e\u00ed\u0161e Krista. C\u00edrkev, kter\u00e1 je nad instituc\u00ed, m\u00e1 reprezentovat program jednoty, pravdy a l\u00e1sky a my jsme povinni tento program napl\u0148ovat. A\u017e po reformaci m\u00e1me 4 epochy k\u0159es\u0165anstv\u00ed, 4 obdoby k\u0159es\u0165anstv\u00ed. Bratr Kloda je s n\u00e1mi probral a u ka\u017ed\u00e9 jsme se zam\u00fd\u0161leli nad t\u00edm, zda byly ony Kristovsk\u00e9 principy dodr\u017eeny. Audio z\u00e1znam k\u00e1z\u00e1n\u00ed najdete na na\u0161em webu.<\/p>\n<p><img loading=\"lazy\" decoding=\"async\" class=\"alignnone wp-image-11044\" src=\"https:\/\/valasskemezirici.casd.cz\/wp-content\/uploads\/2026\/02\/c6.jpeg\" alt=\"\" width=\"606\" height=\"404\" srcset=\"https:\/\/valasskemezirici.casd.cz\/wp-content\/uploads\/2026\/02\/c6.jpeg 1600w, https:\/\/valasskemezirici.casd.cz\/wp-content\/uploads\/2026\/02\/c6-300x200.jpeg 300w, https:\/\/valasskemezirici.casd.cz\/wp-content\/uploads\/2026\/02\/c6-1024x682.jpeg 1024w, https:\/\/valasskemezirici.casd.cz\/wp-content\/uploads\/2026\/02\/c6-768x512.jpeg 768w, https:\/\/valasskemezirici.casd.cz\/wp-content\/uploads\/2026\/02\/c6-1536x1023.jpeg 1536w\" sizes=\"auto, (max-width: 606px) 100vw, 606px\" \/><\/p>\n<p><img loading=\"lazy\" decoding=\"async\" class=\"alignnone wp-image-11045\" src=\"https:\/\/valasskemezirici.casd.cz\/wp-content\/uploads\/2026\/02\/c10.jpeg\" alt=\"\" width=\"612\" height=\"408\" srcset=\"https:\/\/valasskemezirici.casd.cz\/wp-content\/uploads\/2026\/02\/c10.jpeg 1600w, https:\/\/valasskemezirici.casd.cz\/wp-content\/uploads\/2026\/02\/c10-300x200.jpeg 300w, https:\/\/valasskemezirici.casd.cz\/wp-content\/uploads\/2026\/02\/c10-1024x682.jpeg 1024w, https:\/\/valasskemezirici.casd.cz\/wp-content\/uploads\/2026\/02\/c10-768x512.jpeg 768w, https:\/\/valasskemezirici.casd.cz\/wp-content\/uploads\/2026\/02\/c10-1536x1023.jpeg 1536w\" sizes=\"auto, (max-width: 612px) 100vw, 612px\" \/><\/p>\n<p style=\"text-align: justify;\">&nbsp;<\/p>\n","protected":false},"excerpt":{"rendered":"<p>Dne\u0161n\u00ed sobota byla na po\u010det p\u0159\u00edtomn\u00fdch slab\u0161\u00ed, proto\u017ee \u0159ada \u010dlen\u016f odjela z d\u016fvodu n\u00e1v\u0161t\u011bv do jin\u00fdch sbor\u016f. Kdy\u017e v pr\u016fb\u011bhu sobotn\u00ed \u0161koly p\u0159i\u0161el k\u00e1zaj\u00edc\u00ed Jirka Kloda ze sboru Vset\u00edn, zavr\u0161il se po\u010det 15 p\u0159\u00edtomn\u00fdch. Shrom\u00e1\u017ed\u011bn\u00ed zah\u00e1jil br. Pavel Pimek. &nbsp;Sestra Iva Ch\u00e1rov\u00e1, kter\u00e1 obvykle zaji\u0161\u0165uje ozvu\u010den\u00ed, hudebn\u00ed doprovod a projekci \u017ealm\u016f tak\u00e9 odcestovala, tak\u017ee se [&hellip;]<\/p>\n","protected":false},"author":1,"featured_media":0,"comment_status":"closed","ping_status":"open","sticky":false,"template":"","format":"standard","meta":{"ngg_post_thumbnail":0,"footnotes":""},"categories":[1],"tags":[],"class_list":["post-11042","post","type-post","status-publish","format-standard","hentry","category-nezarazene"],"_links":{"self":[{"href":"https:\/\/valasskemezirici.casd.cz\/index.php?rest_route=\/wp\/v2\/posts\/11042","targetHints":{"allow":["GET"]}}],"collection":[{"href":"https:\/\/valasskemezirici.casd.cz\/index.php?rest_route=\/wp\/v2\/posts"}],"about":[{"href":"https:\/\/valasskemezirici.casd.cz\/index.php?rest_route=\/wp\/v2\/types\/post"}],"author":[{"embeddable":true,"href":"https:\/\/valasskemezirici.casd.cz\/index.php?rest_route=\/wp\/v2\/users\/1"}],"replies":[{"embeddable":true,"href":"https:\/\/valasskemezirici.casd.cz\/index.php?rest_route=%2Fwp%2Fv2%2Fcomments&post=11042"}],"version-history":[{"count":1,"href":"https:\/\/valasskemezirici.casd.cz\/index.php?rest_route=\/wp\/v2\/posts\/11042\/revisions"}],"predecessor-version":[{"id":11046,"href":"https:\/\/valasskemezirici.casd.cz\/index.php?rest_route=\/wp\/v2\/posts\/11042\/revisions\/11046"}],"wp:attachment":[{"href":"https:\/\/valasskemezirici.casd.cz\/index.php?rest_route=%2Fwp%2Fv2%2Fmedia&parent=11042"}],"wp:term":[{"taxonomy":"category","embeddable":true,"href":"https:\/\/valasskemezirici.casd.cz\/index.php?rest_route=%2Fwp%2Fv2%2Fcategories&post=11042"},{"taxonomy":"post_tag","embeddable":true,"href":"https:\/\/valasskemezirici.casd.cz\/index.php?rest_route=%2Fwp%2Fv2%2Ftags&post=11042"}],"curies":[{"name":"wp","href":"https:\/\/api.w.org\/{rel}","templated":true}]}}