{"id":11065,"date":"2026-03-06T09:32:10","date_gmt":"2026-03-06T08:32:10","guid":{"rendered":"https:\/\/valasskemezirici.casd.cz\/?p=11065"},"modified":"2026-03-06T09:32:13","modified_gmt":"2026-03-06T08:32:13","slug":"dalsi-akce-festivalu-chaverut-2026","status":"publish","type":"post","link":"https:\/\/valasskemezirici.casd.cz\/?p=11065","title":{"rendered":"Dal\u0161\u00ed akce festivalu Chaverut 2026"},"content":{"rendered":"<h4 style=\"text-align: justify;\">V ned\u011bli <span style=\"color: #ff0000;\">8.b\u0159ezna 2026 prob\u011bhne od 16.00 hodin<\/span> v kostele \u010ceskobratrsk\u00e9 c\u00edrkve evangelick\u00e9 na ulici Blahoslavova ve Vala\u0161sk\u00e9m Mezi\u0159\u00ed\u010d\u00ed dal\u0161\u00ed z akc\u00ed festivalu <span style=\"color: #3366ff;\">Chaverut<\/span>. <span style=\"color: #ff0000;\">Teolog Pavel Ho\u0161ek<\/span> bude m\u00edt p\u0159edn\u00e1\u0161ku na t\u00e9ma <span style=\"color: #ff0000;\">&#8222;Sv\u011btlo ukryt\u00e9 do p\u0159\u00edb\u011bh\u016f: inspirace \u017eidovskou mystikou v \u010desk\u00e9 literatu\u0159e&#8220;<\/span>. Chasidsk\u00e9 hnut\u00ed mystick\u00e9ho zan\u00edcen\u00ed kdysi zas\u00e1hlo v\u00fdchodoevropsk\u00e9 \u017eidovsk\u00e9 obce jako p\u0159\u00edval, na na\u0161e \u00fazem\u00ed ale neproniklo. S jednou pozoruhodnou v\u00fdjimkou &#8211; oblast\u00ed kr\u00e1sn\u00e9 literatury: Ji\u0159\u00ed Langer, Egon Hostovsk\u00fd, Ivan Olbracht.<\/h4>\n<p><img loading=\"lazy\" decoding=\"async\" class=\"alignnone wp-image-11066\" src=\"https:\/\/valasskemezirici.casd.cz\/wp-content\/uploads\/2026\/03\/Snimek-obrazovky-2026-03-06-093053.png\" alt=\"\" width=\"610\" height=\"235\" srcset=\"https:\/\/valasskemezirici.casd.cz\/wp-content\/uploads\/2026\/03\/Snimek-obrazovky-2026-03-06-093053.png 807w, https:\/\/valasskemezirici.casd.cz\/wp-content\/uploads\/2026\/03\/Snimek-obrazovky-2026-03-06-093053-300x116.png 300w, https:\/\/valasskemezirici.casd.cz\/wp-content\/uploads\/2026\/03\/Snimek-obrazovky-2026-03-06-093053-768x296.png 768w\" sizes=\"auto, (max-width: 610px) 100vw, 610px\" \/><\/p>\n","protected":false},"excerpt":{"rendered":"<p>V ned\u011bli 8.b\u0159ezna 2026 prob\u011bhne od 16.00 hodin v kostele \u010ceskobratrsk\u00e9 c\u00edrkve evangelick\u00e9 na ulici Blahoslavova ve Vala\u0161sk\u00e9m Mezi\u0159\u00ed\u010d\u00ed dal\u0161\u00ed z akc\u00ed festivalu Chaverut. Teolog Pavel Ho\u0161ek bude m\u00edt p\u0159edn\u00e1\u0161ku na t\u00e9ma &#8222;Sv\u011btlo ukryt\u00e9 do p\u0159\u00edb\u011bh\u016f: inspirace \u017eidovskou mystikou v \u010desk\u00e9 literatu\u0159e&#8220;. Chasidsk\u00e9 hnut\u00ed mystick\u00e9ho zan\u00edcen\u00ed kdysi zas\u00e1hlo v\u00fdchodoevropsk\u00e9 \u017eidovsk\u00e9 obce jako p\u0159\u00edval, na na\u0161e [&hellip;]<\/p>\n","protected":false},"author":1,"featured_media":0,"comment_status":"closed","ping_status":"open","sticky":false,"template":"","format":"standard","meta":{"ngg_post_thumbnail":0,"footnotes":""},"categories":[1],"tags":[],"class_list":["post-11065","post","type-post","status-publish","format-standard","hentry","category-nezarazene"],"_links":{"self":[{"href":"https:\/\/valasskemezirici.casd.cz\/index.php?rest_route=\/wp\/v2\/posts\/11065","targetHints":{"allow":["GET"]}}],"collection":[{"href":"https:\/\/valasskemezirici.casd.cz\/index.php?rest_route=\/wp\/v2\/posts"}],"about":[{"href":"https:\/\/valasskemezirici.casd.cz\/index.php?rest_route=\/wp\/v2\/types\/post"}],"author":[{"embeddable":true,"href":"https:\/\/valasskemezirici.casd.cz\/index.php?rest_route=\/wp\/v2\/users\/1"}],"replies":[{"embeddable":true,"href":"https:\/\/valasskemezirici.casd.cz\/index.php?rest_route=%2Fwp%2Fv2%2Fcomments&post=11065"}],"version-history":[{"count":1,"href":"https:\/\/valasskemezirici.casd.cz\/index.php?rest_route=\/wp\/v2\/posts\/11065\/revisions"}],"predecessor-version":[{"id":11067,"href":"https:\/\/valasskemezirici.casd.cz\/index.php?rest_route=\/wp\/v2\/posts\/11065\/revisions\/11067"}],"wp:attachment":[{"href":"https:\/\/valasskemezirici.casd.cz\/index.php?rest_route=%2Fwp%2Fv2%2Fmedia&parent=11065"}],"wp:term":[{"taxonomy":"category","embeddable":true,"href":"https:\/\/valasskemezirici.casd.cz\/index.php?rest_route=%2Fwp%2Fv2%2Fcategories&post=11065"},{"taxonomy":"post_tag","embeddable":true,"href":"https:\/\/valasskemezirici.casd.cz\/index.php?rest_route=%2Fwp%2Fv2%2Ftags&post=11065"}],"curies":[{"name":"wp","href":"https:\/\/api.w.org\/{rel}","templated":true}]}}