{"id":11072,"date":"2026-03-07T19:07:22","date_gmt":"2026-03-07T18:07:22","guid":{"rendered":"https:\/\/valasskemezirici.casd.cz\/?p=11072"},"modified":"2026-03-07T19:26:00","modified_gmt":"2026-03-07T18:26:00","slug":"sobota-7-brezna-2026","status":"publish","type":"post","link":"https:\/\/valasskemezirici.casd.cz\/?p=11072","title":{"rendered":"Sobota 7.b\u0159ezna 2026"},"content":{"rendered":"<p style=\"text-align: justify;\">Z\u00e1hony sborov\u00e9 zahrady jsou obsypan\u00e9 jarn\u00edmi kv\u011bty, kter\u00e9 vyt\u00e1hlo slun\u00ed\u010dko z p\u016fdy ven. V\u00edtaly n\u00e1s sv\u00fdmi z\u00e1\u0159iv\u00fdmi barvami, a hned byl den veselej\u0161\u00ed. Op\u011bt n\u00e1s \u010dekala po\u017eehnan\u00e1 sobota.<\/p>\n<p style=\"text-align: justify;\">Sobotn\u00ed \u0161kolu jsme si probrali spolu se sestrou Ani\u010dkou Petrovi\u010dovou. M\u011bl n\u00e1zev \u201eBu\u010fte dokonal\u00ed v&nbsp;Kristu\u201c a na toto t\u00e9ma se rozho\u0159ela velmi \u017eiv\u00e1 diskuze.<\/p>\n<p style=\"text-align: justify;\">\u201eTak jako se lid\u00e9 v dob\u011b apo\u0161tol\u016f pokou\u0161eli pomoc\u00ed tradic a filozofi\u00ed podkopat v\u00edru v P\u00edsmo svat\u00e9, tak se o to sna\u017e\u00ed i dnes pomoc\u00ed my\u0161lenek historicko-kritick\u00e9 metody, evolu\u010dn\u00ed teorie, spiritismu, teosofie a panteismu. Pro mnoh\u00e9 je Bible jako lampa bez oleje, proto\u017ee se p\u0159iklonili ke spekulativn\u00ed v\u00ed\u0159e, kter\u00e1 vede k&nbsp;nedorozum\u011bn\u00ed a zmatk\u016fm. Historicko-kritick\u00e1 metoda, kter\u00e1 v\u0161e rozeb\u00edr\u00e1, dom\u00fd\u0161l\u00ed a op\u00edr\u00e1 se o domn\u011bnky, naru\u0161uje v\u00edru v Bibli jako v Bo\u017e\u00ed zjeven\u00ed. Okr\u00e1d\u00e1 Bo\u017e\u00ed slovo o moc ovl\u00e1dat a povzn\u00e1\u0161et \u017eivoty lid\u00ed a d\u00e1vat jim smysl. V\u011b\u0159\u00edc\u00ed by nem\u011bli p\u0159ij\u00edmat spiritualistick\u00e9 v\u00fdklady P\u00edsma. M\u011bli by bezv\u00fdhradn\u011b souhlasit s&nbsp;v\u011b\u010dn\u00fdmi pravdami obsa\u017een\u00fdmi v P\u00edsmu. M\u011bli by odhodit v\u0161echny n\u00e1zory, kter\u00e9 neodpov\u00eddaj\u00ed Kristovu u\u010den\u00ed a p\u0159em\u00fd\u0161let a rozj\u00edmat o Bo\u017e\u00ed pravd\u011b. Bibli by m\u011bli pova\u017eovat za Bo\u017e\u00ed hlas, kter\u00fd promlouv\u00e1 p\u0159\u00edmo k nim. Tak najdou moudrost, kter\u00e1 poch\u00e1z\u00ed od Boha.\u201c EGW<\/p>\n<p><img loading=\"lazy\" decoding=\"async\" class=\"alignnone wp-image-11073\" src=\"https:\/\/valasskemezirici.casd.cz\/wp-content\/uploads\/2026\/03\/d02.jpeg\" alt=\"\" width=\"626\" height=\"417\" srcset=\"https:\/\/valasskemezirici.casd.cz\/wp-content\/uploads\/2026\/03\/d02.jpeg 1600w, https:\/\/valasskemezirici.casd.cz\/wp-content\/uploads\/2026\/03\/d02-300x200.jpeg 300w, https:\/\/valasskemezirici.casd.cz\/wp-content\/uploads\/2026\/03\/d02-1024x682.jpeg 1024w, https:\/\/valasskemezirici.casd.cz\/wp-content\/uploads\/2026\/03\/d02-768x512.jpeg 768w, https:\/\/valasskemezirici.casd.cz\/wp-content\/uploads\/2026\/03\/d02-1536x1023.jpeg 1536w\" sizes=\"auto, (max-width: 626px) 100vw, 626px\" \/><\/p>\n<p><!--more--><\/p>\n<p style=\"text-align: justify;\">P\u0159ed k\u00e1z\u00e1n\u00edm jsme se pod\u00edvali na video, kter\u00e9 pro n\u00e1s p\u0159ipravila Iva Ch\u00e1rov\u00e1. Mohli jsme vid\u011bt cestu Ch\u00e1rov\u00fdch a Donov\u00fdch tento t\u00fdden na Ukrajinu, kam vezli potravinovou a finan\u010dn\u00ed pomoc ur\u010denou pro ute\u010dence v&nbsp;Rodnikovej Gut\u011b a ve m\u011bst\u011b Lozova v&nbsp;Charkovsk\u00e9 oblasti. Na projekci nav\u00e1zal sv\u00fdm k\u00e1z\u00e1n\u00edm Hynek Dona.<\/p>\n<p style=\"text-align: justify;\">Zde nab\u00edz\u00edme nejd\u016fle\u017eit\u011bj\u0161\u00ed my\u0161lenky:<\/p>\n<p style=\"text-align: justify;\"><em>P\u0159ed lety, kdy\u017e jsme jezdili na UA za Ivanem, \u017eila je\u0161t\u011b jeho maminka. Ka\u017ed\u00e1 jej\u00ed \u0159e\u010d bylo k\u00e1z\u00e1n\u00ed. R\u00e1da zametala dv\u016fr, dole byl obchod. S&nbsp;ka\u017ed\u00fdm se dala do \u0159e\u010di, za\u010dala po\u010das\u00edm, a pokra\u010dovala t\u00edm, jak je B\u016fh \u00fa\u017easn\u00fd. Vzala si vdovce s&nbsp;d\u011btmi, ale nikdy ned\u011blala rozd\u00edl mezi d\u011btmi. Byla \u00fa\u017easn\u00e1 \u017eena, kter\u00e1 \u017eila neust\u00e1le ve spojen\u00ed s&nbsp;Bohem.<\/em><\/p>\n<p style=\"text-align: justify;\"><em>Je 21.stolet\u00ed, dne\u0161n\u00ed trend nen\u00ed o tom uzav\u00edrat man\u017eelstv\u00ed. \u017dij\u00ed spolu \u201ena ps\u00ed kn\u00ed\u017eku\u201c. Z&nbsp;t\u011bch, kte\u0159\u00ed se vezmou, je 52% rozvod\u016f. Pro\u010d? V&nbsp;NTM se lid\u00e9 sna\u017e\u00ed to trochu popotla\u010dit, aby se man\u017eelstv\u00ed upevnilo. Co ho upev\u0148uje? Spole\u010dn\u00e1 \u010dinnost, v\u00edra, l\u00e1ska, d\u016fv\u011bra, odpu\u0161t\u011bn\u00ed. Abraham dlouho \u010dek\u00e1 na syna a kdy\u017e se dostane do v\u011bku, kdy by se m\u011bl o\u017eenit, zvol\u00ed nev\u0161edn\u00ed zp\u016fsob najit\u00ed man\u017eelky pro Iz\u00e1ka. 1Moj 24 \u2013 \u017dena pro Iz\u00e1ka. Abraham pos\u00edl\u00e1 slu\u017eebn\u00edka tam, odkud poch\u00e1zel, a nechal mu vybrat man\u017eelku, ne z&nbsp;\u017een kananejsk\u00fdch. Hospodin B\u016fh nebes promluvil ke mn\u011b a p\u0159\u00edsahal mi, \u017ee tuto zemi d\u00e1 m\u00e9mu potomstvu. On s\u00e1m vy\u0161le p\u0159ed tebou posla, a ty bude\u0161 moci vz\u00edt odtud \u017eenu pro m\u00e9ho syna. Sluha m\u00e1 po\u010d\u00edtat s&nbsp;P\u00e1nem Bohem, tak jako on s\u00e1m.<\/em><\/p>\n<p style=\"text-align: justify;\"><em>Man\u017eelstv\u00ed je stejn\u00e9&nbsp; jako vztah mezi c\u00edrkv\u00ed a Kristem. Podle toho se m\u00e1me chovat. Po\u010d\u00edtejme s Bohem. &nbsp;1Kor 13 \u2013 kapitola l\u00e1sky. Tady jsou v\u0161echny vlastnosti, kter\u00e9 by m\u011bl man\u017eel\/ka m\u00edt.&nbsp;<\/em><em>Pro tvrdost srdce n\u00e1m dovolil B\u016fh rozvod. Mu\u017e \u2013 \u017eena \u2013 B\u016fh, to je funguj\u00edc\u00ed troj\u00faheln\u00edk. \u010c\u00edm bl\u00ed\u017ee jsou oba k&nbsp;Bohu, t\u00edm bl\u00ed\u017ee jsou i k&nbsp;sob\u011b. Troj\u00faheln\u00edk se d\u00e1 pou\u017e\u00edt na jak\u00fdkoliv vztah.<\/em><\/p>\n<p style=\"text-align: justify;\"><em>Aby se poka\u017een\u00fd vztah napravil, je nutn\u00e9, aby oba cht\u011bli, a vzali si na pomoc Boha. Ka\u017ed\u00fd ud\u011bl\u00e1 n\u011bjakou chybu. Mus\u00edme odpustit, ale ne \u201enezapomenout\u201c. B\u016fh odpust\u00ed&nbsp; a nevzpomene v\u00edce. To bychom m\u011bli i my. <\/em><\/p>\n<p style=\"text-align: justify;\"><em>Podobenstv\u00ed o pozv\u00e1n\u00ed na svatbu. V\u0161ichni dostanou nov\u00fd \u0161at, jen jeden odm\u00edt\u00e1 a je vyhn\u00e1n. Odm\u00edtnout Kristovu spravedlnost, toho, kdo za m\u011b zem\u0159el, kdo pro m\u011b tolik ud\u011blal ? <\/em><\/p>\n<p style=\"text-align: justify;\"><em>2Moj 24- B\u016fh \u0159\u00edk\u00e1 Izraelc\u016fm, co maj\u00ed d\u011blat. Oni sl\u00edb\u00ed. Dokonce znovu p\u0159i ob\u0159adu smlouvy, je znovu \u010dten z\u00e1kon, op\u011bt prohla\u0161uj\u00ed, \u017ee budou poslu\u0161n\u011b d\u011blat v\u0161e. Netrv\u00e1 to dlouho, a k\u0159ep\u010d\u00ed kolem zlat\u00e9ho telete. To jsme my, lid\u00e9. 2Moj 24,12. \u2013 Hospodin promlouv\u00e1 \u2013 vystup ke mn\u011b na horu a pobu\u010f tam. Jak moc pot\u0159ebujeme b\u00fdt v Bo\u017e\u00ed bl\u00edzkosti! Pot\u0159ebujeme se zm\u011bnit, aby fungovaly vztahy, k\u0159es\u0165anstv\u00ed, man\u017eelstv\u00ed.<\/em><\/p>\n<p style=\"text-align: justify;\"><em>Slovo KDYBY je velk\u00e9 slovo. Kdyby nebyly v\u00e1lky, kdyby nebylo zlo, \u2026<\/em><\/p>\n<p style=\"text-align: justify;\"><em>Moj\u017e\u00ed\u0161 si mus\u00ed po sestoupen\u00ed z&nbsp;hory zakr\u00fdt tv\u00e1\u0159, proto\u017ee zrcadlil Bo\u017e\u00ed z\u00e1\u0159. M\u011bs\u00edc odr\u00e1\u017e\u00ed sv\u011btlo slunce, jako my m\u00e1me odr\u00e1\u017eet sv\u011btlo Je\u017e\u00ed\u0161e Krista. Odr\u00e1\u017eet jeho povahu.<\/em><\/p>\n<p style=\"text-align: justify;\"><em>\u201eModl\u00edc\u00ed se man\u017eel\/ka m\u016f\u017ee zm\u011bnit sv\u00e9 man\u017eelstv\u00ed.\u201c<\/em><\/p>\n<p style=\"text-align: justify;\"><em>\u201eK&nbsp;o\u017eiven\u00ed v&nbsp;c\u00edrkvi\/sborech\/man\u017eelstv\u00ed nedojde jednodu\u0161e. Nastane jen kdy\u017e za\u010dneme praktikovat biblick\u00e9 prvky odpu\u0161t\u011bn\u00ed.\u201c<\/em><\/p>\n<p style=\"text-align: justify;\"><em>Hovo\u0159it o tom, co nefunguje, je d\u016fsledek toho, \u017ee v&nbsp;troj\u00faheln\u00edku se n\u011bkdo zastavil, nep\u0159ibli\u017euje se k&nbsp;druh\u00e9mu a k&nbsp;Bohu. Je\u017e\u00ed\u0161 odch\u00e1z\u00ed na pou\u0161\u0165 a pob\u00fdv\u00e1 na odlehl\u00fdch m\u00edstech. Bere u\u010dedn\u00edky na horu prom\u011bn\u011bn\u00ed \u2013 d\u00e1l od ostatn\u00edch. A je jim tam dob\u0159e \u2013 cht\u011bj\u00ed stav\u011bt stany. N8m bude tak\u00e9 dob\u0159e v&nbsp;Bo\u017e\u00ed p\u0159\u00edtomnosti.<\/em><\/p>\n<p>Audio z\u00e1znam najdete na na\u0161em webu.<\/p>\n<p style=\"text-align: justify;\"><img loading=\"lazy\" decoding=\"async\" class=\"alignnone wp-image-11074\" src=\"https:\/\/valasskemezirici.casd.cz\/wp-content\/uploads\/2026\/03\/d21.jpeg\" alt=\"\" width=\"623\" height=\"415\" srcset=\"https:\/\/valasskemezirici.casd.cz\/wp-content\/uploads\/2026\/03\/d21.jpeg 1600w, https:\/\/valasskemezirici.casd.cz\/wp-content\/uploads\/2026\/03\/d21-300x200.jpeg 300w, https:\/\/valasskemezirici.casd.cz\/wp-content\/uploads\/2026\/03\/d21-1024x682.jpeg 1024w, https:\/\/valasskemezirici.casd.cz\/wp-content\/uploads\/2026\/03\/d21-768x512.jpeg 768w, https:\/\/valasskemezirici.casd.cz\/wp-content\/uploads\/2026\/03\/d21-1536x1023.jpeg 1536w\" sizes=\"auto, (max-width: 623px) 100vw, 623px\" \/><\/p>\n<p><img loading=\"lazy\" decoding=\"async\" class=\"alignnone wp-image-11075\" src=\"https:\/\/valasskemezirici.casd.cz\/wp-content\/uploads\/2026\/03\/d03.jpeg\" alt=\"\" width=\"623\" height=\"415\" srcset=\"https:\/\/valasskemezirici.casd.cz\/wp-content\/uploads\/2026\/03\/d03.jpeg 1600w, https:\/\/valasskemezirici.casd.cz\/wp-content\/uploads\/2026\/03\/d03-300x200.jpeg 300w, https:\/\/valasskemezirici.casd.cz\/wp-content\/uploads\/2026\/03\/d03-1024x682.jpeg 1024w, https:\/\/valasskemezirici.casd.cz\/wp-content\/uploads\/2026\/03\/d03-768x512.jpeg 768w, https:\/\/valasskemezirici.casd.cz\/wp-content\/uploads\/2026\/03\/d03-1536x1023.jpeg 1536w\" sizes=\"auto, (max-width: 623px) 100vw, 623px\" \/><\/p>\n<p><img loading=\"lazy\" decoding=\"async\" class=\"alignnone wp-image-11076\" src=\"https:\/\/valasskemezirici.casd.cz\/wp-content\/uploads\/2026\/03\/d06.jpeg\" alt=\"\" width=\"624\" height=\"416\" srcset=\"https:\/\/valasskemezirici.casd.cz\/wp-content\/uploads\/2026\/03\/d06.jpeg 1600w, https:\/\/valasskemezirici.casd.cz\/wp-content\/uploads\/2026\/03\/d06-300x200.jpeg 300w, https:\/\/valasskemezirici.casd.cz\/wp-content\/uploads\/2026\/03\/d06-1024x682.jpeg 1024w, https:\/\/valasskemezirici.casd.cz\/wp-content\/uploads\/2026\/03\/d06-768x512.jpeg 768w, https:\/\/valasskemezirici.casd.cz\/wp-content\/uploads\/2026\/03\/d06-1536x1023.jpeg 1536w\" sizes=\"auto, (max-width: 624px) 100vw, 624px\" \/><\/p>\n<p><img loading=\"lazy\" decoding=\"async\" class=\"alignnone wp-image-11077\" src=\"https:\/\/valasskemezirici.casd.cz\/wp-content\/uploads\/2026\/03\/d08.jpeg\" alt=\"\" width=\"624\" height=\"416\" srcset=\"https:\/\/valasskemezirici.casd.cz\/wp-content\/uploads\/2026\/03\/d08.jpeg 1600w, https:\/\/valasskemezirici.casd.cz\/wp-content\/uploads\/2026\/03\/d08-300x200.jpeg 300w, https:\/\/valasskemezirici.casd.cz\/wp-content\/uploads\/2026\/03\/d08-1024x682.jpeg 1024w, https:\/\/valasskemezirici.casd.cz\/wp-content\/uploads\/2026\/03\/d08-768x512.jpeg 768w, https:\/\/valasskemezirici.casd.cz\/wp-content\/uploads\/2026\/03\/d08-1536x1023.jpeg 1536w\" sizes=\"auto, (max-width: 624px) 100vw, 624px\" \/><\/p>\n","protected":false},"excerpt":{"rendered":"<p>Z\u00e1hony sborov\u00e9 zahrady jsou obsypan\u00e9 jarn\u00edmi kv\u011bty, kter\u00e9 vyt\u00e1hlo slun\u00ed\u010dko z p\u016fdy ven. V\u00edtaly n\u00e1s sv\u00fdmi z\u00e1\u0159iv\u00fdmi barvami, a hned byl den veselej\u0161\u00ed. Op\u011bt n\u00e1s \u010dekala po\u017eehnan\u00e1 sobota. Sobotn\u00ed \u0161kolu jsme si probrali spolu se sestrou Ani\u010dkou Petrovi\u010dovou. M\u011bl n\u00e1zev \u201eBu\u010fte dokonal\u00ed v&nbsp;Kristu\u201c a na toto t\u00e9ma se rozho\u0159ela velmi \u017eiv\u00e1 diskuze. \u201eTak jako se [&hellip;]<\/p>\n","protected":false},"author":1,"featured_media":0,"comment_status":"closed","ping_status":"open","sticky":false,"template":"","format":"standard","meta":{"ngg_post_thumbnail":0,"footnotes":""},"categories":[1],"tags":[],"class_list":["post-11072","post","type-post","status-publish","format-standard","hentry","category-nezarazene"],"_links":{"self":[{"href":"https:\/\/valasskemezirici.casd.cz\/index.php?rest_route=\/wp\/v2\/posts\/11072","targetHints":{"allow":["GET"]}}],"collection":[{"href":"https:\/\/valasskemezirici.casd.cz\/index.php?rest_route=\/wp\/v2\/posts"}],"about":[{"href":"https:\/\/valasskemezirici.casd.cz\/index.php?rest_route=\/wp\/v2\/types\/post"}],"author":[{"embeddable":true,"href":"https:\/\/valasskemezirici.casd.cz\/index.php?rest_route=\/wp\/v2\/users\/1"}],"replies":[{"embeddable":true,"href":"https:\/\/valasskemezirici.casd.cz\/index.php?rest_route=%2Fwp%2Fv2%2Fcomments&post=11072"}],"version-history":[{"count":2,"href":"https:\/\/valasskemezirici.casd.cz\/index.php?rest_route=\/wp\/v2\/posts\/11072\/revisions"}],"predecessor-version":[{"id":11087,"href":"https:\/\/valasskemezirici.casd.cz\/index.php?rest_route=\/wp\/v2\/posts\/11072\/revisions\/11087"}],"wp:attachment":[{"href":"https:\/\/valasskemezirici.casd.cz\/index.php?rest_route=%2Fwp%2Fv2%2Fmedia&parent=11072"}],"wp:term":[{"taxonomy":"category","embeddable":true,"href":"https:\/\/valasskemezirici.casd.cz\/index.php?rest_route=%2Fwp%2Fv2%2Fcategories&post=11072"},{"taxonomy":"post_tag","embeddable":true,"href":"https:\/\/valasskemezirici.casd.cz\/index.php?rest_route=%2Fwp%2Fv2%2Ftags&post=11072"}],"curies":[{"name":"wp","href":"https:\/\/api.w.org\/{rel}","templated":true}]}}