{"id":11083,"date":"2026-03-07T19:25:21","date_gmt":"2026-03-07T18:25:21","guid":{"rendered":"https:\/\/valasskemezirici.casd.cz\/?p=11083"},"modified":"2026-03-07T19:25:29","modified_gmt":"2026-03-07T18:25:29","slug":"modlitebni-setkani-12","status":"publish","type":"post","link":"https:\/\/valasskemezirici.casd.cz\/?p=11083","title":{"rendered":"Modlitebn\u00ed setk\u00e1n\u00ed"},"content":{"rendered":"<h3>Na modlitebn\u00ed chvilku se sejdeme <span style=\"color: #ff0000;\">v \u00fater\u00fd 10.b\u0159ezna 2026 v 18 hodin<\/span> ve sboru.<\/h3>\n<p><img loading=\"lazy\" decoding=\"async\" class=\"alignnone wp-image-11084 \" src=\"https:\/\/valasskemezirici.casd.cz\/wp-content\/uploads\/2026\/03\/avecalvar-hands-5366493_1280-e1772907886388.jpg\" alt=\"\" width=\"629\" height=\"419\" srcset=\"https:\/\/valasskemezirici.casd.cz\/wp-content\/uploads\/2026\/03\/avecalvar-hands-5366493_1280-e1772907886388.jpg 1280w, https:\/\/valasskemezirici.casd.cz\/wp-content\/uploads\/2026\/03\/avecalvar-hands-5366493_1280-e1772907886388-300x200.jpg 300w, https:\/\/valasskemezirici.casd.cz\/wp-content\/uploads\/2026\/03\/avecalvar-hands-5366493_1280-e1772907886388-1024x682.jpg 1024w, https:\/\/valasskemezirici.casd.cz\/wp-content\/uploads\/2026\/03\/avecalvar-hands-5366493_1280-e1772907886388-768x512.jpg 768w\" sizes=\"auto, (max-width: 629px) 100vw, 629px\" \/><\/p>\n","protected":false},"excerpt":{"rendered":"<p>Na modlitebn\u00ed chvilku se sejdeme v \u00fater\u00fd 10.b\u0159ezna 2026 v 18 hodin ve sboru.<\/p>\n","protected":false},"author":1,"featured_media":0,"comment_status":"closed","ping_status":"open","sticky":false,"template":"","format":"standard","meta":{"ngg_post_thumbnail":0,"footnotes":""},"categories":[1],"tags":[],"class_list":["post-11083","post","type-post","status-publish","format-standard","hentry","category-nezarazene"],"_links":{"self":[{"href":"https:\/\/valasskemezirici.casd.cz\/index.php?rest_route=\/wp\/v2\/posts\/11083","targetHints":{"allow":["GET"]}}],"collection":[{"href":"https:\/\/valasskemezirici.casd.cz\/index.php?rest_route=\/wp\/v2\/posts"}],"about":[{"href":"https:\/\/valasskemezirici.casd.cz\/index.php?rest_route=\/wp\/v2\/types\/post"}],"author":[{"embeddable":true,"href":"https:\/\/valasskemezirici.casd.cz\/index.php?rest_route=\/wp\/v2\/users\/1"}],"replies":[{"embeddable":true,"href":"https:\/\/valasskemezirici.casd.cz\/index.php?rest_route=%2Fwp%2Fv2%2Fcomments&post=11083"}],"version-history":[{"count":2,"href":"https:\/\/valasskemezirici.casd.cz\/index.php?rest_route=\/wp\/v2\/posts\/11083\/revisions"}],"predecessor-version":[{"id":11086,"href":"https:\/\/valasskemezirici.casd.cz\/index.php?rest_route=\/wp\/v2\/posts\/11083\/revisions\/11086"}],"wp:attachment":[{"href":"https:\/\/valasskemezirici.casd.cz\/index.php?rest_route=%2Fwp%2Fv2%2Fmedia&parent=11083"}],"wp:term":[{"taxonomy":"category","embeddable":true,"href":"https:\/\/valasskemezirici.casd.cz\/index.php?rest_route=%2Fwp%2Fv2%2Fcategories&post=11083"},{"taxonomy":"post_tag","embeddable":true,"href":"https:\/\/valasskemezirici.casd.cz\/index.php?rest_route=%2Fwp%2Fv2%2Ftags&post=11083"}],"curies":[{"name":"wp","href":"https:\/\/api.w.org\/{rel}","templated":true}]}}