{"id":11102,"date":"2026-03-15T15:03:33","date_gmt":"2026-03-15T14:03:33","guid":{"rendered":"https:\/\/valasskemezirici.casd.cz\/?p=11102"},"modified":"2026-03-15T15:03:36","modified_gmt":"2026-03-15T14:03:36","slug":"sobota-15-brezna-2026","status":"publish","type":"post","link":"https:\/\/valasskemezirici.casd.cz\/?p=11102","title":{"rendered":"Sobota 15.b\u0159ezna 2026"},"content":{"rendered":"<p style=\"text-align: justify;\">Je neuv\u011b\u0159iteln\u00e9, jak rychle \u010das b\u011b\u017e\u00ed. &nbsp;P\u0159ed p\u00e1r dny b\u00edl\u00e1 zima, dnes jaro v&nbsp;pln\u00e9 kr\u00e1se. \u201eVyu\u017e\u00edvejte sv\u011b\u0159en\u00fd \u010das, proto\u017ee doba je zl\u00e1.&nbsp;Ne\u017eijte v nev\u011bdomosti, rozum\u011bjte P\u00e1nov\u011b v\u016fli.\u201c Vyb\u00edz\u00ed n\u00e1s Efezsk\u00fdm 5, 16.17. k&nbsp;vyu\u017eit\u00ed sv\u011b\u0159en\u00e9ho \u010dasu. Poj\u010fme tedy na to.<\/p>\n<p style=\"text-align: justify;\">Sobotn\u00ed \u00fakol m\u011bl n\u00e1zev \u201e\u017divot s&nbsp;Kristem\u201c a provedl n\u00e1s j\u00edm bratr Petr Ch\u00e1ra. Denn\u00ed starosti n\u00e1s nut\u00ed p\u0159em\u00fd\u0161let p\u0159edev\u0161\u00edm nad pozemsk\u00fdmi v\u011bcmi, ale apo\u0161tol Pavel n\u00e1s upozor\u0148uje, \u017ee mnohem d\u016fle\u017eit\u011bj\u0161\u00ed jsou v\u011bci nebesk\u00e9, a ostatn\u00ed n\u00e1m bude p\u0159id\u00e1no. Zam\u011b\u0159uje na\u0161i pozornost na mnoho re\u00e1ln\u00fdch princip\u016f, kter\u00e9 maj\u00ed sv\u016fj p\u016fvod v nebi a kter\u00fdm mohou porozum\u011bt pouze ti, kdo \u201ebyli vzk\u0159\u00ed\u0161eni s Kristem\u201c. &nbsp;Pavlovy rady jsou velmi praktick\u00e9. Jejich c\u00edlem je pos\u00edlit v\u0161echny na\u0161e vztahy, nejen ty v r\u00e1mci c\u00edrkve.<\/p>\n<p style=\"text-align: justify;\">Aby se \u010dlov\u011bk dostal bl\u00ed\u017ee k nebi v duchovn\u00edm smyslu, nesta\u010d\u00ed jen lidsk\u00e9 \u00fasil\u00ed. Ka\u017ed\u00fd den pot\u0159ebujeme u\u010dinit nov\u00e9 rozhodnut\u00ed hledat to<em>, \u201eco je nad n\u00e1mi\u201c<\/em>. Nov\u00e9 nasm\u011brov\u00e1n\u00ed mus\u00ed b\u00fdt viditeln\u00e9 cel\u00e9mu sv\u011btu. \u201eProto umrtvujte sv\u00e9 pozemsk\u00e9 sklony: smilstvo, necudnost, v\u00e1\u0161e\u0148, zlou touhu a hrabivost. Pro takov\u00e9 v\u011bci p\u0159ich\u00e1z\u00ed Bo\u017e\u00ed hn\u011bv.\u201c Pavlova slova neodpov\u00eddaj\u00ed hodnotov\u00e9mu nastaven\u00ed na\u0161eho sv\u011bta. Spolu<em> s <\/em>Kristem m\u00e1me moc odstranit tyto pozemsk\u00e9 v\u011bci z na\u0161ich mysl\u00ed a \u017eivot\u016f. \u201eOdho\u010fte zlobu, hn\u011bv, \u0161patnost, rouh\u00e1n\u00ed, pomluvy.\u201c Vyb\u00edz\u00ed n\u00e1s d\u00e1le Pavel. N\u00e1\u0161 \u017eivot m\u00e1 b\u00fdt v&nbsp;ostr\u00e9m kontrastu s \u017eivotem p\u0159ed obr\u00e1cen\u00edm. Charakter nov\u00e9ho \u017eivota se vyzna\u010duje svatost\u00ed, milosrdn\u00fdm soucitem, dobrotou, skromnost\u00ed, pokorou a trp\u011blivost\u00ed, sn\u00e1\u0161enlivost\u00ed, odpou\u0161t\u011bn\u00edm, l\u00e1skou, kter\u00e1 v\u0161echno spojuje k dokonalosti. V\u011b\u0159\u00edc\u00ed jsou povol\u00e1ni zrcadlit Bo\u017e\u00ed charakter. V\u0161ichni tak ale ne\u017eij\u00ed. Existuje \u0159ada v\u011bc\u00ed, kter\u00e9 \u010dlov\u011bk d\u011bl\u00e1 podv\u011bdom\u011b, nebo automaticky. \u201eNech\u0165 ve v\u00e1s p\u0159eb\u00fdv\u00e1 slovo Kristovo (\u010dten\u00edm Bible), navz\u00e1jem se u\u010dte a napom\u00ednejte, s vd\u011b\u010dnost\u00ed v srdci oslavujte Boha \u017ealmy, chv\u00e1lami a zp\u011bvem, skrze Je\u017e\u00ed\u0161e d\u011bkujte Bohu Otci.\u201c Kdy\u017e Bo\u017e\u00ed Duch ovl\u00e1dne rozum a city, zakus\u00ed obr\u00e1cen\u00fd \u010dlov\u011bk radost, kterou dosud nepoznal.<\/p>\n<p><img loading=\"lazy\" decoding=\"async\" class=\"alignnone wp-image-11103\" src=\"https:\/\/valasskemezirici.casd.cz\/wp-content\/uploads\/2026\/03\/q1.jpeg\" alt=\"\" width=\"668\" height=\"445\" srcset=\"https:\/\/valasskemezirici.casd.cz\/wp-content\/uploads\/2026\/03\/q1.jpeg 1600w, https:\/\/valasskemezirici.casd.cz\/wp-content\/uploads\/2026\/03\/q1-300x200.jpeg 300w, https:\/\/valasskemezirici.casd.cz\/wp-content\/uploads\/2026\/03\/q1-1024x682.jpeg 1024w, https:\/\/valasskemezirici.casd.cz\/wp-content\/uploads\/2026\/03\/q1-768x512.jpeg 768w, https:\/\/valasskemezirici.casd.cz\/wp-content\/uploads\/2026\/03\/q1-1536x1023.jpeg 1536w\" sizes=\"auto, (max-width: 668px) 100vw, 668px\" \/><\/p>\n<p><!--more--><\/p>\n<p style=\"text-align: justify;\">K\u00e1z\u00e1n\u00edm z&nbsp;Bo\u017e\u00edho slova n\u00e1m dnes poslou\u017eil Pavel Pimek, star\u0161\u00ed a vedouc\u00ed na\u0161eho sboru.<\/p>\n<p>Audio z\u00e1znam najdete na na\u0161em webu. Zde je p\u0159ehled nejd\u016fle\u017eit\u011bj\u0161\u00edch my\u0161lenek:<\/p>\n<p style=\"text-align: justify;\"><em>Pr\u00e1v\u011b pro\u017e\u00edv\u00e1me p\u0159edvelikono\u010dn\u00ed obdob\u00ed. P\u0159ipom\u00edn\u00e1me si posledn\u00ed dny Je\u017e\u00ed\u0161e Krista, jeho cestu na Golgotsk\u00fd k\u0159\u00ed\u017e, smrt a vzk\u0159\u00ed\u0161en\u00ed. V dob\u011b komunismu byla snaha o p\u0159em\u011bnu tohoto k\u0159es\u0165ansk\u00e9ho sv\u00e1tku na sv\u00e1tky jara. N\u011bkte\u0159\u00ed \u0159\u00edkaj\u00ed, \u017ee mus\u00edme b\u00fdt \u00fa\u010dastni Kristov\u00fdch utrpen\u00ed, n\u011bkdo se podrobuje postu, aby byl p\u0159ipraven na my\u0161lenky na vzk\u0159\u00ed\u0161en\u00ed. Izraelit\u00e9 si p\u0159ipom\u00ednaj\u00ed vysvobozen\u00ed Izraele z Egypta. Dne\u0161n\u00ed k\u00e1z\u00e1n\u00ed se naz\u00fdv\u00e1 &#8222;Kristus a Bo\u017e\u00ed kr\u00e1lovstv\u00ed&#8220;.<\/em><\/p>\n<p style=\"text-align: justify;\"><em>Kr\u00e1lovstv\u00ed Bo\u017e\u00ed nen\u00ed a\u017e v&nbsp;budoucnu. Luk 17, 20.21. \u2013 kr\u00e1lovstv\u00ed Bo\u017e\u00ed je u\u017e mezi n\u00e1mi. V&nbsp;Hospodinov\u011b pl\u00e1nu s&nbsp;Izraelem nebylo z\u0159\u00eddit monarchii, ustanovit kr\u00e1le. Jejich nejvy\u0161\u0161\u00ed autoritou m\u011bl b\u00fdt vl\u00e1dce zem\u011b a vesm\u00edru Hospodin. V&nbsp;Genesis je zaznamen\u00e1no, \u017ee lid\u00e9, i kdy\u017e byli r\u016fzn\u00e9ho sm\u00fd\u0161len\u00ed a h\u0159\u00ed\u0161n\u00ed, v\u0161ichni uzn\u00e1vali nad sebou jednu autoritu \u2013 Hospodina. N\u011bkte\u0159\u00ed s&nbsp;n\u00edm m\u011bli a\u017e osobn\u00ed vztah \u2013 nap\u0159. Enoch. V&nbsp;p\u0159edpotopn\u00ed dob\u011b nem\u00e1me informace o kr\u00e1li. Teprve Gen 11kap. doch\u00e1z\u00ed k&nbsp;seskupov\u00e1n\u00ed a snahu b\u00fdt v\u011bt\u0161\u00ed ne\u017e Hospodin. \u00dastup lidsk\u00e9ho pokolen\u00ed zpod veden\u00ed Hospodina. Hospodin zp\u016fsobil zmaten\u00ed jazyk\u016f, rozpt\u00fdlen\u00ed lid\u00ed, ale charakter a zp\u016fsob \u017eivota se nem\u011bn\u00ed. Autoritou je h\u0159\u00ed\u0161n\u00fd \u010dlov\u011bk. Hospodin povol\u00e1v\u00e1 Abrama, mu\u017ee, kter\u00fd nezapomn\u011bl, \u010d\u00ed je vl\u00e1da tohoto sv\u011bta. Vych\u00e1z\u00ed z&nbsp;pohodl\u00ed m\u011bsta Ur do nepohodln\u00e9ho \u017eivota pod veden\u00edm Hospodina. Uv\u011b\u0159il, \u017ee z&nbsp;jeho beder vzejde velk\u00fd n\u00e1rod. Zasl\u00edben\u00ed, \u017ee jeho potmk\u016f bude jako p\u00edsku, se nedo\u010dkal. P\u0159esto uzn\u00e1val jako nejv\u011bt\u0161\u00ed autoritu Hospodina. Zasl\u00edben\u00ed jsou uskute\u010dn\u011bna a\u017e v&nbsp;dal\u0161\u00edch generac\u00edch. St\u011bhuj\u00ed se do \u00farodn\u00e9 zem\u011b Ge\u0161en. Zde pob\u00fdvaj\u00ed 400 let, ale p\u0159\u00edze\u0148 vl\u00e1dnouc\u00edch faraon\u016f netrvala v\u011b\u010dn\u011b a ze zem\u011bd\u011blc\u016f a pastevc\u016f se st\u00e1vaj\u00ed otroci. Mo\u017en\u00e1 zapomn\u011bli na Hospodina. U\u017e nebyl jejich nejvy\u0161\u0161\u00ed autoritou, tou byl faraon. Hospodin na sv\u00e1 zasl\u00edben\u00ed nezapomn\u011bl. Dokonce v&nbsp;kr\u00e1lovsk\u00fdch pal\u00e1c\u00edch adoptivn\u00edmu synu Moj\u017e\u00ed\u0161ovi dop\u0159\u00e1v\u00e1 to nejlep\u0161\u00ed a vychov\u00e1v\u00e1 si toho, kdo vyvede Izrael. P\u0159ed t\u00edm ale mus\u00ed pro\u017e\u00edt 40 let v&nbsp;pou\u0161ti, kde ho Hospodin u\u010d\u00ed poko\u0159e. Potom ho Hospodin povol\u00e1v\u00e1 zprost\u0159ed ho\u0159\u00edc\u00edho ke\u0159e. P\u0159edstavit m\u00e1 Hospodina jako \u201ejsem, kter\u00fd jsem\u201c. Pod veden\u00edm slu\u017eebn\u00edka Moj\u017e\u00ed\u0161e nakonec Izrael vych\u00e1z\u00ed z&nbsp;otroctv\u00ed. Celou dobu putov\u00e1n\u00ed po pou\u0161ti s&nbsp;nimi tak\u00e9 byl Hospodin. Byl oblakem, kter\u00fd poskytoval st\u00edn ve dne a plamenem, kter\u00fd poskytoval ochranu a sv\u011btlo v&nbsp;noci. P\u0159es v\u0161echna selh\u00e1n\u00ed autorita Hospodinova p\u0159evy\u0161ovala autoritu lid\u00ed. Po Moj\u017e\u00ed\u0161ovi nastupuje Jozue a rozd\u011bluje zemi kmen\u016fm. Nevol\u00ed si kr\u00e1le. V&nbsp;dob\u011b napaden\u00ed nep\u0159\u00e1teli vyvoluje Hospodin sv\u00e9 slu\u017eebn\u00edky a pom\u00e1h\u00e1. Ale Izrael se zahled\u011bl do okoln\u00edch n\u00e1rod\u016f a tak\u00e9 vym\u011bnili Hospodina za lidsk\u00e9ho kr\u00e1le. N\u011bkoho, kdo je postaven do \u010dela n\u00e1roda a reprezentuje ho. Samuel nerad svoluje.<\/em><\/p>\n<p style=\"text-align: justify;\"><em>1 Sam 8, 1.-d\u00e1le \u2013 Samuel zest\u00e1rl a ustanovil za soudce sv\u00e9 syny. Ti v\u0161ak nechodili jeho cestou. V\u0161ichni Izrael\u0161t\u00ed star\u0161\u00ed tedy p\u0159i\u0161li k&nbsp;Samuelovi a \u0159ekli mu to. Cht\u011bj\u00ed dosadit kr\u00e1le, aby je soudil, jako je to u jin\u00fdch n\u00e1rod\u016f. Samuel necht\u011bl, ale Hospodin ho vyb\u00edz\u00ed, aby jim vyhov\u011bl. M\u011bli pochopit, \u017ee nezavrhli Samuele, ale Hospodina. M\u011bli k&nbsp;tomu pr\u00e1vo?<\/em><\/p>\n<p style=\"text-align: justify;\"><em>Izraelci m\u011bli kr\u00e1le Davida. Kr\u00e1lov\u00e9 byli v\u011brn\u00ed i nev\u011brn\u00ed, ale v\u0161ichni h\u0159\u00ed\u0161n\u00ed. Autorita Hospodina se vytr\u00e1cela. Jak\u00fd byl kr\u00e1l, takov\u00fd byl lid. Kr\u00e1l \u0160alamoun vystavil chr\u00e1m, kter\u00fd soupe\u0159il s&nbsp;domy kr\u00e1l\u016f a vl\u00e1dc\u016f. Kr\u00e1lov\u00e9 vl\u00e1dli 350 let a kon\u010d\u00ed dobyt\u00edm Izraele a Jeruzal\u00e9ma Babylonem, rozbo\u0159en\u00edm chr\u00e1mu, uloupen\u00edm chr\u00e1mov\u00e9ho pokladu a bohoslu\u017eebn\u00e9ho n\u00e1\u0159ad\u00ed. Lid je bez chr\u00e1mu, bez kr\u00e1le. Kn\u011b\u017estvo, \u0161lechta, \u0159emesln\u00edci jsou odvle\u010deni do Babylona. Pozd\u011b plakali za Hospodinem a rodnou zemi. Nakonec to vyvolalo reformaci u odvedenc\u016f. Vzniklo nov\u00e9 hled\u00e1n\u00ed Hospodina. Vznikaj\u00ed synagogy. Po n\u00e1vratu z&nbsp;Babylona se op\u011bt postavil chr\u00e1m, ale Izrael u\u017e nikdy nem\u011bl sv\u00e9 kr\u00e1lovstv\u00ed. A\u017e do vl\u00e1dy kr\u00e1le Heroda, kter\u00fd je ale kr\u00e1lem dosazen\u00fdm z&nbsp;\u0158\u00edma.<\/em><\/p>\n<p style=\"text-align: justify;\"><em>Bylo zvelebeno chr\u00e1mov\u00e9 n\u00e1dvo\u0159\u00ed a investice byly i pro postaven\u00ed chr\u00e1mu. Vypadalo to na vhodnou dobu pro p\u0159\u00edchod Mesi\u00e1\u0161e, kter\u00fd se stane kr\u00e1lem.<\/em><\/p>\n<p style=\"text-align: justify;\"><em>Mat 2kap.,1.2.6. \u2013 mudrcov\u00e9 se p\u0159i\u0161li poklonit nov\u00e9mu kr\u00e1li. Herodes se vylekal. Kde vyslechli mudrci zv\u011bst o narozen\u00ed Kr\u00e1le v&nbsp;Betl\u00e9m\u011b? P\u0159edaj\u00ed Je\u017e\u00ed\u0161i dary a prchnou. Je\u017e\u00ed\u0161 pro\u017eije prvn\u00ed roky \u017eivota v&nbsp;Egypt\u011b, potom se vrac\u00ed do Nazareta. Na sv\u00e1tky jde s&nbsp;rodi\u010di ve 12 letech do Jeruzal\u00e9ma do chr\u00e1mu. Diskutuje s&nbsp;rab\u00edny. Je vyu\u010den tesa\u0159sk\u00e9mu \u0159emeslu, do 30 let se nechov\u00e1 jako kr\u00e1l. &nbsp;Jeho \u010dinnost za\u010d\u00edn\u00e1 a\u017e k\u0159tem Janov\u00fdm &#8211; &nbsp;Mat 3, 13.-17.<\/em><\/p>\n<p style=\"text-align: justify;\"><em>Je\u017e\u00ed\u0161 byl pok\u0159t\u011bn a sestoupil Duch svat\u00fd. Z&nbsp;nebe se ozvalo \u201cTo je m\u016fj milovan\u00fd Syn, jeho\u017e jsem si vyvolil.\u201c Za\u010d\u00edn\u00e1 budov\u00e1n\u00ed Bo\u017e\u00edho kr\u00e1lovstv\u00ed na zemi za \u00fa\u010dasti Je\u017e\u00ed\u0161e. Jin\u00e9 kr\u00e1lovstv\u00ed, ne\u017e si lid\u00e9 p\u0159edstavovali. Laskav\u00fd, uzdravuj\u00edc\u00ed, stoluj\u00edc\u00ed s&nbsp;h\u0159\u00ed\u0161n\u00edky, u\u010ditel lidu, kr\u00e1l kter\u00fd nen\u00ed soudcem ale d\u00e1v\u00e1 milost, pos\u00edl\u00e1 u\u010dedn\u00edky do Judska a Sama\u0159\u00ed s&nbsp;poselstv\u00edm. Kr\u00e1l, kter\u00fd nem\u00e1 pal\u00e1ce, je chud\u00fd. A p\u0159esto za 3,5 roku &nbsp;nech\u00e1pou u\u010dedn\u00edci, co je jeho kr\u00e1lovstv\u00edm.<\/em><\/p>\n<p style=\"text-align: justify;\"><em>Mat 20kap., 21.22. \u2013 matka syn\u016f Zebedeov\u00fdch nic nech\u00e1pali. O\u010dek\u00e1vali \u010destn\u00e1 m\u00edsta, moc a sl\u00e1vu. Ve v\u0161ech evangeli\u00edch m\u00e1me zpr\u00e1vu o budov\u00e1n\u00ed Bo\u017e\u00edho kr\u00e1lovstv\u00ed na zemi za \u00fa\u010dasti kr\u00e1le Je\u017e\u00ed\u0161e Krista. Je\u017e\u00ed\u0161 se narodil v&nbsp;Betl\u00e9m\u011b jako David, byl pomaz\u00e1n olejem ke sv\u00e9mu poh\u0159bu v&nbsp;Betanii v&nbsp;dom\u011b \u0160imona malomocn\u00e9ho &#8211; Mat 26,6.7.12.13. Kr\u00e1l pomazan\u00fd h\u0159\u00ed\u0161nou, ale kaj\u00edc\u00ed \u017eenou. Svou oddanost a v\u00edru projevila pomaz\u00e1n\u00edm. Jak dopadl onen kr\u00e1l, kter\u00fd \u0161\u00ed\u0159il Bo\u017e\u00ed kr\u00e1lovstv\u00ed na zemi? Odsouzen na smrt jako kr\u00e1l trp\u00edc\u00ed, v&nbsp;pal\u00e1ci Pil\u00e1ta oble\u010den v&nbsp;\u0161arlatov\u00fd pl\u00e1\u0161\u0165, na hlav\u011b koruna z&nbsp;trn\u00ed. A z&nbsp;\u00fast \u0159\u00edmsk\u00fdch voj\u00e1k\u016f sly\u0161\u00ed posm\u011bch na kr\u00e1lovskou osobu. Pil\u00e1t ho tak\u00e9 naz\u00fdv\u00e1 kr\u00e1lem. I na jeho k\u0159\u00ed\u017ei je tabulka Je\u017e\u00ed\u0161 Nazaretsk\u00fd, kr\u00e1l \u017did\u016f. Ale Je\u017e\u00ed\u0161 p\u0159ekon\u00e1v\u00e1 smrt, \u017eije. A svoji spolu\u00fa\u010dast na budov\u00e1n\u00ed Bo\u017e\u00edho kr\u00e1lovstv\u00ed utvrzuje prohl\u00e1\u0161en\u00edm, \u017ee s&nbsp;n\u00e1mi je po v\u0161echny dny a\u017e do konce sv\u011bta. I my m\u00e1me Kr\u00e1le, Je\u017e\u00ed\u0161e. Na\u0161\u00edm posl\u00e1n\u00ed je \u0161\u00ed\u0159it a vytv\u00e1\u0159et BK zde na zemi. Jsme toho schopni? D\u016fv\u011b\u0159ujeme tomu, \u017ee Je\u017e\u00ed\u0161 m\u00e1 moc ho vytvo\u0159it? Sv\u00fdch chov\u00e1n\u00edm, jedn\u00e1n\u00edm, zp\u016fsobem \u017eivota vyjad\u0159ujme a budujme toto Bo\u017e\u00ed kr\u00e1lovstv\u00ed na zemi.<\/em><\/p>\n<p><img loading=\"lazy\" decoding=\"async\" class=\"alignnone wp-image-11104\" src=\"https:\/\/valasskemezirici.casd.cz\/wp-content\/uploads\/2026\/03\/q2.jpeg\" alt=\"\" width=\"651\" height=\"434\" srcset=\"https:\/\/valasskemezirici.casd.cz\/wp-content\/uploads\/2026\/03\/q2.jpeg 1600w, https:\/\/valasskemezirici.casd.cz\/wp-content\/uploads\/2026\/03\/q2-300x200.jpeg 300w, https:\/\/valasskemezirici.casd.cz\/wp-content\/uploads\/2026\/03\/q2-1024x682.jpeg 1024w, https:\/\/valasskemezirici.casd.cz\/wp-content\/uploads\/2026\/03\/q2-768x512.jpeg 768w, https:\/\/valasskemezirici.casd.cz\/wp-content\/uploads\/2026\/03\/q2-1536x1023.jpeg 1536w\" sizes=\"auto, (max-width: 651px) 100vw, 651px\" \/><\/p>\n<p style=\"text-align: justify;\">&nbsp;<\/p>\n","protected":false},"excerpt":{"rendered":"<p>Je neuv\u011b\u0159iteln\u00e9, jak rychle \u010das b\u011b\u017e\u00ed. &nbsp;P\u0159ed p\u00e1r dny b\u00edl\u00e1 zima, dnes jaro v&nbsp;pln\u00e9 kr\u00e1se. \u201eVyu\u017e\u00edvejte sv\u011b\u0159en\u00fd \u010das, proto\u017ee doba je zl\u00e1.&nbsp;Ne\u017eijte v nev\u011bdomosti, rozum\u011bjte P\u00e1nov\u011b v\u016fli.\u201c Vyb\u00edz\u00ed n\u00e1s Efezsk\u00fdm 5, 16.17. k&nbsp;vyu\u017eit\u00ed sv\u011b\u0159en\u00e9ho \u010dasu. Poj\u010fme tedy na to. Sobotn\u00ed \u00fakol m\u011bl n\u00e1zev \u201e\u017divot s&nbsp;Kristem\u201c a provedl n\u00e1s j\u00edm bratr Petr Ch\u00e1ra. Denn\u00ed starosti n\u00e1s [&hellip;]<\/p>\n","protected":false},"author":1,"featured_media":0,"comment_status":"closed","ping_status":"open","sticky":false,"template":"","format":"standard","meta":{"ngg_post_thumbnail":0,"footnotes":""},"categories":[1],"tags":[],"class_list":["post-11102","post","type-post","status-publish","format-standard","hentry","category-nezarazene"],"_links":{"self":[{"href":"https:\/\/valasskemezirici.casd.cz\/index.php?rest_route=\/wp\/v2\/posts\/11102","targetHints":{"allow":["GET"]}}],"collection":[{"href":"https:\/\/valasskemezirici.casd.cz\/index.php?rest_route=\/wp\/v2\/posts"}],"about":[{"href":"https:\/\/valasskemezirici.casd.cz\/index.php?rest_route=\/wp\/v2\/types\/post"}],"author":[{"embeddable":true,"href":"https:\/\/valasskemezirici.casd.cz\/index.php?rest_route=\/wp\/v2\/users\/1"}],"replies":[{"embeddable":true,"href":"https:\/\/valasskemezirici.casd.cz\/index.php?rest_route=%2Fwp%2Fv2%2Fcomments&post=11102"}],"version-history":[{"count":2,"href":"https:\/\/valasskemezirici.casd.cz\/index.php?rest_route=\/wp\/v2\/posts\/11102\/revisions"}],"predecessor-version":[{"id":11106,"href":"https:\/\/valasskemezirici.casd.cz\/index.php?rest_route=\/wp\/v2\/posts\/11102\/revisions\/11106"}],"wp:attachment":[{"href":"https:\/\/valasskemezirici.casd.cz\/index.php?rest_route=%2Fwp%2Fv2%2Fmedia&parent=11102"}],"wp:term":[{"taxonomy":"category","embeddable":true,"href":"https:\/\/valasskemezirici.casd.cz\/index.php?rest_route=%2Fwp%2Fv2%2Fcategories&post=11102"},{"taxonomy":"post_tag","embeddable":true,"href":"https:\/\/valasskemezirici.casd.cz\/index.php?rest_route=%2Fwp%2Fv2%2Ftags&post=11102"}],"curies":[{"name":"wp","href":"https:\/\/api.w.org\/{rel}","templated":true}]}}