{"id":11107,"date":"2026-03-15T15:09:25","date_gmt":"2026-03-15T14:09:25","guid":{"rendered":"https:\/\/valasskemezirici.casd.cz\/?p=11107"},"modified":"2026-03-15T15:09:28","modified_gmt":"2026-03-15T14:09:28","slug":"pristi-sobotu-21-brezna-2026-prozijeme-ve-sboru-vsetin","status":"publish","type":"post","link":"https:\/\/valasskemezirici.casd.cz\/?p=11107","title":{"rendered":"P\u0159\u00ed\u0161t\u00ed sobotu 21.b\u0159ezna 2026 pro\u017eijeme ve sboru Vset\u00edn"},"content":{"rendered":"<p><span style=\"font-size: 14pt;\">Sobotu <span style=\"color: #ff0000;\">21.b\u0159ezna 2026<\/span> pro\u017eijeme ve sboru Vset\u00edn. Po bohoslu\u017eb\u011b se z\u00fa\u010dastn\u00edme <span style=\"color: #ff0000;\">agap\u00e9<\/span> &#8211; pros\u00edme o donesen\u00ed n\u011b\u010deho dobr\u00e9ho na st\u016fl.<\/span><\/p>\n<p><span style=\"font-size: 14pt;\">Od 15 hodin si vyslechneme <span style=\"color: #ff0000;\">koncert<\/span> <strong>Komorn\u00edho souboru z Brna<\/strong>, kter\u00fd bude benefi\u010dn\u00ed, a jeho v\u00fdt\u011b\u017eek bude v\u011bnov\u00e1n na <strong><span style=\"color: #ff0000;\">d\u011bti z Charkova<\/span><\/strong>.<\/span><\/p>\n<p><img loading=\"lazy\" decoding=\"async\" class=\"alignnone wp-image-11108\" src=\"https:\/\/valasskemezirici.casd.cz\/wp-content\/uploads\/2026\/03\/beneficni-koncert-21-03-2026.jpg\" alt=\"\" width=\"668\" height=\"945\" srcset=\"https:\/\/valasskemezirici.casd.cz\/wp-content\/uploads\/2026\/03\/beneficni-koncert-21-03-2026.jpg 1587w, https:\/\/valasskemezirici.casd.cz\/wp-content\/uploads\/2026\/03\/beneficni-koncert-21-03-2026-212x300.jpg 212w, https:\/\/valasskemezirici.casd.cz\/wp-content\/uploads\/2026\/03\/beneficni-koncert-21-03-2026-724x1024.jpg 724w, https:\/\/valasskemezirici.casd.cz\/wp-content\/uploads\/2026\/03\/beneficni-koncert-21-03-2026-768x1086.jpg 768w, https:\/\/valasskemezirici.casd.cz\/wp-content\/uploads\/2026\/03\/beneficni-koncert-21-03-2026-1086x1536.jpg 1086w, https:\/\/valasskemezirici.casd.cz\/wp-content\/uploads\/2026\/03\/beneficni-koncert-21-03-2026-1448x2048.jpg 1448w\" sizes=\"auto, (max-width: 668px) 100vw, 668px\" \/><\/p>\n","protected":false},"excerpt":{"rendered":"<p>Sobotu 21.b\u0159ezna 2026 pro\u017eijeme ve sboru Vset\u00edn. Po bohoslu\u017eb\u011b se z\u00fa\u010dastn\u00edme agap\u00e9 &#8211; pros\u00edme o donesen\u00ed n\u011b\u010deho dobr\u00e9ho na st\u016fl. Od 15 hodin si vyslechneme koncert Komorn\u00edho souboru z Brna, kter\u00fd bude benefi\u010dn\u00ed, a jeho v\u00fdt\u011b\u017eek bude v\u011bnov\u00e1n na d\u011bti z Charkova.<\/p>\n","protected":false},"author":1,"featured_media":0,"comment_status":"closed","ping_status":"open","sticky":false,"template":"","format":"standard","meta":{"ngg_post_thumbnail":0,"footnotes":""},"categories":[1],"tags":[],"class_list":["post-11107","post","type-post","status-publish","format-standard","hentry","category-nezarazene"],"_links":{"self":[{"href":"https:\/\/valasskemezirici.casd.cz\/index.php?rest_route=\/wp\/v2\/posts\/11107","targetHints":{"allow":["GET"]}}],"collection":[{"href":"https:\/\/valasskemezirici.casd.cz\/index.php?rest_route=\/wp\/v2\/posts"}],"about":[{"href":"https:\/\/valasskemezirici.casd.cz\/index.php?rest_route=\/wp\/v2\/types\/post"}],"author":[{"embeddable":true,"href":"https:\/\/valasskemezirici.casd.cz\/index.php?rest_route=\/wp\/v2\/users\/1"}],"replies":[{"embeddable":true,"href":"https:\/\/valasskemezirici.casd.cz\/index.php?rest_route=%2Fwp%2Fv2%2Fcomments&post=11107"}],"version-history":[{"count":1,"href":"https:\/\/valasskemezirici.casd.cz\/index.php?rest_route=\/wp\/v2\/posts\/11107\/revisions"}],"predecessor-version":[{"id":11109,"href":"https:\/\/valasskemezirici.casd.cz\/index.php?rest_route=\/wp\/v2\/posts\/11107\/revisions\/11109"}],"wp:attachment":[{"href":"https:\/\/valasskemezirici.casd.cz\/index.php?rest_route=%2Fwp%2Fv2%2Fmedia&parent=11107"}],"wp:term":[{"taxonomy":"category","embeddable":true,"href":"https:\/\/valasskemezirici.casd.cz\/index.php?rest_route=%2Fwp%2Fv2%2Fcategories&post=11107"},{"taxonomy":"post_tag","embeddable":true,"href":"https:\/\/valasskemezirici.casd.cz\/index.php?rest_route=%2Fwp%2Fv2%2Ftags&post=11107"}],"curies":[{"name":"wp","href":"https:\/\/api.w.org\/{rel}","templated":true}]}}