{"id":11116,"date":"2026-03-15T15:33:06","date_gmt":"2026-03-15T14:33:06","guid":{"rendered":"https:\/\/valasskemezirici.casd.cz\/?p=11116"},"modified":"2026-03-16T17:04:11","modified_gmt":"2026-03-16T16:04:11","slug":"beseda-adra-klubu-zdravi-58","status":"publish","type":"post","link":"https:\/\/valasskemezirici.casd.cz\/?p=11116","title":{"rendered":"Beseda Adra Klubu zdrav\u00ed"},"content":{"rendered":"<p><span style=\"font-size: 14pt;\">Beseda s re\u017eis\u00e9rem, sc\u00e9n\u00e1ristou a kameramanem \u010cT panem Jaroslavem Jindrou.<\/span><\/p>\n<p>Je autorem t\u00e9m\u011b\u0159 stovky dokument\u00e1rn\u00edch film\u016f a report\u00e1\u017e\u00ed, p\u0159edev\u0161\u00edm v r\u00e1mci cestopisn\u00e9ho cyklu \u010cesk\u00e9 televize <strong>Na cest\u011b<\/strong>, autorem n\u011bkolika knih (<strong>Backpacker<\/strong>, <strong>Kartografie Praha<\/strong>, <strong>Letov\u00e1 m\u00edsta<\/strong>, <strong>Sv\u011bt k\u0159\u00eddel<\/strong>, <strong>P\u00edsek, prach a kamen\u00ed<\/strong>, <strong>30 let Rallye Dakar<\/strong>, <strong>Deus<\/strong>), spoluautorem kni\u017en\u00ed podoby <strong>Cestom\u00e1nie<\/strong> (Kartografie Praha) a kni\u017en\u00ed podoby po\u0159adu <strong>Na cest\u011b<\/strong> (Jota).<\/p>\n<p>&nbsp;<\/p>\n<p><img loading=\"lazy\" decoding=\"async\" class=\"alignnone wp-image-11079\" src=\"https:\/\/valasskemezirici.casd.cz\/wp-content\/uploads\/2026\/03\/Pozvanka-Zanskar-scaled.jpg\" alt=\"\" width=\"646\" height=\"910\" srcset=\"https:\/\/valasskemezirici.casd.cz\/wp-content\/uploads\/2026\/03\/Pozvanka-Zanskar-scaled.jpg 1816w, https:\/\/valasskemezirici.casd.cz\/wp-content\/uploads\/2026\/03\/Pozvanka-Zanskar-213x300.jpg 213w, https:\/\/valasskemezirici.casd.cz\/wp-content\/uploads\/2026\/03\/Pozvanka-Zanskar-727x1024.jpg 727w, https:\/\/valasskemezirici.casd.cz\/wp-content\/uploads\/2026\/03\/Pozvanka-Zanskar-768x1082.jpg 768w, https:\/\/valasskemezirici.casd.cz\/wp-content\/uploads\/2026\/03\/Pozvanka-Zanskar-1090x1536.jpg 1090w, https:\/\/valasskemezirici.casd.cz\/wp-content\/uploads\/2026\/03\/Pozvanka-Zanskar-1453x2048.jpg 1453w\" sizes=\"auto, (max-width: 646px) 100vw, 646px\" \/><\/p>\n","protected":false},"excerpt":{"rendered":"<p>Beseda s re\u017eis\u00e9rem, sc\u00e9n\u00e1ristou a kameramanem \u010cT panem Jaroslavem Jindrou. Je autorem t\u00e9m\u011b\u0159 stovky dokument\u00e1rn\u00edch film\u016f a report\u00e1\u017e\u00ed, p\u0159edev\u0161\u00edm v r\u00e1mci cestopisn\u00e9ho cyklu \u010cesk\u00e9 televize Na cest\u011b, autorem n\u011bkolika knih (Backpacker, Kartografie Praha, Letov\u00e1 m\u00edsta, Sv\u011bt k\u0159\u00eddel, P\u00edsek, prach a kamen\u00ed, 30 let Rallye Dakar, Deus), spoluautorem kni\u017en\u00ed podoby Cestom\u00e1nie (Kartografie Praha) a kni\u017en\u00ed podoby [&hellip;]<\/p>\n","protected":false},"author":1,"featured_media":0,"comment_status":"closed","ping_status":"open","sticky":false,"template":"","format":"standard","meta":{"ngg_post_thumbnail":0,"footnotes":""},"categories":[1],"tags":[],"class_list":["post-11116","post","type-post","status-publish","format-standard","hentry","category-nezarazene"],"_links":{"self":[{"href":"https:\/\/valasskemezirici.casd.cz\/index.php?rest_route=\/wp\/v2\/posts\/11116","targetHints":{"allow":["GET"]}}],"collection":[{"href":"https:\/\/valasskemezirici.casd.cz\/index.php?rest_route=\/wp\/v2\/posts"}],"about":[{"href":"https:\/\/valasskemezirici.casd.cz\/index.php?rest_route=\/wp\/v2\/types\/post"}],"author":[{"embeddable":true,"href":"https:\/\/valasskemezirici.casd.cz\/index.php?rest_route=\/wp\/v2\/users\/1"}],"replies":[{"embeddable":true,"href":"https:\/\/valasskemezirici.casd.cz\/index.php?rest_route=%2Fwp%2Fv2%2Fcomments&post=11116"}],"version-history":[{"count":3,"href":"https:\/\/valasskemezirici.casd.cz\/index.php?rest_route=\/wp\/v2\/posts\/11116\/revisions"}],"predecessor-version":[{"id":11125,"href":"https:\/\/valasskemezirici.casd.cz\/index.php?rest_route=\/wp\/v2\/posts\/11116\/revisions\/11125"}],"wp:attachment":[{"href":"https:\/\/valasskemezirici.casd.cz\/index.php?rest_route=%2Fwp%2Fv2%2Fmedia&parent=11116"}],"wp:term":[{"taxonomy":"category","embeddable":true,"href":"https:\/\/valasskemezirici.casd.cz\/index.php?rest_route=%2Fwp%2Fv2%2Fcategories&post=11116"},{"taxonomy":"post_tag","embeddable":true,"href":"https:\/\/valasskemezirici.casd.cz\/index.php?rest_route=%2Fwp%2Fv2%2Ftags&post=11116"}],"curies":[{"name":"wp","href":"https:\/\/api.w.org\/{rel}","templated":true}]}}