{"id":11118,"date":"2026-03-16T12:25:07","date_gmt":"2026-03-16T11:25:07","guid":{"rendered":"https:\/\/valasskemezirici.casd.cz\/?p=11118"},"modified":"2026-03-16T12:27:55","modified_gmt":"2026-03-16T11:27:55","slug":"posledni-akce-festivalu-chaverut-2026","status":"publish","type":"post","link":"https:\/\/valasskemezirici.casd.cz\/?p=11118","title":{"rendered":"Posledn\u00ed akce festivalu Chaverut 2026"},"content":{"rendered":"<p style=\"text-align: justify;\">V ned\u011bli 15.3.2026 se uskute\u010dnila posledn\u00ed akce leto\u0161n\u00edho festivalu Chaverut, a tou byla beseda s pan\u00ed <strong>Michaelou Vidl\u00e1kovou<\/strong> s n\u00e1zvem <strong>&#8222;Terez\u00ednsk\u00e9 ghetto o\u010dima d\u00edt\u011bte&#8220;<\/strong>. Pan\u00ed Vidl\u00e1kov\u00e1 je jednou z posledn\u00edch pam\u011btnic holocaustu a jako d\u00edt\u011b pro\u0161la Terez\u00ednsk\u00fdm ghettem. Vypr\u00e1v\u011bla sv\u00e9 osobn\u00ed z\u00e1\u017eitky a post\u0159ehy, kter\u00e9 byly mnohdy d\u011bsiv\u00e9. Je velmi d\u016fle\u017eit\u00e9 p\u0159ipom\u00ednat si tyto ud\u00e1losti a pou\u010dit se z nich.<\/p>\n<p style=\"text-align: justify;\">Pr\u016fvodce jej\u00edho vypr\u00e1v\u011bn\u00ed byl p\u0159edseda ICEJ Radek Hejret.&nbsp;<\/p>\n<p><span style=\"font-size: 18pt;\">Z\u00e1znam besedy naleznete <a href=\"https:\/\/www.youtube.com\/live\/cQxbU3ri8JM\" target=\"_blank\" rel=\"noopener\">ZDE<\/a>:<\/span><\/p>\n<p><img loading=\"lazy\" decoding=\"async\" class=\"alignnone wp-image-11119\" src=\"https:\/\/valasskemezirici.casd.cz\/wp-content\/uploads\/2026\/03\/Vidlakova.jpeg\" alt=\"\" width=\"600\" height=\"400\" srcset=\"https:\/\/valasskemezirici.casd.cz\/wp-content\/uploads\/2026\/03\/Vidlakova.jpeg 2048w, https:\/\/valasskemezirici.casd.cz\/wp-content\/uploads\/2026\/03\/Vidlakova-300x200.jpeg 300w, https:\/\/valasskemezirici.casd.cz\/wp-content\/uploads\/2026\/03\/Vidlakova-1024x683.jpeg 1024w, https:\/\/valasskemezirici.casd.cz\/wp-content\/uploads\/2026\/03\/Vidlakova-768x512.jpeg 768w, https:\/\/valasskemezirici.casd.cz\/wp-content\/uploads\/2026\/03\/Vidlakova-1536x1024.jpeg 1536w\" sizes=\"auto, (max-width: 600px) 100vw, 600px\" \/><\/p>\n","protected":false},"excerpt":{"rendered":"<p>V ned\u011bli 15.3.2026 se uskute\u010dnila posledn\u00ed akce leto\u0161n\u00edho festivalu Chaverut, a tou byla beseda s pan\u00ed Michaelou Vidl\u00e1kovou s n\u00e1zvem &#8222;Terez\u00ednsk\u00e9 ghetto o\u010dima d\u00edt\u011bte&#8220;. Pan\u00ed Vidl\u00e1kov\u00e1 je jednou z posledn\u00edch pam\u011btnic holocaustu a jako d\u00edt\u011b pro\u0161la Terez\u00ednsk\u00fdm ghettem. Vypr\u00e1v\u011bla sv\u00e9 osobn\u00ed z\u00e1\u017eitky a post\u0159ehy, kter\u00e9 byly mnohdy d\u011bsiv\u00e9. Je velmi d\u016fle\u017eit\u00e9 p\u0159ipom\u00ednat si tyto ud\u00e1losti [&hellip;]<\/p>\n","protected":false},"author":1,"featured_media":0,"comment_status":"closed","ping_status":"open","sticky":false,"template":"","format":"standard","meta":{"ngg_post_thumbnail":0,"footnotes":""},"categories":[1],"tags":[],"class_list":["post-11118","post","type-post","status-publish","format-standard","hentry","category-nezarazene"],"_links":{"self":[{"href":"https:\/\/valasskemezirici.casd.cz\/index.php?rest_route=\/wp\/v2\/posts\/11118","targetHints":{"allow":["GET"]}}],"collection":[{"href":"https:\/\/valasskemezirici.casd.cz\/index.php?rest_route=\/wp\/v2\/posts"}],"about":[{"href":"https:\/\/valasskemezirici.casd.cz\/index.php?rest_route=\/wp\/v2\/types\/post"}],"author":[{"embeddable":true,"href":"https:\/\/valasskemezirici.casd.cz\/index.php?rest_route=\/wp\/v2\/users\/1"}],"replies":[{"embeddable":true,"href":"https:\/\/valasskemezirici.casd.cz\/index.php?rest_route=%2Fwp%2Fv2%2Fcomments&post=11118"}],"version-history":[{"count":2,"href":"https:\/\/valasskemezirici.casd.cz\/index.php?rest_route=\/wp\/v2\/posts\/11118\/revisions"}],"predecessor-version":[{"id":11123,"href":"https:\/\/valasskemezirici.casd.cz\/index.php?rest_route=\/wp\/v2\/posts\/11118\/revisions\/11123"}],"wp:attachment":[{"href":"https:\/\/valasskemezirici.casd.cz\/index.php?rest_route=%2Fwp%2Fv2%2Fmedia&parent=11118"}],"wp:term":[{"taxonomy":"category","embeddable":true,"href":"https:\/\/valasskemezirici.casd.cz\/index.php?rest_route=%2Fwp%2Fv2%2Fcategories&post=11118"},{"taxonomy":"post_tag","embeddable":true,"href":"https:\/\/valasskemezirici.casd.cz\/index.php?rest_route=%2Fwp%2Fv2%2Ftags&post=11118"}],"curies":[{"name":"wp","href":"https:\/\/api.w.org\/{rel}","templated":true}]}}