{"id":11126,"date":"2026-03-21T19:04:53","date_gmt":"2026-03-21T18:04:53","guid":{"rendered":"https:\/\/valasskemezirici.casd.cz\/?p=11126"},"modified":"2026-03-21T19:05:16","modified_gmt":"2026-03-21T18:05:16","slug":"beneficni-koncert-pro-deti-z-charkova","status":"publish","type":"post","link":"https:\/\/valasskemezirici.casd.cz\/?p=11126","title":{"rendered":"Benefi\u010dn\u00ed koncert pro d\u011bti z Charkova"},"content":{"rendered":"<p style=\"text-align: justify;\">Ti, kte\u0159\u00ed v sobotu 21.3.2026 odpoledne dali p\u0159ednost n\u00e1v\u0161t\u011bv\u011b vset\u00ednsk\u00e9 modlitebny C\u00edrkve adventist\u016f sedm\u00e9ho dne p\u0159ed proch\u00e1zkou, jist\u011b nelitovali. Sbor CASD Vala\u0161sk\u00e9 Mezi\u0159\u00ed\u010d\u00ed spolu se Z\u00e1pado-ukrajinskou konferenc\u00ed CASD a k\u0159es\u0165ansk\u00fdm sdru\u017een\u00edm Pomoc T\u011b\u0161\u00ednsk\u00e9ho Slezska zde po\u0159\u00e1dal <strong>benefi\u010dn\u00ed koncert<\/strong>, jeho\u017e v\u00fdt\u011b\u017eek bude pou\u017eit <strong>pro d\u011bti z Charkova<\/strong>. Skv\u011bl\u00fdmi \u00fa\u010dinkuj\u00edc\u00edmi byli \u010dlenov\u00e9 Komorn\u00edho souboru Brno, kte\u0159\u00ed zp\u00edvali kr\u00e1sn\u00e9 duchovn\u00ed p\u00edsn\u011b. P\u00e1smo prov\u00e1zel slovem bratr Libor \u0160krla.<br \/>\nB\u011bhem koncertu se poda\u0159ilo vybrat v hotovosti 30 tis\u00edc K\u010d. Sdru\u017een\u00ed Pomoc T\u011b\u0161\u00ednsk\u00e9ho Slezska se zav\u00e1zalo vybranou \u010d\u00e1stku dorovnat do 100 tis\u00edc.<br \/>\nD\u011bkujeme Komorn\u00edmu souboru Brno za \u00fa\u017easn\u00fd duchovn\u00ed z\u00e1\u017eitek, kter\u00fd jsme dnes mohli pro\u017e\u00edt.<br \/>\nD\u011bkujeme v\u0161em \u00fa\u010dinkuj\u00edc\u00edm i poslucha\u010d\u016fm za jejich ochotu pom\u00e1hat t\u011bm, kdo jsou bezbrann\u00ed a kdo jsou prob\u00edhaj\u00edc\u00ed v\u00e1lkou zkou\u0161eni nejv\u00edce, tedy d\u011btem.<br \/>\nK\u00e9\u017e v\u0161em P\u00e1n za projevenou \u0161t\u011bdrost bohat\u011b \u017eehn\u00e1.<br \/>\nPokud byste i vy cht\u011bli p\u0159isp\u011bt, najdete n\u00ed\u017ee QR k\u00f3d, kter\u00fd pou\u017eijete ve sv\u00e9m internetov\u00e9m bankovnictv\u00ed. P\u0159\u00edjemce &#8211; PTS. D\u011bkujeme.<\/p>\n<p><img loading=\"lazy\" decoding=\"async\" class=\"alignnone wp-image-11127\" src=\"https:\/\/valasskemezirici.casd.cz\/wp-content\/uploads\/2026\/03\/Beneficni-koncert-100-.png\" alt=\"\" width=\"222\" height=\"224\" srcset=\"https:\/\/valasskemezirici.casd.cz\/wp-content\/uploads\/2026\/03\/Beneficni-koncert-100-.png 581w, https:\/\/valasskemezirici.casd.cz\/wp-content\/uploads\/2026\/03\/Beneficni-koncert-100--297x300.png 297w, https:\/\/valasskemezirici.casd.cz\/wp-content\/uploads\/2026\/03\/Beneficni-koncert-100--150x150.png 150w, https:\/\/valasskemezirici.casd.cz\/wp-content\/uploads\/2026\/03\/Beneficni-koncert-100--64x64.png 64w\" sizes=\"auto, (max-width: 222px) 100vw, 222px\" \/> <img loading=\"lazy\" decoding=\"async\" class=\"alignnone wp-image-11128\" src=\"https:\/\/valasskemezirici.casd.cz\/wp-content\/uploads\/2026\/03\/ob2.jpeg\" alt=\"\" width=\"423\" height=\"317\" srcset=\"https:\/\/valasskemezirici.casd.cz\/wp-content\/uploads\/2026\/03\/ob2.jpeg 2048w, https:\/\/valasskemezirici.casd.cz\/wp-content\/uploads\/2026\/03\/ob2-300x225.jpeg 300w, https:\/\/valasskemezirici.casd.cz\/wp-content\/uploads\/2026\/03\/ob2-1024x768.jpeg 1024w, https:\/\/valasskemezirici.casd.cz\/wp-content\/uploads\/2026\/03\/ob2-768x576.jpeg 768w, https:\/\/valasskemezirici.casd.cz\/wp-content\/uploads\/2026\/03\/ob2-1536x1152.jpeg 1536w\" sizes=\"auto, (max-width: 423px) 100vw, 423px\" \/> <img loading=\"lazy\" decoding=\"async\" class=\"alignnone wp-image-11129\" src=\"https:\/\/valasskemezirici.casd.cz\/wp-content\/uploads\/2026\/03\/ob5.jpeg\" alt=\"\" width=\"649\" height=\"487\" srcset=\"https:\/\/valasskemezirici.casd.cz\/wp-content\/uploads\/2026\/03\/ob5.jpeg 2048w, https:\/\/valasskemezirici.casd.cz\/wp-content\/uploads\/2026\/03\/ob5-300x225.jpeg 300w, https:\/\/valasskemezirici.casd.cz\/wp-content\/uploads\/2026\/03\/ob5-1024x768.jpeg 1024w, https:\/\/valasskemezirici.casd.cz\/wp-content\/uploads\/2026\/03\/ob5-768x576.jpeg 768w, https:\/\/valasskemezirici.casd.cz\/wp-content\/uploads\/2026\/03\/ob5-1536x1152.jpeg 1536w\" sizes=\"auto, (max-width: 649px) 100vw, 649px\" \/> <img loading=\"lazy\" decoding=\"async\" class=\"alignnone wp-image-11130\" src=\"https:\/\/valasskemezirici.casd.cz\/wp-content\/uploads\/2026\/03\/ob10.jpeg\" alt=\"\" width=\"650\" height=\"488\" srcset=\"https:\/\/valasskemezirici.casd.cz\/wp-content\/uploads\/2026\/03\/ob10.jpeg 2048w, https:\/\/valasskemezirici.casd.cz\/wp-content\/uploads\/2026\/03\/ob10-300x225.jpeg 300w, https:\/\/valasskemezirici.casd.cz\/wp-content\/uploads\/2026\/03\/ob10-1024x768.jpeg 1024w, https:\/\/valasskemezirici.casd.cz\/wp-content\/uploads\/2026\/03\/ob10-768x576.jpeg 768w, https:\/\/valasskemezirici.casd.cz\/wp-content\/uploads\/2026\/03\/ob10-1536x1152.jpeg 1536w\" sizes=\"auto, (max-width: 650px) 100vw, 650px\" \/> <img loading=\"lazy\" decoding=\"async\" class=\"alignnone wp-image-11131\" src=\"https:\/\/valasskemezirici.casd.cz\/wp-content\/uploads\/2026\/03\/ob12.jpeg\" alt=\"\" width=\"650\" height=\"487\" srcset=\"https:\/\/valasskemezirici.casd.cz\/wp-content\/uploads\/2026\/03\/ob12.jpeg 2048w, https:\/\/valasskemezirici.casd.cz\/wp-content\/uploads\/2026\/03\/ob12-300x225.jpeg 300w, https:\/\/valasskemezirici.casd.cz\/wp-content\/uploads\/2026\/03\/ob12-1024x768.jpeg 1024w, https:\/\/valasskemezirici.casd.cz\/wp-content\/uploads\/2026\/03\/ob12-768x576.jpeg 768w, https:\/\/valasskemezirici.casd.cz\/wp-content\/uploads\/2026\/03\/ob12-1536x1152.jpeg 1536w\" sizes=\"auto, (max-width: 650px) 100vw, 650px\" \/><\/p>\n","protected":false},"excerpt":{"rendered":"<p>Ti, kte\u0159\u00ed v sobotu 21.3.2026 odpoledne dali p\u0159ednost n\u00e1v\u0161t\u011bv\u011b vset\u00ednsk\u00e9 modlitebny C\u00edrkve adventist\u016f sedm\u00e9ho dne p\u0159ed proch\u00e1zkou, jist\u011b nelitovali. Sbor CASD Vala\u0161sk\u00e9 Mezi\u0159\u00ed\u010d\u00ed spolu se Z\u00e1pado-ukrajinskou konferenc\u00ed CASD a k\u0159es\u0165ansk\u00fdm sdru\u017een\u00edm Pomoc T\u011b\u0161\u00ednsk\u00e9ho Slezska zde po\u0159\u00e1dal benefi\u010dn\u00ed koncert, jeho\u017e v\u00fdt\u011b\u017eek bude pou\u017eit pro d\u011bti z Charkova. Skv\u011bl\u00fdmi \u00fa\u010dinkuj\u00edc\u00edmi byli \u010dlenov\u00e9 Komorn\u00edho souboru Brno, kte\u0159\u00ed zp\u00edvali [&hellip;]<\/p>\n","protected":false},"author":1,"featured_media":0,"comment_status":"closed","ping_status":"open","sticky":false,"template":"","format":"standard","meta":{"ngg_post_thumbnail":0,"footnotes":""},"categories":[1],"tags":[],"class_list":["post-11126","post","type-post","status-publish","format-standard","hentry","category-nezarazene"],"_links":{"self":[{"href":"https:\/\/valasskemezirici.casd.cz\/index.php?rest_route=\/wp\/v2\/posts\/11126","targetHints":{"allow":["GET"]}}],"collection":[{"href":"https:\/\/valasskemezirici.casd.cz\/index.php?rest_route=\/wp\/v2\/posts"}],"about":[{"href":"https:\/\/valasskemezirici.casd.cz\/index.php?rest_route=\/wp\/v2\/types\/post"}],"author":[{"embeddable":true,"href":"https:\/\/valasskemezirici.casd.cz\/index.php?rest_route=\/wp\/v2\/users\/1"}],"replies":[{"embeddable":true,"href":"https:\/\/valasskemezirici.casd.cz\/index.php?rest_route=%2Fwp%2Fv2%2Fcomments&post=11126"}],"version-history":[{"count":2,"href":"https:\/\/valasskemezirici.casd.cz\/index.php?rest_route=\/wp\/v2\/posts\/11126\/revisions"}],"predecessor-version":[{"id":11133,"href":"https:\/\/valasskemezirici.casd.cz\/index.php?rest_route=\/wp\/v2\/posts\/11126\/revisions\/11133"}],"wp:attachment":[{"href":"https:\/\/valasskemezirici.casd.cz\/index.php?rest_route=%2Fwp%2Fv2%2Fmedia&parent=11126"}],"wp:term":[{"taxonomy":"category","embeddable":true,"href":"https:\/\/valasskemezirici.casd.cz\/index.php?rest_route=%2Fwp%2Fv2%2Fcategories&post=11126"},{"taxonomy":"post_tag","embeddable":true,"href":"https:\/\/valasskemezirici.casd.cz\/index.php?rest_route=%2Fwp%2Fv2%2Ftags&post=11126"}],"curies":[{"name":"wp","href":"https:\/\/api.w.org\/{rel}","templated":true}]}}