{"id":11135,"date":"2026-03-28T20:22:33","date_gmt":"2026-03-28T19:22:33","guid":{"rendered":"https:\/\/valasskemezirici.casd.cz\/?p=11135"},"modified":"2026-03-29T12:57:17","modified_gmt":"2026-03-29T10:57:17","slug":"sobota-28-brezna-2026","status":"publish","type":"post","link":"https:\/\/valasskemezirici.casd.cz\/?p=11135","title":{"rendered":"Sobota 28.b\u0159ezna 2026"},"content":{"rendered":"<p style=\"text-align: justify;\">N\u011bkte\u0159\u00ed \u010dlenov\u00e9 na\u0161eho spole\u010denstv\u00ed bydl\u00edc\u00ed na kope\u010dku poslali dnes r\u00e1no n\u00e1m, z&nbsp;n\u00ed\u017ein, fotografii s&nbsp;pohledem z&nbsp;okna s&nbsp;dov\u011btkem \u201eKr\u00e1sn\u00e9 v\u00e1noce\u201c. Po n\u011bkolika n\u00e1dhern\u00fdch slune\u010dn\u00fdch dnech, kdy jsme mohli obdivovat rozkvetl\u00e9 narcisy, krokusy a otv\u00edraj\u00edc\u00ed se pupence na stromech, op\u011bt nasn\u011b\u017eilo. A tak v\u0161ichni s&nbsp;radost\u00ed uv\u00edtali vytopenou modlitebnu.<\/p>\n<p style=\"text-align: justify;\">Posledn\u00edm \u00fakolem sobotn\u00ed \u0161koly n\u00e1s provedl J\u00e1n Petrovi\u010d, \u010dlov\u011bk ve v\u011bci v\u00edce ne\u017e znal\u00fd. On je t\u00edm, kdo pro n\u00e1s na ka\u017edou sobotu p\u0159ipravuje shrnut\u00ed \u00fakol\u016f a na konci \u010dtvrtlet\u00ed kr\u00e1snou prezentaci s&nbsp;nejd\u016fle\u017eit\u011bj\u0161\u00edmi my\u0161lenkami. N\u00e1zev \u201eV\u011brn\u011b pl\u0148te Bo\u017e\u00ed v\u016fli\u201c n\u00e1s vedl nejprve k&nbsp;p\u0159em\u00fd\u0161len\u00ed, co tou Bo\u017e\u00ed v\u016fl\u00ed je, zda je pro v\u0161echny stejn\u00e1 a jestli se n\u00e1m to da\u0159\u00ed. Pavlova misijn\u00ed strategii zahrnovala efektivn\u00ed vyu\u017eit\u00ed \u010dasu a zdroj\u016f. Spojoval prost\u0159ednictv\u00edm osobn\u00edch n\u00e1v\u0161t\u011bv nebo dopis\u016f lidi a sbory. Vracel se do sbor\u016f, kter\u00e9 zalo\u017eil, aby pos\u00edlil a povzbudil v\u011b\u0159\u00edc\u00ed. Komunikace byla d\u016fle\u017eit\u00e1 jako prost\u0159edek k udr\u017eov\u00e1n\u00ed osobn\u00edch vazeb mezi v\u011b\u0159\u00edc\u00edmi.<\/p>\n<p style=\"text-align: justify;\">Dnes jsme propojeni internetem, soci\u00e1ln\u00edmi s\u00edt\u011bmi a nes\u010detn\u00fdmi mobiln\u00edmi za\u0159\u00edzen\u00edmi. Pavel pos\u00edlal zpr\u00e1vy prost\u0159ednictv\u00edm posl\u016f. Vys\u00edl\u00e1 sv\u00e9 spolupracovn\u00edky, ale zmi\u0148uje i ty, kte\u0159\u00ed ho opustili. P\u0159esto o nich hovo\u0159\u00ed s&nbsp;l\u00e1skou a respektem.<\/p>\n<p style=\"text-align: justify;\">Pln\u011bn\u00ed Bo\u017e\u00ed v\u016fle nen\u00ed slu\u010diteln\u00e9 s&nbsp;l\u00e1skou ke sv\u011btu a tomu, co je ve sv\u011bt\u011b. &nbsp;Poselstv\u00ed pro Laodikeu zn\u00ed: \u010ci\u0148te pok\u00e1n\u00ed, dokud nen\u00ed pozd\u011b. Vra\u0165te se k Bohu a \u017e\u00e1dejte ho o odpu\u0161t\u011bn\u00ed a&nbsp;o\u010di\u0161t\u011bn\u00ed.<\/p>\n<p style=\"text-align: justify;\">Kdy\u017e se \u010dlov\u011bk odevzd\u00e1 Kristu, ovl\u00e1dne jeho nov\u00e9 srdce nov\u00e1 moc. Jedinou obranou proti zlu je p\u0159ijmout Krista do sv\u00e9ho srdce v\u00edrou v jeho spravedlnost. Bez \u017eiv\u00e9ho spojen\u00ed s&nbsp;Bohem a bez naprost\u00e9 odevzdanosti Kristu budeme p\u0159emo\u017eeni.<\/p>\n<p style=\"text-align: justify;\">Dne\u0161n\u00ed bohoslu\u017eba je v\u00fdjime\u010dn\u00e1 sv\u00fdm obsahem. V\u017edy na konci \u010dtvrtlet\u00ed si p\u0159ipom\u00edn\u00e1me nekone\u010dnou Bo\u017e\u00ed l\u00e1sku k&nbsp;n\u00e1m a ob\u011b\u0165, kterou Je\u017e\u00ed\u0161 Kristus podstoupil pro na\u0161e spasen\u00ed. Slaven\u00ed Pam\u00e1tky ve\u010de\u0159e P\u00e1n\u011b je akt, kdy vyzn\u00e1v\u00e1me Hospodinu sv\u00e9 chyby a p\u0159e\u0161lapy, pros\u00edme za odpu\u0161t\u011bn\u00ed a o\u010di\u0161t\u011bn\u00ed ve jm\u00e9nu Jeho ob\u011bti. M\u011bli bychom srovnat sv\u00e9 vztahy tak\u00e9 s&nbsp;bratry a sestrami, abychom nep\u0159istupovali k&nbsp;ob\u0159adu &nbsp;nehodn\u011b.<\/p>\n<p style=\"text-align: justify;\">U slavnostn\u00edho stolu p\u0159ednesl dnes sv\u00e9 k\u00e1z\u00e1n\u00ed bratr Hynek Dona a hovo\u0159il v&nbsp;n\u011bm o b\u00edl\u00e9m \u0161atu, kter\u00fd m\u016f\u017eeme z\u00edskat pouze od na\u0161eho P\u00e1na. Jeho audioz\u00e1znam si m\u016f\u017eete poslechnout na na\u0161em webu.<\/p>\n<p><img loading=\"lazy\" decoding=\"async\" class=\"alignnone wp-image-11136\" src=\"https:\/\/valasskemezirici.casd.cz\/wp-content\/uploads\/2026\/03\/v03.jpeg\" alt=\"\" width=\"711\" height=\"474\" srcset=\"https:\/\/valasskemezirici.casd.cz\/wp-content\/uploads\/2026\/03\/v03.jpeg 1600w, https:\/\/valasskemezirici.casd.cz\/wp-content\/uploads\/2026\/03\/v03-300x200.jpeg 300w, https:\/\/valasskemezirici.casd.cz\/wp-content\/uploads\/2026\/03\/v03-1024x682.jpeg 1024w, https:\/\/valasskemezirici.casd.cz\/wp-content\/uploads\/2026\/03\/v03-768x512.jpeg 768w, https:\/\/valasskemezirici.casd.cz\/wp-content\/uploads\/2026\/03\/v03-1536x1023.jpeg 1536w\" sizes=\"auto, (max-width: 711px) 100vw, 711px\" \/><\/p>\n<p><!--more--><\/p>\n<p style=\"text-align: justify;\"><em>P\u0159i cest\u011b na Ukrajinu s&nbsp;humanit\u00e1rn\u00ed pomoc\u00ed nav\u0161t\u00edvil Hynek Dona chr\u00e1m v&nbsp;pravoslavn\u00e9m \u017eensk\u00e9m kl\u00e1\u0161teru. Nutnost\u00ed je pro \u017eeny, kter\u00e9 cht\u011bj\u00ed m\u00edsto nav\u0161t\u00edvit, \u0161\u00e1tek a sukn\u011b. Pro mu\u017ee dlouh\u00e9 kalhoty a ruk\u00e1v u ko\u0161ile \u010di tri\u010dka. Je dresscode v&nbsp;c\u00edrkvi nutn\u00fd? Oble\u010den\u00ed je jist\u011b d\u016fle\u017eit\u00e9, ALE\u2026<\/em><\/p>\n<p style=\"text-align: justify;\"><em>Chceme slavit Pam\u00e1tku ve\u010de\u0159e P\u00e1n\u011b. Je to o obl\u00e9k\u00e1n\u00ed, nebo o n\u011b\u010dem jin\u00e9m? D\u016fle\u017eit\u00e9 je, jak p\u0159ich\u00e1z\u00edme ke Kristu, jako Ho vn\u00edm\u00e1me. Bereme si hezk\u00e9 oble\u010den\u00ed, ned\u011brav\u00e9 pono\u017eky, ale m\u011bli bychom db\u00e1t sp\u00ed\u0161 na stav sv\u00e9ho srdce.<\/em><\/p>\n<p style=\"text-align: justify;\"><em>1P 3,18&nbsp;\u2013 \u201eV\u017edy\u0165 i&nbsp;Kristus, s\u00e1m spravedliv\u00fd, jednou trp\u011bl&nbsp;za&nbsp;h\u0159\u00edchy nespravedliv\u00fdch, aby v\u00e1s p\u0159ivedl k Bohu. V t\u011ble podstoupil smrt, ale v Duchu dostal&nbsp;\u017eivot.\u201c Kristus pro n\u00e1s n\u011bco vykonal, to je pot\u0159eba si uv\u011bdomit.<\/em><\/p>\n<p style=\"text-align: justify;\"><em>C\u00edrkevn\u00ed otec August\u00fdn byl \u010dlenem v\u0161eobecn\u00e9 = katolick\u00e9 c\u00edrkve. \u017dil na p\u0159elomu 4-5 stolet\u00ed. Pochopil, co pro n\u011bho znamen\u00e1 Je\u017e\u00ed\u0161 Kristus : \u201eOn (Kristus) nem\u011bl \u017e\u00e1dn\u00fd h\u0159\u00edch, a p\u0159esto p\u0159ijal trest, aby n\u00e1s zbavil h\u0159\u00edchu.\u201c , \u201eSpravedliv\u00fd byl potrest\u00e1n za nespravedliv\u00e9, aby nespravedliv\u00ed byli ospravedln\u011bni.\u201c<\/em><\/p>\n<p style=\"text-align: justify;\"><em>To napsal pro n\u00e1s. To sam\u00e9 napsal apo\u0161tol Pavel. Kristus za n\u00e1s vzal na sebe n\u00e1\u0161 trest, aby zru\u0161il odplatu, kter\u00e1 byla ur\u010dena n\u00e1m. Tak B\u016fh miloval sv\u011bt\u2026 &nbsp;Miloval v\u0161echny, v\u010detn\u011b Hitlera. Ale z\u00e1le\u017e\u00ed na tom, co si ti lid\u00e9 vyberou. V\u0161ichni jsme h\u0159\u00ed\u0161n\u00ed. V\u00fdjime\u010dn\u00ed jsme jen v&nbsp;tom, \u017ee jsme Bo\u017e\u00ed d\u011bti.<\/em><\/p>\n<p style=\"text-align: justify;\"><em>V&nbsp;Egypt\u011b p\u0159ed exodem mo\u017en\u00e1 v\u0161ichni zabili ber\u00e1nka, ale ne v\u0161ichni pot\u0159eli krv\u00ed ber\u00e1nka ve\u0159eje dve\u0159\u00ed. Bylo to o tom, kdo p\u0159ijal, kdo p\u0159ijal Je\u017e\u00ed\u0161e Krista jako sv\u00e9ho osobn\u00edho spasitele a zachr\u00e1nce. B\u016fh m\u011bl sv\u016fj vyvolen\u00fd n\u00e1rod, ale na nov\u00e9 zemi nebudou jen Izraelci. Spoustu jich selhalo. Nebudou zachr\u00e1n\u011bni jen proto, \u017ee byli \u017eid\u00e9. My nebudeme zachr\u00e1n\u011bni proto, \u017ee jsme adventist\u00e9. P\u0159\u00edslu\u0161nost k&nbsp;c\u00edrkvi n\u00e1s nezachr\u00e1n\u00ed. V\u011b\u0159\u00edc\u00ed, kte\u0159\u00ed \u0159\u00edkaj\u00ed, \u017ee p\u0159ij\u00edmaj\u00ed Je\u017e\u00ed\u0161e Krista, nemus\u00ed b\u00fdt zachr\u00e1n\u011bni. Proto\u017ee m\u016f\u017eou n\u011bco odm\u00edtnout.<\/em><\/p>\n<p style=\"text-align: justify;\"><em>Hospodin ud\u011blal pro na\u0161i&nbsp; z\u00e1chranu v\u0161echno. A to si dnes budeme p\u0159ipom\u00ednat. <\/em><\/p>\n<p style=\"text-align: justify;\"><em>Mat 22 kap. od1.ver\u0161e &#8211; kr\u00e1l poslal slu\u017eebn\u00edky, aby pozvali p\u0159\u00edbuzn\u00e9 a zn\u00e1m\u00e9 na svatbu. Tak je to s&nbsp;kr\u00e1lovstv\u00edm nebesk\u00fdm. Vyvolen\u00ed odm\u00edtli p\u0159ij\u00edt. Dokonce se vzbou\u0159ili a zabili slu\u017eebn\u00edky. Kr\u00e1l je potrestal. Proto\u017ee na svatb\u011b bylo v\u0161echno nachyst\u00e1no, p\u0159iv\u00e1d\u011bj\u00ed kohokoliv, kdo chce p\u0159ij\u00edt. Ke svatebn\u00ed hostin\u011b jsou pozv\u00e1ni v\u0161ichni, dob\u0159\u00ed i zl\u00ed. Ale ne ka\u017ed\u00fd p\u0159ijde. <\/em><\/p>\n<p style=\"text-align: justify;\"><em>Ver\u0161 11 \u2013 slu\u017eebn\u00edci mezi ploty pozvali lidi a dali ka\u017ed\u00e9mu \u201evoni\u010dku\u201c \u2013 svatebn\u00ed oble\u010den\u00ed, tedy znak toho, \u017ee m\u016f\u017ee b\u00fdt na svatb\u011b.&nbsp; A lid\u00e9 to p\u0159ijali. Kr\u00e1l spat\u0159il jednoho, kter\u00fd nebyl oble\u010den na svatbu. Nechal ho sv\u00e1zat a vyhodit. Mnoz\u00ed jsou pozv\u00e1ni, ale m\u00e1lokdo bude vybr\u00e1n. <\/em><\/p>\n<p style=\"text-align: justify;\"><em>To \u201esvatebn\u00ed roucho\u201c je velice d\u016fle\u017eit\u00e9. Nem\u00e1me pocit, \u017ee si kr\u00e1lovstv\u00ed bo\u017e\u00ed mus\u00edme zaslou\u017eit? Zn\u00e1me pojmy \u201eroucho Kristovy spravedlnosti\u201c, \u201eOble\u010dte Krista\u201c. S&nbsp;p\u0159ijet\u00edm Krista nem\u011bn\u00ed se n\u00e1\u0161 charakter? Do nebesk\u00e9ho kr\u00e1lovstv\u00ed nen\u00ed d\u016fle\u017eit\u00fd oblek, kravata, ale charakter = svatebn\u00ed roucho. <\/em><\/p>\n<p style=\"text-align: justify;\"><em>Zach 3kap. \u2013 satan \u017ealuje na velekn\u011bze Jo\u0161uu. Jsou tam and\u011bl\u00e9 a B\u016fh \u0159\u00edk\u00e1 \u2013 satane, Hospodin ti d\u00e1v\u00e1 d\u016ftku. A pro ostatn\u00ed ur\u010duje: \u201eSundejte z&nbsp;n\u011bho ten \u0161pinav\u00fd \u0161at a oble\u010dte mu \u010dist\u00e9 roucho, na hlavu mu vsa\u010fte turban\u201c = zd\u016fraz\u0148uje, jak d\u016fle\u017eit\u00e9 je dr\u017eet se Boha. Ten, kter\u00fd v\u011b\u0159\u00ed, dost\u00e1v\u00e1 nov\u00e9 oble\u010den\u00ed = roucho Kristovy spravedlnosti. \u201ePosv\u011b\u0165te se\u201c = vyprat si roucho, o\u010distit sv\u00e9 nitro od kvasu h\u0159\u00edchu.<\/em><\/p>\n<p style=\"text-align: justify;\"><em>Apo\u0161tol Petr \u0159\u00edk\u00e1 1 Petrova 3, 9.-12. \u2013 \u201eNeodpl\u00e1cejte zlo zlem ani zlo\u0159e\u010den\u00ed zlo\u0159e\u010den\u00edm, ale naopak \u017eehnejte. K tomu jste p\u0159ece povol\u00e1ni a za to m\u00e1te obdr\u017eet po\u017eehn\u00e1n\u00ed.\u2002<\/em><em>&nbsp;V<\/em><em>\u017edy<\/em><em>\u0165: <\/em><em>\u201eChce n<\/em><em>\u011bkdo pro<\/em><em>\u017e\u00edt <\/em><em>\u0161\u0165astn<\/em><em>\u00fd <\/em><em>\u017eivot, chce n<\/em><em>\u011bkdo okusit dobr<\/em><em>\u00e9 dny? Takov<\/em><em>\u00fd a<\/em><em>\u0165 chr<\/em><em>\u00e1n<\/em><em>\u00ed sv<\/em><em>\u016fj jazyk p<\/em><em>\u0159ed zlem, v jeho <\/em><em>\u00fastech a<\/em><em>\u0165 nen<\/em><em>\u00ed <\/em><em>\u017e\u00e1dn<\/em><em>\u00e1 lest. <\/em><em>&nbsp;A<\/em><em>\u0165 odm<\/em><em>\u00edt<\/em><em>\u00e1 zlo a kon<\/em><em>\u00e1 dobro, usiluje o pokoj a nech<\/em><em>\u00e1 se j<\/em><em>\u00edm v<\/em><em>\u00e9st.\u2002Hospodinovy o<\/em><em>\u010di hled<\/em><em>\u00ed ke spravedliv<\/em><em>\u00fdm, u<\/em><em>\u0161i nakl<\/em><em>\u00e1n<\/em><em>\u00ed k jejich modlitb<\/em><em>\u00e1m, Hospodinova tv<\/em><em>\u00e1\u0159 je ale obr<\/em><em>\u00e1cen<\/em><em>\u00e1 proti pachatel<\/em><em>\u016fm zla.<\/em><em>\u201c<\/em><\/p>\n<p style=\"text-align: justify;\"><em>Martin Luther tou\u017eil po pozn\u00e1n\u00ed Boha a stal se mnichem, \u010dasto se bi\u010doval a tr\u00fdznil, aby si zaslou\u017eil Bo\u017e\u00ed odpu\u0161t\u011bn\u00ed. Tou\u017eil po spasen\u00ed, dokonalosti. Ne\u017e pochopil d\u016fle\u017eitost Je\u017e\u00ed\u0161e Krista: \u201eTo je tajemstv\u00ed bohat\u00e9 Bo\u017e\u00ed l\u00e1sky pro h\u0159\u00ed\u0161n\u00edky, proto\u017ee skrze z\u00e1zra\u010dnou v\u00fdm\u011bnu na\u0161e h\u0159\u00edchy u\u017e nejsou na\u0161e, ale Kristovy\u201c<\/em><\/p>\n<p style=\"text-align: justify;\">Stejn\u011b jako n\u00e1\u0161 P\u00e1n, i my jsme si po Jeho vzoru vz\u00e1jemn\u011b umyli nohy, vyznali jsme sv\u00e1 provin\u011bn\u00ed a p\u0159i slavnostn\u00edm ob\u0159adu jsme p\u0159ijali symbol Jeho t\u011bla a krve na pam\u00e1tku Kristovy ob\u011bti. K\u00e9\u017e jsou na\u0161e srdce o\u010di\u0161t\u011bna, h\u0159\u00edchy odpu\u0161t\u011bny a pos\u00edlena radost z&nbsp;nad\u011bje na spasen\u00ed z&nbsp;v\u00edry, nikoliv ze skutk\u016f.<\/p>\n<p>Bratr Mirek E\u0161ler n\u00e1s po k\u00e1z\u00e1n\u00ed pot\u011b\u0161il novou p\u00edsn\u00ed &#8222;Pod k\u0159\u00ed\u017eem&#8220;, kter\u00e1 sv\u00fdm obsahem p\u0159ipom\u00edn\u00e1 bl\u00ed\u017e\u00edc\u00ed se velikono\u010dn\u00ed sv\u00e1tky. Jej\u00ed text a melodii najdete v samostatn\u00e9m p\u0159\u00edsp\u011bvku v\u00fd\u0161e.<\/p>\n<p style=\"text-align: justify;\">Po pobo\u017enosti jsme mohli str\u00e1vit p\u011bkn\u00e9 chv\u00edle u prost\u0159en\u00e9ho stolu, ke kter\u00e9mu n\u00e1s pozvala \u201ena\u0161e\u201c Ukrajinka Olenka. V\u0161ichni si moc pochutnali a do odpoledn\u00edch hodin jsme si pov\u00eddali, spole\u010dn\u011b se radovali a d\u011bkovali P\u00e1nu za dal\u0161\u00ed po\u017eehnanou sobotu, kterou jsme d\u00edky Jeho milosti mohli pro\u017e\u00edt.<\/p>\n<p><img loading=\"lazy\" decoding=\"async\" class=\"alignnone wp-image-11137\" src=\"https:\/\/valasskemezirici.casd.cz\/wp-content\/uploads\/2026\/03\/v02.jpeg\" alt=\"\" width=\"743\" height=\"495\" srcset=\"https:\/\/valasskemezirici.casd.cz\/wp-content\/uploads\/2026\/03\/v02.jpeg 1600w, https:\/\/valasskemezirici.casd.cz\/wp-content\/uploads\/2026\/03\/v02-300x200.jpeg 300w, https:\/\/valasskemezirici.casd.cz\/wp-content\/uploads\/2026\/03\/v02-1024x682.jpeg 1024w, https:\/\/valasskemezirici.casd.cz\/wp-content\/uploads\/2026\/03\/v02-768x512.jpeg 768w, https:\/\/valasskemezirici.casd.cz\/wp-content\/uploads\/2026\/03\/v02-1536x1023.jpeg 1536w\" sizes=\"auto, (max-width: 743px) 100vw, 743px\" \/><\/p>\n<p><img loading=\"lazy\" decoding=\"async\" class=\"alignnone wp-image-11138\" src=\"https:\/\/valasskemezirici.casd.cz\/wp-content\/uploads\/2026\/03\/v19.jpeg\" alt=\"\" width=\"743\" height=\"495\" srcset=\"https:\/\/valasskemezirici.casd.cz\/wp-content\/uploads\/2026\/03\/v19.jpeg 1600w, https:\/\/valasskemezirici.casd.cz\/wp-content\/uploads\/2026\/03\/v19-300x200.jpeg 300w, https:\/\/valasskemezirici.casd.cz\/wp-content\/uploads\/2026\/03\/v19-1024x682.jpeg 1024w, https:\/\/valasskemezirici.casd.cz\/wp-content\/uploads\/2026\/03\/v19-768x512.jpeg 768w, https:\/\/valasskemezirici.casd.cz\/wp-content\/uploads\/2026\/03\/v19-1536x1023.jpeg 1536w\" sizes=\"auto, (max-width: 743px) 100vw, 743px\" \/><\/p>\n<p style=\"text-align: justify;\">&nbsp;<\/p>\n","protected":false},"excerpt":{"rendered":"<p>N\u011bkte\u0159\u00ed \u010dlenov\u00e9 na\u0161eho spole\u010denstv\u00ed bydl\u00edc\u00ed na kope\u010dku poslali dnes r\u00e1no n\u00e1m, z&nbsp;n\u00ed\u017ein, fotografii s&nbsp;pohledem z&nbsp;okna s&nbsp;dov\u011btkem \u201eKr\u00e1sn\u00e9 v\u00e1noce\u201c. Po n\u011bkolika n\u00e1dhern\u00fdch slune\u010dn\u00fdch dnech, kdy jsme mohli obdivovat rozkvetl\u00e9 narcisy, krokusy a otv\u00edraj\u00edc\u00ed se pupence na stromech, op\u011bt nasn\u011b\u017eilo. A tak v\u0161ichni s&nbsp;radost\u00ed uv\u00edtali vytopenou modlitebnu. Posledn\u00edm \u00fakolem sobotn\u00ed \u0161koly n\u00e1s provedl J\u00e1n Petrovi\u010d, \u010dlov\u011bk ve [&hellip;]<\/p>\n","protected":false},"author":1,"featured_media":0,"comment_status":"closed","ping_status":"open","sticky":false,"template":"","format":"standard","meta":{"ngg_post_thumbnail":0,"footnotes":""},"categories":[1],"tags":[],"class_list":["post-11135","post","type-post","status-publish","format-standard","hentry","category-nezarazene"],"_links":{"self":[{"href":"https:\/\/valasskemezirici.casd.cz\/index.php?rest_route=\/wp\/v2\/posts\/11135","targetHints":{"allow":["GET"]}}],"collection":[{"href":"https:\/\/valasskemezirici.casd.cz\/index.php?rest_route=\/wp\/v2\/posts"}],"about":[{"href":"https:\/\/valasskemezirici.casd.cz\/index.php?rest_route=\/wp\/v2\/types\/post"}],"author":[{"embeddable":true,"href":"https:\/\/valasskemezirici.casd.cz\/index.php?rest_route=\/wp\/v2\/users\/1"}],"replies":[{"embeddable":true,"href":"https:\/\/valasskemezirici.casd.cz\/index.php?rest_route=%2Fwp%2Fv2%2Fcomments&post=11135"}],"version-history":[{"count":3,"href":"https:\/\/valasskemezirici.casd.cz\/index.php?rest_route=\/wp\/v2\/posts\/11135\/revisions"}],"predecessor-version":[{"id":11156,"href":"https:\/\/valasskemezirici.casd.cz\/index.php?rest_route=\/wp\/v2\/posts\/11135\/revisions\/11156"}],"wp:attachment":[{"href":"https:\/\/valasskemezirici.casd.cz\/index.php?rest_route=%2Fwp%2Fv2%2Fmedia&parent=11135"}],"wp:term":[{"taxonomy":"category","embeddable":true,"href":"https:\/\/valasskemezirici.casd.cz\/index.php?rest_route=%2Fwp%2Fv2%2Fcategories&post=11135"},{"taxonomy":"post_tag","embeddable":true,"href":"https:\/\/valasskemezirici.casd.cz\/index.php?rest_route=%2Fwp%2Fv2%2Ftags&post=11135"}],"curies":[{"name":"wp","href":"https:\/\/api.w.org\/{rel}","templated":true}]}}