{"id":11160,"date":"2026-04-06T18:26:00","date_gmt":"2026-04-06T16:26:00","guid":{"rendered":"https:\/\/valasskemezirici.casd.cz\/?p=11160"},"modified":"2026-04-06T18:26:06","modified_gmt":"2026-04-06T16:26:06","slug":"sobota-4-dubna-2026","status":"publish","type":"post","link":"https:\/\/valasskemezirici.casd.cz\/?p=11160","title":{"rendered":"Sobota 4.dubna 2026"},"content":{"rendered":"<p>Nastal \u010das velikono\u010dn\u00edch sv\u00e1tk\u016f a my si p\u0159ipom\u00edn\u00e1me ob\u011b\u0165 na\u0161eho P\u00e1na Je\u017e\u00ed\u0161e Krista a radujeme se z Jeho zmrtv\u00fdchvst\u00e1n\u00ed, d\u00edky kter\u00e9mu m\u00e1me nad\u011bji na n\u00e1dhern\u00fd v\u011b\u010dn\u00fd \u017eivot v Bo\u017e\u00ed p\u0159\u00edtomnosti. D\u00edky Pane za Tvou bezpodm\u00edne\u010dnou l\u00e1sku.<\/p>\n<p>Skon\u010dilo \u010dtvrtlet\u00ed a my jsme si d\u00edky prezentaci bratra Jendy Petrovi\u010de p\u0159ipomn\u011bli d\u016fle\u017eit\u00e9 my\u0161lenky z lekc\u00ed minul\u00e9ho \u00fakolu. Nov\u00fd m\u00e1 n\u00e1zev &#8222;R\u016eST VE VZTAHU S BOHEM&#8220; a prvn\u00ed lekci jsme studovali spolu s bratrem Mro\u010dkem.&nbsp;<\/p>\n<p>&nbsp;<\/p>\n<div style=\"width: 852px;\" class=\"wp-video\"><video class=\"wp-video-shortcode\" id=\"video-11160-1\" width=\"852\" height=\"480\" preload=\"metadata\" controls=\"controls\"><source type=\"video\/mp4\" src=\"https:\/\/valasskemezirici.casd.cz\/wp-content\/uploads\/2026\/04\/Spojeni_nebe_a_zeme-1.mp4?_=1\" \/><a href=\"https:\/\/valasskemezirici.casd.cz\/wp-content\/uploads\/2026\/04\/Spojeni_nebe_a_zeme-1.mp4\">https:\/\/valasskemezirici.casd.cz\/wp-content\/uploads\/2026\/04\/Spojeni_nebe_a_zeme-1.mp4<\/a><\/video><\/div>\n<p><img loading=\"lazy\" decoding=\"async\" class=\"alignnone wp-image-11161\" src=\"https:\/\/valasskemezirici.casd.cz\/wp-content\/uploads\/2026\/04\/2026_2Q-2048x1143-1.jpg\" alt=\"\" width=\"725\" height=\"405\" srcset=\"https:\/\/valasskemezirici.casd.cz\/wp-content\/uploads\/2026\/04\/2026_2Q-2048x1143-1.jpg 2048w, https:\/\/valasskemezirici.casd.cz\/wp-content\/uploads\/2026\/04\/2026_2Q-2048x1143-1-300x167.jpg 300w, https:\/\/valasskemezirici.casd.cz\/wp-content\/uploads\/2026\/04\/2026_2Q-2048x1143-1-1024x572.jpg 1024w, https:\/\/valasskemezirici.casd.cz\/wp-content\/uploads\/2026\/04\/2026_2Q-2048x1143-1-768x429.jpg 768w, https:\/\/valasskemezirici.casd.cz\/wp-content\/uploads\/2026\/04\/2026_2Q-2048x1143-1-1536x857.jpg 1536w\" sizes=\"auto, (max-width: 725px) 100vw, 725px\" \/><\/p>\n<p><!--more--><\/p>\n<p>P\u0159em\u00fd\u0161leli jsme, jak bychom popsali sv\u016fj sou\u010dasn\u00fd vztah s Bohem. Je \u017eiv\u00fd a siln\u00fd? V\u011bnujeme \u010das tomuto vztahu, zkoum\u00e1me inspirovan\u00e9 Bo\u017e\u00ed slovo a pov\u00edd\u00e1me si s n\u00edm jako s P\u0159\u00edtelem? Pokud ano, kolik \u010dasu tomu v\u011bnujeme? A jak je to s na\u0161\u00ed touhou vypr\u00e1v\u011bt druh\u00fdm o Bohu? Chceme se s ostatn\u00edmi d\u011blit o zku\u0161enost s Bohem, proto\u017ee je to ten nej\u00fa\u017easn\u011bj\u0161\u00ed vztah ve na\u0161em \u017eivot\u011b? Nebo n\u00e1\u0161 vztah s Bohem postupem \u010dasu sl\u00e1bne? Jak se na n\u00e1s d\u00edvaj\u00ed and\u011bl\u00e9? Mo\u017en\u00e1 uva\u017euj\u00ed nad t\u00edm, pro\u010d n\u00e1\u0161 \u017eivot nen\u00ed napln\u011bn uct\u00edv\u00e1n\u00edm na\u0161eho Spasitele a Vykupitele, pro\u010d na\u0161e srdce nejsou hladov\u00e1 a du\u0161e dychtiv\u00e9 po tom, abychom se ka\u017ed\u00fd den p\u0159ibl\u00ed\u017eili k Bohu. Proto\u017ee vztah s Bohem skute\u010dn\u011b m\u011bn\u00ed v\u0161echno \u2013 zde i ve v\u011b\u010dnosti. Dokud up\u0159\u00edmn\u011b nezhodnot\u00edme stav, ve kter\u00e9m se nach\u00e1z\u00edme, nem\u016f\u017eeme se posunout z m\u00edsta, kde jsme, na lep\u0161\u00ed m\u00edsto. Pokud v\u0161ak budeme ochotni p\u0159ijmout realitu na\u0161\u00ed situace, budeme p\u0159ipraveni na \u0159e\u0161en\u00ed, kter\u00e9 n\u00e1m nab\u00edz\u00ed Je\u017e\u00ed\u0161.<\/p>\n<p><img loading=\"lazy\" decoding=\"async\" class=\"alignnone wp-image-11162\" src=\"https:\/\/valasskemezirici.casd.cz\/wp-content\/uploads\/2026\/04\/a1.jpeg\" alt=\"\" width=\"650\" height=\"433\" srcset=\"https:\/\/valasskemezirici.casd.cz\/wp-content\/uploads\/2026\/04\/a1.jpeg 1600w, https:\/\/valasskemezirici.casd.cz\/wp-content\/uploads\/2026\/04\/a1-300x200.jpeg 300w, https:\/\/valasskemezirici.casd.cz\/wp-content\/uploads\/2026\/04\/a1-1024x682.jpeg 1024w, https:\/\/valasskemezirici.casd.cz\/wp-content\/uploads\/2026\/04\/a1-768x512.jpeg 768w, https:\/\/valasskemezirici.casd.cz\/wp-content\/uploads\/2026\/04\/a1-1536x1023.jpeg 1536w\" sizes=\"auto, (max-width: 650px) 100vw, 650px\" \/><\/p>\n<p>K\u00e1z\u00e1n\u00edm z Bo\u017e\u00edho slova n\u00e1m poslou\u017eila sestra Iva Ch\u00e1rov\u00e1. Nejprve pro n\u00e1s m\u011bla p\u0159ipraven\u00fd p\u0159\u00edb\u011bh NEJEN pro d\u011bti, kter\u00fd \u0159e\u0161\u00ed ot\u00e1zku, kdo je na sv\u011bt\u011b nejsiln\u011bj\u0161\u00ed.<\/p>\n<p><span style=\"font-size: 12pt; background-color: #ccffff;\"><em>V\u0161echno za\u010dalo, kdy\u017e se zv\u011bdav\u00e9 d\u00edt\u011b zeptalo \u017eeleza \u2013 ty jsi nejsiln\u011bj\u0161\u00ed?<\/em><\/span><\/p>\n<p><span style=\"font-size: 12pt; background-color: #ccffff;\"><em>Ne mali\u010dk\u00fd, odpov\u011bd\u011blo \u017eelezo, ohe\u0148 mn\u011b roztav\u00ed.<\/em><\/span><\/p>\n<p><span style=\"font-size: 12pt; background-color: #ccffff;\"><em>D\u00edt\u011b \u0161lo k&nbsp;ohni &#8211;&nbsp; ty jsi nejsiln\u011bj\u0161\u00ed?<\/em><\/span><\/p>\n<p><span style=\"font-size: 12pt; background-color: #ccffff;\"><em>Ohe\u0148 se usm\u00e1l &#8211; Ne, voda mn\u011b uhas\u00ed.<\/em><\/span><\/p>\n<p><span style=\"font-size: 12pt; background-color: #ccffff;\"><em>Pak mus\u00ed b\u00fdt voda nejsiln\u011bj\u0161\u00ed, \u0159eklo si d\u00edt\u011b. Vodo, jsi nejsiln\u011bj\u0161\u00ed?<\/em><\/span><\/p>\n<p><span style=\"font-size: 12pt; background-color: #ccffff;\"><em>Ne, slunce mn\u011b m\u016f\u017ee vysu\u0161it.<\/em><\/span><\/p>\n<p><span style=\"font-size: 12pt; background-color: #ccffff;\"><em>Pak tedy slunce mus\u00ed b\u00fdt nejsiln\u011bj\u0161\u00ed.<\/em><\/span><\/p>\n<p><span style=\"font-size: 12pt; background-color: #ccffff;\"><em>Ne, mrak mn\u011b m\u016f\u017ee zast\u00ednit.<\/em><\/span><\/p>\n<p><span style=\"font-size: 12pt; background-color: #ccffff;\"><em>Mraku, ty jsi nejsiln\u011bj\u0161\u00ed?<\/em><\/span><\/p>\n<p><span style=\"font-size: 12pt; background-color: #ccffff;\"><em>Ne, v\u00edtr mn\u011b \u017eene kam chce.<\/em><\/span><\/p>\n<p><span style=\"font-size: 12pt; background-color: #ccffff;\"><em>Pak tedy ty, v\u011bt\u0159e, jsi nejsiln\u011bj\u0161\u00ed?<\/em><\/span><\/p>\n<p><span style=\"font-size: 12pt; background-color: #ccffff;\"><em>Ne, hora mn\u011b m\u016f\u017ee zastavit.<\/em><\/span><\/p>\n<p><span style=\"font-size: 12pt; background-color: #ccffff;\"><em>D\u00edt\u011b se oto\u010dilo k&nbsp;ho\u0159e a \u0159eklo \u2013 ty jsi nejsiln\u011bj\u0161\u00ed?<\/em><\/span><\/p>\n<p><span style=\"font-size: 12pt; background-color: #ccffff;\"><em>Hora \u0159ekla \u2013 ne, \u010dlov\u011bk mn\u011b rozb\u00edj\u00ed.<\/em><\/span><\/p>\n<p><span style=\"font-size: 12pt; background-color: #ccffff;\"><em>Pak je \u010dlov\u011bk nejsiln\u011bj\u0161\u00ed.<\/em><\/span><\/p>\n<p><span style=\"font-size: 12pt; background-color: #ccffff;\"><em>Mu\u017e zavrt\u011bl hlavou, ne d\u00edt\u011b, smrt n\u00e1s v\u0161echny por\u00e1\u017e\u00ed.<\/em><\/span><\/p>\n<p><span style=\"font-size: 12pt; background-color: #ccffff;\"><em>D\u00edt\u011b ztichlo a vydalo se hledat smrt \u2013 smrti, bere\u0161 v\u0161echny, tak\u017ee ty mus\u00ed\u0161 b\u00fdt nejsiln\u011bj\u0161\u00ed?<\/em><\/span><\/p>\n<p><span style=\"font-size: 12pt; background-color: #ccffff;\"><em>Smrt se hrd\u011b usm\u00e1la \u2013 tis\u00edce let jsem si myslela, \u017ee jsem.&nbsp; Brala jsem kr\u00e1le, v\u00e1le\u010dn\u00edky, chud\u00e9 i bohat\u00e9. Nikdo mi neunikl. Pak smrt zav\u00e1hala \u2013 ale jednoho dne to n\u011bkdo pokazil. Vzala jsem ho, byl zbit, uk\u0159i\u017eov\u00e1n a j\u00e1 jsem j\u00e1sala. T\u0159i dny jsem slavila, dokud nevstal. M\u00e9 v\u00edt\u011bzstv\u00ed se zm\u011bnilo ve strach. Zlomil mou moc, vzal kl\u00ed\u010de a donutil mn\u011b poklonit se.<\/em><\/span><\/p>\n<p><span style=\"font-size: 12pt; background-color: #ccffff;\"><em>D\u00edt\u011b za\u0161eptalo \u2013 kdo to je?<\/em><\/span><\/p>\n<p><span style=\"font-size: 12pt; background-color: #ccffff;\"><em>Smrt se zat\u0159\u00e1sla a \u0159ekla \u2013 Je\u017e\u00ed\u0161 Kristus. On je nejsiln\u011bj\u0161\u00ed.<\/em><\/span><\/p>\n<p>K\u00e1z\u00e1n\u00ed m\u011blo n\u00e1zev &#8222;<em><strong>Biblick\u00e9 zahrady<\/strong><\/em>&#8222;. Zahrada se vyskytuje v Bibli p\u0159ibli\u017en\u011b 50x a m\u00e1 r\u016fzn\u00e9 v\u00fdznamy. Nejen \u017ee jsou symbolem moci, kulturnosti a schopnosti vytvo\u0159it n\u011bco kr\u00e1sn\u00e9ho, ale byly tak\u00e9 z\u00e1sob\u00e1rnami vody, zdrojem ovoce a zeleniny \u010di cestou k \u00fat\u011bku. My jsme se v\u0161ak zab\u00fdvali t\u011bmi zahradami, kter\u00e9 maj\u00ed pro n\u00e1s k\u0159es\u0165any d\u016fle\u017eit\u00fd v\u00fdznam a jejich\u017e p\u0159\u00edb\u011bh se vine Bibl\u00ed jako jedna nit. \u0158e\u010d byla o zahrad\u011b Eden, zahrad\u011b Getsemane, zahrad\u011b u hrobu a zahrad\u011b na nov\u00e9 zemi.&nbsp;<\/p>\n<p>Cel\u00e9 k\u00e1z\u00e1n\u00ed si m\u016f\u017eete p\u0159e\u010d\u00edst na na\u0161em odkazu K\u00c1Z\u00c1N\u00cd.<\/p>\n<p><img loading=\"lazy\" decoding=\"async\" class=\"alignnone wp-image-11163\" src=\"https:\/\/valasskemezirici.casd.cz\/wp-content\/uploads\/2026\/04\/a4.jpeg\" alt=\"\" width=\"626\" height=\"417\" srcset=\"https:\/\/valasskemezirici.casd.cz\/wp-content\/uploads\/2026\/04\/a4.jpeg 1600w, https:\/\/valasskemezirici.casd.cz\/wp-content\/uploads\/2026\/04\/a4-300x200.jpeg 300w, https:\/\/valasskemezirici.casd.cz\/wp-content\/uploads\/2026\/04\/a4-1024x682.jpeg 1024w, https:\/\/valasskemezirici.casd.cz\/wp-content\/uploads\/2026\/04\/a4-768x512.jpeg 768w, https:\/\/valasskemezirici.casd.cz\/wp-content\/uploads\/2026\/04\/a4-1536x1023.jpeg 1536w\" sizes=\"auto, (max-width: 626px) 100vw, 626px\" \/><\/p>\n<p>&nbsp;<\/p>\n","protected":false},"excerpt":{"rendered":"<p>Nastal \u010das velikono\u010dn\u00edch sv\u00e1tk\u016f a my si p\u0159ipom\u00edn\u00e1me ob\u011b\u0165 na\u0161eho P\u00e1na Je\u017e\u00ed\u0161e Krista a radujeme se z Jeho zmrtv\u00fdchvst\u00e1n\u00ed, d\u00edky kter\u00e9mu m\u00e1me nad\u011bji na n\u00e1dhern\u00fd v\u011b\u010dn\u00fd \u017eivot v Bo\u017e\u00ed p\u0159\u00edtomnosti. D\u00edky Pane za Tvou bezpodm\u00edne\u010dnou l\u00e1sku. Skon\u010dilo \u010dtvrtlet\u00ed a my jsme si d\u00edky prezentaci bratra Jendy Petrovi\u010de p\u0159ipomn\u011bli d\u016fle\u017eit\u00e9 my\u0161lenky z lekc\u00ed minul\u00e9ho \u00fakolu. Nov\u00fd [&hellip;]<\/p>\n","protected":false},"author":1,"featured_media":0,"comment_status":"closed","ping_status":"open","sticky":false,"template":"","format":"standard","meta":{"ngg_post_thumbnail":0,"footnotes":""},"categories":[1],"tags":[],"class_list":["post-11160","post","type-post","status-publish","format-standard","hentry","category-nezarazene"],"_links":{"self":[{"href":"https:\/\/valasskemezirici.casd.cz\/index.php?rest_route=\/wp\/v2\/posts\/11160","targetHints":{"allow":["GET"]}}],"collection":[{"href":"https:\/\/valasskemezirici.casd.cz\/index.php?rest_route=\/wp\/v2\/posts"}],"about":[{"href":"https:\/\/valasskemezirici.casd.cz\/index.php?rest_route=\/wp\/v2\/types\/post"}],"author":[{"embeddable":true,"href":"https:\/\/valasskemezirici.casd.cz\/index.php?rest_route=\/wp\/v2\/users\/1"}],"replies":[{"embeddable":true,"href":"https:\/\/valasskemezirici.casd.cz\/index.php?rest_route=%2Fwp%2Fv2%2Fcomments&post=11160"}],"version-history":[{"count":1,"href":"https:\/\/valasskemezirici.casd.cz\/index.php?rest_route=\/wp\/v2\/posts\/11160\/revisions"}],"predecessor-version":[{"id":11166,"href":"https:\/\/valasskemezirici.casd.cz\/index.php?rest_route=\/wp\/v2\/posts\/11160\/revisions\/11166"}],"wp:attachment":[{"href":"https:\/\/valasskemezirici.casd.cz\/index.php?rest_route=%2Fwp%2Fv2%2Fmedia&parent=11160"}],"wp:term":[{"taxonomy":"category","embeddable":true,"href":"https:\/\/valasskemezirici.casd.cz\/index.php?rest_route=%2Fwp%2Fv2%2Fcategories&post=11160"},{"taxonomy":"post_tag","embeddable":true,"href":"https:\/\/valasskemezirici.casd.cz\/index.php?rest_route=%2Fwp%2Fv2%2Ftags&post=11160"}],"curies":[{"name":"wp","href":"https:\/\/api.w.org\/{rel}","templated":true}]}}