{"id":11176,"date":"2026-04-11T22:20:45","date_gmt":"2026-04-11T20:20:45","guid":{"rendered":"https:\/\/valasskemezirici.casd.cz\/?p=11176"},"modified":"2026-04-11T22:20:47","modified_gmt":"2026-04-11T20:20:47","slug":"sobota-11-dubna-2026","status":"publish","type":"post","link":"https:\/\/valasskemezirici.casd.cz\/?p=11176","title":{"rendered":"Sobota 11.dubna 2026"},"content":{"rendered":"<p style=\"text-align: justify;\">Z\u00e1\u0159iv\u00e9 slun\u00ed\u010dko a teploty okolo nuly \u2013 to je leto\u0161n\u00ed jaro. Ale narcis\u016fm ani mod\u0159enc\u016fm chladiv\u00e1 r\u00e1na nevad\u00ed a v\u0161ichni jsme se shodli na tom, \u017ee jejich n\u00e1dhern\u00e9 kv\u011bty n\u00e1m vn\u00e1\u0161\u00ed do srdce radost a vd\u011b\u010dnost za v\u0161echnu tu kr\u00e1su, kterou kv\u016fli n\u00e1m B\u016fh sv\u00fdm slovem vytvo\u0159il.<\/p>\n<p style=\"text-align: justify;\">\u00dakolem sobotn\u00ed \u0161koly n\u00e1s prov\u00e1zela sestra Anna Petrovi\u010dov\u00e1. Zat\u00edm co minulou sobotu jsme \u0159e\u0161ili sv\u016fj vztah k&nbsp;Bohu, dnes jsme se bavili o \u201ePozn\u00e1n\u00ed Boha a jeho charakteru\u201c. Lze to v\u016fbec? Charakter Boha m\u016f\u017eeme pozn\u00e1vat d\u00edky P\u00edsmu, p\u0159edev\u0161\u00edm pak prost\u0159ednictv\u00edm Je\u017e\u00ed\u0161e Krista, kter\u00fd o N\u011bm sv\u011bd\u010d\u00ed. Tak\u00e9 na\u0161e osobn\u00ed zku\u0161enosti n\u00e1m d\u00e1vaj\u00ed poznat, jak\u00fd je n\u00e1\u0161 P\u00e1n. Spr\u00e1vn\u00fd p\u0159eklad slova \u201epozn\u00e1n\u00ed\u201c ale nejsp\u00ed\u0161e znamen\u00e1 pochopen\u00ed toho, jak velice n\u00e1s B\u016fh miluje, co pro n\u00e1s byl ochoten ud\u011blat a p\u0159ijet\u00ed Jeho nab\u00eddky v\u011b\u010dn\u00e9ho \u017eivota. Proto\u017ee pr\u00e1v\u011b d\u00edky P\u00edsmu m\u016f\u017eeme studovat Boha nejv\u00edce, sna\u017e\u00ed se satan, aby n\u00e1s od \u010dten\u00ed odv\u00e1d\u011bl a zam\u011bstn\u00e1val n\u00e1s tak, abychom se nev\u011bnovali rozhovoru s&nbsp;Hospodinem. Tou nejz\u00e1sadn\u011bj\u0161\u00ed informac\u00ed pro n\u00e1s je, \u017ee B\u016fh je l\u00e1ska. Miluje n\u00e1s p\u0159es na\u0161i h\u0159\u00ed\u0161nost, na\u0161e opakovan\u00e9 selh\u00e1v\u00e1n\u00ed, na\u0161e nedodr\u017eov\u00e1n\u00ed Jeho p\u0159\u00edkaz\u016f tak, \u017ee ob\u011btoval jednorozen\u00e9ho Syna. V\u011bt\u0161\u00ed projev l\u00e1sky nem\u016f\u017ee b\u00fdt.<\/p>\n<p><img loading=\"lazy\" decoding=\"async\" class=\"alignnone wp-image-11178\" src=\"https:\/\/valasskemezirici.casd.cz\/wp-content\/uploads\/2026\/04\/Milos.jpeg\" alt=\"\" width=\"555\" height=\"833\" srcset=\"https:\/\/valasskemezirici.casd.cz\/wp-content\/uploads\/2026\/04\/Milos.jpeg 1067w, https:\/\/valasskemezirici.casd.cz\/wp-content\/uploads\/2026\/04\/Milos-200x300.jpeg 200w, https:\/\/valasskemezirici.casd.cz\/wp-content\/uploads\/2026\/04\/Milos-683x1024.jpeg 683w, https:\/\/valasskemezirici.casd.cz\/wp-content\/uploads\/2026\/04\/Milos-768x1152.jpeg 768w, https:\/\/valasskemezirici.casd.cz\/wp-content\/uploads\/2026\/04\/Milos-1024x1536.jpeg 1024w\" sizes=\"auto, (max-width: 555px) 100vw, 555px\" \/><\/p>\n<p><!--more--><\/p>\n<p style=\"text-align: justify;\">Na za\u010d\u00e1tku Bible \u010dteme o v\u0161em, co B\u016fh stvo\u0159il sv\u00fdm slovem, jak n\u00e1dhernou zemi, jak \u00fa\u017easn\u00fd vesm\u00edr. Ale kdy\u017e tvo\u0159il \u010dlov\u011bka, u\u010dinil to sv\u00fdma vlastn\u00edma rukama. On v\u0161e stvo\u0159il pro n\u00e1s, On u\u017e n\u00e1s p\u0159ed na\u0161\u00edm stvo\u0159en\u00edm nesm\u00edrn\u011b miloval. Jeho l\u00e1sku nejsme schopni nikdy pochopit ani docenit.<\/p>\n<p style=\"text-align: justify;\">B\u011bhem na\u0161eho \u017eivota n\u00e1s potk\u00e1v\u00e1 mnoho nep\u0159\u00edjemnost\u00ed a probl\u00e9m\u016f. P\u0159esto si m\u016f\u017eeme b\u00fdt jisti, \u017ee B\u016fh n\u00e1s neopust\u00ed, na\u0161e modlitby vysl\u00fdch\u00e1 a v\u017edy pom\u016f\u017ee. Jen ne v\u017edy tak, jak bychom cht\u011bli a v\u017edy v&nbsp;ten okam\u017eik, kdy bychom si to p\u0159\u00e1li. P\u0159esto bude Jeho z\u00e1sah v&nbsp;ten prav\u00fd \u010das a ten nejlep\u0161\u00ed.<\/p>\n<p style=\"text-align: justify;\">Bible n\u00e1s naz\u00fdv\u00e1 svat\u00fdmi. T\u011bmi v&nbsp;\u017e\u00e1dn\u00e9m p\u0159\u00edpad\u011b nem\u016f\u017eeme b\u00fdt \u2013 jedin\u00fd svat\u00fd, dokonal\u00fd a bezh\u0159\u00ed\u0161n\u00fd je B\u016fh. Sv\u00fdmi \u017eivoty bychom se ale m\u011bli sna\u017eit Boha napodobovat, sv\u011bd\u010dit o n\u011bm. Svatost v&nbsp;na\u0161em p\u0159\u00edpad\u011b nen\u00ed vlastnost, ale \u017eivotn\u00ed styl.<\/p>\n<p style=\"text-align: justify;\"><em>\u201eM\u016f\u017eeme o n\u00ed (Bo\u017e\u00ed l\u00e1sce) p\u0159em\u00fd\u0161let, m\u016f\u017eeme usilovn\u011b zkoumat P\u00edsmo ve snaze ji pochopit, m\u016f\u017eeme pou\u017e\u00edt v\u0161echnu s\u00edlu a schopnosti, kter\u00e9 n\u00e1m B\u016fh dal, ve&nbsp;snaze pochopit l\u00e1sku a soucit nebesk\u00e9ho Otce, a p\u0159esto n\u00e1s bude nekone\u010dn\u011b p\u0159esahovat. Ani cel\u00e1 v\u011b\u010dnost nebude sta\u010dit k \u00fapln\u00e9mu zjeven\u00ed t\u00e9to l\u00e1sky. Ale kdy\u017e budeme studovat Bibli a rozj\u00edmat o Kristov\u011b \u017eivot\u011b a pl\u00e1nu vykoupen\u00ed, tato velk\u00e1 t\u00e9mata se budou na\u0161emu ch\u00e1p\u00e1n\u00ed otev\u00edrat st\u00e1le v\u00edce.\u201c<\/em> EGW<\/p>\n<p style=\"text-align: justify;\">K\u00e1z\u00e1n\u00edm z&nbsp;Bo\u017e\u00edho slova n\u00e1m poslou\u017eil bratr Bohumil Mro\u010dek. Audioz\u00e1znam k\u00e1z\u00e1n\u00ed najdete na na\u0161em webu. Zde p\u0159in\u00e1\u0161\u00edme n\u011bkolik hlavn\u00edch my\u0161lenek.<\/p>\n<p style=\"text-align: justify;\"><em>Posouzen\u00ed cesty apo\u0161tola&nbsp; Pavla ze 3 pohled\u016f:<\/em><\/p>\n<ul style=\"text-align: justify;\">\n<li><em>Apo\u0161tola Pavla, \u010dlov\u011bka prom\u011bn\u011bn\u00e9ho Bohem<\/em><\/li>\n<li><em>Farize\u016f, v\u011brn\u00ed z\u00e1konu, ale slep\u00ed<\/em><\/li>\n<li><em>Je\u017e\u00ed\u0161e Krista, z&nbsp;pohledu Bo\u017e\u00ed pravdy a vykoupen\u00ed<\/em><\/li>\n<\/ul>\n<p style=\"text-align: justify;\"><em><strong>Sk 23 kapitola. 11.-14.<\/strong><\/em><\/p>\n<p style=\"text-align: justify;\"><em>Pavel nebyl oby\u010dejn\u00fd \u010dlov\u011bk, po\u017e\u00edval zna\u010dnou Bo\u017e\u00ed milost. Ta se objevuje v&nbsp;jeho \u017eivot\u011b skoro po\u0159\u00e1d. Byl farizeus, pron\u00e1sledovatel c\u00edrkve do ur\u010dit\u00e9ho \u010dasu. Z&nbsp;n\u011bj se st\u00e1v\u00e1 apo\u0161tol. Cesta do \u0158\u00edma nen\u00ed jen geografick\u00e1, ale cesta vnit\u0159n\u00ed. Od z\u00e1kona k&nbsp;milosti, od jistoty k&nbsp;v\u00ed\u0159e. Kontroloval to, co z\u00e1kon \u0159\u00edk\u00e1. Po setk\u00e1n\u00ed s&nbsp;Je\u017e\u00ed\u0161em ho to dovedlo k&nbsp;pln\u00e9mu odevzd\u00e1n\u00ed se a spol\u00e9h\u00e1n\u00ed na N\u011bj. Po zat\u010den\u00ed \u0158\u00edmany v&nbsp;n\u011bm farizeov\u00e9 vid\u00ed zr\u00e1dce, kter\u00fd se zpronev\u011b\u0159il Bohu. Ale B\u016fh v&nbsp;n\u011bm vid\u00ed jeho potenci\u00e1l a sv\u016fj n\u00e1stroj k&nbsp;tomu, aby zv\u011bstoval lidem kr\u00e1lovstv\u00ed Bo\u017e\u00ed. Kdy\u017e n\u00e1s lid\u00e9 hodnot\u00ed podle skutk\u016f, tak je to podle na\u0161\u00ed minulosti. B\u016fh n\u00e1s hodnot\u00ed jinak, podle na\u0161eho vnit\u0159n\u00edho potenci\u00e1lu. Nevid\u00ed chybuj\u00edc\u00ed lidi, kte\u0159\u00ed jsou ne\u0161\u0165astn\u00ed ze sv\u00e9ho \u017eivota, ale podle toho, \u010deho jsme schopni dos\u00e1hnout pod vlivem Ducha Svat\u00e9ho.<\/em><\/p>\n<p style=\"text-align: justify;\"><em>Vci\u0165me se do \u017eivota farize\u016f. Mnohdy je kritizujeme, jejich \u017eivoty na n\u00e1s nemus\u00ed p\u016fsobit dob\u0159e. Ale zachov\u00e1vali z\u00e1kon, b\u00e1li se fale\u0161n\u00e9ho u\u010den\u00ed, Z&nbsp;jejich pohledu byl Pavel po cest\u011b do Dama\u0161ku nebezpe\u010dn\u00fd. Pro\u010d? Tvrdil, \u017ee sp\u00e1sa nen\u00ed ze z\u00e1kona a v&nbsp;z\u00e1kon\u011b, ale \u017ee Je\u017e\u00ed\u0161 Mesi\u00e1\u0161 je sp\u00e1sa. Pohan\u00e9 mohou b\u00fdt p\u0159ijati bez Moj\u017e\u00ed\u0161ova z\u00e1kona, co\u017e mnoz\u00ed nemohli rozd\u00fdchat. Farizeov\u00e9 se nevid\u011bli jako nep\u0159\u00e1tel\u00e9 Boha, mysleli si, \u017ee Boha br\u00e1n\u00ed a dodr\u017euj\u00ed Jeho z\u00e1sady. To je varov\u00e1n\u00ed pro n\u00e1s \u2013 m\u016f\u017eeme b\u00fdt horliv\u00ed pro Boha, ale vlastn\u011b st\u00e1t proti n\u011bmu. Kdy\u017e se l\u00e1ska vytrat\u00ed a p\u0159evl\u00e1dne jen forma. Jistota p\u0159evl\u00e1dne nad pokorou. Je nutn\u00e9 nau\u010dit se poko\u0159e, p\u0159ijmout i prohru, abychom mohli b\u00fdt v\u00edt\u011bzov\u00e9.<\/em><\/p>\n<p style=\"text-align: justify;\"><em>Konflikt mezi Pavlem a farizei je obraz z\u00e1pasu prob\u00edhaj\u00edc\u00edho v&nbsp;ka\u017ed\u00e9m z&nbsp;n\u00e1s. Farizeus v&nbsp;n\u00e1s \u0159\u00edk\u00e1 \u2013 spasen\u00ed si mus\u00ed\u0161 zaslou\u017eit. Mus\u00ed\u0161 b\u00fdt dobr\u00fd. Mus\u00ed\u0161 splnit pravidla. Toto ctil i Pavel ur\u010ditou dobu, kdy\u017e v\u011bznil k\u0159es\u0165any. Po setk\u00e1n\u00ed s&nbsp;Je\u017e\u00ed\u0161em vyzn\u00e1val jin\u00e9 z\u00e1sady. Jsme zachr\u00e1n\u011bni Bo\u017e\u00ed milost\u00ed, B\u016fh mn\u011b vede i kdy\u017e selh\u00e1v\u00e1m, ale nenech\u00e1v\u00e1 mn\u011b napospas h\u0159\u00edch\u016fm. Kristus je spravedlnost. Kdo v&nbsp;n\u00e1s zv\u00edt\u011bz\u00ed \u2013 Pavel nebo farizeus?<\/em><\/p>\n<p style=\"text-align: justify;\"><em>O\u010dima Je\u017e\u00ed\u0161e \u2013 s\u00e1m \u0161el podobnou cestou jako Pavel. Byl nepochopen. Nic zl\u00e9ho neud\u011blal, ale lid\u00e9 ho obvinili z&nbsp;vymy\u0161len\u00fdch v\u011bc\u00ed. Za nevinu byl odsouzen, stejn\u011b jako Pavel. Nesl za n\u00e1s k\u0159\u00ed\u017e a byl na n\u011bm uk\u0159i\u017eov\u00e1n. Pavel ve sv\u00e9m \u017eivot\u011b \u0159\u00edk\u00e1 \u2013 \u010d\u00edm v\u00edce se bl\u00ed\u017e\u00edm k&nbsp;c\u00edli, t\u00edm v\u00edce mi ohla\u0161uje Duch Bo\u017e\u00ed, \u017ee se bl\u00ed\u017e\u00ed m\u016fj konec. Kdyby Pavel nespol\u00e9hal pln\u011b na Boha, byl by to zma\u0159en\u00fd \u017eivot, prohra. On jde ale cestou Je\u017e\u00ed\u0161e. Byl odm\u00edtnut, odsouzen. Konec jak u Pavla, tak u Je\u017e\u00ed\u0161e vypad\u00e1 beznad\u011bjn\u011b, zbyte\u010dn\u011b zma\u0159en\u00fd \u017eivot. Z&nbsp;pohledu Je\u017e\u00ed\u0161e je to zcela napln\u011bn\u00fd \u017eivot. &nbsp;B\u016fh nev\u00e1hal d\u00e1t sv\u00e9ho Syna. Je\u017e\u00ed\u0161 n\u00e1s zachr\u00e1nil svou ob\u011bt\u00ed, stejn\u011b tak Pavel a mnoho dal\u0161\u00edch. Cht\u011bli sv\u011bd\u010dit o Je\u017e\u00ed\u0161i, Jeho z\u00e1chran\u011b pro n\u00e1s, o Jeho zmrtv\u00fdchvst\u00e1n\u00ed. Sv\u011bd\u010dil, \u017ee smrt nen\u00ed kone\u010dn\u00e1.<\/em><\/p>\n<p style=\"text-align: justify;\"><em>Apo\u0161tolov\u00e9 p\u0159ed zm\u011bnou jejich my\u0161len\u00ed si d\u00e1vaj\u00ed ot\u00e1zku na lodi p\u0159i bou\u0159i si d\u00e1vaj\u00ed ot\u00e1zku, zda jde o trest za n\u011bco. Kdy\u017e potkali posti\u017een\u00e9ho \u2013 to je trest za jeho h\u0159\u00edch nebo jeho rodi\u010d\u016f? Stejn\u011b jako oni mnoh\u00fdm v\u011bcem nerozum\u00edme, pro\u010d se stanou. Ale mnoh\u00e9 v\u011bci, i ta bou\u0159e, je k&nbsp;dobr\u00e9mu. Zastav\u00ed n\u00e1s to, zm\u011bn\u00edme n\u00e1hled na n\u011bkter\u00e9 v\u011bci. B\u016fh v\u0161e, co d\u011bl\u00e1, m\u00e1 sv\u016fj smysl.<\/em><\/p>\n<p style=\"text-align: justify;\"><em>Pavel po bou\u0159i ztroskotal na Malt\u011b a s&nbsp;n\u00edm cel\u00e1 pos\u00e1dka. Z&nbsp;pohledu farize\u016f to byla nesmysln\u00e1 plavba.&nbsp; Pavel p\u0159edpov\u00edd\u00e1 z\u00e1chranu, tak jak mu \u0159ekl B\u016fh. B\u016fh pracuje tam, kde je podle n\u00e1s hluch\u00e9 m\u00edsto. On m\u00e1 sv\u016fj pl\u00e1n. Cel\u00e1 cesta do \u0158\u00edma se zd\u00e1 b\u00fdt fiaskem. Ale and\u011bl\u00e9 m\u011bli radost, proto\u017ee sv\u011bd\u010dil o Je\u017e\u00ed\u0161i Kristu.<\/em><\/p>\n<p style=\"text-align: justify;\"><em>Z&nbsp;lidsk\u00e9ho hlediska jsou d\u016fle\u017eit\u00e9 moc, svoboda, bohatstv\u00ed. Kristus vid\u00ed ale \u00fasp\u011bch v&nbsp;tom, \u017ee se \u010dlov\u011bk nau\u010d\u00ed poslu\u0161nosti, l\u00e1sce, poko\u0159e. Na co spol\u00e9h\u00e1me my? Na l\u00e1sku? Na milost? Na p\u0159\u00e1telstv\u00ed&nbsp; s Je\u017e\u00ed\u0161em? Nebo na v\u00fdkon, bohatstv\u00ed apod.? Nau\u010dme se d\u016fv\u011b\u0159ovat i v&nbsp;bou\u0159i, kdy n\u00e1s B\u016fh zd\u00e1nliv\u011b opustil. P\u0159em\u00fd\u0161lejme, jestli se m\u016f\u017eeme zm\u011bnit, b\u00fdt lep\u0161\u00edmi. &nbsp;Mo\u017en\u00e1 \u017ee p\u0159ijdeme \u201eo lo\u010f\u201c jako n\u00e1mo\u0159n\u00edci, ale n\u00e1\u0161 \u017eivot m\u016f\u017ee b\u00fdt zachr\u00e1n\u011bn.<\/em><\/p>\n<p style=\"text-align: justify;\"><em>Zkusme sv\u016fj \u017eivot \u010d\u00edst z&nbsp;pohledu Je\u017e\u00ed\u0161e, z&nbsp;pohledu farize\u016f nebo z&nbsp;pohledu Pavla. V \u201eprobl\u00e9mech\u201c hledejme novou cestu. K\u00e9\u017e je na\u0161e cesta cestou milosti a spol\u00e9h\u00e1n\u00ed se na Hospodina.<\/em><\/p>\n<p style=\"text-align: justify;\">&nbsp;<\/p>\n<p style=\"text-align: justify;\">&nbsp;<\/p>\n<p style=\"text-align: justify;\">&nbsp;<\/p>\n","protected":false},"excerpt":{"rendered":"<p>Z\u00e1\u0159iv\u00e9 slun\u00ed\u010dko a teploty okolo nuly \u2013 to je leto\u0161n\u00ed jaro. Ale narcis\u016fm ani mod\u0159enc\u016fm chladiv\u00e1 r\u00e1na nevad\u00ed a v\u0161ichni jsme se shodli na tom, \u017ee jejich n\u00e1dhern\u00e9 kv\u011bty n\u00e1m vn\u00e1\u0161\u00ed do srdce radost a vd\u011b\u010dnost za v\u0161echnu tu kr\u00e1su, kterou kv\u016fli n\u00e1m B\u016fh sv\u00fdm slovem vytvo\u0159il. \u00dakolem sobotn\u00ed \u0161koly n\u00e1s prov\u00e1zela sestra Anna Petrovi\u010dov\u00e1. [&hellip;]<\/p>\n","protected":false},"author":1,"featured_media":0,"comment_status":"closed","ping_status":"open","sticky":false,"template":"","format":"standard","meta":{"ngg_post_thumbnail":0,"footnotes":""},"categories":[1],"tags":[],"class_list":["post-11176","post","type-post","status-publish","format-standard","hentry","category-nezarazene"],"_links":{"self":[{"href":"https:\/\/valasskemezirici.casd.cz\/index.php?rest_route=\/wp\/v2\/posts\/11176","targetHints":{"allow":["GET"]}}],"collection":[{"href":"https:\/\/valasskemezirici.casd.cz\/index.php?rest_route=\/wp\/v2\/posts"}],"about":[{"href":"https:\/\/valasskemezirici.casd.cz\/index.php?rest_route=\/wp\/v2\/types\/post"}],"author":[{"embeddable":true,"href":"https:\/\/valasskemezirici.casd.cz\/index.php?rest_route=\/wp\/v2\/users\/1"}],"replies":[{"embeddable":true,"href":"https:\/\/valasskemezirici.casd.cz\/index.php?rest_route=%2Fwp%2Fv2%2Fcomments&post=11176"}],"version-history":[{"count":1,"href":"https:\/\/valasskemezirici.casd.cz\/index.php?rest_route=\/wp\/v2\/posts\/11176\/revisions"}],"predecessor-version":[{"id":11179,"href":"https:\/\/valasskemezirici.casd.cz\/index.php?rest_route=\/wp\/v2\/posts\/11176\/revisions\/11179"}],"wp:attachment":[{"href":"https:\/\/valasskemezirici.casd.cz\/index.php?rest_route=%2Fwp%2Fv2%2Fmedia&parent=11176"}],"wp:term":[{"taxonomy":"category","embeddable":true,"href":"https:\/\/valasskemezirici.casd.cz\/index.php?rest_route=%2Fwp%2Fv2%2Fcategories&post=11176"},{"taxonomy":"post_tag","embeddable":true,"href":"https:\/\/valasskemezirici.casd.cz\/index.php?rest_route=%2Fwp%2Fv2%2Ftags&post=11176"}],"curies":[{"name":"wp","href":"https:\/\/api.w.org\/{rel}","templated":true}]}}