{"id":1572,"date":"2016-05-24T10:47:17","date_gmt":"2016-05-24T08:47:17","guid":{"rendered":"http:\/\/valasskemezirici.casd.cz\/?p=1572"},"modified":"2016-05-24T10:47:33","modified_gmt":"2016-05-24T08:47:33","slug":"eku-vylet-ii","status":"publish","type":"post","link":"https:\/\/valasskemezirici.casd.cz\/?p=1572","title":{"rendered":"EKU v\u00fdlet II."},"content":{"rendered":"<p style=\"text-align: justify;\">Ve\u0161ker\u00e9mu Je\u017e\u00ed\u0161ovu st\u00e1du, roztrou\u0161en\u00e9mu po vala\u0161sk\u00fdch pastvin\u00e1ch, na v\u011bdomost d\u00e1v\u00e1me, \u017ee po prvn\u00edm \u00fasp\u011b\u0161n\u00e9m &#8222;Eku-v\u00fdletu&#8220; se na viditeln\u00e9m obzoru r\u00fdsuje dal\u0161\u00ed pokra\u010dov\u00e1n\u00ed. Nepochybujeme o tom, \u017ee se na trase mezi Velkou Lhotou a Ro\u017enovem setk\u00e1me s &#8222;nes\u010d\u00edsln\u00fdm z\u00e1stupem&#8220;. U\u017e proto, \u017ee tentokr\u00e1t nerozhoduje v\u011bk, vzd\u011bl\u00e1n\u00ed, m\u00edra h\u0159\u00ed\u0161nosti, a u\u017e v\u016fbec ne p\u0159\u00edslu\u0161nost k t\u00e9 \u010di on\u00e9 c\u00edrkevn\u00ed ohr\u00e1dce. V\u00edt\u00e1ny jsou i v\u0161echny zbloudil\u00e9 ovce, pota\u017emo marnotratn\u00ed synov\u00e9 \u010di dcery, na kter\u00e9 chceme b\u011bhem v\u00fdletu obzvl\u00e1\u0161\u0165 vzpom\u00ednat. Slune\u010dn\u00e9 dny pod dohledem spole\u010dn\u00e9ho Past\u00fd\u0159e p\u0159eje a na setk\u00e1n\u00ed na trase se t\u011b\u0161\u00ed<br \/>\nJarka Krut\u00edlkov\u00e1 a Franta Tomanec<\/p>\n<p><img loading=\"lazy\" decoding=\"async\" class=\"\" src=\"https:\/\/scontent-vie1-1.xx.fbcdn.net\/v\/t1.0-9\/13263753_284948755174516_2147891912543676300_n.jpg?oh=a5b6c64bd330bcbd9a02e7952433b6d1&amp;oe=57DBB758\" alt=\"\" width=\"597\" height=\"451\" \/><\/p>\n","protected":false},"excerpt":{"rendered":"<p>Ve\u0161ker\u00e9mu Je\u017e\u00ed\u0161ovu st\u00e1du, roztrou\u0161en\u00e9mu po vala\u0161sk\u00fdch pastvin\u00e1ch, na v\u011bdomost d\u00e1v\u00e1me, \u017ee po prvn\u00edm \u00fasp\u011b\u0161n\u00e9m &#8222;Eku-v\u00fdletu&#8220; se na viditeln\u00e9m obzoru r\u00fdsuje dal\u0161\u00ed pokra\u010dov\u00e1n\u00ed. Nepochybujeme o tom, \u017ee se na trase mezi Velkou Lhotou a Ro\u017enovem setk\u00e1me s &#8222;nes\u010d\u00edsln\u00fdm z\u00e1stupem&#8220;. U\u017e proto, \u017ee tentokr\u00e1t nerozhoduje v\u011bk, vzd\u011bl\u00e1n\u00ed, m\u00edra h\u0159\u00ed\u0161nosti, a u\u017e v\u016fbec ne p\u0159\u00edslu\u0161nost k t\u00e9 \u010di [&hellip;]<\/p>\n","protected":false},"author":1,"featured_media":0,"comment_status":"open","ping_status":"open","sticky":false,"template":"","format":"standard","meta":{"ngg_post_thumbnail":0,"footnotes":""},"categories":[1],"tags":[],"class_list":["post-1572","post","type-post","status-publish","format-standard","hentry","category-nezarazene"],"_links":{"self":[{"href":"https:\/\/valasskemezirici.casd.cz\/index.php?rest_route=\/wp\/v2\/posts\/1572","targetHints":{"allow":["GET"]}}],"collection":[{"href":"https:\/\/valasskemezirici.casd.cz\/index.php?rest_route=\/wp\/v2\/posts"}],"about":[{"href":"https:\/\/valasskemezirici.casd.cz\/index.php?rest_route=\/wp\/v2\/types\/post"}],"author":[{"embeddable":true,"href":"https:\/\/valasskemezirici.casd.cz\/index.php?rest_route=\/wp\/v2\/users\/1"}],"replies":[{"embeddable":true,"href":"https:\/\/valasskemezirici.casd.cz\/index.php?rest_route=%2Fwp%2Fv2%2Fcomments&post=1572"}],"version-history":[{"count":2,"href":"https:\/\/valasskemezirici.casd.cz\/index.php?rest_route=\/wp\/v2\/posts\/1572\/revisions"}],"predecessor-version":[{"id":1574,"href":"https:\/\/valasskemezirici.casd.cz\/index.php?rest_route=\/wp\/v2\/posts\/1572\/revisions\/1574"}],"wp:attachment":[{"href":"https:\/\/valasskemezirici.casd.cz\/index.php?rest_route=%2Fwp%2Fv2%2Fmedia&parent=1572"}],"wp:term":[{"taxonomy":"category","embeddable":true,"href":"https:\/\/valasskemezirici.casd.cz\/index.php?rest_route=%2Fwp%2Fv2%2Fcategories&post=1572"},{"taxonomy":"post_tag","embeddable":true,"href":"https:\/\/valasskemezirici.casd.cz\/index.php?rest_route=%2Fwp%2Fv2%2Ftags&post=1572"}],"curies":[{"name":"wp","href":"https:\/\/api.w.org\/{rel}","templated":true}]}}