{"id":1946,"date":"2016-10-17T09:18:17","date_gmt":"2016-10-17T07:18:17","guid":{"rendered":"http:\/\/valasskemezirici.casd.cz\/?p=1946"},"modified":"2016-10-17T09:18:17","modified_gmt":"2016-10-17T07:18:17","slug":"eku-vylet-z-jablunky-pres-lazy-do-hostalkove","status":"publish","type":"post","link":"https:\/\/valasskemezirici.casd.cz\/?p=1946","title":{"rendered":"EKU v\u00fdlet &#8211; z Jabl\u016fnky p\u0159es L\u00e1zy do Ho\u0161\u0165\u00e1lkov\u00e9"},"content":{"rendered":"<p style=\"text-align: justify;\">Ten den n\u00e1m nebe u\u0161ilo na m\u00edru. Ne, \u017ee by d\u00e9\u0161\u0165 nebyl po\u017eehn\u00e1n\u00edm, ale na celodenn\u00ed v\u00fd\u0161lap se p\u0159ece jenom v\u00edc hod\u00ed slun\u00ed\u010dko a modr\u00e1 obloha. Zat\u00edmco p\u0159ede\u0161l\u00e9 dny opl\u00fdvaly \u0161ediv\u00fdmi mraky, citeln\u00fdm chladem a ob\u010dasn\u00fdm pad\u00e1n\u00edm vl\u00e1hy, dne\u0161ek za\u010d\u00edn\u00e1 dokonal\u00fdm opakem. Prvn\u00ed d\u016fvod k\u00a0modlitb\u00e1m vd\u011b\u010dnosti se nab\u00edz\u00ed je\u0161t\u011b p\u0159ed vlastn\u00edm ostr\u00fdm startem. Sedm du\u0161\u00ed, kter\u00e9 pro dne\u0161ek sb\u011bhly se sv\u00fdch c\u00edrkevn\u00edch ohr\u00e1dek, vyskakuje z\u00a0osobn\u00edho\u00a0vlaku na jabl\u016fneck\u00e9m n\u00e1dra\u017e\u00ed. N\u00e1sleduje je sympatick\u00fd, sv\u00fdm zp\u016fsobem denomina\u010dn\u011b za\u0159azen\u00fd ps\u00edk Monti. P\u0159ed p\u0159\u00edpadn\u00fdm sb\u011bhnut\u00edm je ji\u0161t\u011bn solidn\u00edm vod\u00edtkem. To se v\u0161ak pozd\u011bji pon\u011bkud z\u00e1hadn\u011b vytrat\u00ed. I pro tohoto Bo\u017e\u00edho tvora se t\u00edm p\u00e1dem nab\u00edz\u00ed\u00a0 svoboda vyzn\u00e1n\u00ed.<\/p>\n<p style=\"text-align: justify;\">Zm\u00edn\u011bn\u00e1 skupina se prot\u00e1hne Jabl\u016fnkou a na jej\u00edm doln\u00edm konci prudce zabo\u010d\u00ed doleva. Hned za mostem p\u0159es Vset\u00ednskou Be\u010dvu je v\u00edt\u00e1 nep\u0159\u00edli\u0161 velik\u00e1 obec Pr\u017eno. Je zaj\u00edmav\u00e1 mimo jin\u00e9 t\u00edm, \u017ee se na jej\u00edm katastru nach\u00e1zej\u00ed nejm\u00e9n\u011b t\u0159i hospody a tak\u00e9 dva kostely. Prvn\u00ed ze svatost\u00e1nk\u016f se stal v\u00fdznamn\u00fdm mezn\u00edkem na \u017eivotn\u00ed cest\u011b p\u0159\u00edtomn\u00e9 Matky p\u0159estaven\u00e9, samotn\u00e9 autorky ekumenick\u00fdch v\u00fd\u0161lap\u016f. Jarka, alias \u0160vitorka, tu byla po sv\u00e9m dramatick\u00e9m p\u0159eb\u011bhnut\u00ed na Bo\u017e\u00ed stranu pok\u0159t\u011bna. Po dvou des\u00edtk\u00e1ch let kle\u010d\u00ed u vchodu a vys\u00edl\u00e1 k v\u00fd\u0161in\u00e1m nesly\u0161nou modlitbu. P\u0159id\u00e1v\u00e1me se k\u00a0n\u00ed d\u016fv\u011brn\u011b zn\u00e1m\u00fdmi slovy, kter\u00e1 u\u017e na p\u0159elomu letopo\u010dtu vyslovil ten, kv\u016fli kter\u00e9mu jsme se tu dnes vlastn\u011b setkali\u2026<\/p>\n<p><a href=\"https:\/\/valasskemezirici.casd.cz\/?attachment_id=1947\" rel=\"attachment wp-att-1947\"><img loading=\"lazy\" decoding=\"async\" class=\"alignnone  wp-image-1947\" src=\"https:\/\/valasskemezirici.casd.cz\/wp-content\/uploads\/2016\/10\/DSCN0030-1024x768.jpg\" alt=\"dscn0030\" width=\"596\" height=\"447\" srcset=\"https:\/\/valasskemezirici.casd.cz\/wp-content\/uploads\/2016\/10\/DSCN0030-1024x768.jpg 1024w, https:\/\/valasskemezirici.casd.cz\/wp-content\/uploads\/2016\/10\/DSCN0030-300x225.jpg 300w, https:\/\/valasskemezirici.casd.cz\/wp-content\/uploads\/2016\/10\/DSCN0030-768x576.jpg 768w, https:\/\/valasskemezirici.casd.cz\/wp-content\/uploads\/2016\/10\/DSCN0030.jpg 1600w\" sizes=\"auto, (max-width: 596px) 100vw, 596px\" \/><\/a><\/p>\n<p style=\"text-align: justify;\">Sotva dv\u011b stovky metr\u016f odtud se k\u00a0nebi ty\u010d\u00ed kostel evangelick\u00fd. Nev\u00edme p\u0159esn\u011b, jak se n\u00e1v\u0161t\u011bvn\u00edci konkuren\u010dn\u00edch chr\u00e1m\u016f navz\u00e1jem sn\u00e1\u0161ej\u00ed, ale sd\u011blovac\u00ed prost\u0159edky zat\u00edm \u017e\u00e1dn\u00fd n\u00e1znak mezic\u00edrkevn\u00edch \u0161arv\u00e1tek nezaznamenaly. Pokud to i zdej\u0161\u00ed n\u00e1sledovn\u00edci nazaretsk\u00e9ho Mistra berou se svou v\u00edrou v\u00e1\u017en\u011b, dost dob\u0159e jim nezb\u00fdv\u00e1, ne\u017e aby se navz\u00e1jem nejen tolerovali, ale dokonce se m\u011bli r\u00e1di\u2026Cestou n\u011bkdo pronese, \u017ee pr\u00e1v\u011b dnes se v\u00a0c\u00edrkevn\u00edm kalend\u00e1\u0159i vzpom\u00edn\u00e1 na jistu Terezii. Pramen stejn\u00e9ho jm\u00e9na n\u00e1m pot\u00e9 nab\u00edz\u00ed nevy\u010derpateln\u00e9 mno\u017estv\u00ed osv\u011b\u017euj\u00edc\u00ed tekutiny. \u00dapln\u011b zadarmo. P\u0159esn\u011b tak, jak to vzpom\u00ednan\u00fd Mistr kdysi nab\u00edzel u sama\u0159sk\u00e9 studny. Mluvil v\u0161ak o vod\u011b nesrovnateln\u011b vy\u0161\u0161\u00ed kvality. Tak\u00e9 byla, a dodnes je k\u00a0dost\u00e1n\u00ed bez pen\u011bz\u2026<\/p>\n<p style=\"text-align: justify;\"><a href=\"https:\/\/valasskemezirici.casd.cz\/?attachment_id=1948\" rel=\"attachment wp-att-1948\"><img loading=\"lazy\" decoding=\"async\" class=\"alignnone  wp-image-1948\" src=\"https:\/\/valasskemezirici.casd.cz\/wp-content\/uploads\/2016\/10\/DSCN0038-1024x768.jpg\" alt=\"dscn0038\" width=\"599\" height=\"449\" srcset=\"https:\/\/valasskemezirici.casd.cz\/wp-content\/uploads\/2016\/10\/DSCN0038-1024x768.jpg 1024w, https:\/\/valasskemezirici.casd.cz\/wp-content\/uploads\/2016\/10\/DSCN0038-300x225.jpg 300w, https:\/\/valasskemezirici.casd.cz\/wp-content\/uploads\/2016\/10\/DSCN0038-768x576.jpg 768w, https:\/\/valasskemezirici.casd.cz\/wp-content\/uploads\/2016\/10\/DSCN0038.jpg 1600w\" sizes=\"auto, (max-width: 599px) 100vw, 599px\" \/><\/a><\/p>\n<p style=\"text-align: justify;\">Bez jak\u00e9koliv \u00faplaty se n\u00e1m dnes dost\u00e1v\u00e1 tak\u00e9 p\u0159\u00edjemn\u00e9ho tepla s\u00e1laj\u00edc\u00edho z\u00a0dal\u0161\u00edho nebesk\u00e9ho zdroje. Byla by \u0161koda nenastavit jeho paprsk\u016fm na\u0161e pomalu blednouc\u00ed tv\u00e1\u0159e. Zvl\u00e1\u0161t\u011b kdy\u017e tu \u0161ikovn\u00ed osadn\u00edci z\u00a0nedalek\u00fdch Pr\u017eensk\u00fdch pasek vybudovali p\u0159\u00edv\u011btiv\u00e9 posezen\u00ed. Lehk\u00e1 sva\u010dinka s\u00a0namodral\u00fdmi kulisami vala\u0161sk\u00e9 krajiny tady chutn\u00e1 daleko l\u00e9pe ne\u017e v\u00a0nejluxusn\u011bj\u0161\u00edch restaura\u010dn\u00edch za\u0159\u00edzen\u00edch. K\u00a0nefal\u0161ovan\u00e9mu \u00fasm\u011bvu zase vyb\u00edz\u00ed n\u011bkolik interpretovan\u00fdch vzpom\u00ednek ze \u017eivota. T\u0159eba o tom, jak se va\u0159ila \u010do\u010dka a\u017e do sam\u00e9ho z\u010dern\u00e1n\u00ed, \u010di o nah\u00e1n\u011bn\u00ed potkana v n\u011bkdej\u0161\u00edm \u0160vitor\u010din\u011b interi\u00e9ru.<\/p>\n<p style=\"text-align: justify;\"><a href=\"https:\/\/valasskemezirici.casd.cz\/?attachment_id=1949\" rel=\"attachment wp-att-1949\"><img loading=\"lazy\" decoding=\"async\" class=\"alignnone  wp-image-1949\" src=\"https:\/\/valasskemezirici.casd.cz\/wp-content\/uploads\/2016\/10\/DSCN7809-1024x768.jpg\" alt=\"dscn7809\" width=\"603\" height=\"452\" srcset=\"https:\/\/valasskemezirici.casd.cz\/wp-content\/uploads\/2016\/10\/DSCN7809-1024x768.jpg 1024w, https:\/\/valasskemezirici.casd.cz\/wp-content\/uploads\/2016\/10\/DSCN7809-300x225.jpg 300w, https:\/\/valasskemezirici.casd.cz\/wp-content\/uploads\/2016\/10\/DSCN7809-768x576.jpg 768w, https:\/\/valasskemezirici.casd.cz\/wp-content\/uploads\/2016\/10\/DSCN7809.jpg 1600w\" sizes=\"auto, (max-width: 603px) 100vw, 603px\" \/><\/a><\/p>\n<p style=\"text-align: justify;\">Mezi nejv\u011bt\u0161\u00ed p\u0159ekvapen\u00ed dne\u0161n\u00edho eku-v\u00fdletu bude bezesporu pat\u0159it kamenn\u00fd monument osamocen\u011b se ty\u010d\u00edc\u00ed na za\u010d\u00e1tku pr\u017eensk\u00e9ho h\u0159ebene. Byl tu um\u00edst\u011bn teprve vloni a p\u0159ipom\u00edn\u00e1 velice ne\u0161\u0165astn\u00e9 \u00fadob\u00ed k\u0159es\u0165ansk\u00fdch d\u011bjin. \u0160est set rok\u016f p\u0159ed n\u00e1mi se za jin\u00e9 ne\u017e ofici\u00e1ln\u00ed n\u00e1zory je\u0161t\u011b upalovalo. To, \u017ee se tak u\u017e n\u011bjak\u00fd ten p\u00e1tek ned\u011bje, nebude asi jen z\u00e1sluhou u\u0161lechtil\u00fdch lidsk\u00fdch snah. Sm\u011b\u0159ov\u00e1n\u00ed k jednot\u011b m\u00e1 patrn\u011b na sv\u011bdom\u00ed daleko mocn\u011bj\u0161\u00ed fenom\u00e9n. Mistr Jan v\u0161ak tak jako tak z\u016fst\u00e1v\u00e1 mementem i inspirac\u00ed. Pro ka\u017ed\u00e9ho, kdo je ochoten jeho hlasu naslouchat.<\/p>\n<p style=\"text-align: justify;\"><a href=\"https:\/\/valasskemezirici.casd.cz\/?attachment_id=1950\" rel=\"attachment wp-att-1950\"><img loading=\"lazy\" decoding=\"async\" class=\"alignnone  wp-image-1950\" src=\"https:\/\/valasskemezirici.casd.cz\/wp-content\/uploads\/2016\/10\/DSCN0045-1024x768.jpg\" alt=\"dscn0045\" width=\"606\" height=\"454\" srcset=\"https:\/\/valasskemezirici.casd.cz\/wp-content\/uploads\/2016\/10\/DSCN0045-1024x768.jpg 1024w, https:\/\/valasskemezirici.casd.cz\/wp-content\/uploads\/2016\/10\/DSCN0045-300x225.jpg 300w, https:\/\/valasskemezirici.casd.cz\/wp-content\/uploads\/2016\/10\/DSCN0045-768x576.jpg 768w, https:\/\/valasskemezirici.casd.cz\/wp-content\/uploads\/2016\/10\/DSCN0045.jpg 1600w\" sizes=\"auto, (max-width: 606px) 100vw, 606px\" \/><\/a><\/p>\n<p style=\"text-align: justify;\">Na prvn\u00ed \u201epaseckou\u201c hospodu naraz\u00edme coby dup. Otev\u00edr\u00e1 v\u0161ak a\u017e za vyzv\u00e1n\u011bn\u00ed poledn\u00edch zvon\u016f. Nedalek\u00e9 st\u00e1do poleh\u00e1vaj\u00edc\u00edch krav to m\u00e1 snadn\u011bj\u0161\u00ed. Nen\u00ed v\u00e1z\u00e1no na otev\u00edrac\u00ed dobu. Napase se kdykoliv a kdekoliv.<\/p>\n<p style=\"text-align: justify;\">Bl\u00edzk\u00e1 Kr\u010dma na Pr\u017eensk\u00e9m vrchu je u\u017e odem\u010dena. Zal\u00e9z\u00e1me pod p\u0159\u00edst\u0159e\u0161ek s\u00a0m\u00edrn\u00fdm pr\u016fvanem. Kupodivu tu v\u0161ak na n\u00e1s ne\u010dek\u00e1 n\u00e1\u0161 v\u00fdkonn\u011bj\u0161\u00ed p\u00e1nsk\u00fd p\u0159edvoj. K nemal\u00e9mu p\u0159ekvapen\u00ed se dov\u00edd\u00e1me, \u017ee Petr s\u00a0Milanem u\u017e toho \u010dasu okupuj\u00ed prostory na hony vzd\u00e1len\u00e9 l\u00e1zeck\u00e9 konkurence. Co\u017e n\u00e1m nebr\u00e1n\u00ed v\u00a0tom, abychom to tady pat\u0159i\u010dn\u011b nerozto\u010dili. Vo\u0148av\u00fd mok z\u00a0pra\u017een\u00fdch k\u00e1vov\u00fdch zrn \u010di kakaov\u00fdch bob\u016f chutn\u00e1 znamenit\u011b. Zvl\u00e1\u0161t\u011b, kdy\u017e je p\u0159izdoben p\u0159ekypuj\u00edc\u00edm vrcholem z\u00a0nad\u00fdchan\u00e9 smetany.<\/p>\n<p style=\"text-align: justify;\">Opou\u0161t\u00edme malebn\u00e9 Pr\u017eensk\u00e9 paseky a \u00a0po p\u0159ehledn\u00e9m h\u0159ebenu pokra\u010dujeme d\u00e1l. Na lev\u00e9 stran\u011b \u00fadol\u00ed ned\u00e1vn\u00e9 vesnice roku, m\u00fdch rodn\u00fdch Kate\u0159inic, napravo obydlen\u00e1 n\u00e1vr\u0161\u00ed Mikul\u016fvky a Oznice. K\u00a0vid\u011bn\u00ed je tak\u00e9 Mal\u00e1 Lhota i zaml\u017een\u00e1 silueta b\u00e1jn\u00e9ho Radho\u0161t\u011b.<\/p>\n<p style=\"text-align: justify;\"><a href=\"https:\/\/valasskemezirici.casd.cz\/?attachment_id=1951\" rel=\"attachment wp-att-1951\"><img loading=\"lazy\" decoding=\"async\" class=\"alignnone  wp-image-1951\" src=\"https:\/\/valasskemezirici.casd.cz\/wp-content\/uploads\/2016\/10\/DSCN0060-1024x768.jpg\" alt=\"dscn0060\" width=\"612\" height=\"459\" srcset=\"https:\/\/valasskemezirici.casd.cz\/wp-content\/uploads\/2016\/10\/DSCN0060-1024x768.jpg 1024w, https:\/\/valasskemezirici.casd.cz\/wp-content\/uploads\/2016\/10\/DSCN0060-300x225.jpg 300w, https:\/\/valasskemezirici.casd.cz\/wp-content\/uploads\/2016\/10\/DSCN0060-768x576.jpg 768w, https:\/\/valasskemezirici.casd.cz\/wp-content\/uploads\/2016\/10\/DSCN0060.jpg 1600w\" sizes=\"auto, (max-width: 612px) 100vw, 612px\" \/><\/a><\/p>\n<p style=\"text-align: justify;\">Za tepl\u00e9ho v\u011btru vystoup\u00e1me na Chladnou, abychom se zahled\u011bli na posledn\u00ed pasek\u00e1\u0159sk\u00e9 usedlosti m\u00e9 rodn\u00e9 d\u011bdiny. Vzpom\u00edn\u00e1m na sv\u00e1 d\u00e1vno za\u0161l\u00e1 \u0161koln\u00ed l\u00e9ta. A zvl\u00e1\u0161t\u011b na tehdej\u0161\u00ed b\u00edl\u00e9 zimy. Moji spolu\u017e\u00e1ci se odtud s\u00a0aktovkou na z\u00e1dech denn\u011b prod\u00edrali hlubok\u00fdm sn\u011bhem. V\u00a0dne\u0161n\u00edm \u010dase ter\u00e9nn\u00edch p\u0159ibli\u017eovadel a p\u0159e\u00fazkostliv\u00fdch rodi\u010d\u016f n\u011bco nesl\u00fdchan\u00e9ho.<\/p>\n<p style=\"text-align: justify;\">Lesn\u00ed \u00fasek m\u00ed\u0159\u00edc\u00ed k\u00a0L\u00e1z\u016fm nut\u00ed k\u00a0mal\u00e9mu zastaven\u00ed. Oho\u0159el\u00e9 sv\u00ed\u010dky, povadl\u00e9 kv\u011bty a prost\u00fd n\u00e1pis pod fotografii\u00ed mlad\u00e9ho \u010dlov\u011bka mluv\u00ed za v\u0161echno. Dominantou je d\u0159ev\u011bn\u00fd k\u0159\u00ed\u017e. Kotva, kter\u00e1 \u010dn\u00ed k\u00a0nebi, posledn\u00ed nad\u011bje na z\u00e1chranu. \u010ctve\u0159ice jmen na stuh\u00e1ch, pokud tomu v\u011b\u0159\u00ed, nemus\u00ed jen nav\u011bky vzpom\u00ednat\u2026<\/p>\n<p style=\"text-align: justify;\"><a href=\"https:\/\/valasskemezirici.casd.cz\/?attachment_id=1952\" rel=\"attachment wp-att-1952\"><img loading=\"lazy\" decoding=\"async\" class=\"alignnone  wp-image-1952\" src=\"https:\/\/valasskemezirici.casd.cz\/wp-content\/uploads\/2016\/10\/DSCN0065-1024x768.jpg\" alt=\"dscn0065\" width=\"611\" height=\"458\" srcset=\"https:\/\/valasskemezirici.casd.cz\/wp-content\/uploads\/2016\/10\/DSCN0065-1024x768.jpg 1024w, https:\/\/valasskemezirici.casd.cz\/wp-content\/uploads\/2016\/10\/DSCN0065-300x225.jpg 300w, https:\/\/valasskemezirici.casd.cz\/wp-content\/uploads\/2016\/10\/DSCN0065-768x576.jpg 768w, https:\/\/valasskemezirici.casd.cz\/wp-content\/uploads\/2016\/10\/DSCN0065.jpg 1600w\" sizes=\"auto, (max-width: 611px) 100vw, 611px\" \/><\/a><\/p>\n<p style=\"text-align: justify;\">Jmenovan\u00e1 vesnice na temeni hol\u00e9ho n\u00e1vr\u0161\u00ed je m\u00edstem dal\u0161\u00edho setk\u00e1n\u00ed. Autobus sem vyv\u00e1\u017e\u00ed dal\u0161\u00edch osm poutn\u00edk\u016f. Ve v\u00edcem\u00e9n\u011b obvykl\u00e9m po\u010dtu patn\u00e1cti du\u0161\u00ed pot\u00e9 startujeme k\u00a0dal\u0161\u00edmu d\u00edlu ekumenick\u00e9ho dobrodru\u017estv\u00ed.<\/p>\n<p style=\"text-align: justify;\"><a href=\"https:\/\/valasskemezirici.casd.cz\/?attachment_id=1953\" rel=\"attachment wp-att-1953\"><img loading=\"lazy\" decoding=\"async\" class=\"alignnone  wp-image-1953\" src=\"https:\/\/valasskemezirici.casd.cz\/wp-content\/uploads\/2016\/10\/DSCN0080-1024x768.jpg\" alt=\"dscn0080\" width=\"610\" height=\"457\" srcset=\"https:\/\/valasskemezirici.casd.cz\/wp-content\/uploads\/2016\/10\/DSCN0080-1024x768.jpg 1024w, https:\/\/valasskemezirici.casd.cz\/wp-content\/uploads\/2016\/10\/DSCN0080-300x225.jpg 300w, https:\/\/valasskemezirici.casd.cz\/wp-content\/uploads\/2016\/10\/DSCN0080-768x576.jpg 768w, https:\/\/valasskemezirici.casd.cz\/wp-content\/uploads\/2016\/10\/DSCN0080.jpg 1600w\" sizes=\"auto, (max-width: 610px) 100vw, 610px\" \/><\/a><\/p>\n<p style=\"text-align: justify;\">Stoup\u00e1me d\u011bdinou m\u00edrn\u011b nahoru a nem\u016f\u017eeme si nev\u0161imnout m\u00edstn\u00ed p\u0159ipom\u00ednky doposud \u017eij\u00edc\u00ed k\u0159es\u0165ansk\u00e9 v\u00edry. \u00dahledn\u00e1 kazatelsk\u00e1 stanice n\u00e1le\u017e\u00ed vyznava\u010d\u016fm evangelick\u00e9ho vyzn\u00e1n\u00ed. V\u011bdom\u00ed, \u017ee i v\u00a0t\u00e9to, \u201ena ho\u0159e le\u017e\u00edc\u00ed\u201c vesnici m\u00e1me sv\u00e9 sourozence, je pro n\u00e1s v\u00edce ne\u017e mil\u00fdm pohlazen\u00edm po du\u0161i.<\/p>\n<p style=\"text-align: justify;\"><a href=\"https:\/\/valasskemezirici.casd.cz\/?attachment_id=1954\" rel=\"attachment wp-att-1954\"><img loading=\"lazy\" decoding=\"async\" class=\"alignnone  wp-image-1954\" src=\"https:\/\/valasskemezirici.casd.cz\/wp-content\/uploads\/2016\/10\/DSCN0082-1024x768.jpg\" alt=\"dscn0082\" width=\"612\" height=\"459\" srcset=\"https:\/\/valasskemezirici.casd.cz\/wp-content\/uploads\/2016\/10\/DSCN0082-1024x768.jpg 1024w, https:\/\/valasskemezirici.casd.cz\/wp-content\/uploads\/2016\/10\/DSCN0082-300x225.jpg 300w, https:\/\/valasskemezirici.casd.cz\/wp-content\/uploads\/2016\/10\/DSCN0082-768x576.jpg 768w, https:\/\/valasskemezirici.casd.cz\/wp-content\/uploads\/2016\/10\/DSCN0082.jpg 1600w\" sizes=\"auto, (max-width: 612px) 100vw, 612px\" \/><\/a><\/p>\n<p style=\"text-align: justify;\">Nezpevn\u011bn\u00e1 \u00fazk\u00e1 cesta vede st\u00e1le hust\u011bj\u0161\u00edm lesem. N\u011bkde je pln\u00e1 kamen\u00ed, \u010dast\u011bji ji v\u0161ak zdob\u00ed bl\u00e1to a hlubok\u00e9 kalu\u017ee. Na\u0161t\u011bst\u00ed se vyh\u00fdb\u00e1 p\u0159\u00edkr\u00fdm a p\u0159\u00edli\u0161 dlouh\u00fdm stoup\u00e1n\u00edm \u010di kles\u00e1n\u00edm. Listnat\u00e9 stromy u\u017e za\u010d\u00ednaj\u00ed prokv\u00e9tat tepl\u00fdmi t\u00f3ny podzimn\u00edch odst\u00edn\u016f. \u00dadob\u00ed parn\u00fdch dn\u016f a vlah\u00fdch noc\u00ed je definitivn\u011b za n\u00e1mi. Nadch\u00e1z\u00ed doba\u00a0 barevn\u00fdch nostalgick\u00fdch proch\u00e1zek.<\/p>\n<p style=\"text-align: justify;\">Vrcholov\u00e1 louka na Porub\u011b je ide\u00e1ln\u00edm m\u00edstem pro dal\u0161\u00ed a tentokr\u00e1t i del\u0161\u00ed p\u0159est\u00e1vku. N\u00e1\u010delnice pro hry a sout\u011b\u017ee, nedosti\u017en\u00e1 teta Iva, si p\u0159ipravila hned n\u011bkolik z\u00e1minek k\u00a0pobaven\u00ed \u010di pou\u010den\u00ed. Nezbytn\u00e9 rozd\u011blen\u00ed na dv\u011b konkuren\u010dn\u00ed skupiny ani v\u00a0tomto p\u0159\u00edpad\u011b neprob\u00edh\u00e1 podle denomina\u010dn\u00edho kl\u00ed\u010de. Na to, \u017ee pat\u0159\u00edme do nejm\u00e9n\u011b t\u0159\u00ed \u010di \u010dty\u0159 chl\u00edve\u010dk\u016f, jsme u\u017e sta\u010dili spont\u00e1nn\u011b a t\u00edm p\u00e1dem i \u00fasp\u011b\u0161n\u011b zapomenout.<\/p>\n<p style=\"text-align: justify;\"><a href=\"https:\/\/valasskemezirici.casd.cz\/?attachment_id=1955\" rel=\"attachment wp-att-1955\"><img loading=\"lazy\" decoding=\"async\" class=\"alignnone  wp-image-1955\" src=\"https:\/\/valasskemezirici.casd.cz\/wp-content\/uploads\/2016\/10\/DSCN0105-1024x768.jpg\" alt=\"dscn0105\" width=\"623\" height=\"467\" srcset=\"https:\/\/valasskemezirici.casd.cz\/wp-content\/uploads\/2016\/10\/DSCN0105-1024x768.jpg 1024w, https:\/\/valasskemezirici.casd.cz\/wp-content\/uploads\/2016\/10\/DSCN0105-300x225.jpg 300w, https:\/\/valasskemezirici.casd.cz\/wp-content\/uploads\/2016\/10\/DSCN0105-768x576.jpg 768w, https:\/\/valasskemezirici.casd.cz\/wp-content\/uploads\/2016\/10\/DSCN0105.jpg 1600w\" sizes=\"auto, (max-width: 623px) 100vw, 623px\" \/><\/a><\/p>\n<p style=\"text-align: justify;\"><a href=\"https:\/\/valasskemezirici.casd.cz\/?attachment_id=1956\" rel=\"attachment wp-att-1956\"><img loading=\"lazy\" decoding=\"async\" class=\"alignnone  wp-image-1956\" src=\"https:\/\/valasskemezirici.casd.cz\/wp-content\/uploads\/2016\/10\/DSCN0114-1024x768.jpg\" alt=\"dscn0114\" width=\"619\" height=\"465\" srcset=\"https:\/\/valasskemezirici.casd.cz\/wp-content\/uploads\/2016\/10\/DSCN0114-1024x768.jpg 1024w, https:\/\/valasskemezirici.casd.cz\/wp-content\/uploads\/2016\/10\/DSCN0114-300x225.jpg 300w, https:\/\/valasskemezirici.casd.cz\/wp-content\/uploads\/2016\/10\/DSCN0114-768x576.jpg 768w, https:\/\/valasskemezirici.casd.cz\/wp-content\/uploads\/2016\/10\/DSCN0114.jpg 1600w\" sizes=\"auto, (max-width: 619px) 100vw, 619px\" \/><\/a> <a href=\"https:\/\/valasskemezirici.casd.cz\/?attachment_id=1957\" rel=\"attachment wp-att-1957\"><img loading=\"lazy\" decoding=\"async\" class=\"alignnone  wp-image-1957\" src=\"https:\/\/valasskemezirici.casd.cz\/wp-content\/uploads\/2016\/10\/DSCN0124-1024x768.jpg\" alt=\"dscn0124\" width=\"620\" height=\"465\" srcset=\"https:\/\/valasskemezirici.casd.cz\/wp-content\/uploads\/2016\/10\/DSCN0124-1024x768.jpg 1024w, https:\/\/valasskemezirici.casd.cz\/wp-content\/uploads\/2016\/10\/DSCN0124-300x225.jpg 300w, https:\/\/valasskemezirici.casd.cz\/wp-content\/uploads\/2016\/10\/DSCN0124-768x576.jpg 768w, https:\/\/valasskemezirici.casd.cz\/wp-content\/uploads\/2016\/10\/DSCN0124.jpg 1600w\" sizes=\"auto, (max-width: 620px) 100vw, 620px\" \/><\/a> <a href=\"https:\/\/valasskemezirici.casd.cz\/?attachment_id=1958\" rel=\"attachment wp-att-1958\"><img loading=\"lazy\" decoding=\"async\" class=\"alignnone  wp-image-1958\" src=\"https:\/\/valasskemezirici.casd.cz\/wp-content\/uploads\/2016\/10\/DSCN4237-1024x768.jpg\" alt=\"dscn4237\" width=\"620\" height=\"465\" srcset=\"https:\/\/valasskemezirici.casd.cz\/wp-content\/uploads\/2016\/10\/DSCN4237-1024x768.jpg 1024w, https:\/\/valasskemezirici.casd.cz\/wp-content\/uploads\/2016\/10\/DSCN4237-300x225.jpg 300w, https:\/\/valasskemezirici.casd.cz\/wp-content\/uploads\/2016\/10\/DSCN4237-768x576.jpg 768w\" sizes=\"auto, (max-width: 620px) 100vw, 620px\" \/><\/a><\/p>\n<p style=\"text-align: justify;\"><a href=\"https:\/\/valasskemezirici.casd.cz\/?attachment_id=1959\" rel=\"attachment wp-att-1959\"><img loading=\"lazy\" decoding=\"async\" class=\"alignnone  wp-image-1959\" src=\"https:\/\/valasskemezirici.casd.cz\/wp-content\/uploads\/2016\/10\/DSCN0130-1024x768.jpg\" alt=\"dscn0130\" width=\"617\" height=\"463\" srcset=\"https:\/\/valasskemezirici.casd.cz\/wp-content\/uploads\/2016\/10\/DSCN0130-1024x768.jpg 1024w, https:\/\/valasskemezirici.casd.cz\/wp-content\/uploads\/2016\/10\/DSCN0130-300x225.jpg 300w, https:\/\/valasskemezirici.casd.cz\/wp-content\/uploads\/2016\/10\/DSCN0130-768x576.jpg 768w, https:\/\/valasskemezirici.casd.cz\/wp-content\/uploads\/2016\/10\/DSCN0130.jpg 1600w\" sizes=\"auto, (max-width: 617px) 100vw, 617px\" \/><\/a><\/p>\n<p style=\"text-align: justify;\">P\u0159esto\u017ee ve\u0161ker\u00e9 sout\u011b\u017ee nakonec p\u0159esv\u011bd\u010div\u011b vyhr\u00e1v\u00e1 skupina na\u0161ich na\u017ehaven\u00fdch protivn\u00edk\u016f, nemus\u00ed m\u00edt je\u0161t\u011b vyhr\u00e1no. Jak hovo\u0159\u00ed svat\u00e1 P\u00edsma, nadejde \u010das, kdy posledn\u00ed budou prvn\u00ed a ti nejlep\u0161\u00ed \u00fapln\u011b na chvostu. Tak jako tak se n\u00e1m dost\u00e1v\u00e1 naprosto stejn\u00e9 odm\u011bny jako evidentn\u011b v\u00fdkonn\u011bj\u0161\u00edmu man\u0161aftu. Organiz\u00e1torka Iva se patrn\u011b za\u010detla do evangeli\u00ed a tam narazila na jedno nep\u0159\u00edli\u0161 popul\u00e1rn\u00ed podobenstv\u00ed. To vypr\u00e1v\u00ed o evidentn\u011b nespokojen\u00e9 d\u011blnick\u00e9 t\u0159\u00edd\u011b. Navzdory r\u016fzn\u011b dlouh\u00e9 pracovn\u00ed dob\u011b maj\u00ed v\u0161ichni shodnou v\u00fdplatu. Spravedlnost je p\u0159ev\u00e1lcov\u00e1na milost\u00ed. Tak, jako v\u00a0mnoha jin\u00fdch novoz\u00e1konn\u00edch p\u0159\u00edpadech.<\/p>\n<p style=\"text-align: justify;\">Zelenou zna\u010dku m\u011bn\u00edme za \u010dervenou, abychom pod jej\u00ed vl\u00e1dou narazili na stejn\u011b zbarvenou muchom\u016frku. D\u00e1vno opu\u0161t\u011bnou \u017elutou zase p\u0159ipom\u00edn\u00e1 rychle se m\u011bn\u00edc\u00ed list\u00ed javor\u016f a nedalek\u00fdch \u0161t\u00edhl\u00fdch b\u0159\u00edzek. Namodral\u00fd obzor, kter\u00fd se n\u00e1m co nevid\u011bt otev\u00edr\u00e1, n\u00e1s vrac\u00ed do kraje, kter\u00fd je nezaslou\u017een\u011b i na\u0161im domovem.<\/p>\n<p style=\"text-align: justify;\">Kone\u010dn\u011b jsme doputovali na Kon\u010diny. Pod veden\u00edm nep\u0159ehl\u00e9dnuteln\u00e9ho bratra Jana, nejv\u011bt\u0161\u00edho Zaj\u00ed\u010dka ve St\u0159edn\u00ed Evrop\u011b, se spou\u0161t\u00edme se o p\u00e1r des\u00edtek metr\u016f n\u00ed\u017e. P\u0159ed prostornou chalupou n\u00e1s u\u017e vyhl\u00ed\u017e\u00ed dobrosrde\u010dn\u011b se tv\u00e1\u0159\u00edc\u00ed dvojice man\u017eel\u016f Vrajov\u00fdch. \u201eNezouvejte se a poj\u010fte d\u00e1l\u201c, zvou n\u00e1s unisono do sv\u00e9ho udr\u017eovan\u00e9ho\u00a0 p\u0159\u00edbytku po p\u0159edc\u00edch, \u201ena takov\u00e9 n\u00e1v\u0161t\u011bvy jsme tu u\u017e dlouho zvykl\u00ed\u201c.<\/p>\n<p style=\"text-align: justify;\"><a href=\"https:\/\/valasskemezirici.casd.cz\/?attachment_id=1960\" rel=\"attachment wp-att-1960\"><img loading=\"lazy\" decoding=\"async\" class=\"alignnone  wp-image-1960\" src=\"https:\/\/valasskemezirici.casd.cz\/wp-content\/uploads\/2016\/10\/DSCN0148-1024x768.jpg\" alt=\"dscn0148\" width=\"610\" height=\"458\" srcset=\"https:\/\/valasskemezirici.casd.cz\/wp-content\/uploads\/2016\/10\/DSCN0148-1024x768.jpg 1024w, https:\/\/valasskemezirici.casd.cz\/wp-content\/uploads\/2016\/10\/DSCN0148-300x225.jpg 300w, https:\/\/valasskemezirici.casd.cz\/wp-content\/uploads\/2016\/10\/DSCN0148-768x576.jpg 768w, https:\/\/valasskemezirici.casd.cz\/wp-content\/uploads\/2016\/10\/DSCN0148.jpg 1600w\" sizes=\"auto, (max-width: 610px) 100vw, 610px\" \/><\/a><\/p>\n<p style=\"text-align: justify;\">Hned p\u0159i prvn\u00edm kontaktu s\u00a0interi\u00e9rem je n\u00e1m jasn\u00e9, s\u00a0k\u00fdm m\u00e1me tu \u010dest. N\u00e1pisy, obr\u00e1zky, kamenn\u00e9 desky Desatera a dal\u0161\u00ed drobnosti prozrazuj\u00ed, \u017ee neviditeln\u00fdm hostem tu odnepam\u011bti b\u00fdv\u00e1 i ten, kter\u00fd n\u00e1s nekone\u010dn\u011b p\u0159evy\u0161uje.<\/p>\n<p style=\"text-align: justify;\">R\u00e1zn\u00e1 pan\u00ed domu zahajuje setk\u00e1n\u00ed zp\u011bvem d\u011bkovn\u00e9 p\u00edsn\u011b, jej\u00ed\u017e text zdob\u00ed jednu ze st\u011bn prostrann\u00e9 m\u00edstnosti. Pod veden\u00edm \u0160vitorky se pot\u00e9 rozezp\u00edv\u00e1me do spole\u010dn\u00e9 chv\u00e1ly na\u0161eho p\u0159\u00edtomn\u00e9ho P\u00e1na. \u00a0Bratr Milan se skl\u00e1n\u00ed k\u00a0modlitb\u011b. Otev\u00edr\u00e1 Knihu knih a \u010dte jeden ze \u017ealm\u016f. N\u00e1sleduje duchovn\u00ed zamy\u0161len\u00ed m\u00ed\u0159\u00edc\u00ed ke smyslu lidsk\u00e9ho obr\u00e1cen\u00ed se k\u00a0Bohu. Po vlastn\u00ed zpov\u011bdi vyz\u00fdv\u00e1 ostatn\u00ed ke vz\u00e1jemn\u00e9mu sd\u00edlen\u00ed. Oz\u00fdv\u00e1 se hned n\u011bkolik osobn\u00edch vyzn\u00e1n\u00ed. Tak \u010di onak dosv\u011bd\u010duj\u00ed pravdivost p\u0159edchoz\u00edho Milanova sd\u011blen\u00ed. Obr\u00e1cen\u00ed, kter\u00e9 je zpravidla reakc\u00ed na stav nouze \u010di osobn\u00ed pr\u00e1zdnoty, vede k\u00a0uzdraven\u00ed, napln\u011bn\u00ed a nalezen\u00ed nejvlastn\u011bj\u0161\u00edho smyslu pob\u00fdv\u00e1n\u00ed na na\u0161\u00ed kr\u00e1sn\u00e9 smutn\u00e9 planet\u011b.<\/p>\n<p style=\"text-align: justify;\"><a href=\"https:\/\/valasskemezirici.casd.cz\/?attachment_id=1961\" rel=\"attachment wp-att-1961\"><img loading=\"lazy\" decoding=\"async\" class=\"alignnone  wp-image-1961\" src=\"https:\/\/valasskemezirici.casd.cz\/wp-content\/uploads\/2016\/10\/DSCN0151-1024x768.jpg\" alt=\"dscn0151\" width=\"599\" height=\"449\" srcset=\"https:\/\/valasskemezirici.casd.cz\/wp-content\/uploads\/2016\/10\/DSCN0151-1024x768.jpg 1024w, https:\/\/valasskemezirici.casd.cz\/wp-content\/uploads\/2016\/10\/DSCN0151-300x225.jpg 300w, https:\/\/valasskemezirici.casd.cz\/wp-content\/uploads\/2016\/10\/DSCN0151-768x576.jpg 768w, https:\/\/valasskemezirici.casd.cz\/wp-content\/uploads\/2016\/10\/DSCN0151.jpg 1600w\" sizes=\"auto, (max-width: 599px) 100vw, 599px\" \/><\/a> <a href=\"https:\/\/valasskemezirici.casd.cz\/?attachment_id=1962\" rel=\"attachment wp-att-1962\"><img loading=\"lazy\" decoding=\"async\" class=\"alignnone  wp-image-1962\" src=\"https:\/\/valasskemezirici.casd.cz\/wp-content\/uploads\/2016\/10\/DSCN0169-1024x768.jpg\" alt=\"dscn0169\" width=\"598\" height=\"448\" srcset=\"https:\/\/valasskemezirici.casd.cz\/wp-content\/uploads\/2016\/10\/DSCN0169-1024x768.jpg 1024w, https:\/\/valasskemezirici.casd.cz\/wp-content\/uploads\/2016\/10\/DSCN0169-300x225.jpg 300w, https:\/\/valasskemezirici.casd.cz\/wp-content\/uploads\/2016\/10\/DSCN0169-768x576.jpg 768w, https:\/\/valasskemezirici.casd.cz\/wp-content\/uploads\/2016\/10\/DSCN0169.jpg 1600w\" sizes=\"auto, (max-width: 598px) 100vw, 598px\" \/><\/a> <a href=\"https:\/\/valasskemezirici.casd.cz\/?attachment_id=1963\" rel=\"attachment wp-att-1963\"><img loading=\"lazy\" decoding=\"async\" class=\"alignnone  wp-image-1963\" src=\"https:\/\/valasskemezirici.casd.cz\/wp-content\/uploads\/2016\/10\/DSCN0175-1024x768.jpg\" alt=\"dscn0175\" width=\"598\" height=\"448\" srcset=\"https:\/\/valasskemezirici.casd.cz\/wp-content\/uploads\/2016\/10\/DSCN0175-1024x768.jpg 1024w, https:\/\/valasskemezirici.casd.cz\/wp-content\/uploads\/2016\/10\/DSCN0175-300x225.jpg 300w, https:\/\/valasskemezirici.casd.cz\/wp-content\/uploads\/2016\/10\/DSCN0175-768x576.jpg 768w, https:\/\/valasskemezirici.casd.cz\/wp-content\/uploads\/2016\/10\/DSCN0175.jpg 1600w\" sizes=\"auto, (max-width: 598px) 100vw, 598px\" \/><\/a><\/p>\n<p style=\"text-align: justify;\"><a href=\"https:\/\/valasskemezirici.casd.cz\/?attachment_id=1968\" rel=\"attachment wp-att-1968\"><img loading=\"lazy\" decoding=\"async\" class=\"alignnone  wp-image-1968\" src=\"https:\/\/valasskemezirici.casd.cz\/wp-content\/uploads\/2016\/10\/DSCN0192-1024x768.jpg\" alt=\"dscn0192\" width=\"598\" height=\"448\" srcset=\"https:\/\/valasskemezirici.casd.cz\/wp-content\/uploads\/2016\/10\/DSCN0192-1024x768.jpg 1024w, https:\/\/valasskemezirici.casd.cz\/wp-content\/uploads\/2016\/10\/DSCN0192-300x225.jpg 300w, https:\/\/valasskemezirici.casd.cz\/wp-content\/uploads\/2016\/10\/DSCN0192-768x576.jpg 768w, https:\/\/valasskemezirici.casd.cz\/wp-content\/uploads\/2016\/10\/DSCN0192.jpg 1600w\" sizes=\"auto, (max-width: 598px) 100vw, 598px\" \/><\/a> <a href=\"https:\/\/valasskemezirici.casd.cz\/?attachment_id=1964\" rel=\"attachment wp-att-1964\"><img loading=\"lazy\" decoding=\"async\" class=\"alignnone  wp-image-1964\" src=\"https:\/\/valasskemezirici.casd.cz\/wp-content\/uploads\/2016\/10\/DSCN0184-1024x768.jpg\" alt=\"dscn0184\" width=\"596\" height=\"447\" srcset=\"https:\/\/valasskemezirici.casd.cz\/wp-content\/uploads\/2016\/10\/DSCN0184-1024x768.jpg 1024w, https:\/\/valasskemezirici.casd.cz\/wp-content\/uploads\/2016\/10\/DSCN0184-300x225.jpg 300w, https:\/\/valasskemezirici.casd.cz\/wp-content\/uploads\/2016\/10\/DSCN0184-768x576.jpg 768w, https:\/\/valasskemezirici.casd.cz\/wp-content\/uploads\/2016\/10\/DSCN0184.jpg 1600w\" sizes=\"auto, (max-width: 596px) 100vw, 596px\" \/><\/a><\/p>\n<p style=\"text-align: justify;\">Po\u017eehn\u00e1n\u00ed, spole\u010dn\u00e9 modlitby a z\u00e1v\u011bre\u010dn\u00e1 s\u00e9rie \u201eeku-v\u00fd\u0161lapov\u00fdch\u201c p\u00edsni\u010dek \u00a0jsou n\u00e1dhernou te\u010dkou za t\u011b\u017eko popsatelnou atmosf\u00e9rou, kter\u00e1 naplnila Vrajovo staven\u00ed. V\u00a0neposledn\u00ed \u0159ad\u011b se o to zasluhuj\u00ed tak\u00e9 naprosto neodolateln\u00e9 kol\u00e1\u010dky z\u00a0d\u00edlny jist\u00e9 pan\u00ed Ko\u0159\u00edstkov\u00e9. Kdyby bylo v\u00a0nebi tak, jako dnes na Kon\u010din\u00e1ch, v\u011bt\u0161in\u011b z\u00a0n\u00e1s by to nepochybn\u011b sta\u010dilo\u2026<\/p>\n<p style=\"text-align: justify;\">Prudk\u00fdm pad\u00e1kem se p\u0159eklopujeme na ho\u0161\u0165\u00e1lkovskou stranu. N\u011bkte\u0159\u00ed vpluj\u00ed do prostorn\u00e9ho fordu velik\u00e9ho bratra Jana, zbytek sv\u011bta m\u00ed\u0159\u00ed k\u00a0civilizaci po sv\u00fdch. \u0160estn\u00e1ctikilometrov\u00e9 putov\u00e1n\u00ed kon\u010d\u00ed p\u0159\u00edzna\u010dn\u011b. Zast\u00e1vka ve\u010dern\u00edho autobusu je naproti kostelu. Z\u00a0korun prot\u011bj\u0161\u00edch strom\u016f se k\u00a0nebi prod\u00edr\u00e1 dokonale kulat\u00fd m\u011bs\u00edc. Je v\u00a0\u00fapl\u0148ku. Podobn\u011b jako na\u0161e upokojen\u00e9, chv\u00e1lou p\u0159ekypuj\u00edc\u00ed nitro\u2026<\/p>\n<p style=\"text-align: justify;\"><a href=\"https:\/\/valasskemezirici.casd.cz\/?attachment_id=1965\" rel=\"attachment wp-att-1965\"><img loading=\"lazy\" decoding=\"async\" class=\"alignnone  wp-image-1965\" src=\"https:\/\/valasskemezirici.casd.cz\/wp-content\/uploads\/2016\/10\/DSCN0197-1024x768.jpg\" alt=\"dscn0197\" width=\"587\" height=\"440\" srcset=\"https:\/\/valasskemezirici.casd.cz\/wp-content\/uploads\/2016\/10\/DSCN0197-1024x768.jpg 1024w, https:\/\/valasskemezirici.casd.cz\/wp-content\/uploads\/2016\/10\/DSCN0197-300x225.jpg 300w, https:\/\/valasskemezirici.casd.cz\/wp-content\/uploads\/2016\/10\/DSCN0197-768x576.jpg 768w, https:\/\/valasskemezirici.casd.cz\/wp-content\/uploads\/2016\/10\/DSCN0197.jpg 1600w\" sizes=\"auto, (max-width: 587px) 100vw, 587px\" \/><\/a><\/p>\n<p style=\"text-align: justify;\"><a href=\"https:\/\/valasskemezirici.casd.cz\/?attachment_id=1966\" rel=\"attachment wp-att-1966\"><img loading=\"lazy\" decoding=\"async\" class=\"alignnone  wp-image-1966\" src=\"https:\/\/valasskemezirici.casd.cz\/wp-content\/uploads\/2016\/10\/DSCN0204-1024x768.jpg\" alt=\"dscn0204\" width=\"590\" height=\"442\" srcset=\"https:\/\/valasskemezirici.casd.cz\/wp-content\/uploads\/2016\/10\/DSCN0204-1024x768.jpg 1024w, https:\/\/valasskemezirici.casd.cz\/wp-content\/uploads\/2016\/10\/DSCN0204-300x225.jpg 300w, https:\/\/valasskemezirici.casd.cz\/wp-content\/uploads\/2016\/10\/DSCN0204-768x576.jpg 768w, https:\/\/valasskemezirici.casd.cz\/wp-content\/uploads\/2016\/10\/DSCN0204.jpg 1600w\" sizes=\"auto, (max-width: 590px) 100vw, 590px\" \/><\/a> <a href=\"https:\/\/valasskemezirici.casd.cz\/?attachment_id=1967\" rel=\"attachment wp-att-1967\"><img loading=\"lazy\" decoding=\"async\" class=\"alignnone  wp-image-1967\" src=\"https:\/\/valasskemezirici.casd.cz\/wp-content\/uploads\/2016\/10\/DSCN0207-1024x768.jpg\" alt=\"dscn0207\" width=\"589\" height=\"442\" srcset=\"https:\/\/valasskemezirici.casd.cz\/wp-content\/uploads\/2016\/10\/DSCN0207-1024x768.jpg 1024w, https:\/\/valasskemezirici.casd.cz\/wp-content\/uploads\/2016\/10\/DSCN0207-300x225.jpg 300w, https:\/\/valasskemezirici.casd.cz\/wp-content\/uploads\/2016\/10\/DSCN0207-768x576.jpg 768w, https:\/\/valasskemezirici.casd.cz\/wp-content\/uploads\/2016\/10\/DSCN0207.jpg 1600w\" sizes=\"auto, (max-width: 589px) 100vw, 589px\" \/><\/a><\/p>\n<p style=\"text-align: justify;\">Franta Tomanec\u00a0\u00a0\u00a0\u00a0\u00a0\u00a0\u00a0\u00a0 zcesty.blogspot.cz<\/p>\n<p style=\"text-align: justify;\">\n","protected":false},"excerpt":{"rendered":"<p>Ten den n\u00e1m nebe u\u0161ilo na m\u00edru. Ne, \u017ee by d\u00e9\u0161\u0165 nebyl po\u017eehn\u00e1n\u00edm, ale na celodenn\u00ed v\u00fd\u0161lap se p\u0159ece jenom v\u00edc hod\u00ed slun\u00ed\u010dko a modr\u00e1 obloha. Zat\u00edmco p\u0159ede\u0161l\u00e9 dny opl\u00fdvaly \u0161ediv\u00fdmi mraky, citeln\u00fdm chladem a ob\u010dasn\u00fdm pad\u00e1n\u00edm vl\u00e1hy, dne\u0161ek za\u010d\u00edn\u00e1 dokonal\u00fdm opakem. Prvn\u00ed d\u016fvod k\u00a0modlitb\u00e1m vd\u011b\u010dnosti se nab\u00edz\u00ed je\u0161t\u011b p\u0159ed vlastn\u00edm ostr\u00fdm startem. Sedm du\u0161\u00ed, [&hellip;]<\/p>\n","protected":false},"author":1,"featured_media":0,"comment_status":"open","ping_status":"open","sticky":false,"template":"","format":"standard","meta":{"ngg_post_thumbnail":0,"footnotes":""},"categories":[1],"tags":[],"class_list":["post-1946","post","type-post","status-publish","format-standard","hentry","category-nezarazene"],"_links":{"self":[{"href":"https:\/\/valasskemezirici.casd.cz\/index.php?rest_route=\/wp\/v2\/posts\/1946","targetHints":{"allow":["GET"]}}],"collection":[{"href":"https:\/\/valasskemezirici.casd.cz\/index.php?rest_route=\/wp\/v2\/posts"}],"about":[{"href":"https:\/\/valasskemezirici.casd.cz\/index.php?rest_route=\/wp\/v2\/types\/post"}],"author":[{"embeddable":true,"href":"https:\/\/valasskemezirici.casd.cz\/index.php?rest_route=\/wp\/v2\/users\/1"}],"replies":[{"embeddable":true,"href":"https:\/\/valasskemezirici.casd.cz\/index.php?rest_route=%2Fwp%2Fv2%2Fcomments&post=1946"}],"version-history":[{"count":1,"href":"https:\/\/valasskemezirici.casd.cz\/index.php?rest_route=\/wp\/v2\/posts\/1946\/revisions"}],"predecessor-version":[{"id":1969,"href":"https:\/\/valasskemezirici.casd.cz\/index.php?rest_route=\/wp\/v2\/posts\/1946\/revisions\/1969"}],"wp:attachment":[{"href":"https:\/\/valasskemezirici.casd.cz\/index.php?rest_route=%2Fwp%2Fv2%2Fmedia&parent=1946"}],"wp:term":[{"taxonomy":"category","embeddable":true,"href":"https:\/\/valasskemezirici.casd.cz\/index.php?rest_route=%2Fwp%2Fv2%2Fcategories&post=1946"},{"taxonomy":"post_tag","embeddable":true,"href":"https:\/\/valasskemezirici.casd.cz\/index.php?rest_route=%2Fwp%2Fv2%2Ftags&post=1946"}],"curies":[{"name":"wp","href":"https:\/\/api.w.org\/{rel}","templated":true}]}}