{"id":2286,"date":"2017-01-01T13:29:13","date_gmt":"2017-01-01T12:29:13","guid":{"rendered":"http:\/\/valasskemezirici.casd.cz\/?p=2286"},"modified":"2017-01-01T13:29:13","modified_gmt":"2017-01-01T12:29:13","slug":"sobota-31-12-2016","status":"publish","type":"post","link":"https:\/\/valasskemezirici.casd.cz\/?p=2286","title":{"rendered":"Sobota 31.12.2016"},"content":{"rendered":"<p style=\"text-align: justify;\">Posledn\u00ed den roku 2016 n\u00e1s p\u0159iv\u00edtal mrazivou n\u00e1ladou. P\u0159esto, \u017ee chlad zal\u00e9zal a\u017e pod kab\u00e1ty, na\u0161i v\u011brn\u00ed brat\u0159i a sestry se nedali odradit a p\u0159isp\u011bchali do sboru.<\/p>\n<p style=\"text-align: justify;\">Ml\u00e1de\u017e v\u00a0sobotn\u00ed \u0161kolce se zapotila p\u0159i lu\u0161t\u011bn\u00ed r\u00e9bus\u016f a bludi\u0161\u0165. Netradi\u010dn\u00ed pr\u016fb\u011bh &#8211; to byla mal\u00e1 odm\u011bna od sestry Ivy Bure\u0161ov\u00e9 za celoro\u010dn\u00ed piln\u00e9 studium. P\u0159idala se i nejmen\u0161\u00ed \u010dlenka sboru \u2013 St\u00e1zinka, kter\u00e1 u\u017e za\u010d\u00edn\u00e1 v\u0161echno zvu\u010dn\u011b komentovat. Ani dnes d\u011bti nezapomn\u011bly na zp\u011bv a zkou\u0161ku novoro\u010dn\u00ed bes\u00eddkov\u00e9 sc\u00e9nky.<\/p>\n<p style=\"text-align: justify;\"><a href=\"https:\/\/valasskemezirici.casd.cz\/?attachment_id=2287\" rel=\"attachment wp-att-2287\"><img loading=\"lazy\" decoding=\"async\" class=\"alignnone  wp-image-2287\" src=\"https:\/\/valasskemezirici.casd.cz\/wp-content\/uploads\/2017\/01\/DSCN4693-1024x768.jpg\" alt=\"dscn4693\" width=\"596\" height=\"447\" srcset=\"https:\/\/valasskemezirici.casd.cz\/wp-content\/uploads\/2017\/01\/DSCN4693-1024x768.jpg 1024w, https:\/\/valasskemezirici.casd.cz\/wp-content\/uploads\/2017\/01\/DSCN4693-300x225.jpg 300w, https:\/\/valasskemezirici.casd.cz\/wp-content\/uploads\/2017\/01\/DSCN4693-768x576.jpg 768w\" sizes=\"auto, (max-width: 596px) 100vw, 596px\" \/><\/a><\/p>\n<p style=\"text-align: justify;\">Studiem posledn\u00edho \u00fakolu sobotn\u00ed \u0161koly n\u00e1s provedl bratr Milo\u0161 Mro\u010dek. T\u00e9matem bylo \u201eN\u011bkter\u00e1 nau\u010den\u00ed z\u00a0knihy J\u00f3b\u201c.<\/p>\n<p style=\"text-align: justify;\">\u201e\u017d\u00edt z\u00a0v\u00edry\u201c \u2013 kniha J\u00f3b odhaluje, \u017ee se okolo n\u00e1s d\u011bje mnohem v\u00edce, ne\u017e vid\u00edme a vn\u00edm\u00e1me. Lid\u00e9 z\u00a0doby J\u00f3ba v\u011b\u0159ili v\u00a0Boha, dokonce ho n\u011bjak\u00fdm zp\u016fsobem i znali \u2013 jeho charakter a stvo\u0159itelskou moc. Ale krom\u011b viditeln\u00e9 reality v\u016fbec netu\u0161ili, co se d\u011bje v\u00a0pozad\u00ed. Jsme na tom podobn\u011b. Kniha J\u00f3b n\u00e1s u\u010d\u00ed, \u017ee se pot\u0159ebujeme nau\u010dit \u017e\u00edt v\u00edrou, uv\u011bdomit si svou slabost a nedokonalost a uznat, \u017ee toho v\u00edme i vid\u00edme opravdu jen m\u00e1lo.<\/p>\n<p style=\"text-align: justify;\">\u201eSatan\u201c \u2013 jedna z\u00a0nejslo\u017eit\u011bj\u0161\u00edch ot\u00e1zek, kter\u00e9 lidsk\u00e9 uva\u017eov\u00e1n\u00ed zam\u011bstn\u00e1v\u00e1, se t\u00fdk\u00e1 existence zla. V\u011bt\u0161ina lid\u00ed se zlem p\u0159irozen\u011b nesouhlas\u00ed. Zlo je skute\u010dn\u00e9, je sou\u010d\u00e1st\u00ed na\u0161eho sv\u011bta. Uv\u011bdomujeme si ho, a\u017e kdy\u017e se s\u00a0n\u00edm potk\u00e1me. M\u016f\u017eeme ho rozd\u011blit do dvou skupin \u2013 p\u0159\u00edrodn\u00ed, kter\u00e9 zp\u016fsobuj\u00ed p\u0159\u00edrodn\u00ed katastrofy \u2013 nap\u0159. zem\u011bt\u0159esen\u00ed, z\u00e1plavy, smrteln\u00e9 infek\u010dn\u00ed choroby, nebo mor\u00e1ln\u00ed, kter\u00e9 je v\u00fdsledkem z\u00e1m\u011brn\u00e9ho jedn\u00e1n\u00ed lidsk\u00fdch bytost\u00ed. Na z\u00e1klad\u011b P\u00edsma v\u011b\u0159\u00edme, \u017ee zlo m\u00e1 p\u016fvod v\u00a0p\u00e1du stvo\u0159en\u00e9 bytosti \u2013 Lucifera (satana). P\u00edsmo popisuje satana jako re\u00e1lnou bytost, kter\u00e1 se sna\u017e\u00ed lidem co nejv\u00edce u\u0161kodit. V\u00a0knize J\u00f3b lid\u00e9 obvi\u0148ovali z\u00a0ne\u0161t\u011bst\u00ed Boha, J\u00f3ba, ale ani jednou se nezm\u00ednili o satanovi. P\u0159esto n\u00e1m kniha ukazuje, kdo je za zlo na sv\u011bt\u011b odpov\u011bdn\u00fd.<\/p>\n<p style=\"text-align: justify;\">\u201eP\u0159\u00e1tel\u00e9\u201c \u2013 t\u0159i, pozd\u011bji \u010dty\u0159i, p\u0159\u00e1tel\u00e9 p\u0159ich\u00e1zej\u00ed za trp\u00edc\u00edm J\u00f3bem s\u00a0dobr\u00fdmi pohnutkami, aby mu projevili soustrast a pot\u011b\u0161ili ho. Kdy\u017e se J\u00f3b rozhovo\u0159il a ho\u0159ekoval nad trag\u00e9di\u00ed, m\u011bli p\u0159\u00e1tel\u00e9 pocit, \u017ee d\u016fle\u017eit\u011bj\u0161\u00ed ne\u017e ho povzbudit a povzn\u00e9st jeho ducha je pou\u010dit ho a opravit jeho teorii. J\u00f3b v\u0161ak pot\u0159eboval p\u0159esn\u011b to sam\u00e9, co v\u0161ichni trp\u00edc\u00ed a h\u0159\u00ed\u0161n\u00ed lid\u00e9 \u2013 milost a odpu\u0161t\u011bn\u00ed. To bylo znakem Je\u017e\u00ed\u0161ovy povahy \u2013 Kristus h\u0159\u00edch neomlouv\u00e1 a nezmen\u0161uje v\u011bdom\u00ed viny, ale nechce odsuzovat. Chce zachr\u00e1nit.<\/p>\n<p style=\"text-align: justify;\">\u201eV\u00edc ne\u017e jen trn\u00ed a bodl\u00e1\u010d\u00ed\u201c \u2013 Kdy\u017e se pod\u00edv\u00e1me kolem sebe, vid\u00edme jen utrpen\u00ed, nemoci, cudobu, v\u00e1lky, kriminalitu, zne\u010di\u0161t\u011bn\u00ed a nespravedlnost. Navzdory v\u0161emu, co pro\u017e\u00edv\u00e1me, n\u00e1m kniha J\u00f3b p\u0159in\u00e1\u0161\u00ed poselstv\u00ed o tom, \u017ee B\u016fh je s\u00a0n\u00e1mi, v\u00ed o n\u00e1s, rozum\u00ed n\u00e1m a zaslibuje, \u017ee jednou na\u0161e tr\u00e1pen\u00ed skon\u010d\u00ed.<\/p>\n<p style=\"text-align: justify;\">\u201eJe\u017e\u00ed\u0161 a J\u00f3b\u201c \u2013 v\u00a0pr\u016fb\u011bhu d\u011bjin si mnoz\u00ed v\u011b\u0159\u00edc\u00ed v\u0161\u00edmali podobnosti mezi p\u0159\u00edb\u011bhem J\u00f3ba a Je\u017e\u00ed\u0161e. J\u00f3b sice \u2013 na rozd\u00edl od Je\u017e\u00ed\u0161e \u2013 nebyl bezh\u0159\u00ed\u0161n\u00fd. Byl v\u0161ak v\u011brn\u00fd a spravedliv\u00fd, jeho \u017eivot byl oslavou nebesk\u00e9ho Otce, stejn\u011b jako Je\u017e\u00ed\u0161\u016fv. J\u00f3b pro\u0161el t\u011b\u017ek\u00fdmi zkou\u0161kami, kter\u00e9 mu nastra\u017eil satan, cel\u00fd \u017eivot ho obvi\u0148ovali a napadali, stejn\u011b jako Je\u017e\u00ed\u0161e. Navzdory tomu \u017eil Je\u017e\u00ed\u0161 bez\u00fahonn\u00fdm \u017eivotem, kter\u00fdm p\u0159edstavil Bo\u017e\u00ed charakter. \u201eToto v\u00e1m p\u00ed\u0161u, d\u011bti moje, abyste neh\u0159e\u0161ili. Av\u0161ak zh\u0159e\u0161\u00ed-li kdo, m\u00e1me u Otce p\u0159\u00edmluvce, Je\u017e\u00ed\u0161 Krista spravedliv\u00e9ho. On je sm\u00edrnou ob\u011bt\u00ed za na\u0161e h\u0159\u00edchy, a nejenom za na\u0161e, ale za h\u0159\u00edchy cel\u00e9ho sv\u011bta.\u201c<\/p>\n<p style=\"text-align: justify;\">Kniha J\u00f3b je sou\u010d\u00e1st\u00ed v\u011bt\u0161\u00edho obrazu, kter\u00fd zjevuje Bo\u017e\u00ed slovo. A jako sou\u010d\u00e1st velk\u00e9 duchovn\u00ed a teologick\u00e9 mozaiky n\u00e1m p\u0159in\u00e1\u0161\u00ed v\u00fdznamn\u00e9 poselstv\u00ed s\u00a0univerz\u00e1ln\u00ed v\u00fdzvou, kter\u00e1 plat\u00ed pro v\u0161echny Bo\u017e\u00ed n\u00e1sledovn\u00edky. T\u00edm poselstv\u00edm je v\u011brnost uprost\u0159ed ne\u0161t\u011bst\u00ed a nep\u0159\u00e1telstv\u00ed. \u201eAle kdo vytrv\u00e1 a\u017e do konce, bude spasen.\u201c<\/p>\n<p style=\"text-align: justify;\"><a href=\"https:\/\/valasskemezirici.casd.cz\/?attachment_id=2288\" rel=\"attachment wp-att-2288\"><img loading=\"lazy\" decoding=\"async\" class=\"alignnone  wp-image-2288\" src=\"https:\/\/valasskemezirici.casd.cz\/wp-content\/uploads\/2017\/01\/DSCN4696-1024x768.jpg\" alt=\"dscn4696\" width=\"617\" height=\"463\" srcset=\"https:\/\/valasskemezirici.casd.cz\/wp-content\/uploads\/2017\/01\/DSCN4696-1024x768.jpg 1024w, https:\/\/valasskemezirici.casd.cz\/wp-content\/uploads\/2017\/01\/DSCN4696-300x225.jpg 300w, https:\/\/valasskemezirici.casd.cz\/wp-content\/uploads\/2017\/01\/DSCN4696-768x576.jpg 768w\" sizes=\"auto, (max-width: 617px) 100vw, 617px\" \/><\/a><\/p>\n<p style=\"text-align: justify;\">Po kr\u00e1tk\u00e9 p\u0159est\u00e1vce vypln\u011bn\u00e9 p\u0159\u00e1telsk\u00fdmi pozdravy pokra\u010dovala bohoslu\u017eba slov\u00ed\u010dkem p\u0159ed k\u00e1z\u00e1n\u00edm. Tentokr\u00e1t si ml\u00e1de\u017e vyslechla vypr\u00e1v\u011bn\u00ed Ivy Bure\u0161ov\u00e9 o podivuhodn\u00fdch vlastnostech tak nepatrn\u00fdch tvore\u010dk\u016f, jako jsou mravenci. B\u016fh n\u00e1s nab\u00e1d\u00e1, abychom se ze \u017eivota t\u011bchto mal\u00fdch stvo\u0159en\u00ed pou\u010dili. P\u0159edev\u0161\u00edm n\u00e1m mohou b\u00fdt p\u0159\u00edkladem v\u00a0pln\u011bn\u00ed \u00fakol\u016f, kter\u00e9 jim napl\u00e1noval n\u00e1\u0161 Stvo\u0159itel, p\u0159esn\u011b podle Jeho pl\u00e1nu. I n\u00e1m dal P\u00e1n pl\u00e1n \u2013 sv\u011bd\u010dit sv\u00fdm \u017eivotem i slovem o velikosti a dobrot\u011b na\u0161eho Boha. Mravenci vynikaj\u00ed ve spolupr\u00e1ci \u2013 v\u0161ichni pracuj\u00ed jako jedna rodina v\u00a0harmonii a ke zveleben\u00ed cel\u00e9ho mraveni\u0161t\u011b. I po n\u00e1s chce B\u016fh l\u00e1sku a spolupr\u00e1ci, aby se na\u0161e sbory rozv\u00edjely a rostly. Mravenci jsou nesm\u00edrn\u011b pracovit\u00ed a vz\u00e1jemn\u011b si pom\u00e1haj\u00ed. I my bychom m\u011bli m\u00edt l\u00e1sku ke v\u0161em bratr\u016fm, nikoho pot\u0159ebn\u00e9ho nenechat bez pomoci a nem\u011bli bychom v\u00e9st zah\u00e1l\u010div\u00fd \u017eivot. Mravenci se nikdy nevzdaj\u00ed. M\u016f\u017eeme jim rozh\u00e1zet mraveni\u0161t\u011b, a v\u017edy si ho postav\u00ed znovu. Tak\u00e9 my bychom m\u011bli m\u00edt vytrvalost a nikdy nep\u0159estat v\u011b\u0159it, i kdy\u017e se n\u00e1m pr\u00e1v\u011b neda\u0159\u00ed. A tak \u2013 s\u00a0bl\u00ed\u017e\u00edc\u00edm se koncem roku \u2013 p\u0159ejme si do toho nov\u00e9ho, abychom byli pr\u00e1v\u011b jako ti mravenci.<\/p>\n<p style=\"text-align: justify;\">Ml\u00e1de\u017e n\u00e1m p\u0159ed k\u00e1z\u00e1n\u00edm zazp\u00edvala p\u00edsni\u010dku, se kterou se ned\u00e1 nesouhlasit \u2013 \u201eM\u016f\u017ee\u0161 m\u00edt radost ve sv\u00e9m srdci ka\u017edou hodinu a ka\u017ed\u00fd den\u201c.<\/p>\n<p style=\"text-align: justify;\"><a href=\"https:\/\/valasskemezirici.casd.cz\/?attachment_id=2289\" rel=\"attachment wp-att-2289\"><img loading=\"lazy\" decoding=\"async\" class=\"alignnone  wp-image-2289\" src=\"https:\/\/valasskemezirici.casd.cz\/wp-content\/uploads\/2017\/01\/DSCN4700-1024x768.jpg\" alt=\"dscn4700\" width=\"616\" height=\"462\" srcset=\"https:\/\/valasskemezirici.casd.cz\/wp-content\/uploads\/2017\/01\/DSCN4700-1024x768.jpg 1024w, https:\/\/valasskemezirici.casd.cz\/wp-content\/uploads\/2017\/01\/DSCN4700-300x225.jpg 300w, https:\/\/valasskemezirici.casd.cz\/wp-content\/uploads\/2017\/01\/DSCN4700-768x576.jpg 768w\" sizes=\"auto, (max-width: 616px) 100vw, 616px\" \/><\/a> <a href=\"https:\/\/valasskemezirici.casd.cz\/?attachment_id=2290\" rel=\"attachment wp-att-2290\"><img loading=\"lazy\" decoding=\"async\" class=\"alignnone  wp-image-2290\" src=\"https:\/\/valasskemezirici.casd.cz\/wp-content\/uploads\/2017\/01\/DSCN4701-1024x768.jpg\" alt=\"dscn4701\" width=\"617\" height=\"463\" srcset=\"https:\/\/valasskemezirici.casd.cz\/wp-content\/uploads\/2017\/01\/DSCN4701-1024x768.jpg 1024w, https:\/\/valasskemezirici.casd.cz\/wp-content\/uploads\/2017\/01\/DSCN4701-300x225.jpg 300w, https:\/\/valasskemezirici.casd.cz\/wp-content\/uploads\/2017\/01\/DSCN4701-768x576.jpg 768w\" sizes=\"auto, (max-width: 617px) 100vw, 617px\" \/><\/a> <a href=\"https:\/\/valasskemezirici.casd.cz\/?attachment_id=2291\" rel=\"attachment wp-att-2291\"><img loading=\"lazy\" decoding=\"async\" class=\"alignnone  wp-image-2291\" src=\"https:\/\/valasskemezirici.casd.cz\/wp-content\/uploads\/2017\/01\/DSCN4703-1024x768.jpg\" alt=\"dscn4703\" width=\"616\" height=\"462\" srcset=\"https:\/\/valasskemezirici.casd.cz\/wp-content\/uploads\/2017\/01\/DSCN4703-1024x768.jpg 1024w, https:\/\/valasskemezirici.casd.cz\/wp-content\/uploads\/2017\/01\/DSCN4703-300x225.jpg 300w, https:\/\/valasskemezirici.casd.cz\/wp-content\/uploads\/2017\/01\/DSCN4703-768x576.jpg 768w\" sizes=\"auto, (max-width: 616px) 100vw, 616px\" \/><\/a><\/p>\n<p style=\"text-align: justify;\">K\u00e1z\u00e1n\u00edm z\u00a0Bo\u017e\u00edho slova n\u00e1m poslou\u017eila netradi\u010dn\u011b Ani\u010dka Petrovi\u010dov\u00e1. A proto\u017ee budeme v\u00a0p\u0159\u00ed\u0161t\u00edm \u010dtvrtlet\u00ed studovat v\u00a0sobotn\u00ed \u0161kole nau\u010den\u00ed o Duchu svat\u00e9m, \u00favaha Ani\u010dky byla pr\u00e1v\u011b o n\u011bm. P\u0159epis k\u00e1z\u00e1n\u00ed a ver\u0161e uveden\u00e9 v\u00a0n\u011bm si m\u016f\u017eete naj\u00edt v\u00a0archivu.<\/p>\n<p style=\"text-align: justify;\">Po ukon\u010den\u00ed bohoslu\u017eby je\u0161t\u011b p\u0159edali Franta Tomanec a Iva Bure\u0161ov\u00e1 drobn\u00e9 dary oslavenci minul\u00e9ho t\u00fddne Jindru Ole\u0161ovi. Sada \u201eMlad\u00fd grafik\u201c a d\u00e1rkov\u00e1 ta\u0161ka s\u00a0n\u00e1pisem \u201eXlav\u011b a pot\u011b\u0161e Jind\u0159icha Ole\u0161e\u201c na\u0161eho zn\u00e1m\u00e9ho grafika a spisovatele jist\u011b pot\u011b\u0161ila.<\/p>\n<p style=\"text-align: justify;\">Pot\u00e9 si \u010dlenov\u00e9 spole\u010denstv\u00ed vz\u00e1jemn\u011b pop\u0159\u00e1li do nov\u00e9ho roku a v\u011bt\u0161ina se vypravila na spole\u010dnou oslavu silvestra k\u00a0Mro\u010dk\u016fm do Vala\u0161sk\u00e9 Byst\u0159ice.<\/p>\n<p style=\"text-align: justify;\"><a href=\"https:\/\/valasskemezirici.casd.cz\/?attachment_id=2292\" rel=\"attachment wp-att-2292\"><img loading=\"lazy\" decoding=\"async\" class=\"alignnone  wp-image-2292\" src=\"https:\/\/valasskemezirici.casd.cz\/wp-content\/uploads\/2017\/01\/DSCN4704-1024x768.jpg\" alt=\"dscn4704\" width=\"624\" height=\"468\" srcset=\"https:\/\/valasskemezirici.casd.cz\/wp-content\/uploads\/2017\/01\/DSCN4704-1024x768.jpg 1024w, https:\/\/valasskemezirici.casd.cz\/wp-content\/uploads\/2017\/01\/DSCN4704-300x225.jpg 300w, https:\/\/valasskemezirici.casd.cz\/wp-content\/uploads\/2017\/01\/DSCN4704-768x576.jpg 768w\" sizes=\"auto, (max-width: 624px) 100vw, 624px\" \/><\/a><\/p>\n","protected":false},"excerpt":{"rendered":"<p>Posledn\u00ed den roku 2016 n\u00e1s p\u0159iv\u00edtal mrazivou n\u00e1ladou. P\u0159esto, \u017ee chlad zal\u00e9zal a\u017e pod kab\u00e1ty, na\u0161i v\u011brn\u00ed brat\u0159i a sestry se nedali odradit a p\u0159isp\u011bchali do sboru. Ml\u00e1de\u017e v\u00a0sobotn\u00ed \u0161kolce se zapotila p\u0159i lu\u0161t\u011bn\u00ed r\u00e9bus\u016f a bludi\u0161\u0165. Netradi\u010dn\u00ed pr\u016fb\u011bh &#8211; to byla mal\u00e1 odm\u011bna od sestry Ivy Bure\u0161ov\u00e9 za celoro\u010dn\u00ed piln\u00e9 studium. P\u0159idala se i [&hellip;]<\/p>\n","protected":false},"author":1,"featured_media":0,"comment_status":"open","ping_status":"open","sticky":false,"template":"","format":"standard","meta":{"ngg_post_thumbnail":0,"footnotes":""},"categories":[1],"tags":[],"class_list":["post-2286","post","type-post","status-publish","format-standard","hentry","category-nezarazene"],"_links":{"self":[{"href":"https:\/\/valasskemezirici.casd.cz\/index.php?rest_route=\/wp\/v2\/posts\/2286","targetHints":{"allow":["GET"]}}],"collection":[{"href":"https:\/\/valasskemezirici.casd.cz\/index.php?rest_route=\/wp\/v2\/posts"}],"about":[{"href":"https:\/\/valasskemezirici.casd.cz\/index.php?rest_route=\/wp\/v2\/types\/post"}],"author":[{"embeddable":true,"href":"https:\/\/valasskemezirici.casd.cz\/index.php?rest_route=\/wp\/v2\/users\/1"}],"replies":[{"embeddable":true,"href":"https:\/\/valasskemezirici.casd.cz\/index.php?rest_route=%2Fwp%2Fv2%2Fcomments&post=2286"}],"version-history":[{"count":1,"href":"https:\/\/valasskemezirici.casd.cz\/index.php?rest_route=\/wp\/v2\/posts\/2286\/revisions"}],"predecessor-version":[{"id":2293,"href":"https:\/\/valasskemezirici.casd.cz\/index.php?rest_route=\/wp\/v2\/posts\/2286\/revisions\/2293"}],"wp:attachment":[{"href":"https:\/\/valasskemezirici.casd.cz\/index.php?rest_route=%2Fwp%2Fv2%2Fmedia&parent=2286"}],"wp:term":[{"taxonomy":"category","embeddable":true,"href":"https:\/\/valasskemezirici.casd.cz\/index.php?rest_route=%2Fwp%2Fv2%2Fcategories&post=2286"},{"taxonomy":"post_tag","embeddable":true,"href":"https:\/\/valasskemezirici.casd.cz\/index.php?rest_route=%2Fwp%2Fv2%2Ftags&post=2286"}],"curies":[{"name":"wp","href":"https:\/\/api.w.org\/{rel}","templated":true}]}}