{"id":2634,"date":"2017-02-03T20:03:34","date_gmt":"2017-02-03T19:03:34","guid":{"rendered":"http:\/\/valasskemezirici.casd.cz\/?p=2634"},"modified":"2017-02-03T20:03:53","modified_gmt":"2017-02-03T19:03:53","slug":"4-ekumenicka-bohosluzba-7-2-2017","status":"publish","type":"post","link":"https:\/\/valasskemezirici.casd.cz\/?p=2634","title":{"rendered":"4.ekumenick\u00e1 bohoslu\u017eba &#8211; 7.2.2017"},"content":{"rendered":"<h3 style=\"text-align: justify;\">Posledn\u00ed z \u0159ady ekumenick\u00fdch bohoslu\u017eeb se uskute\u010dn\u00ed v na\u0161em sboru v \u00fater\u00fd 7.2.2017 od 17.30hod.<\/h3>\n<p><a href=\"https:\/\/valasskemezirici.casd.cz\/?attachment_id=124\" rel=\"attachment wp-att-124\"><img loading=\"lazy\" decoding=\"async\" class=\"alignnone wp-image-124\" src=\"https:\/\/valasskemezirici.casd.cz\/wp-content\/uploads\/DSC_45111-1024x678.jpg\" alt=\"\" width=\"625\" height=\"414\" srcset=\"https:\/\/valasskemezirici.casd.cz\/wp-content\/uploads\/DSC_45111-1024x678.jpg 1024w, https:\/\/valasskemezirici.casd.cz\/wp-content\/uploads\/DSC_45111-300x199.jpg 300w\" sizes=\"auto, (max-width: 625px) 100vw, 625px\" \/><\/a><\/p>\n","protected":false},"excerpt":{"rendered":"<p>Posledn\u00ed z \u0159ady ekumenick\u00fdch bohoslu\u017eeb se uskute\u010dn\u00ed v na\u0161em sboru v \u00fater\u00fd 7.2.2017 od 17.30hod.<\/p>\n","protected":false},"author":1,"featured_media":0,"comment_status":"closed","ping_status":"open","sticky":false,"template":"","format":"standard","meta":{"ngg_post_thumbnail":0,"footnotes":""},"categories":[1],"tags":[],"class_list":["post-2634","post","type-post","status-publish","format-standard","hentry","category-nezarazene"],"_links":{"self":[{"href":"https:\/\/valasskemezirici.casd.cz\/index.php?rest_route=\/wp\/v2\/posts\/2634","targetHints":{"allow":["GET"]}}],"collection":[{"href":"https:\/\/valasskemezirici.casd.cz\/index.php?rest_route=\/wp\/v2\/posts"}],"about":[{"href":"https:\/\/valasskemezirici.casd.cz\/index.php?rest_route=\/wp\/v2\/types\/post"}],"author":[{"embeddable":true,"href":"https:\/\/valasskemezirici.casd.cz\/index.php?rest_route=\/wp\/v2\/users\/1"}],"replies":[{"embeddable":true,"href":"https:\/\/valasskemezirici.casd.cz\/index.php?rest_route=%2Fwp%2Fv2%2Fcomments&post=2634"}],"version-history":[{"count":2,"href":"https:\/\/valasskemezirici.casd.cz\/index.php?rest_route=\/wp\/v2\/posts\/2634\/revisions"}],"predecessor-version":[{"id":2636,"href":"https:\/\/valasskemezirici.casd.cz\/index.php?rest_route=\/wp\/v2\/posts\/2634\/revisions\/2636"}],"wp:attachment":[{"href":"https:\/\/valasskemezirici.casd.cz\/index.php?rest_route=%2Fwp%2Fv2%2Fmedia&parent=2634"}],"wp:term":[{"taxonomy":"category","embeddable":true,"href":"https:\/\/valasskemezirici.casd.cz\/index.php?rest_route=%2Fwp%2Fv2%2Fcategories&post=2634"},{"taxonomy":"post_tag","embeddable":true,"href":"https:\/\/valasskemezirici.casd.cz\/index.php?rest_route=%2Fwp%2Fv2%2Ftags&post=2634"}],"curies":[{"name":"wp","href":"https:\/\/api.w.org\/{rel}","templated":true}]}}