{"id":2645,"date":"2017-02-04T18:02:52","date_gmt":"2017-02-04T17:02:52","guid":{"rendered":"http:\/\/valasskemezirici.casd.cz\/?p=2645"},"modified":"2017-02-04T20:18:28","modified_gmt":"2017-02-04T19:18:28","slug":"sobota-4-2-2017","status":"publish","type":"post","link":"https:\/\/valasskemezirici.casd.cz\/?p=2645","title":{"rendered":"Sobota 4.2.2017"},"content":{"rendered":"<p style=\"text-align: justify;\">&#8222;V\u00edt\u00e1me mezi n\u00e1mi bratry a sestry z Kate\u0159inic a bratra z Brna&#8220; zn\u011bla dnes jedna z \u00favodn\u00edch v\u011bt star\u0161\u00ed sboru. N\u00e1v\u0161t\u011bva rodiny je d\u016fvod k radosti, a ten jsme dnes opravdu m\u011bli.<\/p>\n<p style=\"text-align: justify;\">Pr\u016fvodcem sobotn\u00ed \u0161koly dnes byla Kv\u011bta Ty\u0161erov\u00e1. Jsme r\u00e1di, \u017ee se uzdravila a spolu s n\u00e1mi se zam\u00fd\u0161lela nad t\u00e9matem &#8222;K\u0159est a napln\u011bn\u00ed Duchem svat\u00fdm&#8220;.<\/p>\n<p style=\"text-align: justify;\">Bible n\u00e1s vyb\u00edz\u00ed, abychom byli napln\u011bni Duchem svat\u00fdm. M\u016f\u017eeme m\u00edt znalosti, schopnosti \u010di v\u00fd\u0159e\u010dnost, ale bez Ducha svat\u00e9ho nem\u016f\u017eeme \u017e\u00edt \u017eivotem podle Bo\u017e\u00edho z\u00e1m\u011bru. Je pot\u0159eba pro\u017e\u00edt dv\u011b zku\u0161enosti &#8211; odpu\u0161t\u011bn\u00ed h\u0159\u00edch\u016f a p\u0159ijet\u00ed Ducha svat\u00e9ho. K\u0159est vodou b\u00fdv\u00e1 n\u011bkdy naz\u00fdv\u00e1n jako k\u0159est pok\u00e1n\u00ed. P\u0159i k\u0159tu se ztoto\u017e\u0148ujeme s Kristem a On n\u00e1m d\u00e1v\u00e1 Ducha svat\u00e9ho, abychom mohli \u017e\u00edt v jeho moci a n\u00e9st dobrou zpr\u00e1vu. V\u0161ichni jsme pok\u0159t\u011bni jedn\u00edm Duchem do jednoho t\u011bla a v\u0161ichni jsme napojeni na t\u00e9ho\u017e Ducha. Kdy\u017e v n\u00e1s Duch svat\u00fd p\u0159eb\u00fdv\u00e1, jedn\u00e1 se o ka\u017edodenn\u00ed proces. Nem\u016f\u017eeme \u017e\u00edt jen z p\u016fsobiv\u00e9 zku\u0161enosti, kterou jsme n\u011bkdy pro\u017eili. Ka\u017ed\u00fd den pot\u0159ebujeme b\u00fdt napln\u011bni Duchem svat\u00fdm,\u00a0 proto\u017ee ka\u017ed\u00fd den p\u0159in\u00e1\u0161\u00ed nov\u00e9 v\u00fdzvy.<\/p>\n<p style=\"text-align: justify;\">B\u00fdt napln\u011bn Duchem svat\u00fdm neznamen\u00e1, \u017ee ho m\u00e1m st\u00e1le v\u00edc. Sp\u00ed\u0161e to dokazuje, \u017ee mu v\u00edce pat\u0159\u00edm a \u017ee st\u00e1le v\u011bt\u0161\u00ed \u010d\u00e1st m\u00e9ho \u017eivota je napln\u011bna jeho p\u0159\u00edtomnost\u00ed. Jedn\u00edm ze z\u00e1kladn\u00edch p\u0159edpoklad\u016f p\u0159ijet\u00ed Ducha svat\u00e9ho je pok\u00e1n\u00ed. Pokud sly\u0161\u00edme Bo\u017e\u00ed slovo, probouz\u00ed se v n\u00e1s sv\u011bdom\u00ed a vede n\u00e1s k uv\u011bdom\u011bn\u00ed si na\u0161\u00ed h\u0159\u00ed\u0161nosti a ztracenosti. Opravdov\u00e9 pok\u00e1n\u00ed je v\u00edc ne\u017e jen l\u00edtost nad d\u016fsledky h\u0159\u00edchu. Pok\u00e1n\u00ed p\u0159in\u00e1\u0161\u00ed i zm\u011bnu srdce a mysli. Teprve pak vid\u00edme, jak ohavn\u00fd h\u0159\u00edch je.<\/p>\n<p style=\"text-align: justify;\">Pro p\u0159ijet\u00ed Ducha svat\u00e9ho pot\u0159ebujeme vytrvalou modlitbu.\u00a0 Modlitba nem\u011bn\u00ed n\u00e1zor Boha na n\u00e1s, m\u011bn\u00ed n\u00e1s a uv\u00e1d\u00ed n\u00e1s do Bo\u017e\u00ed bl\u00edzkosti. Na\u0161e modlitby n\u00e1s p\u0159ipravuj\u00ed pro p\u0159ijet\u00ed dar\u016f, kter\u00e9 n\u00e1m B\u016fh chce d\u00e1t.<\/p>\n<p style=\"text-align: justify;\"><a href=\"https:\/\/valasskemezirici.casd.cz\/?attachment_id=2646\" rel=\"attachment wp-att-2646\"><img loading=\"lazy\" decoding=\"async\" class=\"alignnone wp-image-2646\" src=\"https:\/\/valasskemezirici.casd.cz\/wp-content\/uploads\/2017\/02\/DSCN4989-1024x768.jpg\" alt=\"\" width=\"604\" height=\"453\" srcset=\"https:\/\/valasskemezirici.casd.cz\/wp-content\/uploads\/2017\/02\/DSCN4989-1024x768.jpg 1024w, https:\/\/valasskemezirici.casd.cz\/wp-content\/uploads\/2017\/02\/DSCN4989-300x225.jpg 300w, https:\/\/valasskemezirici.casd.cz\/wp-content\/uploads\/2017\/02\/DSCN4989-768x576.jpg 768w\" sizes=\"auto, (max-width: 604px) 100vw, 604px\" \/><\/a><\/p>\n<p style=\"text-align: justify;\">V sobotn\u00ed \u0161kolce se u\u010dili ml\u00e1de\u017en\u00edci s tetou Ivou o darech, kter\u00e9 p\u0159ij\u00edm\u00e1me od Boha. Zam\u00fd\u0161leli se nad t\u00edm, jak\u00e9 dary m\u00e1me, jestli je dost\u00e1vaj\u00ed v\u0161ichni lid\u00e9, pro\u010d m\u00e1 n\u011bkdo v\u00edce a n\u011bkdo m\u00e9n\u011b. V\u0161e si vysv\u011btlili na podobenstv\u00ed o h\u0159ivn\u00e1ch. D\u011bti si vyrobily tak\u00e9 kol\u00e1\u017e tvo\u0159enou obr\u00e1zky symbolizuj\u00edc\u00edmi r\u016fzn\u00e9 dary.<\/p>\n<p style=\"text-align: justify;\"><a href=\"https:\/\/valasskemezirici.casd.cz\/?attachment_id=2647\" rel=\"attachment wp-att-2647\"><img loading=\"lazy\" decoding=\"async\" class=\"alignnone wp-image-2647\" src=\"https:\/\/valasskemezirici.casd.cz\/wp-content\/uploads\/2017\/02\/DSCN4979-1024x768.jpg\" alt=\"\" width=\"606\" height=\"454\" srcset=\"https:\/\/valasskemezirici.casd.cz\/wp-content\/uploads\/2017\/02\/DSCN4979-1024x768.jpg 1024w, https:\/\/valasskemezirici.casd.cz\/wp-content\/uploads\/2017\/02\/DSCN4979-300x225.jpg 300w, https:\/\/valasskemezirici.casd.cz\/wp-content\/uploads\/2017\/02\/DSCN4979-768x576.jpg 768w\" sizes=\"auto, (max-width: 606px) 100vw, 606px\" \/><\/a><\/p>\n<p style=\"text-align: justify;\">Slov\u00ed\u010dko p\u0159ed k\u00e1z\u00e1n\u00edm n\u00e1m p\u0159ipomn\u011blo, jak d\u016fle\u017eit\u00e9 je pro n\u00e1s ticho, zklidn\u011bn\u00ed a tr\u00e1ven\u00ed \u010dasu jen se sv\u00fdmi my\u0161lenkami. Jen pokud se zti\u0161\u00edme m\u016f\u017eeme sly\u0161et Bo\u017e\u00ed hlas promlouvaj\u00edc\u00ed k n\u00e1m.<\/p>\n<p style=\"text-align: justify;\"><a href=\"https:\/\/valasskemezirici.casd.cz\/?attachment_id=2665\" rel=\"attachment wp-att-2665\"><img loading=\"lazy\" decoding=\"async\" class=\"alignnone wp-image-2665\" src=\"https:\/\/valasskemezirici.casd.cz\/wp-content\/uploads\/2017\/02\/IMG_20170204_111531-1024x768.jpg\" alt=\"\" width=\"607\" height=\"455\" srcset=\"https:\/\/valasskemezirici.casd.cz\/wp-content\/uploads\/2017\/02\/IMG_20170204_111531-1024x768.jpg 1024w, https:\/\/valasskemezirici.casd.cz\/wp-content\/uploads\/2017\/02\/IMG_20170204_111531-300x225.jpg 300w, https:\/\/valasskemezirici.casd.cz\/wp-content\/uploads\/2017\/02\/IMG_20170204_111531-768x576.jpg 768w\" sizes=\"auto, (max-width: 607px) 100vw, 607px\" \/><\/a> <a href=\"https:\/\/valasskemezirici.casd.cz\/?attachment_id=2666\" rel=\"attachment wp-att-2666\"><img loading=\"lazy\" decoding=\"async\" class=\"alignnone wp-image-2666\" src=\"https:\/\/valasskemezirici.casd.cz\/wp-content\/uploads\/2017\/02\/IMG_20170204_111600-1024x768.jpg\" alt=\"\" width=\"608\" height=\"456\" srcset=\"https:\/\/valasskemezirici.casd.cz\/wp-content\/uploads\/2017\/02\/IMG_20170204_111600-1024x768.jpg 1024w, https:\/\/valasskemezirici.casd.cz\/wp-content\/uploads\/2017\/02\/IMG_20170204_111600-300x225.jpg 300w, https:\/\/valasskemezirici.casd.cz\/wp-content\/uploads\/2017\/02\/IMG_20170204_111600-768x576.jpg 768w\" sizes=\"auto, (max-width: 608px) 100vw, 608px\" \/><\/a><\/p>\n<p style=\"text-align: justify;\">K\u00e1z\u00e1n\u00edm n\u00e1m poslou\u017eil n\u00e1\u0161 mil\u00fd kazatel Pavel Koste\u010dka. Sv\u00e9 zamy\u0161len\u00ed uvedl vzpom\u00ednkou na t\u0159i b\u00fdval\u00e9 spolupracovnice v \u00fastavu, ve kter\u00e9m d\u0159\u00edve p\u016fsobil. K \u010demu ho dovedla vzpom\u00ednka na tuto &#8222;v\u00fdzv\u011bdnou informa\u010dn\u00ed slu\u017ebu&#8220; si p\u0159e\u010dt\u011bte v archivu k\u00e1z\u00e1n\u00ed.<\/p>\n<p style=\"text-align: justify;\"><a href=\"https:\/\/valasskemezirici.casd.cz\/?attachment_id=2648\" rel=\"attachment wp-att-2648\"><img loading=\"lazy\" decoding=\"async\" class=\"alignnone wp-image-2648\" src=\"https:\/\/valasskemezirici.casd.cz\/wp-content\/uploads\/2017\/02\/DSCN4991-1024x768.jpg\" alt=\"\" width=\"606\" height=\"454\" srcset=\"https:\/\/valasskemezirici.casd.cz\/wp-content\/uploads\/2017\/02\/DSCN4991-1024x768.jpg 1024w, https:\/\/valasskemezirici.casd.cz\/wp-content\/uploads\/2017\/02\/DSCN4991-300x225.jpg 300w, https:\/\/valasskemezirici.casd.cz\/wp-content\/uploads\/2017\/02\/DSCN4991-768x576.jpg 768w\" sizes=\"auto, (max-width: 606px) 100vw, 606px\" \/><\/a><\/p>\n<p style=\"text-align: justify;\"><a href=\"https:\/\/valasskemezirici.casd.cz\/?attachment_id=2649\" rel=\"attachment wp-att-2649\"><img loading=\"lazy\" decoding=\"async\" class=\"alignnone wp-image-2649\" src=\"https:\/\/valasskemezirici.casd.cz\/wp-content\/uploads\/2017\/02\/DSCN4985-1024x768.jpg\" alt=\"\" width=\"605\" height=\"454\" srcset=\"https:\/\/valasskemezirici.casd.cz\/wp-content\/uploads\/2017\/02\/DSCN4985-1024x768.jpg 1024w, https:\/\/valasskemezirici.casd.cz\/wp-content\/uploads\/2017\/02\/DSCN4985-300x225.jpg 300w, https:\/\/valasskemezirici.casd.cz\/wp-content\/uploads\/2017\/02\/DSCN4985-768x576.jpg 768w\" sizes=\"auto, (max-width: 605px) 100vw, 605px\" \/><\/a><\/p>\n<p style=\"text-align: justify;\"><a href=\"https:\/\/valasskemezirici.casd.cz\/?attachment_id=2650\" rel=\"attachment wp-att-2650\"><img loading=\"lazy\" decoding=\"async\" class=\"alignnone wp-image-2650\" src=\"https:\/\/valasskemezirici.casd.cz\/wp-content\/uploads\/2017\/02\/DSCN4984-1024x768.jpg\" alt=\"\" width=\"604\" height=\"453\" srcset=\"https:\/\/valasskemezirici.casd.cz\/wp-content\/uploads\/2017\/02\/DSCN4984-1024x768.jpg 1024w, https:\/\/valasskemezirici.casd.cz\/wp-content\/uploads\/2017\/02\/DSCN4984-300x225.jpg 300w, https:\/\/valasskemezirici.casd.cz\/wp-content\/uploads\/2017\/02\/DSCN4984-768x576.jpg 768w\" sizes=\"auto, (max-width: 604px) 100vw, 604px\" \/><\/a><\/p>\n<p style=\"text-align: justify;\"><a href=\"https:\/\/valasskemezirici.casd.cz\/?attachment_id=2651\" rel=\"attachment wp-att-2651\"><img loading=\"lazy\" decoding=\"async\" class=\"alignnone wp-image-2651\" src=\"https:\/\/valasskemezirici.casd.cz\/wp-content\/uploads\/2017\/02\/DSCN4986-1024x768.jpg\" alt=\"\" width=\"602\" height=\"452\" srcset=\"https:\/\/valasskemezirici.casd.cz\/wp-content\/uploads\/2017\/02\/DSCN4986-1024x768.jpg 1024w, https:\/\/valasskemezirici.casd.cz\/wp-content\/uploads\/2017\/02\/DSCN4986-300x225.jpg 300w, https:\/\/valasskemezirici.casd.cz\/wp-content\/uploads\/2017\/02\/DSCN4986-768x576.jpg 768w\" sizes=\"auto, (max-width: 602px) 100vw, 602px\" \/><\/a><\/p>\n<p style=\"text-align: justify;\">Chodbu m\u00ed\u0159\u00edc\u00ed k na\u0161\u00ed modlitebn\u011b dnes vyzdobily panely s d\u00edly na\u0161eho mil\u00e9ho skorobratra, grafika a spisovatele Jind\u0159icha Ole\u0161e. Jde o &#8222;kousky&#8220;, kter\u00e9 byly vystavov\u00e1ny na pr\u00e1v\u011b prob\u011bhnuv\u0161\u00ed v\u00fdstav\u011b Vala\u0161sk\u00fd v\u00fdtvarn\u00fd salon 2016.\u00a0 Jde vskutku o mil\u00e1 d\u00edlka, posu\u010fte sami.<\/p>\n<p style=\"text-align: justify;\"><a href=\"https:\/\/valasskemezirici.casd.cz\/?attachment_id=2652\" rel=\"attachment wp-att-2652\"><img loading=\"lazy\" decoding=\"async\" class=\"alignnone wp-image-2652\" src=\"https:\/\/valasskemezirici.casd.cz\/wp-content\/uploads\/2017\/02\/DSCN4992-768x1024.jpg\" alt=\"\" width=\"603\" height=\"804\" srcset=\"https:\/\/valasskemezirici.casd.cz\/wp-content\/uploads\/2017\/02\/DSCN4992-768x1024.jpg 768w, https:\/\/valasskemezirici.casd.cz\/wp-content\/uploads\/2017\/02\/DSCN4992-225x300.jpg 225w\" sizes=\"auto, (max-width: 603px) 100vw, 603px\" \/><\/a><\/p>\n<p style=\"text-align: justify;\"><a href=\"https:\/\/valasskemezirici.casd.cz\/?attachment_id=2653\" rel=\"attachment wp-att-2653\"><img loading=\"lazy\" decoding=\"async\" class=\"alignnone wp-image-2653\" src=\"https:\/\/valasskemezirici.casd.cz\/wp-content\/uploads\/2017\/02\/DSCN4994-768x1024.jpg\" alt=\"\" width=\"602\" height=\"803\" srcset=\"https:\/\/valasskemezirici.casd.cz\/wp-content\/uploads\/2017\/02\/DSCN4994-768x1024.jpg 768w, https:\/\/valasskemezirici.casd.cz\/wp-content\/uploads\/2017\/02\/DSCN4994-225x300.jpg 225w\" sizes=\"auto, (max-width: 602px) 100vw, 602px\" \/><\/a><\/p>\n<p style=\"text-align: justify;\"><a href=\"https:\/\/valasskemezirici.casd.cz\/?attachment_id=2654\" rel=\"attachment wp-att-2654\"><img loading=\"lazy\" decoding=\"async\" class=\"alignnone wp-image-2654\" src=\"https:\/\/valasskemezirici.casd.cz\/wp-content\/uploads\/2017\/02\/DSCN4998-768x1024.jpg\" alt=\"\" width=\"600\" height=\"800\" srcset=\"https:\/\/valasskemezirici.casd.cz\/wp-content\/uploads\/2017\/02\/DSCN4998-768x1024.jpg 768w, https:\/\/valasskemezirici.casd.cz\/wp-content\/uploads\/2017\/02\/DSCN4998-225x300.jpg 225w\" sizes=\"auto, (max-width: 600px) 100vw, 600px\" \/><\/a><\/p>\n<p style=\"text-align: justify;\"><a href=\"https:\/\/valasskemezirici.casd.cz\/?attachment_id=2655\" rel=\"attachment wp-att-2655\"><img loading=\"lazy\" decoding=\"async\" class=\"alignnone wp-image-2655\" src=\"https:\/\/valasskemezirici.casd.cz\/wp-content\/uploads\/2017\/02\/DSCN4995-1024x768.jpg\" alt=\"\" width=\"600\" height=\"450\" srcset=\"https:\/\/valasskemezirici.casd.cz\/wp-content\/uploads\/2017\/02\/DSCN4995-1024x768.jpg 1024w, https:\/\/valasskemezirici.casd.cz\/wp-content\/uploads\/2017\/02\/DSCN4995-300x225.jpg 300w, https:\/\/valasskemezirici.casd.cz\/wp-content\/uploads\/2017\/02\/DSCN4995-768x576.jpg 768w\" sizes=\"auto, (max-width: 600px) 100vw, 600px\" \/><\/a><\/p>\n","protected":false},"excerpt":{"rendered":"<p>&#8222;V\u00edt\u00e1me mezi n\u00e1mi bratry a sestry z Kate\u0159inic a bratra z Brna&#8220; zn\u011bla dnes jedna z \u00favodn\u00edch v\u011bt star\u0161\u00ed sboru. N\u00e1v\u0161t\u011bva rodiny je d\u016fvod k radosti, a ten jsme dnes opravdu m\u011bli. Pr\u016fvodcem sobotn\u00ed \u0161koly dnes byla Kv\u011bta Ty\u0161erov\u00e1. Jsme r\u00e1di, \u017ee se uzdravila a spolu s n\u00e1mi se zam\u00fd\u0161lela nad t\u00e9matem &#8222;K\u0159est a napln\u011bn\u00ed [&hellip;]<\/p>\n","protected":false},"author":1,"featured_media":0,"comment_status":"closed","ping_status":"open","sticky":false,"template":"","format":"standard","meta":{"ngg_post_thumbnail":0,"footnotes":""},"categories":[1],"tags":[],"class_list":["post-2645","post","type-post","status-publish","format-standard","hentry","category-nezarazene"],"_links":{"self":[{"href":"https:\/\/valasskemezirici.casd.cz\/index.php?rest_route=\/wp\/v2\/posts\/2645","targetHints":{"allow":["GET"]}}],"collection":[{"href":"https:\/\/valasskemezirici.casd.cz\/index.php?rest_route=\/wp\/v2\/posts"}],"about":[{"href":"https:\/\/valasskemezirici.casd.cz\/index.php?rest_route=\/wp\/v2\/types\/post"}],"author":[{"embeddable":true,"href":"https:\/\/valasskemezirici.casd.cz\/index.php?rest_route=\/wp\/v2\/users\/1"}],"replies":[{"embeddable":true,"href":"https:\/\/valasskemezirici.casd.cz\/index.php?rest_route=%2Fwp%2Fv2%2Fcomments&post=2645"}],"version-history":[{"count":3,"href":"https:\/\/valasskemezirici.casd.cz\/index.php?rest_route=\/wp\/v2\/posts\/2645\/revisions"}],"predecessor-version":[{"id":2667,"href":"https:\/\/valasskemezirici.casd.cz\/index.php?rest_route=\/wp\/v2\/posts\/2645\/revisions\/2667"}],"wp:attachment":[{"href":"https:\/\/valasskemezirici.casd.cz\/index.php?rest_route=%2Fwp%2Fv2%2Fmedia&parent=2645"}],"wp:term":[{"taxonomy":"category","embeddable":true,"href":"https:\/\/valasskemezirici.casd.cz\/index.php?rest_route=%2Fwp%2Fv2%2Fcategories&post=2645"},{"taxonomy":"post_tag","embeddable":true,"href":"https:\/\/valasskemezirici.casd.cz\/index.php?rest_route=%2Fwp%2Fv2%2Ftags&post=2645"}],"curies":[{"name":"wp","href":"https:\/\/api.w.org\/{rel}","templated":true}]}}