{"id":2669,"date":"2017-02-09T14:57:31","date_gmt":"2017-02-09T13:57:31","guid":{"rendered":"http:\/\/valasskemezirici.casd.cz\/?p=2669"},"modified":"2017-02-09T14:59:57","modified_gmt":"2017-02-09T13:59:57","slug":"4-ekumenicka-bohosluzba-7-2-2017-2","status":"publish","type":"post","link":"https:\/\/valasskemezirici.casd.cz\/?p=2669","title":{"rendered":"4.ekumenick\u00e1 bohoslu\u017eba 7.2.2017"},"content":{"rendered":"<p style=\"text-align: justify;\">Prostory modlitebny CASD jsou nejmen\u0161\u00edm prostorem z t\u011bch, ve kter\u00fdch se konala ekumenick\u00e1 bohoslu\u017eba. Trochu jsme se b\u00e1li, zda budou sta\u010dit m\u00edsta pro v\u0161echny o\u010dek\u00e1van\u00e9 n\u00e1v\u0161t\u011bvn\u00edky a hlavn\u011b zda na\u0161i brat\u0159i v\u00a0Kristu p\u0159ekonaj\u00ed ledovkou pokryt\u00e9 chodn\u00edky a ve zdrav\u00ed doraz\u00ed. Ale jako v\u017edy P\u00e1n na\u0161e starosti vy\u0159e\u0161il. \u201eSbore\u010dek\u201c se o p\u016fl \u0161est\u00e9 zaplnil.<\/p>\n<p><a href=\"https:\/\/valasskemezirici.casd.cz\/?attachment_id=2670\" rel=\"attachment wp-att-2670\"><img loading=\"lazy\" decoding=\"async\" class=\"alignnone wp-image-2670\" src=\"https:\/\/valasskemezirici.casd.cz\/wp-content\/uploads\/2017\/02\/170207_ekum_01-1024x768.jpg\" alt=\"\" width=\"622\" height=\"466\" srcset=\"https:\/\/valasskemezirici.casd.cz\/wp-content\/uploads\/2017\/02\/170207_ekum_01-1024x768.jpg 1024w, https:\/\/valasskemezirici.casd.cz\/wp-content\/uploads\/2017\/02\/170207_ekum_01-300x225.jpg 300w, https:\/\/valasskemezirici.casd.cz\/wp-content\/uploads\/2017\/02\/170207_ekum_01-768x576.jpg 768w\" sizes=\"auto, (max-width: 622px) 100vw, 622px\" \/><\/a><\/p>\n<p><a href=\"https:\/\/valasskemezirici.casd.cz\/?attachment_id=2674\" rel=\"attachment wp-att-2674\"><img loading=\"lazy\" decoding=\"async\" class=\"alignnone wp-image-2674\" src=\"https:\/\/valasskemezirici.casd.cz\/wp-content\/uploads\/2017\/02\/P1000720-1024x768.jpg\" alt=\"\" width=\"624\" height=\"468\" srcset=\"https:\/\/valasskemezirici.casd.cz\/wp-content\/uploads\/2017\/02\/P1000720-1024x768.jpg 1024w, https:\/\/valasskemezirici.casd.cz\/wp-content\/uploads\/2017\/02\/P1000720-300x225.jpg 300w, https:\/\/valasskemezirici.casd.cz\/wp-content\/uploads\/2017\/02\/P1000720-768x576.jpg 768w\" sizes=\"auto, (max-width: 624px) 100vw, 624px\" \/><\/a><\/p>\n<p style=\"text-align: justify;\">Bohoslu\u017ebu tentokr\u00e1t vedl kazatel CASD Pavel Koste\u010dka. Po jeho p\u0159iv\u00edt\u00e1n\u00ed zazn\u011bla p\u00edse\u0148 \u201eJe\u017e\u00ed\u0161i, Ty jsi m\u016fj P\u00e1n\u201c, kterou n\u00e1m zazp\u00edvali \u010dlenov\u00e9 sboru CASD. Na klav\u00edr, violoncello a trubku doprov\u00e1zely d\u011bti a byly velmi \u0161ikovn\u00e9.<\/p>\n<p style=\"text-align: justify;\"><a href=\"https:\/\/valasskemezirici.casd.cz\/?attachment_id=2675\" rel=\"attachment wp-att-2675\"><img loading=\"lazy\" decoding=\"async\" class=\"alignnone wp-image-2675\" src=\"https:\/\/valasskemezirici.casd.cz\/wp-content\/uploads\/2017\/02\/170207_ekum_08-1024x768.jpg\" alt=\"\" width=\"623\" height=\"468\" srcset=\"https:\/\/valasskemezirici.casd.cz\/wp-content\/uploads\/2017\/02\/170207_ekum_08-1024x768.jpg 1024w, https:\/\/valasskemezirici.casd.cz\/wp-content\/uploads\/2017\/02\/170207_ekum_08-300x225.jpg 300w, https:\/\/valasskemezirici.casd.cz\/wp-content\/uploads\/2017\/02\/170207_ekum_08-768x576.jpg 768w\" sizes=\"auto, (max-width: 623px) 100vw, 623px\" \/><\/a><\/p>\n<p><a href=\"https:\/\/valasskemezirici.casd.cz\/?attachment_id=2671\" rel=\"attachment wp-att-2671\"><img loading=\"lazy\" decoding=\"async\" class=\"alignnone wp-image-2671\" src=\"https:\/\/valasskemezirici.casd.cz\/wp-content\/uploads\/2017\/02\/170207_ekum_02-1024x768.jpg\" alt=\"\" width=\"622\" height=\"467\" srcset=\"https:\/\/valasskemezirici.casd.cz\/wp-content\/uploads\/2017\/02\/170207_ekum_02-1024x768.jpg 1024w, https:\/\/valasskemezirici.casd.cz\/wp-content\/uploads\/2017\/02\/170207_ekum_02-300x225.jpg 300w, https:\/\/valasskemezirici.casd.cz\/wp-content\/uploads\/2017\/02\/170207_ekum_02-768x576.jpg 768w\" sizes=\"auto, (max-width: 622px) 100vw, 622px\" \/><\/a><\/p>\n<p style=\"text-align: justify;\">Po \u010dten\u00ed z\u00a0P\u00edsma svat\u00e9ho se n\u00e1m poprv\u00e9 p\u0159edstavilo nov\u011b vznikl\u00e9 seskupen\u00ed Eku schola, kter\u00e9 tvo\u0159\u00ed t\u0159i hlavn\u00ed organiz\u00e1to\u0159i ekumenick\u00fdch v\u00fd\u0161lap\u016f Franta Tomanec, Jarka Krut\u00edlkov\u00e1 a Iva Bure\u0161ov\u00e1. Zazp\u00edvali n\u00e1m p\u00edse\u0148 \u201eD\u00e1v\u00e1\u0161 mi l\u00e1sku vz\u00e1cnou\u201c. D\u00edky text\u016fm na programech jsme se mohli p\u0159idat a chv\u00e1lit na\u0161eho Stvo\u0159itele spole\u010dn\u011b.<\/p>\n<p style=\"text-align: justify;\"><a href=\"https:\/\/valasskemezirici.casd.cz\/?attachment_id=2672\" rel=\"attachment wp-att-2672\"><img loading=\"lazy\" decoding=\"async\" class=\"alignnone wp-image-2672\" src=\"https:\/\/valasskemezirici.casd.cz\/wp-content\/uploads\/2017\/02\/P1000716-1024x768.jpg\" alt=\"\" width=\"615\" height=\"461\" srcset=\"https:\/\/valasskemezirici.casd.cz\/wp-content\/uploads\/2017\/02\/P1000716-1024x768.jpg 1024w, https:\/\/valasskemezirici.casd.cz\/wp-content\/uploads\/2017\/02\/P1000716-300x225.jpg 300w, https:\/\/valasskemezirici.casd.cz\/wp-content\/uploads\/2017\/02\/P1000716-768x576.jpg 768w\" sizes=\"auto, (max-width: 615px) 100vw, 615px\" \/><\/a><\/p>\n<p style=\"text-align: justify;\"><a href=\"https:\/\/valasskemezirici.casd.cz\/?attachment_id=2677\" rel=\"attachment wp-att-2677\"><img loading=\"lazy\" decoding=\"async\" class=\"alignnone wp-image-2677\" src=\"https:\/\/valasskemezirici.casd.cz\/wp-content\/uploads\/2017\/02\/P1000723-1024x768.jpg\" alt=\"\" width=\"615\" height=\"462\" srcset=\"https:\/\/valasskemezirici.casd.cz\/wp-content\/uploads\/2017\/02\/P1000723-1024x768.jpg 1024w, https:\/\/valasskemezirici.casd.cz\/wp-content\/uploads\/2017\/02\/P1000723-300x225.jpg 300w, https:\/\/valasskemezirici.casd.cz\/wp-content\/uploads\/2017\/02\/P1000723-768x576.jpg 768w\" sizes=\"auto, (max-width: 615px) 100vw, 615px\" \/><\/a><\/p>\n<p style=\"text-align: justify;\">Bez p\u0159\u00edtomnosti na\u0161eho P\u00e1na by se tato \u00fa\u017easn\u00e1 setk\u00e1n\u00ed nikdy neuskute\u010dnila, proto se slu\u0161\u00ed na\u0161emu Hospodinu pod\u011bkovat modlitbou a prosit o Jeho po\u017eehn\u00e1n\u00ed. K\u00e1z\u00e1n\u00ed se tentokr\u00e1t ujal Tom\u00e1\u0161 Hasmanda, prvn\u00ed pastor AC. Jeho pozice byla o to t\u011b\u017e\u0161\u00ed, \u017ee byl ji\u017e \u010dtvrt\u00fdm kazatelem v\u00a0po\u0159ad\u00ed, kter\u00fd m\u011bl promluvit na text <strong>2 Kor 5, 14.-20. <\/strong>Zd\u00e1lo by se, \u017ee v\u0161e podstatn\u00e9 ji\u017e bylo \u0159e\u010deno, ale my jsme v\u011b\u0159ili, \u017ee Tom\u00e1\u0161 jist\u011b rozechv\u011bje na\u0161e srdce n\u011bjakou velkou my\u0161lenkou. A nespletli jsme se. Vysv\u011btlil text z\u00a0opa\u010dn\u00e9 strany.<\/p>\n<p><a href=\"https:\/\/valasskemezirici.casd.cz\/?attachment_id=2673\" rel=\"attachment wp-att-2673\"><img loading=\"lazy\" decoding=\"async\" class=\"alignnone wp-image-2673\" src=\"https:\/\/valasskemezirici.casd.cz\/wp-content\/uploads\/2017\/02\/170207_ekum_11-1024x768.jpg\" alt=\"\" width=\"617\" height=\"463\" srcset=\"https:\/\/valasskemezirici.casd.cz\/wp-content\/uploads\/2017\/02\/170207_ekum_11-1024x768.jpg 1024w, https:\/\/valasskemezirici.casd.cz\/wp-content\/uploads\/2017\/02\/170207_ekum_11-300x225.jpg 300w, https:\/\/valasskemezirici.casd.cz\/wp-content\/uploads\/2017\/02\/170207_ekum_11-768x576.jpg 768w\" sizes=\"auto, (max-width: 617px) 100vw, 617px\" \/><\/a><\/p>\n<p>P\u0159epis k\u00e1z\u00e1n\u00ed:<\/p>\n<p style=\"text-align: justify;\">Ka\u017ed\u00fdm rokem jsou na\u0161e ekumenick\u00e1 setk\u00e1n\u00ed hez\u010d\u00ed. Za\u010d\u00edn\u00e1me se v\u00edce pozn\u00e1vat, zdravit se, tykat si, usm\u00edvat se na sebe. To proto, \u017ee nad n\u00e1mi je B\u016fh n\u00e1s V\u0160ECH.<\/p>\n<p><strong>2 Kor 5, 17.-20.<\/strong><\/p>\n<p><strong>17 Kdo je v Kristu, je nov\u00e9 stvo\u0159en\u00ed. Co je star\u00e9, pominulo, hle, je tu nov\u00e9! <\/strong><\/p>\n<p><strong>18 To v\u0161ecko je z Boha, kter\u00fd n\u00e1s sm\u00ed\u0159il s\u00e1m se sebou skrze Krista a pov\u011b\u0159il n\u00e1s, abychom slou\u017eili tomuto sm\u00ed\u0159en\u00ed. <\/strong><\/p>\n<p><strong>19 Nebo\u0165 v Kristu B\u016fh usm\u00ed\u0159il sv\u011bt se sebou. Nepo\u010d\u00edt\u00e1 lidem jejich provin\u011bn\u00ed a n\u00e1m ulo\u017eil zv\u011bstovat toto sm\u00ed\u0159en\u00ed<a href=\"http:\/\/bible.patroni.cz\/index.php?id=28961\">.<\/a> <\/strong><\/p>\n<p><strong>20 Jsme tedy posly Kristov\u00fdmi, B\u016fh v\u00e1m domlouv\u00e1 na\u0161imi \u00fasty; na m\u00edst\u011b Kristov\u011b v\u00e1s pros\u00edme: dejte se sm\u00ed\u0159it s Bohem! <\/strong><\/p>\n<p style=\"text-align: justify;\">Text sm\u011b\u0159uje k\u00a0prohl\u00e1\u0161en\u00ed \u201ejste Kristovi\u201c. Jsme vysl\u00e1ni, abychom zv\u011bstovali spasen\u00ed. Je\u017e\u00ed\u0161 Kristus p\u0159inesl poselstv\u00ed \u2013 miluji t\u011b. Ale jde to d\u00e1l. B\u016fh n\u00e1s miluje a dal n\u00e1m \u00fakol. Jsme vyslanci. Z\u00a0kazatelny \u010dasto sly\u0161\u00edme \u2013 m\u011bli bychom zv\u011bstovat Je\u017e\u00ed\u0161e Krista. Je\u017e\u00ed\u0161 \u0159\u00edk\u00e1: \u201e j\u00e1 jsem se rozhodl v\u00e1s poslat\u201c. Pos\u00edl\u00e1 MN\u011a i TEBE. Dal n\u00e1m slu\u017ebu sm\u00ed\u0159en\u00ed, jsme jeho vyslanci. A\u017e budeme jednou st\u00e1t p\u0159ed Bohem, mohl by se zeptat: \u201eTak co m\u00e9 vysl\u00e1n\u00ed? Co jsi s\u00a0n\u00edm ud\u011blal?\u201c. L\u00edb\u00ed se n\u00e1m, \u017ee Kristus n\u00e1s miluje, chr\u00e1n\u00ed, t\u00edmto n\u00e1s ale provokuje. Na\u0161e v\u00fdmluvy \u2013 j\u00e1 jsem nem\u011bl \u010das, neum\u00edm dob\u0159e mluvit\u2026 &#8211; n\u00e1m p\u0159ed Bohem moc nepom\u016f\u017eou.<\/p>\n<p style=\"text-align: justify;\">B\u016fh je v\u00fd\u0161 a d\u00edv\u00e1 se na ka\u017ed\u00e9ho z\u00a0n\u00e1s. Je to ale pozitivn\u00ed zpr\u00e1va. Zn\u00e1 n\u00e1s, proto v\u00ed, koho pos\u00edl\u00e1. V\u00ed, s\u00a0jak\u00fdm h\u0159\u00edchem bojujeme, p\u0159esto n\u00e1m sv\u011b\u0159il do rukou to nejv\u011bt\u0161\u00ed poselstv\u00ed.<\/p>\n<p style=\"text-align: justify;\">Zv\u011bstov\u00e1n\u00ed Krista bychom nem\u011bli d\u011blat tak, jako jin\u00ed. Ka\u017ed\u00fd m\u00e1 svou osobnost, sv\u016fj dar a ka\u017ed\u00e9ho z\u00a0n\u00e1s si P\u00e1n vybral a poslal s\u00a0t\u00edmto darem. M\u00e1 to ale podm\u00ednku \u2013 my sami mus\u00edme p\u0159ijmout tuto zpr\u00e1vu o sm\u00ed\u0159en\u00ed skrze krev Je\u017e\u00ed\u0161e Krista. P\u0159ijali jsme ji? Nemohu zv\u011bstovat sm\u00ed\u0159en\u00ed, pokud jsem ho nepro\u017eil. P\u0159ijal jsi sm\u00ed\u0159en\u00ed od Boha? M\u00e1m tu radostnou zpr\u00e1vu? Tolik B\u016fh miloval \u010dlov\u011bka, \u017ee ho cht\u011bl vr\u00e1tit zp\u00e1tky dom\u016f a proto se stal \u010dlov\u011bkem, zem\u0159el a stal se h\u0159\u00edchem. V\u0161echny h\u0159\u00edchy vzal na sebe. Kdy\u017e Je\u017e\u00ed\u0161 Kristus visel na k\u0159\u00ed\u017ei s\u00a0p\u0159itlu\u010den\u00fdma rukama a nohama, nemohl se op\u0159\u00edt, nemohl se nadechnout, nemohl narovnat hlavu, byl zbit\u00fd, zjistil, \u017ee to nejd\u016fle\u017eit\u011bj\u0161\u00ed ve vztahu s\u00a0Bohem \u00a0je pry\u010d. Jakou hr\u016fzu pro\u017e\u00edval, kdy\u017e byl zcela s\u00e1m. Padla na n\u011bho cel\u00e1 t\u00edha h\u0159\u00edchu. Vzal ho dobrovoln\u011b na sebe. To je sm\u00ed\u0159en\u00ed.<\/p>\n<p style=\"text-align: justify;\">M\u00e1\u0161 svou zku\u0161enost se sm\u00ed\u0159en\u00edm? Spadla z\u00a0tebe v\u0161echna t\u00edha, za co jsi se styd\u011bl, co t\u011b t\u00ed\u017eilo? A prosil jsi o odpu\u0161t\u011bn\u00ed a n\u00e1sledoval Ho?<\/p>\n<p style=\"text-align: justify;\">B\u016fh p\u0159ich\u00e1z\u00ed a \u0159\u00edk\u00e1: \u201ev\u0161e je v\u00a0po\u0159\u00e1dku, u\u017e mezi n\u00e1mi nic nestoj\u00ed, jen krev m\u00e9ho syna\u201c. Je to obrovsk\u00fd dar. Ni\u010d\u00edm jsme si ho nezaslou\u017eili. Je\u017e\u00ed\u0161 Kristus \u0159\u00edk\u00e1: \u201ety u\u017e na k\u0159\u00ed\u017e nemus\u00ed\u0161, j\u00e1 u\u017e jsem v\u0161echny ty hr\u016fzy pro\u0161el.\u201c Je to dar. P\u0159ijmi ho, nebo odm\u00edtni. Je to dar z\u00a0l\u00e1sky a zadarmo. M\u016f\u017eeme jen jedin\u00e9 \u2013 d\u00e1t se Mu. V\u00a0na\u0161\u00ed osob\u011b nic moc nez\u00edsk\u00e1, jen h\u0159\u00ed\u0161n\u00e9ho \u010dlov\u011bka. B\u016fh v\u0161ak odpou\u0161t\u00ed zdarma. M\u016f\u017eu k\u00a0N\u011bmu p\u0159ij\u00edt a zhroutit se u Jeho nohou.<\/p>\n<p style=\"text-align: justify;\">\u201eStar\u00e9 v\u011bci jsou pry\u010d \u201c \u2013 a je tu n\u011bco nov\u00e9ho. Co n\u00e1s deptalo je pry\u010d. Kdo pro\u017eil setk\u00e1n\u00ed s\u00a0Je\u017e\u00ed\u0161em Kristem,\u00a0 radik\u00e1ln\u011b se mu zm\u011bnil \u017eivot.\u00a0 Kdy\u017e toto pro\u017eijeme, d\u011bje se nadp\u0159irozen\u00e9 v\u00a0tom, \u017ee spolu sed\u00edme \u2013 lid\u00e9 z\u00a0r\u016fzn\u00fdch c\u00edrkv\u00ed a \u0159\u00edk\u00e1me si : \u00a0\u201eZ\u00e1chrana je dar pro m\u011b, pro tebe. Nejsem lep\u0161\u00ed ne\u017e ostatn\u00ed. D\u00edky Je\u017e\u00ed\u0161i Kristu jsem neskon\u010dil v\u00a0h\u0159\u00edchu. Jen proto, \u017ee to ud\u011blal z\u00a0l\u00e1sky, v\u00edm, \u017ee se nem\u00e1m pro\u010d povy\u0161ovat nad jin\u00e9 lidi z\u00a0jin\u00fdch c\u00edrkv\u00ed. V\u0161ichni jsou stejn\u00ed jako j\u00e1. To je ekumena.<\/p>\n<p>Sm\u00ed\u0159en\u00ed znamen\u00e1 uv\u011bdom\u011bn\u00ed si :<\/p>\n<ul>\n<li>Nem\u00e1m Bohu co d\u00e1t<\/li>\n<li>Zachr\u00e1nil mn\u011b z\u00a0l\u00e1sky<\/li>\n<\/ul>\n<p style=\"text-align: justify;\">Zcela v\u00a0duchu k\u00e1z\u00e1n\u00ed se nesl duet Jarky a Ivy \u201eD\u00e1v\u00e1\u0161 mi, Pane, \u017eivot nov\u00fd, \u017eivot sv\u016fj\u201c. Dal\u0161\u00ed chv\u00e1lu \u201eJ\u00e1 jsem s\u00a0v\u00e1mi\u201c jsme zp\u00edvali ji\u017e v\u0161ichni.<\/p>\n<p><a href=\"https:\/\/valasskemezirici.casd.cz\/?attachment_id=2676\" rel=\"attachment wp-att-2676\"><img loading=\"lazy\" decoding=\"async\" class=\"alignnone wp-image-2676\" src=\"https:\/\/valasskemezirici.casd.cz\/wp-content\/uploads\/2017\/02\/P1000730-1024x768.jpg\" alt=\"\" width=\"602\" height=\"451\" srcset=\"https:\/\/valasskemezirici.casd.cz\/wp-content\/uploads\/2017\/02\/P1000730-1024x768.jpg 1024w, https:\/\/valasskemezirici.casd.cz\/wp-content\/uploads\/2017\/02\/P1000730-300x225.jpg 300w, https:\/\/valasskemezirici.casd.cz\/wp-content\/uploads\/2017\/02\/P1000730-768x576.jpg 768w\" sizes=\"auto, (max-width: 602px) 100vw, 602px\" \/><\/a><\/p>\n<p style=\"text-align: justify;\">Modlitebn\u00ed chv\u00edle jsme pro\u017eili ve skupink\u00e1ch, ve kter\u00fdch jsme v\u0161ichni d\u011bkovali P\u00e1nu za dar spasen\u00ed, za sm\u00ed\u0159en\u00ed s\u00a0n\u00e1mi a Jeho p\u0159\u00edtomnost v\u00a0na\u0161ich \u017eivotech. Ka\u017ed\u00fd m\u011bl na srdci tolik d\u00edku, \u017ee n\u00e1s musel kazatel Pavel Koste\u010dka p\u0159eru\u0161it, aby mohl program pokra\u010dovat. P\u0159ed po\u017eehn\u00e1n\u00edm z\u00a0knihy <strong>Iz 43, 1.-3.<\/strong> jsme si je\u0161t\u011b zazp\u00edvali chv\u00e1lu \u201eDaruj n\u00e1m pokoj\u201c.<\/p>\n<p style=\"text-align: justify;\"><a href=\"https:\/\/valasskemezirici.casd.cz\/?attachment_id=2679\" rel=\"attachment wp-att-2679\"><img loading=\"lazy\" decoding=\"async\" class=\"alignnone wp-image-2679\" src=\"https:\/\/valasskemezirici.casd.cz\/wp-content\/uploads\/2017\/02\/P1000744-1024x768.jpg\" alt=\"\" width=\"609\" height=\"457\" srcset=\"https:\/\/valasskemezirici.casd.cz\/wp-content\/uploads\/2017\/02\/P1000744-1024x768.jpg 1024w, https:\/\/valasskemezirici.casd.cz\/wp-content\/uploads\/2017\/02\/P1000744-300x225.jpg 300w, https:\/\/valasskemezirici.casd.cz\/wp-content\/uploads\/2017\/02\/P1000744-768x576.jpg 768w\" sizes=\"auto, (max-width: 609px) 100vw, 609px\" \/><\/a><\/p>\n<p style=\"text-align: justify;\">P\u0159esn\u011b p\u0159ed rokem p\u0159i 4.ekumenick\u00e9 bohoslu\u017eb\u011b ve sboru CASD se zrodil n\u00e1pad na po\u0159\u00e1d\u00e1n\u00ed dal\u0161\u00edch ekumenick\u00fdch aktivit, konkr\u00e9tn\u011b eku v\u00fd\u0161lapy. Prob\u011bhly ji\u017e 3 a \u010dtvrt\u00fd je pl\u00e1nov\u00e1n na 25.2.2017. O tomto n\u00e1s informovala Jarka Krut\u00edlkov\u00e1 \u2013 \u201em\u00e1ma\u201c t\u011bchto v\u00fd\u0161lap\u016f. Upozornila tak\u00e9 na instalovan\u00e9 panely s\u00a0fotkami a popisy ji\u017e uskute\u010dn\u011bn\u00fdch v\u00fd\u0161lap\u016f.<\/p>\n<p>Akce nadch\u00e1zej\u00edc\u00edho Chaverutu n\u00e1m p\u0159edstavil Jind\u0159ich Kimler.<\/p>\n<p><a href=\"https:\/\/valasskemezirici.casd.cz\/?attachment_id=2680\" rel=\"attachment wp-att-2680\"><img loading=\"lazy\" decoding=\"async\" class=\"alignnone wp-image-2680\" src=\"https:\/\/valasskemezirici.casd.cz\/wp-content\/uploads\/2017\/02\/P1000749-1024x768.jpg\" alt=\"\" width=\"606\" height=\"455\" srcset=\"https:\/\/valasskemezirici.casd.cz\/wp-content\/uploads\/2017\/02\/P1000749-1024x768.jpg 1024w, https:\/\/valasskemezirici.casd.cz\/wp-content\/uploads\/2017\/02\/P1000749-300x225.jpg 300w, https:\/\/valasskemezirici.casd.cz\/wp-content\/uploads\/2017\/02\/P1000749-768x576.jpg 768w\" sizes=\"auto, (max-width: 606px) 100vw, 606px\" \/><\/a><\/p>\n<p><a href=\"https:\/\/valasskemezirici.casd.cz\/?attachment_id=2678\" rel=\"attachment wp-att-2678\"><img loading=\"lazy\" decoding=\"async\" class=\"alignnone wp-image-2678\" src=\"https:\/\/valasskemezirici.casd.cz\/wp-content\/uploads\/2017\/02\/170207_ekum_14-1024x768.jpg\" alt=\"\" width=\"605\" height=\"454\" srcset=\"https:\/\/valasskemezirici.casd.cz\/wp-content\/uploads\/2017\/02\/170207_ekum_14-1024x768.jpg 1024w, https:\/\/valasskemezirici.casd.cz\/wp-content\/uploads\/2017\/02\/170207_ekum_14-300x225.jpg 300w, https:\/\/valasskemezirici.casd.cz\/wp-content\/uploads\/2017\/02\/170207_ekum_14-768x576.jpg 768w\" sizes=\"auto, (max-width: 605px) 100vw, 605px\" \/><\/a><\/p>\n<p style=\"text-align: justify;\">Posledn\u00ed chv\u00e1lou bohoslu\u017eby byla p\u00edse\u0148 \u201eVe\u010f mne cestou sv\u00e9ho n\u00e1sledov\u00e1n\u00ed\u201c. A potom u\u017e n\u00e1m Pavel Koste\u010dka objasnil, co znamen\u00e1 tajupln\u00fd bod programu zvan\u00fd \u201ekole\u010dko\u201c. V\u00a0jin\u00fdch c\u00edrkv\u00edch je zvykem p\u0159\u00e1n\u00ed pokoje. Adventist\u00e9 maj\u00ed zvyk zahajovat sobotu \u010di setk\u00e1n\u00ed chv\u00e1lou, kterou v\u00a0podob\u011b upraven\u00e9 pr\u00e1v\u011b pro ekumenickou bohoslu\u017ebu Pavel Koste\u010dka p\u0159ed\u0159\u00edk\u00e1val a v\u0161ichni z\u00fa\u010dastn\u011bn\u00ed opakovali. \u0160lo o velmi milou chvilku, kdy jsme se v\u0161ichni spojili rukama v\u00a0jeden kruh a bez rozd\u00edlu c\u00edrkevn\u00ed p\u0159\u00edslu\u0161nosti opakovali slova o tom, \u017ee jsme v\u0161ichni jedna rodina chv\u00e1l\u00edc\u00ed Hospodina. Byla to v\u00fdmluvn\u00e1 te\u010dka v\u0161ech leto\u0161n\u00edch ekumenick\u00fdch setk\u00e1n\u00ed. V\u017edy\u0165 o spojen\u00ed se v\u00a0jednu Kristovu rodinu n\u00e1m \u0161lo.<\/p>\n<p style=\"text-align: justify;\"><a href=\"https:\/\/valasskemezirici.casd.cz\/?attachment_id=2681\" rel=\"attachment wp-att-2681\"><img loading=\"lazy\" decoding=\"async\" class=\"alignnone wp-image-2681\" src=\"https:\/\/valasskemezirici.casd.cz\/wp-content\/uploads\/2017\/02\/170207_ekum_15-1024x768.jpg\" alt=\"\" width=\"607\" height=\"456\" srcset=\"https:\/\/valasskemezirici.casd.cz\/wp-content\/uploads\/2017\/02\/170207_ekum_15-1024x768.jpg 1024w, https:\/\/valasskemezirici.casd.cz\/wp-content\/uploads\/2017\/02\/170207_ekum_15-300x225.jpg 300w, https:\/\/valasskemezirici.casd.cz\/wp-content\/uploads\/2017\/02\/170207_ekum_15-768x576.jpg 768w\" sizes=\"auto, (max-width: 607px) 100vw, 607px\" \/><\/a><\/p>\n<p style=\"text-align: justify;\"><a href=\"https:\/\/valasskemezirici.casd.cz\/?attachment_id=2682\" rel=\"attachment wp-att-2682\"><img loading=\"lazy\" decoding=\"async\" class=\"alignnone wp-image-2682\" src=\"https:\/\/valasskemezirici.casd.cz\/wp-content\/uploads\/2017\/02\/170207_ekum_04-1024x768.jpg\" alt=\"\" width=\"607\" height=\"455\" srcset=\"https:\/\/valasskemezirici.casd.cz\/wp-content\/uploads\/2017\/02\/170207_ekum_04-1024x768.jpg 1024w, https:\/\/valasskemezirici.casd.cz\/wp-content\/uploads\/2017\/02\/170207_ekum_04-300x225.jpg 300w, https:\/\/valasskemezirici.casd.cz\/wp-content\/uploads\/2017\/02\/170207_ekum_04-768x576.jpg 768w\" sizes=\"auto, (max-width: 607px) 100vw, 607px\" \/><\/a><\/p>\n<p style=\"text-align: justify;\"><a href=\"https:\/\/valasskemezirici.casd.cz\/?attachment_id=2683\" rel=\"attachment wp-att-2683\"><img loading=\"lazy\" decoding=\"async\" class=\"alignnone wp-image-2683\" src=\"https:\/\/valasskemezirici.casd.cz\/wp-content\/uploads\/2017\/02\/P1000727-768x1024.jpg\" alt=\"\" width=\"606\" height=\"808\" srcset=\"https:\/\/valasskemezirici.casd.cz\/wp-content\/uploads\/2017\/02\/P1000727-768x1024.jpg 768w, https:\/\/valasskemezirici.casd.cz\/wp-content\/uploads\/2017\/02\/P1000727-225x300.jpg 225w\" sizes=\"auto, (max-width: 606px) 100vw, 606px\" \/><\/a> <a href=\"https:\/\/valasskemezirici.casd.cz\/?attachment_id=2684\" rel=\"attachment wp-att-2684\"><img loading=\"lazy\" decoding=\"async\" class=\"alignnone wp-image-2684\" src=\"https:\/\/valasskemezirici.casd.cz\/wp-content\/uploads\/2017\/02\/P1000731-1024x768.jpg\" alt=\"\" width=\"603\" height=\"453\" srcset=\"https:\/\/valasskemezirici.casd.cz\/wp-content\/uploads\/2017\/02\/P1000731-1024x768.jpg 1024w, https:\/\/valasskemezirici.casd.cz\/wp-content\/uploads\/2017\/02\/P1000731-300x225.jpg 300w, https:\/\/valasskemezirici.casd.cz\/wp-content\/uploads\/2017\/02\/P1000731-768x576.jpg 768w\" sizes=\"auto, (max-width: 603px) 100vw, 603px\" \/><\/a><\/p>\n<p style=\"text-align: justify;\">Pak u\u017e n\u00e1s Pavel Koste\u010dka vyzval k\u00a0dokon\u010den\u00ed sb\u00edrky, jej\u00ed\u017e v\u00fdt\u011b\u017eek bude vyu\u017eit pro hospic Citadela a v\u0161ichni jsme se p\u0159esunuli do sborov\u00e9 m\u00edstnosti k\u00a0bohat\u011b prost\u0159en\u00e9mu spole\u010dn\u00e9mu stolu. Jako poka\u017ed\u00e9, i tentokr\u00e1t se n\u00e1m u j\u00eddla kr\u00e1sn\u011b pov\u00eddalo, seznamovalo a sd\u00edlelo. K\u00e9\u017e se na\u0161e rodina b\u011bhem leto\u0161n\u00edho roku je\u0161t\u011b v\u00edce rozroste. P\u00e1n n\u00e1m \u017eehnej.<\/p>\n<p style=\"text-align: justify;\"><a href=\"https:\/\/valasskemezirici.casd.cz\/?attachment_id=2685\" rel=\"attachment wp-att-2685\"><img loading=\"lazy\" decoding=\"async\" class=\"alignnone wp-image-2685\" src=\"https:\/\/valasskemezirici.casd.cz\/wp-content\/uploads\/2017\/02\/DSCN4999-1024x768.jpg\" alt=\"\" width=\"605\" height=\"454\" srcset=\"https:\/\/valasskemezirici.casd.cz\/wp-content\/uploads\/2017\/02\/DSCN4999-1024x768.jpg 1024w, https:\/\/valasskemezirici.casd.cz\/wp-content\/uploads\/2017\/02\/DSCN4999-300x225.jpg 300w, https:\/\/valasskemezirici.casd.cz\/wp-content\/uploads\/2017\/02\/DSCN4999-768x576.jpg 768w\" sizes=\"auto, (max-width: 605px) 100vw, 605px\" \/><\/a> <a href=\"https:\/\/valasskemezirici.casd.cz\/?attachment_id=2686\" rel=\"attachment wp-att-2686\"><img loading=\"lazy\" decoding=\"async\" class=\"alignnone wp-image-2686\" src=\"https:\/\/valasskemezirici.casd.cz\/wp-content\/uploads\/2017\/02\/DSCN5001-1024x768.jpg\" alt=\"\" width=\"603\" height=\"452\" srcset=\"https:\/\/valasskemezirici.casd.cz\/wp-content\/uploads\/2017\/02\/DSCN5001-1024x768.jpg 1024w, https:\/\/valasskemezirici.casd.cz\/wp-content\/uploads\/2017\/02\/DSCN5001-300x225.jpg 300w, https:\/\/valasskemezirici.casd.cz\/wp-content\/uploads\/2017\/02\/DSCN5001-768x576.jpg 768w\" sizes=\"auto, (max-width: 603px) 100vw, 603px\" \/><\/a> <a href=\"https:\/\/valasskemezirici.casd.cz\/?attachment_id=2687\" rel=\"attachment wp-att-2687\"><img loading=\"lazy\" decoding=\"async\" class=\"alignnone wp-image-2687\" src=\"https:\/\/valasskemezirici.casd.cz\/wp-content\/uploads\/2017\/02\/P1000761-1024x768.jpg\" alt=\"\" width=\"605\" height=\"454\" srcset=\"https:\/\/valasskemezirici.casd.cz\/wp-content\/uploads\/2017\/02\/P1000761-1024x768.jpg 1024w, https:\/\/valasskemezirici.casd.cz\/wp-content\/uploads\/2017\/02\/P1000761-300x225.jpg 300w, https:\/\/valasskemezirici.casd.cz\/wp-content\/uploads\/2017\/02\/P1000761-768x576.jpg 768w\" sizes=\"auto, (max-width: 605px) 100vw, 605px\" \/><\/a><\/p>\n","protected":false},"excerpt":{"rendered":"<p>Prostory modlitebny CASD jsou nejmen\u0161\u00edm prostorem z t\u011bch, ve kter\u00fdch se konala ekumenick\u00e1 bohoslu\u017eba. Trochu jsme se b\u00e1li, zda budou sta\u010dit m\u00edsta pro v\u0161echny o\u010dek\u00e1van\u00e9 n\u00e1v\u0161t\u011bvn\u00edky a hlavn\u011b zda na\u0161i brat\u0159i v\u00a0Kristu p\u0159ekonaj\u00ed ledovkou pokryt\u00e9 chodn\u00edky a ve zdrav\u00ed doraz\u00ed. Ale jako v\u017edy P\u00e1n na\u0161e starosti vy\u0159e\u0161il. \u201eSbore\u010dek\u201c se o p\u016fl \u0161est\u00e9 zaplnil. Bohoslu\u017ebu tentokr\u00e1t [&hellip;]<\/p>\n","protected":false},"author":1,"featured_media":0,"comment_status":"closed","ping_status":"open","sticky":false,"template":"","format":"standard","meta":{"ngg_post_thumbnail":0,"footnotes":""},"categories":[1],"tags":[],"class_list":["post-2669","post","type-post","status-publish","format-standard","hentry","category-nezarazene"],"_links":{"self":[{"href":"https:\/\/valasskemezirici.casd.cz\/index.php?rest_route=\/wp\/v2\/posts\/2669","targetHints":{"allow":["GET"]}}],"collection":[{"href":"https:\/\/valasskemezirici.casd.cz\/index.php?rest_route=\/wp\/v2\/posts"}],"about":[{"href":"https:\/\/valasskemezirici.casd.cz\/index.php?rest_route=\/wp\/v2\/types\/post"}],"author":[{"embeddable":true,"href":"https:\/\/valasskemezirici.casd.cz\/index.php?rest_route=\/wp\/v2\/users\/1"}],"replies":[{"embeddable":true,"href":"https:\/\/valasskemezirici.casd.cz\/index.php?rest_route=%2Fwp%2Fv2%2Fcomments&post=2669"}],"version-history":[{"count":3,"href":"https:\/\/valasskemezirici.casd.cz\/index.php?rest_route=\/wp\/v2\/posts\/2669\/revisions"}],"predecessor-version":[{"id":2690,"href":"https:\/\/valasskemezirici.casd.cz\/index.php?rest_route=\/wp\/v2\/posts\/2669\/revisions\/2690"}],"wp:attachment":[{"href":"https:\/\/valasskemezirici.casd.cz\/index.php?rest_route=%2Fwp%2Fv2%2Fmedia&parent=2669"}],"wp:term":[{"taxonomy":"category","embeddable":true,"href":"https:\/\/valasskemezirici.casd.cz\/index.php?rest_route=%2Fwp%2Fv2%2Fcategories&post=2669"},{"taxonomy":"post_tag","embeddable":true,"href":"https:\/\/valasskemezirici.casd.cz\/index.php?rest_route=%2Fwp%2Fv2%2Ftags&post=2669"}],"curies":[{"name":"wp","href":"https:\/\/api.w.org\/{rel}","templated":true}]}}