{"id":2696,"date":"2017-02-11T21:30:12","date_gmt":"2017-02-11T20:30:12","guid":{"rendered":"http:\/\/valasskemezirici.casd.cz\/?p=2696"},"modified":"2017-02-11T21:30:12","modified_gmt":"2017-02-11T20:30:12","slug":"sobota-11-2-2017","status":"publish","type":"post","link":"https:\/\/valasskemezirici.casd.cz\/?p=2696","title":{"rendered":"Sobota 11.2.2017"},"content":{"rendered":"<p style=\"text-align: justify;\">\u0158ada d\u011btsk\u00fdch \u00fasm\u011bv\u016f n\u00e1s p\u0159iv\u00edtala dnes po p\u0159\u00edchodu do modlitebny. Na\u0161e d\u011bti pro\u017eily p\u00e1te\u010dn\u00ed sch\u016fzku pathfinderu a spole\u010dnou noc ve sborov\u00e9 m\u00edstnosti a podle jisk\u0159i\u010dek v jejich o\u010d\u00edch si to u\u017eily.<\/p>\n<p style=\"text-align: justify;\">Bohoslu\u017ebu jsme zah\u00e1jili po p\u00edsni a modlitb\u011b sd\u00edlen\u00edm na\u0161ich pro\u017eitk\u016f z minul\u00e9ho t\u00fddne. Nepotk\u00e1vaj\u00ed n\u00e1s jen dobr\u00e9 v\u011bci, n\u011bkdy se mus\u00edme vyrovnat i s ud\u00e1lostmi, ze kter\u00fdch je n\u00e1m smutno. V t\u00fddnu zem\u0159ela sestra M\u00e1ria Petrovi\u010dov\u00e1, kterou jsme v\u0161ichni znali. Syn Jenda n\u00e1m p\u0159inesl b\u00e1se\u0148, kterou jeho maminka napsala v roce 2010 vykresluj\u00edc\u00ed jej\u00ed pohled na \u017eivot, v\u00edru a v\u0161e, co m\u00e1 v na\u0161em pozemsk\u00e9m \u017eivot\u011b smysl. P\u0159ednesla n\u00e1m ji sestra Jana Jan\u010dov\u00e1. Mnoh\u00e9 z n\u00e1s pohnula k slz\u00e1m.<\/p>\n<p style=\"text-align: justify;\"><a href=\"https:\/\/valasskemezirici.casd.cz\/?attachment_id=2698\" rel=\"attachment wp-att-2698\"><img loading=\"lazy\" decoding=\"async\" class=\"alignnone  wp-image-2698\" src=\"https:\/\/valasskemezirici.casd.cz\/wp-content\/uploads\/2017\/02\/DSCN5019-768x1024.jpg\" alt=\"\" width=\"611\" height=\"814\" srcset=\"https:\/\/valasskemezirici.casd.cz\/wp-content\/uploads\/2017\/02\/DSCN5019-768x1024.jpg 768w, https:\/\/valasskemezirici.casd.cz\/wp-content\/uploads\/2017\/02\/DSCN5019-225x300.jpg 225w\" sizes=\"auto, (max-width: 611px) 100vw, 611px\" \/><\/a><\/p>\n<p style=\"text-align: justify;\">Sobotn\u00ed \u0161kolou s n\u00e1zvem &#8222;Duch svat\u00fd a \u017eivot k\u0159es\u0165ana&#8220; n\u00e1s provedl Milo\u0161 Mro\u010dek. \u00dakol tohoto t\u00fddne se zam\u00fd\u0161lel nad jedn\u00edm z d\u016fle\u017eit\u00fdch t\u00e9mat Bible &#8211; nad svatost\u00ed &#8211; Bo\u017e\u00ed, na\u0161\u00ed. Bo\u017e\u00ed l\u00e1ska a Bo\u017e\u00ed svatost jsou neodd\u011bliteln\u00e9 a jsou z\u00e1kladem Bo\u017e\u00ed p\u0159irozenosti. Svatost popisuje \u010distotu a dokonalost Bo\u017e\u00ed p\u0159irozenosti. B\u016fh je dokonal\u00fd, bez poskvrny a zosob\u0148uje dobro. Iz6,3. &#8211; &#8222;Svat\u00fd, svat\u00fd, svat\u00fd je Hospodin z\u00e1stup\u016f&#8220;.<\/p>\n<p style=\"text-align: justify;\"><a href=\"https:\/\/valasskemezirici.casd.cz\/?attachment_id=2697\" rel=\"attachment wp-att-2697\"><img loading=\"lazy\" decoding=\"async\" class=\"alignnone  wp-image-2697\" src=\"https:\/\/valasskemezirici.casd.cz\/wp-content\/uploads\/2017\/02\/DSCN5017-1024x768.jpg\" alt=\"\" width=\"616\" height=\"462\" srcset=\"https:\/\/valasskemezirici.casd.cz\/wp-content\/uploads\/2017\/02\/DSCN5017-1024x768.jpg 1024w, https:\/\/valasskemezirici.casd.cz\/wp-content\/uploads\/2017\/02\/DSCN5017-300x225.jpg 300w, https:\/\/valasskemezirici.casd.cz\/wp-content\/uploads\/2017\/02\/DSCN5017-768x576.jpg 768w\" sizes=\"auto, (max-width: 616px) 100vw, 616px\" \/><\/a><\/p>\n<p style=\"text-align: justify;\">\u010c\u00edm v\u00edce se p\u0159ibl\u00ed\u017e\u00edme Je\u017e\u00ed\u0161i Kristu, t\u00edm v\u00edce si za\u010dneme uv\u011bdomovat sv\u00e9 vlastn\u00ed nedostatky a chyby. Za\u010dneme se srovn\u00e1vat s dokonal\u00fdm Je\u017e\u00ed\u0161em Kristem. Vynikne na\u0161e sobectv\u00ed a na\u0161e nedokonalost. Z\u00e1rove\u0148 to bude doklad, \u017ee satanovy l\u017eiv\u00e9 n\u00e1zory ztr\u00e1cej\u00ed nad n\u00e1mi moc, \u017ee n\u00e1s vede Bo\u017e\u00ed Duch, a Bo\u017e\u00ed Duch vede k \u017eivotu. Svatost bychom mohli shrnout jako &#8222;podobnost Kristu&#8220;. Znamen\u00e1 to, \u017ee \u017eijeme jako jeho d\u011bti v l\u00e1skou napln\u011bn\u00e9 poslu\u0161nosti a odevzd\u00e1n\u00ed se. O svatost mus\u00edme prosit v modlitb\u00e1ch. Svatosti Bo\u017e\u00ed se nikdy nem\u016f\u017eeme rovnat, nikdy j\u00ed nedos\u00e1hneme. Ale mus\u00edme usilovat s Bo\u017e\u00ed pomoc\u00ed o postupnou zm\u011bnu sv\u00e9ho charakteru. B\u016fh p\u0159ij\u00edm\u00e1 ka\u017ed\u00e9ho v\u011b\u0159\u00edc\u00edho d\u00edky Kristov\u011b ob\u011bti jako ospravedln\u011bn\u00e9ho. Chce n\u00e1s svou moc\u00ed prom\u011b\u0148ovat, abychom st\u00e1le v\u00edce odr\u00e1\u017eeli Jeho obraz.<\/p>\n<p style=\"text-align: justify;\">Na\u0161e posv\u011bcen\u00ed jde ruku v ruce s v\u00edrou a d\u011bje se d\u00edky moci Ducha svat\u00e9ho. V ka\u017ed\u00e9m z n\u00e1s se odehr\u00e1v\u00e1 z\u00e1pas pramen\u00edc\u00ed z toho, \u017ee v n\u00e1s p\u0159eb\u00fdv\u00e1 h\u0159\u00edch. Fp 3,13.-14. &#8211; &#8222;Brat\u0159\u00ed, j\u00e1 nem\u00e1m za to, \u017ee jsem ji\u017e u c\u00edle; jen to mohu \u0159\u00edci: zapom\u00ednaje na to, co je za mnou, up\u0159en k tomu, co je p\u0159ede mnou, b\u011b\u017e\u00edm k c\u00edli, abych z\u00edskal nebeskou cenu, j\u00ed\u017e je Bo\u017e\u00ed povol\u00e1n\u00ed v Kristu Je\u017e\u00ed\u0161i.&#8220; V na\u0161em \u017eivot\u011b v\u00edry se a\u017e p\u0159\u00edli\u0161 \u010dasto zam\u011b\u0159ujeme na sebe. Soust\u0159ed\u00edme se na na\u0161e v\u00edt\u011bzstv\u00ed a por\u00e1\u017eky &#8211; m\u00edsto abychom sv\u016fj pohled zam\u011b\u0159ovali na Boha, kter\u00fd jedin\u00fd n\u00e1m m\u016f\u017ee d\u00e1t v\u00edt\u011bzstv\u00ed nad h\u0159\u00edchem.<\/p>\n<p style=\"text-align: justify;\">\u017d\u00edt \u017eivot napln\u011bn\u00fd Duchem svat\u00fdm znamen\u00e1 \u017e\u00edt podle Bo\u017e\u00edho z\u00e1kona. T\u00edm vyj\u00e1d\u0159ujeme na\u0161i v\u011brnost. Z\u00e1kon je obuv\u00ed, v n\u00ed\u017e na\u0161e l\u00e1ska m\u016f\u017ee chodit a projevit se. Pokud je m\u011b\u0159\u00edtkem a normou svatosti Bo\u017e\u00ed z\u00e1kon, tak srdcem svatosti je l\u00e1ska. L\u00e1ska je odpov\u011bd\u00ed na Bo\u017e\u00ed spasen\u00ed a projevem v\u011brnosti.<\/p>\n<p style=\"text-align: justify;\">Svatost je p\u0159edpokladem k tomu, abychom se mohli t\u011b\u0161it ze spole\u010denstv\u00ed s Bohem. Je z\u00e1rove\u0148 z\u00e1kladem toho, abychom mohli b\u00fdt pro Boha pou\u017eiteln\u00ed. &#8222;Zasej \u010din, sklid\u00ed\u0161 zvyk, zasej zvyk, sklid\u00ed\u0161 charakter.&#8220; Charakter je to jedin\u00e9, co si s sebou vezmeme do nebe. N\u011bkte\u0159\u00ed lid\u00ed zam\u011b\u0148uj\u00ed svatost za aktivizmus. Pokud si nenajdeme \u010das na zti\u0161en\u00ed, abychom mohli sly\u0161et Bo\u017e\u00ed hlas, pak jsme vystaveni nebezpe\u010d\u00ed, \u017ee budeme d\u011blat to, co chceme &#8211; ve vlastn\u00ed s\u00edle. Na takov\u00e9m jedn\u00e1n\u00ed v\u0161ak nemus\u00ed spo\u010dinout Bo\u017e\u00ed po\u017eehn\u00e1n\u00ed, nep\u0159inese n\u00e1m skute\u010dn\u00fd pokoj a nenapln\u00ed n\u00e1s Bo\u017e\u00ed moc\u00ed.<\/p>\n<p style=\"text-align: justify;\">V sobotn\u00ed \u0161kolce veden\u00e9 Petrem Ch\u00e1rou rozeb\u00edrala ml\u00e1de\u017e t\u00e9ma slu\u017eby &#8211; P\u00e1na Je\u017e\u00ed\u0161e pro n\u00e1s, a n\u00e1s pro jin\u00e9 lidi. Stejn\u00e9 t\u00e9ma m\u011blo i slov\u00ed\u010dko p\u0159ed k\u00e1z\u00e1n\u00edm Ivy Bure\u0161ov\u00e9. Na\u0161e d\u011bti se nedaly zahanbit a zazp\u00edvaly n\u00e1m kr\u00e1snou p\u00edsni\u010dku.<\/p>\n<p style=\"text-align: justify;\"><a href=\"https:\/\/valasskemezirici.casd.cz\/?attachment_id=2699\" rel=\"attachment wp-att-2699\"><img loading=\"lazy\" decoding=\"async\" class=\"alignnone  wp-image-2699\" src=\"https:\/\/valasskemezirici.casd.cz\/wp-content\/uploads\/2017\/02\/DSCN5021-1024x768.jpg\" alt=\"\" width=\"614\" height=\"461\" srcset=\"https:\/\/valasskemezirici.casd.cz\/wp-content\/uploads\/2017\/02\/DSCN5021-1024x768.jpg 1024w, https:\/\/valasskemezirici.casd.cz\/wp-content\/uploads\/2017\/02\/DSCN5021-300x225.jpg 300w, https:\/\/valasskemezirici.casd.cz\/wp-content\/uploads\/2017\/02\/DSCN5021-768x576.jpg 768w\" sizes=\"auto, (max-width: 614px) 100vw, 614px\" \/><\/a><\/p>\n<p style=\"text-align: justify;\">K\u00e1z\u00e1n\u00edm n\u00e1m poslou\u017eil Marek Wagner. P\u0159ed n\u011bjakou dobou nav\u0161t\u00edvil n\u00e1\u0161 kraj Kornelius Novak, se kter\u00fdm se Marek setkal a dnes n\u00e1m p\u0159ednesl n\u011bkter\u00e1 t\u00e9mata, o kter\u00fdch spolu diskutovali. P\u0159epis k\u00e1z\u00e1n\u00ed najdete v archivu.<\/p>\n<p style=\"text-align: justify;\"><a href=\"https:\/\/valasskemezirici.casd.cz\/?attachment_id=2700\" rel=\"attachment wp-att-2700\"><img loading=\"lazy\" decoding=\"async\" class=\"alignnone  wp-image-2700\" src=\"https:\/\/valasskemezirici.casd.cz\/wp-content\/uploads\/2017\/02\/DSCN5025-768x1024.jpg\" alt=\"\" width=\"618\" height=\"824\" srcset=\"https:\/\/valasskemezirici.casd.cz\/wp-content\/uploads\/2017\/02\/DSCN5025-768x1024.jpg 768w, https:\/\/valasskemezirici.casd.cz\/wp-content\/uploads\/2017\/02\/DSCN5025-225x300.jpg 225w\" sizes=\"auto, (max-width: 618px) 100vw, 618px\" \/><\/a><\/p>\n<p style=\"text-align: justify;\"><a href=\"https:\/\/valasskemezirici.casd.cz\/?attachment_id=2701\" rel=\"attachment wp-att-2701\"><img loading=\"lazy\" decoding=\"async\" class=\"alignnone  wp-image-2701\" src=\"https:\/\/valasskemezirici.casd.cz\/wp-content\/uploads\/2017\/02\/DSCN5029-1024x768.jpg\" alt=\"\" width=\"620\" height=\"465\" srcset=\"https:\/\/valasskemezirici.casd.cz\/wp-content\/uploads\/2017\/02\/DSCN5029-1024x768.jpg 1024w, https:\/\/valasskemezirici.casd.cz\/wp-content\/uploads\/2017\/02\/DSCN5029-300x225.jpg 300w, https:\/\/valasskemezirici.casd.cz\/wp-content\/uploads\/2017\/02\/DSCN5029-768x576.jpg 768w\" sizes=\"auto, (max-width: 620px) 100vw, 620px\" \/><\/a><\/p>\n","protected":false},"excerpt":{"rendered":"<p>\u0158ada d\u011btsk\u00fdch \u00fasm\u011bv\u016f n\u00e1s p\u0159iv\u00edtala dnes po p\u0159\u00edchodu do modlitebny. Na\u0161e d\u011bti pro\u017eily p\u00e1te\u010dn\u00ed sch\u016fzku pathfinderu a spole\u010dnou noc ve sborov\u00e9 m\u00edstnosti a podle jisk\u0159i\u010dek v jejich o\u010d\u00edch si to u\u017eily. Bohoslu\u017ebu jsme zah\u00e1jili po p\u00edsni a modlitb\u011b sd\u00edlen\u00edm na\u0161ich pro\u017eitk\u016f z minul\u00e9ho t\u00fddne. Nepotk\u00e1vaj\u00ed n\u00e1s jen dobr\u00e9 v\u011bci, n\u011bkdy se mus\u00edme vyrovnat i s [&hellip;]<\/p>\n","protected":false},"author":1,"featured_media":0,"comment_status":"closed","ping_status":"open","sticky":false,"template":"","format":"standard","meta":{"ngg_post_thumbnail":0,"footnotes":""},"categories":[1],"tags":[],"class_list":["post-2696","post","type-post","status-publish","format-standard","hentry","category-nezarazene"],"_links":{"self":[{"href":"https:\/\/valasskemezirici.casd.cz\/index.php?rest_route=\/wp\/v2\/posts\/2696","targetHints":{"allow":["GET"]}}],"collection":[{"href":"https:\/\/valasskemezirici.casd.cz\/index.php?rest_route=\/wp\/v2\/posts"}],"about":[{"href":"https:\/\/valasskemezirici.casd.cz\/index.php?rest_route=\/wp\/v2\/types\/post"}],"author":[{"embeddable":true,"href":"https:\/\/valasskemezirici.casd.cz\/index.php?rest_route=\/wp\/v2\/users\/1"}],"replies":[{"embeddable":true,"href":"https:\/\/valasskemezirici.casd.cz\/index.php?rest_route=%2Fwp%2Fv2%2Fcomments&post=2696"}],"version-history":[{"count":1,"href":"https:\/\/valasskemezirici.casd.cz\/index.php?rest_route=\/wp\/v2\/posts\/2696\/revisions"}],"predecessor-version":[{"id":2702,"href":"https:\/\/valasskemezirici.casd.cz\/index.php?rest_route=\/wp\/v2\/posts\/2696\/revisions\/2702"}],"wp:attachment":[{"href":"https:\/\/valasskemezirici.casd.cz\/index.php?rest_route=%2Fwp%2Fv2%2Fmedia&parent=2696"}],"wp:term":[{"taxonomy":"category","embeddable":true,"href":"https:\/\/valasskemezirici.casd.cz\/index.php?rest_route=%2Fwp%2Fv2%2Fcategories&post=2696"},{"taxonomy":"post_tag","embeddable":true,"href":"https:\/\/valasskemezirici.casd.cz\/index.php?rest_route=%2Fwp%2Fv2%2Ftags&post=2696"}],"curies":[{"name":"wp","href":"https:\/\/api.w.org\/{rel}","templated":true}]}}