{"id":2712,"date":"2017-02-18T20:38:57","date_gmt":"2017-02-18T19:38:57","guid":{"rendered":"http:\/\/valasskemezirici.casd.cz\/?p=2712"},"modified":"2017-02-18T20:38:57","modified_gmt":"2017-02-18T19:38:57","slug":"sobota-18-2-2017","status":"publish","type":"post","link":"https:\/\/valasskemezirici.casd.cz\/?p=2712","title":{"rendered":"Sobota 18.2.2017"},"content":{"rendered":"<p style=\"text-align: justify;\">Jaro, kter\u00e9 klepalo uprost\u0159ed pracovn\u00edho t\u00fddne na dve\u0159e, se n\u011bkam vytratilo a Vala\u0161sko op\u011bt zasypal sn\u00edh. Inu \u2013 co P\u00e1n B\u016fh \u0159\u00edd\u00ed \u2013 dob\u0159e \u0159\u00edd\u00ed. P\u0159ece jen \u2013 m\u00e1me teprve \u00fanor.<\/p>\n<p style=\"text-align: justify;\">Sobotn\u00ed \u0161kola m\u011bla t\u00e9ma Duch svat\u00fd a ovoce Ducha. Tento n\u00e1m\u011bt n\u00e1s oslovil, diskuze se rychle rozproudila. U\u010ditelkou n\u00e1m byla Ani\u010dka Petrovi\u010dov\u00e1.<\/p>\n<p style=\"text-align: justify;\">\u201e<em>Ovoce Bo\u017e\u00edho Ducha v\u0161ak je l\u00e1ska, radost, pokoj, trp\u011blivost, laskavost, dobrota, v\u011brnost, tichost a sebeovl\u00e1d\u00e1n\u00ed. Proti tomu se z\u00e1kon neobrac\u00ed.<\/em>\u201c Ga5, 22.23. P\u016fsoben\u00ed Ducha je p\u0159irovn\u00e1v\u00e1no k\u00a0ovoci, proto\u017ee stejn\u011b jako zdrav\u00fd strom pozn\u00e1me podle toho, jak\u00e9 d\u00e1v\u00e1 ovoce, \u010dlov\u011bka pozn\u00e1me podle toho, jak\u00e9 ovoce Ducha nese. Toto ovoce je d\u016fkazem, zda v\u00a0n\u00e1s \u017eije Je\u017e\u00ed\u0161 Kristus. Nejde v\u0161ak o n\u011bco, co bychom dok\u00e1zali vyprodukovat vlastn\u00edm \u00fasil\u00edm, ani ho nedost\u00e1v\u00e1me odn\u011bkud zven\u010d\u00ed. \u00a0Kdy\u017e n\u00e1s Duch svat\u00fd p\u0159iv\u00e1d\u00ed ke Kristu prost\u0159ednictv\u00edm Bo\u017e\u00edho slova, Je\u017e\u00ed\u0161ovy vlastnosti se za\u010d\u00ednaj\u00ed projevovat v\u00a0na\u0161ich \u017eivotech. Pokud jsme napojeni na Krista jako ratolesti na vinn\u00fd kmen, pokud je Kristus sou\u010d\u00e1st\u00ed na\u0161ich my\u0161lenek, projev\u00ed se to na na\u0161ich \u010dinech a m\u016f\u017eeme n\u00e9st ovoce. N\u00e1\u0161 charakter se za\u010dne prom\u011b\u0148ovat a bude odr\u00e1\u017eet charakter Je\u017e\u00ed\u0161e Krista ve v\u0161em, o \u010dem uva\u017eujeme, o \u010dem mluv\u00edme a co d\u011bl\u00e1me. Duch svat\u00fd n\u00e1m d\u00e1 s\u00edlu \u017e\u00edt v\u00edt\u011bzn\u011b a rozv\u00edjet ctnosti, kter\u00e9 jsou charakteristick\u00e9 pro Bo\u017e\u00ed d\u011bti.<\/p>\n<p style=\"text-align: justify;\">Prvn\u00edm a nejd\u016fle\u017eit\u011bj\u0161\u00edm projevem Ducha svat\u00e9ho je l\u00e1ska, proto\u017ee B\u016fh je l\u00e1ska. P\u0159ich\u00e1z\u00ed jako v\u00fdsledek na\u0161eho p\u0159eb\u00fdv\u00e1n\u00ed v\u00a0Kristu a Kristova p\u0159eb\u00fdv\u00e1n\u00ed v\u00a0n\u00e1s. Tato l\u00e1ska je u\u0161lechtil\u00e1 a nezaslou\u017een\u00e1. M\u00e1 moc m\u011bnit \u010dlov\u011bka, vede h\u0159\u00ed\u0161n\u00edka k\u00a0pok\u00e1n\u00ed, probouz\u00ed v\u00a0n\u011bm touhu po n\u011b\u010dem lep\u0161\u00edm, m\u00e1 moc sjednocovat. L\u00e1ska je tmelem, kter\u00fd spojuje v\u0161echno ovoce Ducha do jednoho celku a d\u00e1v\u00e1 hodnov\u011brnost tomu, co d\u011bl\u00e1me.<\/p>\n<p style=\"text-align: justify;\">Radost \u2013 nen\u00ed zam\u011b\u0159ena na pozemsk\u00e9 skute\u010dnost. Zam\u011b\u0159uje se na Boha a jeho d\u00edlo v\u00a0n\u00e1s. Nen\u00ed ovlivn\u011bna vn\u011bj\u0161\u00edmi okolnostmi a p\u016fsob\u00ed v\u00a0n\u00e1s, i kdy\u017e pro\u017e\u00edv\u00e1me smutn\u00e9 chv\u00edle.<\/p>\n<p style=\"text-align: justify;\">Pokoj \u2013 pokoj v\u00a0n\u00e1s vede k\u00a0pokojem napln\u011bn\u00fdm vztah\u016fm s\u00a0jin\u00fdmi lidmi. Nebudeme ha\u0161te\u0159iv\u00ed, nesn\u00e1\u0161enliv\u00ed, h\u00e1dav\u00ed, pomstychtiv\u00ed.<\/p>\n<p style=\"text-align: justify;\">Trp\u011blivost \u2013 ochota sn\u00e1\u0161et lidi i okolnosti, s\u00a0nimi\u017e jsme konfrontov\u00e1ni. Trp\u011bliv\u00ed m\u016f\u017eeme b\u00fdt jen kdy\u017e se zam\u011b\u0159ujeme na c\u00edle, je\u017e maj\u00ed z\u00a0pohledu v\u011b\u010dnosti skute\u010dnou hodnotu.<\/p>\n<p style=\"text-align: justify;\">Laskavost \u2013 B\u016fh se k\u00a0n\u00e1m skl\u00e1n\u00ed navzdory na\u0161im chyb\u00e1m a nedostatk\u016fm a chov\u00e1 se jako miluj\u00edc\u00ed otec. Stejn\u011b bychom se m\u011bli chovat my k\u00a0jin\u00fdm lidem.<\/p>\n<p style=\"text-align: justify;\">Dobrota \u2013 je l\u00e1ska, kter\u00e1 kon\u00e1. Zahrnuje dobr\u00e9 skutky a \u010diny, projevuje se praktick\u00fdmi projevy l\u00e1sky.<\/p>\n<p style=\"text-align: justify;\">V\u011brnost \u2013 je d\u016fv\u011bryhodnost na\u0161eho charakteru a spolehlivost. V\u011brn\u00ed d\u011blaj\u00ed, co sl\u00edbili.<\/p>\n<p style=\"text-align: justify;\">Tichost a m\u00edrnost \u2013 neznamen\u00e1 slabost. Pokorn\u00ed lid\u00e9 nejsou divoc\u00ed, ha\u0161te\u0159iv\u00ed a sobecky agresivn\u00ed. Pokoru charakterizuje duch laskav\u00e9 slu\u017eby.<\/p>\n<p style=\"text-align: justify;\">Sebeovl\u00e1d\u00e1n\u00ed \u2013 st\u0159\u00eddmost a sebeovl\u00e1d\u00e1n\u00ed nesouvis\u00ed jen s\u00a0j\u00eddlem a pit\u00edm, ale s\u00a0ka\u017edou oblast\u00ed \u017eivota.<\/p>\n<p style=\"text-align: justify;\">\u201eOvoce Ducha je laskav\u00e1 a miluj\u00edc\u00ed povaha, pozitivn\u00ed p\u0159\u00edstup k\u00a0\u017eivotu, klidn\u00e1 mysl a m\u00edrn\u00e9 vystupov\u00e1n\u00ed, trp\u011blivost, kter\u00e1 p\u0159ekon\u00e1v\u00e1 problematick\u00e9 okolnosti, soucitn\u00e9 pochopen\u00ed a ohledupln\u00e1 pomoc, velkorys\u00e9 posuzov\u00e1n\u00ed a shov\u00edvavost, oddanost a spolehlivost za v\u0161ech okolnost\u00ed, pokora, kter\u00e1 zapom\u00edn\u00e1 na sebe a raduje se z\u00a0druh\u00fdch, postoj sebeovl\u00e1d\u00e1n\u00ed. Takov\u00fd charakter je ovocem Ducha. V\u0161e spo\u010d\u00edv\u00e1 ve slovu ovoce. Nem\u016f\u017eeme ho dos\u00e1hnout \u00fasil\u00edm, ale p\u0159eb\u00fdv\u00e1n\u00edm, nemus\u00edme \u017e\u00edt s\u00a0obavami, ale v\u00a0d\u016fv\u011b\u0159e, nejde o skutky, ale o v\u00edru.\u201c<\/p>\n<p><a href=\"https:\/\/valasskemezirici.casd.cz\/?attachment_id=2713\" rel=\"attachment wp-att-2713\"><img loading=\"lazy\" decoding=\"async\" class=\"alignnone  wp-image-2713\" src=\"https:\/\/valasskemezirici.casd.cz\/wp-content\/uploads\/2017\/02\/DSCN5090-1024x768.jpg\" alt=\"\" width=\"591\" height=\"443\" srcset=\"https:\/\/valasskemezirici.casd.cz\/wp-content\/uploads\/2017\/02\/DSCN5090-1024x768.jpg 1024w, https:\/\/valasskemezirici.casd.cz\/wp-content\/uploads\/2017\/02\/DSCN5090-300x225.jpg 300w, https:\/\/valasskemezirici.casd.cz\/wp-content\/uploads\/2017\/02\/DSCN5090-768x576.jpg 768w\" sizes=\"auto, (max-width: 591px) 100vw, 591px\" \/><\/a> <a href=\"https:\/\/valasskemezirici.casd.cz\/?attachment_id=2714\" rel=\"attachment wp-att-2714\"><img loading=\"lazy\" decoding=\"async\" class=\"alignnone  wp-image-2714\" src=\"https:\/\/valasskemezirici.casd.cz\/wp-content\/uploads\/2017\/02\/DSCN5094-1024x768.jpg\" alt=\"\" width=\"589\" height=\"442\" srcset=\"https:\/\/valasskemezirici.casd.cz\/wp-content\/uploads\/2017\/02\/DSCN5094-1024x768.jpg 1024w, https:\/\/valasskemezirici.casd.cz\/wp-content\/uploads\/2017\/02\/DSCN5094-300x225.jpg 300w, https:\/\/valasskemezirici.casd.cz\/wp-content\/uploads\/2017\/02\/DSCN5094-768x576.jpg 768w\" sizes=\"auto, (max-width: 589px) 100vw, 589px\" \/><\/a><\/p>\n<p style=\"text-align: justify;\">Sobotn\u00ed \u0161kolku vedla Zde\u0148ka Pimkov\u00e1. D\u011bti si p\u0159ipomn\u011bly n\u00e1vrat izraelit\u016f do Jeruzal\u00e9ma z\u00a0Persie, kde vybudovali nov\u00fd chr\u00e1m. Zam\u00fd\u0161lely se nad t\u00edm, zda znaj\u00ed n\u011bkoho, kdo pom\u00e1h\u00e1 v\u00a0jin\u00e9m m\u011bst\u011b stav\u011bt modlitebnu a jak ony pom\u00e1haj\u00ed \u201ebudovat\u201c sv\u016fj sbor, svou c\u00edrkev. Za \u00fakol m\u011bly nakreslit slavnost st\u00e1nk\u016f, co\u017e se jim zda\u0159ilo. Tak\u00e9 opakov\u00e1n\u00ed dal\u0161\u00ed \u010d\u00e1sti biblick\u00e9 \u010dasov\u00e9 osy stihly.<\/p>\n<p style=\"text-align: justify;\">Slov\u00ed\u010dko p\u0159ed k\u00e1z\u00e1n\u00edm n\u00e1m p\u0159ipomn\u011blo, \u017ee ne v\u0161ude na sv\u011bt\u011b \u017eij\u00ed lid\u00e9 v\u00a0takov\u00e9m pokoji a n\u00e1bo\u017eensk\u00e9 svobod\u011b, jako my. V\u00a0n\u011bkter\u00fdch zem\u00edch je st\u00e1le v\u00edra d\u016fvodem k\u00a0uv\u011bzn\u011bn\u00ed nebo poprav\u011b. Iva Bure\u0161ov\u00e1 d\u011btem trochu osv\u011btlila, jak se \u017eije ve vzd\u00e1len\u00e9 zemi jm\u00e9nem Severn\u00ed Korea. P\u0159\u00edb\u011bh v\u011b\u0159\u00edc\u00edho chlapce, kter\u00fd se tajn\u011b se\u0161el s\u00a0mision\u00e1\u0159em a m\u00edsto o pen\u00edze a j\u00eddlo pro svou hladovou rodinu poprosil o p\u0159ed\u00e1n\u00ed des\u00e1tku, k\u0159est, slu\u017ebu Ve\u010de\u0159e P\u00e1n\u011b a novou Bibli, n\u00e1s dojal.<\/p>\n<p style=\"text-align: justify;\"><a href=\"https:\/\/valasskemezirici.casd.cz\/?attachment_id=2715\" rel=\"attachment wp-att-2715\"><img loading=\"lazy\" decoding=\"async\" class=\"alignnone  wp-image-2715\" src=\"https:\/\/valasskemezirici.casd.cz\/wp-content\/uploads\/2017\/02\/DSCN5097-1024x768.jpg\" alt=\"\" width=\"575\" height=\"431\" srcset=\"https:\/\/valasskemezirici.casd.cz\/wp-content\/uploads\/2017\/02\/DSCN5097-1024x768.jpg 1024w, https:\/\/valasskemezirici.casd.cz\/wp-content\/uploads\/2017\/02\/DSCN5097-300x225.jpg 300w, https:\/\/valasskemezirici.casd.cz\/wp-content\/uploads\/2017\/02\/DSCN5097-768x576.jpg 768w\" sizes=\"auto, (max-width: 575px) 100vw, 575px\" \/><\/a><\/p>\n<p style=\"text-align: justify;\">Pro\u017eili jsme modlitebn\u00ed t\u00fdden, ve kter\u00e9m jsme se zam\u00fd\u0161leli nad man\u017eelstv\u00ed, rodinou a vztahy mezi lidmi. K\u00e1z\u00e1n\u00ed Pavla Pimka bylo jak\u00fdmsi shrnut\u00edm toho t\u00e9matu. P\u0159epis k\u00e1z\u00e1n\u00ed najdete v\u00a0archivu.<\/p>\n<p style=\"text-align: justify;\">\n","protected":false},"excerpt":{"rendered":"<p>Jaro, kter\u00e9 klepalo uprost\u0159ed pracovn\u00edho t\u00fddne na dve\u0159e, se n\u011bkam vytratilo a Vala\u0161sko op\u011bt zasypal sn\u00edh. Inu \u2013 co P\u00e1n B\u016fh \u0159\u00edd\u00ed \u2013 dob\u0159e \u0159\u00edd\u00ed. P\u0159ece jen \u2013 m\u00e1me teprve \u00fanor. Sobotn\u00ed \u0161kola m\u011bla t\u00e9ma Duch svat\u00fd a ovoce Ducha. Tento n\u00e1m\u011bt n\u00e1s oslovil, diskuze se rychle rozproudila. U\u010ditelkou n\u00e1m byla Ani\u010dka Petrovi\u010dov\u00e1. \u201eOvoce Bo\u017e\u00edho [&hellip;]<\/p>\n","protected":false},"author":1,"featured_media":0,"comment_status":"closed","ping_status":"open","sticky":false,"template":"","format":"standard","meta":{"ngg_post_thumbnail":0,"footnotes":""},"categories":[1],"tags":[],"class_list":["post-2712","post","type-post","status-publish","format-standard","hentry","category-nezarazene"],"_links":{"self":[{"href":"https:\/\/valasskemezirici.casd.cz\/index.php?rest_route=\/wp\/v2\/posts\/2712","targetHints":{"allow":["GET"]}}],"collection":[{"href":"https:\/\/valasskemezirici.casd.cz\/index.php?rest_route=\/wp\/v2\/posts"}],"about":[{"href":"https:\/\/valasskemezirici.casd.cz\/index.php?rest_route=\/wp\/v2\/types\/post"}],"author":[{"embeddable":true,"href":"https:\/\/valasskemezirici.casd.cz\/index.php?rest_route=\/wp\/v2\/users\/1"}],"replies":[{"embeddable":true,"href":"https:\/\/valasskemezirici.casd.cz\/index.php?rest_route=%2Fwp%2Fv2%2Fcomments&post=2712"}],"version-history":[{"count":1,"href":"https:\/\/valasskemezirici.casd.cz\/index.php?rest_route=\/wp\/v2\/posts\/2712\/revisions"}],"predecessor-version":[{"id":2716,"href":"https:\/\/valasskemezirici.casd.cz\/index.php?rest_route=\/wp\/v2\/posts\/2712\/revisions\/2716"}],"wp:attachment":[{"href":"https:\/\/valasskemezirici.casd.cz\/index.php?rest_route=%2Fwp%2Fv2%2Fmedia&parent=2712"}],"wp:term":[{"taxonomy":"category","embeddable":true,"href":"https:\/\/valasskemezirici.casd.cz\/index.php?rest_route=%2Fwp%2Fv2%2Fcategories&post=2712"},{"taxonomy":"post_tag","embeddable":true,"href":"https:\/\/valasskemezirici.casd.cz\/index.php?rest_route=%2Fwp%2Fv2%2Ftags&post=2712"}],"curies":[{"name":"wp","href":"https:\/\/api.w.org\/{rel}","templated":true}]}}