{"id":2731,"date":"2017-02-26T22:47:21","date_gmt":"2017-02-26T21:47:21","guid":{"rendered":"http:\/\/valasskemezirici.casd.cz\/?p=2731"},"modified":"2017-02-26T22:50:18","modified_gmt":"2017-02-26T21:50:18","slug":"sobota-25-2-2017","status":"publish","type":"post","link":"https:\/\/valasskemezirici.casd.cz\/?p=2731","title":{"rendered":"Sobota 25.2.2017"},"content":{"rendered":"<p style=\"text-align: justify;\">Jsme tu dob\u0159e? Nebo jsme se n\u011bjak\u00fdm kouzlem ocitli v Jizersk\u00fdch hor\u00e1ch? Tak by se mohli pt\u00e1t ti, kdo dorazili na dne\u0161n\u00ed bohoslu\u017ebu. Ne, jste tady spr\u00e1vn\u011b. Ten \u00fasp\u011b\u0161n\u00fd b\u011b\u017eka\u0159 se startovn\u00edm \u010d\u00edslem, medail\u00ed a h\u016flkami je n\u00e1\u0161 bratr Milo\u0161 Mro\u010dek, kter\u00fd se z\u00fa\u010dastnil Jizersk\u00e9 pades\u00e1tky a v\u0161echny p\u0159ekvapil sv\u00fdm \u00fa\u017easn\u00fdm v\u00fdkonem. Milo\u0161i &#8211; jsi borec!<\/p>\n<p><a href=\"https:\/\/valasskemezirici.casd.cz\/?attachment_id=2732\" rel=\"attachment wp-att-2732\"><img loading=\"lazy\" decoding=\"async\" class=\"alignnone wp-image-2732\" src=\"https:\/\/valasskemezirici.casd.cz\/wp-content\/uploads\/2017\/02\/16901470_1668909786743423_1097142258_n.jpg\" alt=\"\" width=\"492\" height=\"874\" srcset=\"https:\/\/valasskemezirici.casd.cz\/wp-content\/uploads\/2017\/02\/16901470_1668909786743423_1097142258_n.jpg 540w, https:\/\/valasskemezirici.casd.cz\/wp-content\/uploads\/2017\/02\/16901470_1668909786743423_1097142258_n-169x300.jpg 169w\" sizes=\"auto, (max-width: 492px) 100vw, 492px\" \/><\/a><\/p>\n<p>&nbsp;<\/p>\n<p>Veden\u00ed sobotn\u00ed \u0161koly se ujal Petr Ch\u00e1ra a provedl n\u00e1s kr\u00e1sn\u00fdm t\u00e9matem &#8222;Duch svat\u00fd a duchovn\u00ed dary&#8220;.<\/p>\n<p style=\"text-align: justify;\">Duchovn\u00ed dary dost\u00e1v\u00e1me prost\u0159ednictv\u00edm Ducha svat\u00e9ho, abychom budovali Kristovo t\u011blo a dos\u00e1hli plnosti v Kristu. Duchovn\u00edch dar\u016f je velk\u00e9 mno\u017estv\u00ed, maj\u00ed r\u016fzn\u00e9 v\u00fdznamy a v\u011b\u0159\u00edc\u00ed maj\u00ed rozli\u010dn\u00e1 obdarov\u00e1n\u00ed. V\u011b\u0159\u00edc\u00ed nemaj\u00ed v\u0161echny dary. B\u016fh ve sv\u00e9 svrchovanosti ud\u011bluje v\u011b\u0159\u00edc\u00edm r\u016fzn\u00e9 dary &#8211; podle sv\u00e9 v\u016fle. Dost\u00e1v\u00e1me je proto, abychom mohli slou\u017eit druh\u00fdm a budovat Kristovo t\u011blo &#8211; c\u00edrkev. B\u016fh n\u00e1m je d\u00e1v\u00e1, abychom se mohli pod\u00edlet na \u0161\u00ed\u0159en\u00ed evangelia. V kontexu duchovn\u00edch dar\u016f se v P\u00edsmu \u010dasto mluv\u00ed o l\u00e1sce. Duchovn\u00ed dary jsou vlastn\u011b dary milosti &#8211; tedy dary l\u00e1sky.<\/p>\n<p style=\"text-align: justify;\">Duchovn\u00ed dary\u00a0 &#8211; charismata &#8211; rozd\u011bluje a ud\u011bluje s\u00e1m B\u016fh. Nem\u016f\u017eeme si je zaslou\u017eit sv\u00fdm postaven\u00edm, svoj\u00ed d\u016fle\u017eitost\u00ed \u010di reputac\u00ed, vzd\u011bl\u00e1n\u00edm ani duchovn\u00edm v\u00fdkonem. Duchovn\u00ed dary nen\u00ed mo\u017eno ztoto\u017enit s p\u0159irozen\u00fdmi schopnostmi, kter\u00e9 \u010dlov\u011bk m\u016f\u017ee rozv\u00edjet pomoc\u00ed vzd\u011bl\u00e1v\u00e1n\u00ed a u\u010den\u00ed. Duch svat\u00fd d\u00e1v\u00e1 v\u011b\u0159\u00edc\u00edm mimo\u0159\u00e1dn\u00e9 dary, aby mohli b\u00fdt po\u017eehn\u00e1n\u00edm pro jin\u00e9 k\u0159es\u0165any, pro ty, kte\u0159\u00ed v Boha nev\u011b\u0159\u00ed, ale tak\u00e9 p\u0159i budov\u00e1n\u00ed c\u00edrkve. \u010clov\u011bk by m\u011bl v modlitb\u011b pokorn\u011b odevzdat sv\u00e9 schopnosti do slu\u017eby Bohu. Duchovn\u00ed dary nepot\u0159ebujeme druh\u00fdm z\u00e1vid\u011bt. Takov\u00e1 z\u00e1vist by byla projevem nevd\u011b\u010dnosti v\u016f\u010di Bohu a zpochyb\u0148ov\u00e1n\u00edm jeho moudrosti p\u0159i rozd\u011blov\u00e1n\u00ed dar\u016f.<\/p>\n<p style=\"text-align: justify;\"><a href=\"https:\/\/valasskemezirici.casd.cz\/?attachment_id=2733\" rel=\"attachment wp-att-2733\"><img loading=\"lazy\" decoding=\"async\" class=\"alignnone wp-image-2733\" src=\"https:\/\/valasskemezirici.casd.cz\/wp-content\/uploads\/2017\/02\/DSCN5161-768x1024.jpg\" alt=\"\" width=\"597\" height=\"796\" srcset=\"https:\/\/valasskemezirici.casd.cz\/wp-content\/uploads\/2017\/02\/DSCN5161-768x1024.jpg 768w, https:\/\/valasskemezirici.casd.cz\/wp-content\/uploads\/2017\/02\/DSCN5161-225x300.jpg 225w\" sizes=\"auto, (max-width: 597px) 100vw, 597px\" \/><\/a><\/p>\n<p style=\"text-align: justify;\">Je smutn\u00e9, kdy\u017e jsou Bo\u017e\u00ed dary, kter\u00e9 maj\u00ed podporovat a budovat jednotu c\u00edrkve, zneu\u017e\u00edv\u00e1ny k tomu, aby byl vyv\u00fd\u0161en n\u011bjak\u00fd jedinec. Pak z\u00edsk\u00e1vaj\u00ed konkr\u00e9tn\u00ed lid\u00e9 v c\u00edrkvi neopr\u00e1vn\u011bn\u00fd obdiv a postaven\u00ed. To pak vede k nejednot\u011b, t\u0159\u00ed\u0161t\u011bn\u00ed a rozkol\u016fm. S ud\u011blov\u00e1n\u00edm duchovn\u00edch dar\u016f n\u00e1m Duch svat\u00fd sv\u011b\u0159uje i konkr\u00e9tn\u00ed slu\u017ebu, kter\u00e1 s darem souvis\u00ed.<\/p>\n<p style=\"text-align: justify;\">N\u011bkte\u0159\u00ed k\u0159es\u0165an\u00e9 jsou p\u0159esv\u011bd\u010deni, \u017ee duchovn\u00ed dary, kter\u00e9 jsou zmi\u0148ov\u00e1ny v Nov\u00e9m z\u00e1kon\u011b, jsou omezeny jen na obdob\u00ed Je\u017e\u00ed\u0161ova p\u016fsoben\u00ed a \u017eivot apo\u0161tol\u016f. Tvrd\u00ed, \u017ee tyto mimo\u0159\u00e1dn\u00e9 duchovn\u00ed dary se v c\u00edrkvi nevyskytovaly po smrti prvn\u00edch u\u010dedn\u00edk\u016f. Ano, nastane \u010das, kdy duchovn\u00ed dary pominou. Ale stane se to a\u017e tehdy, kdy\u017e p\u0159ijde dokonalost &#8211; u\u017e nebudeme pozorovat duchovn\u00ed skute\u010dnosti jakoby v zrcadle, ji\u017e nebudou tajemstv\u00edm, ale Je\u017e\u00ed\u0161e uvid\u00edme tv\u00e1\u0159\u00ed v tv\u00e1\u0159 p\u0159i jeho druh\u00e9m p\u0159\u00edchodu. Proto\u017ee\u00a0 m\u00e1 c\u00edrkev posl\u00e1n\u00ed p\u0159ipravovat sv\u011bt na druh\u00fd Krist\u016fv p\u0159\u00edchod, B\u016fh d\u00e1\u00a0 v\u011b\u0159\u00edc\u00edm prost\u0159edky, aby mohli tento \u00fakol splnit. Dary Ducha svat\u00e9ho v\u0161ak nikdy nebudou d\u016fle\u017eit\u011bj\u0161\u00ed ne\u017e Bible &#8211; Bo\u017e\u00ed slovo. A nikdy ji nebudou nahrazovat. Je pot\u0159eba prov\u011b\u0159ovat a zkou\u0161et, zda je v\u0161echno v souladu s P\u00edsmem a zda oslavuj\u00ed Je\u017e\u00ed\u0161e jako P\u00e1na. B\u016fh d\u00e1v\u00e1 c\u00edrkvi dar rozli\u0161ov\u00e1n\u00ed duch\u016f, aby mohla setrvat v pravd\u011b a jednot\u011b a aby mohla chr\u00e1nit sv\u00e9 \u010dleny p\u0159ed fale\u0161n\u00fdmi proroky a p\u0159ed svodem fale\u0161n\u00fdch znamen\u00ed a z\u00e1zrak\u016f. Abychom um\u011bli spr\u00e1vn\u011b zhodnotit to, co se okolo n\u00e1s odehr\u00e1v\u00e1, pot\u0159ebujeme zralost, pozn\u00e1n\u00ed a v\u011brnost Bo\u017e\u00edmu slovu.<\/p>\n<p style=\"text-align: justify;\">Sobotn\u00ed \u0161kolku d\u011bt\u00ed vedal Iva Bure\u0161ov\u00e1. D\u011bti se zam\u00fd\u0161lely nad t\u011b\u017ekostmi, kter\u00e9 prov\u00e1zely Izraelce p\u0159i stavb\u011b chr\u00e1mu. Lekce je m\u011bla nau\u010dit, \u017ee\u00a0 B\u016fh je s\u00a0n\u00e1mi tehdy, kdy\u017e m\u00e1me radost, ale i tehdy, kdy\u017e jsme znechucen\u00ed. T\u011b\u017ekosti a p\u0159ek\u00e1\u017eky nemaj\u00ed b\u00fdt v\u00fdmluvy, abychom p\u0159estali uct\u00edvat Boha. Uct\u00edv\u00e1me Boha i v\u00a0t\u011b\u017ekostech; chv\u00e1l\u00edme ho za to, \u017ee na na\u0161e probl\u00e9my m\u00e1 jist\u011b p\u0159ipraven\u00e9 \u0159e\u0161en\u00ed.<\/p>\n<p style=\"text-align: justify;\">Slov\u00ed\u010dko p\u0159ed k\u00e1z\u00e1n\u00edm mluvilo o chlapci, kter\u00fd m\u011bl za \u00fakol za ka\u017edou h\u00e1dku zatlouct h\u0159eb\u00edk do plotu. Kdy\u017e se nau\u010dil ovl\u00e1dat, za ka\u017ed\u00fd zvl\u00e1dnut\u00fd den bez h\u00e1dky jeden h\u0159eb\u00edk z plotu vyt\u00e1hl. Plot u\u017e ale nebyl jako d\u0159\u00edv. Byl pln\u00fd d\u011br. Slovn\u00ed r\u00e1na je stejn\u011b bolestiv\u00e1 jako ta t\u011blesn\u00e1. &#8222;Kdykoli jedn\u00e1\u0161 se sv\u00fdmi p\u0159\u00e1teli, pamatuj na plot a h\u0159eb\u00edky. Na nic u\u017e ne\u010dekej a uka\u017e sv\u00fdm p\u0159\u00e1tel\u016fm, jakou pro tebe maj\u00ed hodnotu. A hlavn\u011b jim odpus\u0165 v\u0161echny d\u00edry, kter\u00e9 zanechali ve tv\u00e9m plot\u011b.&#8220;<\/p>\n<p style=\"text-align: justify;\"><a href=\"https:\/\/valasskemezirici.casd.cz\/?attachment_id=2734\" rel=\"attachment wp-att-2734\"><img loading=\"lazy\" decoding=\"async\" class=\"alignnone wp-image-2734\" src=\"https:\/\/valasskemezirici.casd.cz\/wp-content\/uploads\/2017\/02\/IMG_20170225_104817-1024x768.jpg\" alt=\"\" width=\"616\" height=\"462\" srcset=\"https:\/\/valasskemezirici.casd.cz\/wp-content\/uploads\/2017\/02\/IMG_20170225_104817-1024x768.jpg 1024w, https:\/\/valasskemezirici.casd.cz\/wp-content\/uploads\/2017\/02\/IMG_20170225_104817-300x225.jpg 300w, https:\/\/valasskemezirici.casd.cz\/wp-content\/uploads\/2017\/02\/IMG_20170225_104817-768x576.jpg 768w\" sizes=\"auto, (max-width: 616px) 100vw, 616px\" \/><\/a><\/p>\n<p style=\"text-align: justify;\"><a href=\"https:\/\/valasskemezirici.casd.cz\/?attachment_id=2735\" rel=\"attachment wp-att-2735\"><img loading=\"lazy\" decoding=\"async\" class=\"alignnone wp-image-2735\" src=\"https:\/\/valasskemezirici.casd.cz\/wp-content\/uploads\/2017\/02\/IMG_20170225_104722-1024x768.jpg\" alt=\"\" width=\"615\" height=\"462\" srcset=\"https:\/\/valasskemezirici.casd.cz\/wp-content\/uploads\/2017\/02\/IMG_20170225_104722-1024x768.jpg 1024w, https:\/\/valasskemezirici.casd.cz\/wp-content\/uploads\/2017\/02\/IMG_20170225_104722-300x225.jpg 300w, https:\/\/valasskemezirici.casd.cz\/wp-content\/uploads\/2017\/02\/IMG_20170225_104722-768x576.jpg 768w\" sizes=\"auto, (max-width: 615px) 100vw, 615px\" \/><\/a><\/p>\n<p style=\"text-align: justify;\">K\u00e1z\u00e1n\u00edm n\u00e1m poslou\u017eil bratr Pavel Koste\u010dka. Zam\u00fd\u0161lel se nad \u010d\u00e1st\u00ed Desatera &#8211; &#8222;J\u00e1 jsem Hospodin, tv\u016fj B\u016fh, B\u016fh \u017e\u00e1rliv\u011b miluj\u00edc\u00ed.&#8220; P\u0159epis k\u00e1z\u00e1n\u00ed najdete v archivu.<\/p>\n<p style=\"text-align: justify;\"><a href=\"https:\/\/valasskemezirici.casd.cz\/?attachment_id=2736\" rel=\"attachment wp-att-2736\"><img loading=\"lazy\" decoding=\"async\" class=\"alignnone wp-image-2736\" src=\"https:\/\/valasskemezirici.casd.cz\/wp-content\/uploads\/2017\/02\/DSCN5165-1024x768.jpg\" alt=\"\" width=\"622\" height=\"466\" srcset=\"https:\/\/valasskemezirici.casd.cz\/wp-content\/uploads\/2017\/02\/DSCN5165-1024x768.jpg 1024w, https:\/\/valasskemezirici.casd.cz\/wp-content\/uploads\/2017\/02\/DSCN5165-300x225.jpg 300w, https:\/\/valasskemezirici.casd.cz\/wp-content\/uploads\/2017\/02\/DSCN5165-768x576.jpg 768w\" sizes=\"auto, (max-width: 622px) 100vw, 622px\" \/><\/a><\/p>\n","protected":false},"excerpt":{"rendered":"<p>Jsme tu dob\u0159e? Nebo jsme se n\u011bjak\u00fdm kouzlem ocitli v Jizersk\u00fdch hor\u00e1ch? Tak by se mohli pt\u00e1t ti, kdo dorazili na dne\u0161n\u00ed bohoslu\u017ebu. Ne, jste tady spr\u00e1vn\u011b. Ten \u00fasp\u011b\u0161n\u00fd b\u011b\u017eka\u0159 se startovn\u00edm \u010d\u00edslem, medail\u00ed a h\u016flkami je n\u00e1\u0161 bratr Milo\u0161 Mro\u010dek, kter\u00fd se z\u00fa\u010dastnil Jizersk\u00e9 pades\u00e1tky a v\u0161echny p\u0159ekvapil sv\u00fdm \u00fa\u017easn\u00fdm v\u00fdkonem. Milo\u0161i &#8211; jsi [&hellip;]<\/p>\n","protected":false},"author":1,"featured_media":0,"comment_status":"closed","ping_status":"open","sticky":false,"template":"","format":"standard","meta":{"ngg_post_thumbnail":0,"footnotes":""},"categories":[1],"tags":[],"class_list":["post-2731","post","type-post","status-publish","format-standard","hentry","category-nezarazene"],"_links":{"self":[{"href":"https:\/\/valasskemezirici.casd.cz\/index.php?rest_route=\/wp\/v2\/posts\/2731","targetHints":{"allow":["GET"]}}],"collection":[{"href":"https:\/\/valasskemezirici.casd.cz\/index.php?rest_route=\/wp\/v2\/posts"}],"about":[{"href":"https:\/\/valasskemezirici.casd.cz\/index.php?rest_route=\/wp\/v2\/types\/post"}],"author":[{"embeddable":true,"href":"https:\/\/valasskemezirici.casd.cz\/index.php?rest_route=\/wp\/v2\/users\/1"}],"replies":[{"embeddable":true,"href":"https:\/\/valasskemezirici.casd.cz\/index.php?rest_route=%2Fwp%2Fv2%2Fcomments&post=2731"}],"version-history":[{"count":7,"href":"https:\/\/valasskemezirici.casd.cz\/index.php?rest_route=\/wp\/v2\/posts\/2731\/revisions"}],"predecessor-version":[{"id":2743,"href":"https:\/\/valasskemezirici.casd.cz\/index.php?rest_route=\/wp\/v2\/posts\/2731\/revisions\/2743"}],"wp:attachment":[{"href":"https:\/\/valasskemezirici.casd.cz\/index.php?rest_route=%2Fwp%2Fv2%2Fmedia&parent=2731"}],"wp:term":[{"taxonomy":"category","embeddable":true,"href":"https:\/\/valasskemezirici.casd.cz\/index.php?rest_route=%2Fwp%2Fv2%2Fcategories&post=2731"},{"taxonomy":"post_tag","embeddable":true,"href":"https:\/\/valasskemezirici.casd.cz\/index.php?rest_route=%2Fwp%2Fv2%2Ftags&post=2731"}],"curies":[{"name":"wp","href":"https:\/\/api.w.org\/{rel}","templated":true}]}}