{"id":2753,"date":"2017-02-27T16:21:03","date_gmt":"2017-02-27T15:21:03","guid":{"rendered":"http:\/\/valasskemezirici.casd.cz\/?p=2753"},"modified":"2017-02-27T16:21:03","modified_gmt":"2017-02-27T15:21:03","slug":"reci-z-cesty-franty-tomance-eku-vyslap-na-pulcinske-ledopady","status":"publish","type":"post","link":"https:\/\/valasskemezirici.casd.cz\/?p=2753","title":{"rendered":"\u0158e\u010di z cesty Franty Tomance &#8211; eku v\u00fd\u0161lap na Pul\u010dinsk\u00e9 ledop\u00e1dy"},"content":{"rendered":"<p><a href=\"https:\/\/valasskemezirici.casd.cz\/?attachment_id=2754\" rel=\"attachment wp-att-2754\"><img loading=\"lazy\" decoding=\"async\" class=\"alignnone  wp-image-2754\" src=\"https:\/\/valasskemezirici.casd.cz\/wp-content\/uploads\/2017\/02\/DSCN1751-774x1024.jpg\" alt=\"\" width=\"586\" height=\"776\" srcset=\"https:\/\/valasskemezirici.casd.cz\/wp-content\/uploads\/2017\/02\/DSCN1751-774x1024.jpg 774w, https:\/\/valasskemezirici.casd.cz\/wp-content\/uploads\/2017\/02\/DSCN1751-227x300.jpg 227w, https:\/\/valasskemezirici.casd.cz\/wp-content\/uploads\/2017\/02\/DSCN1751-768x1016.jpg 768w, https:\/\/valasskemezirici.casd.cz\/wp-content\/uploads\/2017\/02\/DSCN1751.jpg 1210w\" sizes=\"auto, (max-width: 586px) 100vw, 586px\" \/><\/a><\/p>\n<p style=\"text-align: justify;\">P\u011btadvac\u00e1t\u00fd \u00fanor je n\u011bkter\u00fdm z\u00a0n\u00e1s pov\u011bdom\u00fd. Kolem tohoto data se v\u00a0ulic\u00edch t\u0159epotaly\u00a0 rud\u00e9 vlajky, sv\u00edtily stejn\u011b zbarven\u00e9 hv\u011bzdy a opr\u00fdskan\u00e9 fas\u00e1dy zdobila duchapln\u00e1 hesla o kone\u010dn\u00e9m v\u00edt\u011bzstv\u00ed pracuj\u00edc\u00edho lidu. Vset\u00ednsk\u00e9mu n\u00e1m\u011bst\u00ed v\u00e9vodil Kl\u00e9ma Gottwald osv\u00edcen\u00fd s h\u016fry. Tedy, z\u00a0p\u016fdy vedle stoj\u00edc\u00ed Pan\u010davy. Zd\u00e1lo se, \u017ee Den zn\u00e1rodn\u011bn\u00ed je nepohnuteln\u00fd a jeho d\u016fsledky p\u0159edem dan\u00e9. Samoz\u0159ejm\u011b, na v\u011b\u010dn\u00e9 \u010dasy a nikdy jinak!<\/p>\n<p style=\"text-align: justify;\"><a href=\"https:\/\/valasskemezirici.casd.cz\/?attachment_id=2755\" rel=\"attachment wp-att-2755\"><img loading=\"lazy\" decoding=\"async\" class=\"alignnone  wp-image-2755\" src=\"https:\/\/valasskemezirici.casd.cz\/wp-content\/uploads\/2017\/02\/DSCN1696-1024x774.jpg\" alt=\"\" width=\"586\" height=\"443\" srcset=\"https:\/\/valasskemezirici.casd.cz\/wp-content\/uploads\/2017\/02\/DSCN1696-1024x774.jpg 1024w, https:\/\/valasskemezirici.casd.cz\/wp-content\/uploads\/2017\/02\/DSCN1696-300x227.jpg 300w, https:\/\/valasskemezirici.casd.cz\/wp-content\/uploads\/2017\/02\/DSCN1696-768x581.jpg 768w, https:\/\/valasskemezirici.casd.cz\/wp-content\/uploads\/2017\/02\/DSCN1696.jpg 1600w\" sizes=\"auto, (max-width: 586px) 100vw, 586px\" \/><\/a><\/p>\n<p style=\"text-align: justify;\">Na \u0161edes\u00e1t\u00e9 dev\u00e1t\u00e9 v\u00fdro\u010d\u00ed zapomenut\u00e9ho V\u00edt\u011bzn\u00e9ho \u00fanora se na mezi\u0159\u00ed\u010dsk\u00e9m n\u00e1dra\u017e\u00ed sch\u00e1z\u00ed devatero poutn\u00edk\u016f. M\u00ed\u0159\u00ed do \u010dern\u00e9ho. Tedy do oblasti, kter\u00e1 byla touto barvou vy\u0161rafov\u00e1na na n\u00e1st\u011bnce n\u011bkdej\u0161\u00ed\u00a0 Ve\u010dern\u00ed university marx-leninismu. Znamenalo to jedin\u00e9. S\u00eddl\u00ed tu nejtemn\u011bj\u0161\u00ed n\u00e1bo\u017een\u0161t\u00ed tm\u00e1\u0159i, na kter\u00e9 je nutno si n\u00e1le\u017eit\u011b posv\u00edtit! Jedeme tedy do Lide\u010dka a jeho okol\u00ed.<\/p>\n<p style=\"text-align: justify;\"><a href=\"https:\/\/valasskemezirici.casd.cz\/?attachment_id=2756\" rel=\"attachment wp-att-2756\"><img loading=\"lazy\" decoding=\"async\" class=\"alignnone  wp-image-2756\" src=\"https:\/\/valasskemezirici.casd.cz\/wp-content\/uploads\/2017\/02\/DSCN1549-1024x774.jpg\" alt=\"\" width=\"591\" height=\"447\" srcset=\"https:\/\/valasskemezirici.casd.cz\/wp-content\/uploads\/2017\/02\/DSCN1549-1024x774.jpg 1024w, https:\/\/valasskemezirici.casd.cz\/wp-content\/uploads\/2017\/02\/DSCN1549-300x227.jpg 300w, https:\/\/valasskemezirici.casd.cz\/wp-content\/uploads\/2017\/02\/DSCN1549-768x581.jpg 768w, https:\/\/valasskemezirici.casd.cz\/wp-content\/uploads\/2017\/02\/DSCN1549.jpg 1600w\" sizes=\"auto, (max-width: 591px) 100vw, 591px\" \/><\/a><\/p>\n<p style=\"text-align: justify;\">Sotva opust\u00edme hornolide\u010dsk\u00e9 vlakov\u00e9 n\u00e1dra\u017e\u00ed, jsme sm\u011brov\u00e1ni k\u00a0Betl\u00e9mu. Ten si ale nech\u00e1me na jindy. M\u00e1 se nach\u00e1zet v\u00a0modern\u011b pojat\u00e9m m\u00edstn\u00edm kostele a podle v\u0161eho u\u017e dobr\u00e9 dva roky p\u0159itahuje pozornost v\u00e1no\u010dn\u011b nalad\u011bn\u00fdch n\u00e1v\u0161t\u011bvn\u00edk\u016f.<\/p>\n<p style=\"text-align: justify;\">\u017dlut\u00e1 zna\u010dka za\u010d\u00edn\u00e1 m\u00edrn\u011b stoupat nad obec. V\u00a0nohou m\u00e1me sotva jeden u\u0161lapan\u00fd kilometr a u\u017e jsme vyb\u00edzeni k prvn\u00edmu zastaven\u00ed. P\u0159\u00edtomn\u00e1 ml\u00e1\u010fata v\u0161ak tentokr\u00e1t nemaj\u00ed n\u00e1rok. Relaxa\u010dn\u00ed za\u0159\u00edzen\u00ed je ur\u010deno jen pat\u0159i\u010dn\u011b vyzr\u00e1l\u00fdm ro\u010dn\u00edk\u016fm. Jeho bohulib\u00fdch slu\u017eeb proto vyu\u017e\u00edvaj\u00ed jen ti nejzch\u00e1tralej\u0161\u00ed.<\/p>\n<p style=\"text-align: justify;\">\n<p style=\"text-align: justify;\"><a href=\"https:\/\/valasskemezirici.casd.cz\/?attachment_id=2758\" rel=\"attachment wp-att-2758\"><img loading=\"lazy\" decoding=\"async\" class=\"alignnone  wp-image-2758\" src=\"https:\/\/valasskemezirici.casd.cz\/wp-content\/uploads\/2017\/02\/DSCN1564-1024x774.jpg\" alt=\"\" width=\"592\" height=\"447\" srcset=\"https:\/\/valasskemezirici.casd.cz\/wp-content\/uploads\/2017\/02\/DSCN1564-1024x774.jpg 1024w, https:\/\/valasskemezirici.casd.cz\/wp-content\/uploads\/2017\/02\/DSCN1564-300x227.jpg 300w, https:\/\/valasskemezirici.casd.cz\/wp-content\/uploads\/2017\/02\/DSCN1564-768x581.jpg 768w, https:\/\/valasskemezirici.casd.cz\/wp-content\/uploads\/2017\/02\/DSCN1564.jpg 1600w\" sizes=\"auto, (max-width: 592px) 100vw, 592px\" \/><\/a><\/p>\n<p style=\"text-align: justify;\">Ve v\u011bt\u0161\u00edch \u010di men\u0161\u00edch rozestupech vystoup\u00e1me na temeno obl\u00e9ho n\u00e1vr\u0161\u00ed. Jeden Betl\u00e9m jsme z\u00e1m\u011brn\u011b minuli, ale tento prost\u011b nejde vynechat. Potk\u00e1v\u00e1me tu Marii se zn\u00e1m\u00fdm d\u00edt\u011btem v\u00a0n\u00e1ru\u010d\u00ed. \u0160vitorka, autorka ekumenick\u00fdch v\u00fd\u0161lap\u016f, a t\u00edm p\u00e1dem na\u0161e Matka p\u0159edstaven\u00e1, je radost\u00ed bez sebe. Na svoji \u201eMamine\u010dku\u201c ned\u00e1 dopustit.\u00a0 Kdykoliv na ni naraz\u00ed, n\u00e1padn\u011b oml\u00e1dne. A\u0165 u\u017e se na jednu z\u00a0nejv\u00fdrazn\u011bj\u0161\u00edch biblick\u00fdch osobnost\u00ed d\u00edv\u00e1me jakkoliv, jedno je jasn\u00e9. D\u00edky tajemn\u00e9mu spojen\u00ed Mariina t\u011bla s\u00a0neuchopiteln\u00fdm Duchem Svat\u00fdm p\u0159i\u0161el na sv\u011bt ten, v\u00a0jeho\u017e jm\u00e9nu jsme dnes vyrazili k\u00a0v\u00fd\u0161in\u00e1m. V\u00a0dobr\u00e9 v\u00ed\u0159e, \u017ee se i v\u00a0tomto p\u0159\u00edpad\u011b \u0159\u00edd\u00edme jej\u00edm nesmazateln\u00fdm odkazem \u201c Sta\u0148 se podle v\u016fle P\u00e1n\u011b\u2026\u201c<\/p>\n<p style=\"text-align: justify;\"><a href=\"https:\/\/valasskemezirici.casd.cz\/?attachment_id=2759\" rel=\"attachment wp-att-2759\"><img loading=\"lazy\" decoding=\"async\" class=\"alignnone  wp-image-2759\" src=\"https:\/\/valasskemezirici.casd.cz\/wp-content\/uploads\/2017\/02\/DSCN1589-1024x774.jpg\" alt=\"\" width=\"606\" height=\"458\" srcset=\"https:\/\/valasskemezirici.casd.cz\/wp-content\/uploads\/2017\/02\/DSCN1589-1024x774.jpg 1024w, https:\/\/valasskemezirici.casd.cz\/wp-content\/uploads\/2017\/02\/DSCN1589-300x227.jpg 300w, https:\/\/valasskemezirici.casd.cz\/wp-content\/uploads\/2017\/02\/DSCN1589-768x581.jpg 768w, https:\/\/valasskemezirici.casd.cz\/wp-content\/uploads\/2017\/02\/DSCN1589.jpg 1600w\" sizes=\"auto, (max-width: 606px) 100vw, 606px\" \/><\/a><\/p>\n<p style=\"text-align: justify;\">Sou\u010d\u00e1st\u00ed neobvykl\u00e9ho n\u00e1horn\u00edho are\u00e1lu je rovn\u011b\u017e zaj\u00edmav\u011b pojat\u00e1 p\u0159ipom\u00ednka t\u011bch, kte\u0159\u00ed ode\u0161li. N\u00e1m, co se i dnes hl\u00e1s\u00edme k\u00a0n\u00e1bo\u017eensk\u00fdm tm\u00e1\u0159\u016fm, tu problik\u00e1v\u00e1 jisk\u0159i\u010dka nad\u011bje. Od Betl\u00e9ma se m\u016f\u017eeme posunout ke Golgot\u011b. Ke vzty\u010den\u00e9mu k\u0159\u00ed\u017ei, jako posledn\u00ed kotv\u011b tr\u010d\u00edc\u00ed k temn\u00e9mu nebi. A p\u0159edev\u0161\u00edm nahl\u00e9dnout do\u00a0pr\u00e1zdn\u00e9ho hrobu. A probudit se do\u00a0p\u0159ekvapiv\u00e9ho velikono\u010dn\u00edho r\u00e1na s\u00a0modrou oblohou a klenbou nekone\u010dna. Kam se na n\u011bj hrabe \u00fanor, jakkoli v\u00edt\u011bzn\u00fd!?<\/p>\n<p style=\"text-align: justify;\"><a href=\"https:\/\/valasskemezirici.casd.cz\/?attachment_id=2760\" rel=\"attachment wp-att-2760\"><img loading=\"lazy\" decoding=\"async\" class=\"alignnone  wp-image-2760\" src=\"https:\/\/valasskemezirici.casd.cz\/wp-content\/uploads\/2017\/02\/DSCN1582-1024x774.jpg\" alt=\"\" width=\"596\" height=\"450\" srcset=\"https:\/\/valasskemezirici.casd.cz\/wp-content\/uploads\/2017\/02\/DSCN1582-1024x774.jpg 1024w, https:\/\/valasskemezirici.casd.cz\/wp-content\/uploads\/2017\/02\/DSCN1582-300x227.jpg 300w, https:\/\/valasskemezirici.casd.cz\/wp-content\/uploads\/2017\/02\/DSCN1582-768x581.jpg 768w, https:\/\/valasskemezirici.casd.cz\/wp-content\/uploads\/2017\/02\/DSCN1582.jpg 1600w\" sizes=\"auto, (max-width: 596px) 100vw, 596px\" \/><\/a><\/p>\n<p style=\"text-align: justify;\">Jsme na Vala\u0161sku, a k\u00a0n\u011bmu u\u017e oded\u00e1vna pat\u0159\u00ed st\u00e1da a st\u00e1de\u010dka pasouc\u00edch se \u00a0ovc\u00ed. Dost dob\u0159e te\u010f nejde nevzpomenout na nejzn\u00e1m\u011bj\u0161\u00ed ze v\u0161ech \u017ealm\u016f. A tak\u00e9 na zaznamenanou prorockou vizi o jednom ov\u010dinci a jednom past\u00fd\u0159i. Mal\u00e1 ochutn\u00e1vka se\u00a0n\u00e1m pr\u00e1v\u011b nab\u00edz\u00ed. Jak se ukazuje, nen\u00ed to v\u016fbec \u0161patn\u00e9. N\u011bkter\u00e9 to s\u00a0t\u011bmi ohr\u00e1dkami u\u017e p\u0159\u00edli\u0161 nebav\u00ed.<\/p>\n<p style=\"text-align: justify;\"><a href=\"https:\/\/valasskemezirici.casd.cz\/?attachment_id=2761\" rel=\"attachment wp-att-2761\"><img loading=\"lazy\" decoding=\"async\" class=\"alignnone  wp-image-2761\" src=\"https:\/\/valasskemezirici.casd.cz\/wp-content\/uploads\/2017\/02\/DSCN1628-1024x774.jpg\" alt=\"\" width=\"605\" height=\"457\" srcset=\"https:\/\/valasskemezirici.casd.cz\/wp-content\/uploads\/2017\/02\/DSCN1628-1024x774.jpg 1024w, https:\/\/valasskemezirici.casd.cz\/wp-content\/uploads\/2017\/02\/DSCN1628-300x227.jpg 300w, https:\/\/valasskemezirici.casd.cz\/wp-content\/uploads\/2017\/02\/DSCN1628-768x581.jpg 768w, https:\/\/valasskemezirici.casd.cz\/wp-content\/uploads\/2017\/02\/DSCN1628.jpg 1600w\" sizes=\"auto, (max-width: 605px) 100vw, 605px\" \/><\/a><\/p>\n<p style=\"text-align: justify;\">Pokud n\u011bkdo tvrd\u00ed, \u017ee p\u0159edja\u0159\u00ed je nezaj\u00edmav\u00e9 a\u017e protivn\u00e9, nemus\u00ed m\u00edt v\u017edycky pravdu. Sta\u010d\u00ed se jen trochu porozhl\u00e9dnut. Miz\u00ed sn\u00edh a pukaj\u00ed ledy. Nem\u016f\u017ee za to v\u0161ak \u017e\u00e1dn\u00fd z\u00a0lid\u00ed. Poru\u010dit v\u011btru a de\u0161ti, pota\u017emo mrazu a slunci bylo sice jedn\u00edm ze z\u00e1vazk\u016f zm\u00edn\u011bn\u00fdch narudl\u00fdch v\u011brozv\u011bst\u016f, jeho spln\u011bn\u00ed se v\u0161ak nat\u011b\u0161en\u00e9 lidstvo nedo\u010dkalo. Na\u0161t\u011bst\u00ed! A tak se m\u016f\u017eeme dodne\u0161ka obdivovat namrzl\u00fdm pl\u00e1tk\u016fm i barevn\u00fdm ledop\u00e1d\u016fm. Doufejme, \u017ee k\u00a0nim do ve\u010dera doraz\u00edme.<\/p>\n<p style=\"text-align: justify;\"><a href=\"https:\/\/valasskemezirici.casd.cz\/?attachment_id=2762\" rel=\"attachment wp-att-2762\"><img loading=\"lazy\" decoding=\"async\" class=\"alignnone  wp-image-2762\" src=\"https:\/\/valasskemezirici.casd.cz\/wp-content\/uploads\/2017\/02\/DSCN1601-1024x774.jpg\" alt=\"\" width=\"606\" height=\"458\" srcset=\"https:\/\/valasskemezirici.casd.cz\/wp-content\/uploads\/2017\/02\/DSCN1601-1024x774.jpg 1024w, https:\/\/valasskemezirici.casd.cz\/wp-content\/uploads\/2017\/02\/DSCN1601-300x227.jpg 300w, https:\/\/valasskemezirici.casd.cz\/wp-content\/uploads\/2017\/02\/DSCN1601-768x581.jpg 768w, https:\/\/valasskemezirici.casd.cz\/wp-content\/uploads\/2017\/02\/DSCN1601.jpg 1600w\" sizes=\"auto, (max-width: 606px) 100vw, 606px\" \/><\/a><\/p>\n<p style=\"text-align: justify;\">Ten k\u0159\u00ed\u017e na kraji lesa tu st\u00e1val odnepam\u011bti. \u00a0Sta\u010d\u00ed od n\u011bj seb\u011bhnout do \u00fadol\u00ed, a jsme\u00a0 v\u00a0rodi\u0161ti zn\u00e1m\u00e9ho \u0160t\u011bp\u00e1na Trochty. D\u00edky jeho vztahu k\u00a0Uk\u0159i\u017eovan\u00e9mu si pobyl t\u0159i roky v koncentr\u00e1ku a p\u011btkr\u00e1t tolik v\u00a0l\u00e1grech komunist\u016f. Selezi\u00e1n, skaut a pozd\u011bj\u0161\u00ed kardin\u00e1l zem\u0159el v\u00a0roce 1974 pot\u00e9, co jej normaliza\u010dn\u00ed soudruzi podrobili nevyb\u00edrav\u00e9mu v\u00fdslechu. Bylo mu dev\u011bta\u0161edes\u00e1t. P\u0159esn\u011b tolik, jako dnes V\u00edt\u011bzn\u00e9mu \u00fanoru. Po n\u011bm ne\u0161t\u011bkne ani pes, zat\u00edmco mu\u010dedn\u00edk \u0160t\u011bp\u00e1n\u00a0 si, by\u0165 osmn\u00e1ct let po sv\u00e9 smrti, vyslou\u017eil od prezidenta Havla \u0158\u00e1d Tom\u00e1\u0161e G. Masaryka za vynikaj\u00edc\u00ed z\u00e1sluhy o demokracii a lidsk\u00e1 pr\u00e1va. Co je to v\u0161ak proti p\u0159\u00edzni\u00a0 Zmrtv\u00fdchvstal\u00e9ho?<\/p>\n<p style=\"text-align: justify;\"><a href=\"https:\/\/valasskemezirici.casd.cz\/?attachment_id=2763\" rel=\"attachment wp-att-2763\"><img loading=\"lazy\" decoding=\"async\" class=\"alignnone  wp-image-2763\" src=\"https:\/\/valasskemezirici.casd.cz\/wp-content\/uploads\/2017\/02\/DSCN1637-1024x774.jpg\" alt=\"\" width=\"603\" height=\"456\" srcset=\"https:\/\/valasskemezirici.casd.cz\/wp-content\/uploads\/2017\/02\/DSCN1637-1024x774.jpg 1024w, https:\/\/valasskemezirici.casd.cz\/wp-content\/uploads\/2017\/02\/DSCN1637-300x227.jpg 300w, https:\/\/valasskemezirici.casd.cz\/wp-content\/uploads\/2017\/02\/DSCN1637-768x581.jpg 768w, https:\/\/valasskemezirici.casd.cz\/wp-content\/uploads\/2017\/02\/DSCN1637.jpg 1600w\" sizes=\"auto, (max-width: 603px) 100vw, 603px\" \/><\/a><\/p>\n<p style=\"text-align: justify;\">Spr\u00e1vn\u011b vid\u00edme jen srdcem, tvrd\u00ed jedna zn\u00e1m\u00e1 postava od zn\u00e1m\u00e9ho spisovatele. Je n\u00e1dhern\u00e9 pr\u00e1v\u011b s takov\u00fdmi sd\u00edlet na\u0161e b\u011b\u017en\u00e9 i \u017eivotn\u00ed cesty. V\u0161imnou si toho, co v\u011bt\u0161ina nevid\u00ed. \u0160vitorka k nim bezesporu n\u00e1le\u017e\u00ed. U\u017e na minul\u00e9m v\u00fd\u0161lapu si pov\u0161imla kamenn\u00e9ho srd\u00ed\u010dka. Bere to jako neklamn\u00e9 znamen\u00ed, \u017ee kr\u00e1\u010d\u00edme v harmonii s v\u016fl\u00ed Nejvy\u0161\u0161\u00edho.<\/p>\n<p style=\"text-align: justify;\"><a href=\"https:\/\/valasskemezirici.casd.cz\/?attachment_id=2764\" rel=\"attachment wp-att-2764\"><img loading=\"lazy\" decoding=\"async\" class=\"alignnone  wp-image-2764\" src=\"https:\/\/valasskemezirici.casd.cz\/wp-content\/uploads\/2017\/02\/DSCN1648-1024x774.jpg\" alt=\"\" width=\"598\" height=\"452\" srcset=\"https:\/\/valasskemezirici.casd.cz\/wp-content\/uploads\/2017\/02\/DSCN1648-1024x774.jpg 1024w, https:\/\/valasskemezirici.casd.cz\/wp-content\/uploads\/2017\/02\/DSCN1648-300x227.jpg 300w, https:\/\/valasskemezirici.casd.cz\/wp-content\/uploads\/2017\/02\/DSCN1648-768x581.jpg 768w, https:\/\/valasskemezirici.casd.cz\/wp-content\/uploads\/2017\/02\/DSCN1648.jpg 1600w\" sizes=\"auto, (max-width: 598px) 100vw, 598px\" \/><\/a><\/p>\n<p style=\"text-align: justify;\"><a href=\"https:\/\/valasskemezirici.casd.cz\/?attachment_id=2765\" rel=\"attachment wp-att-2765\"><img loading=\"lazy\" decoding=\"async\" class=\"alignnone  wp-image-2765\" src=\"https:\/\/valasskemezirici.casd.cz\/wp-content\/uploads\/2017\/02\/DSCN1631-1024x774.jpg\" alt=\"\" width=\"598\" height=\"452\" srcset=\"https:\/\/valasskemezirici.casd.cz\/wp-content\/uploads\/2017\/02\/DSCN1631-1024x774.jpg 1024w, https:\/\/valasskemezirici.casd.cz\/wp-content\/uploads\/2017\/02\/DSCN1631-300x227.jpg 300w, https:\/\/valasskemezirici.casd.cz\/wp-content\/uploads\/2017\/02\/DSCN1631-768x581.jpg 768w, https:\/\/valasskemezirici.casd.cz\/wp-content\/uploads\/2017\/02\/DSCN1631.jpg 1600w\" sizes=\"auto, (max-width: 598px) 100vw, 598px\" \/><\/a><\/p>\n<p style=\"text-align: justify;\">Na obzoru se kone\u010dn\u011b objevuje silueta nejv\u00fd\u0161e polo\u017een\u00e9 obce na Vala\u0161sku, kter\u00e1 se uvelebila na sedm set metr\u016f vysok\u00e9m kop\u010disku. Pul\u010d\u00edn je sou\u010d\u00e1st\u00ed Francovy Lhoty. Pr\u00e1v\u011b odtud pro n\u011bkter\u00e9 z\u00a0n\u00e1s vloni startovala \u0161estidenn\u00ed cyklistick\u00e1 T\u00far de Fr\u00e1nc kon\u010d\u00edc\u00ed a\u017e v\u00a0dalek\u00e9m jiho\u010desk\u00e9m Franti\u0161kov\u011b.<\/p>\n<p style=\"text-align: justify;\"><a href=\"https:\/\/valasskemezirici.casd.cz\/?attachment_id=2766\" rel=\"attachment wp-att-2766\"><img loading=\"lazy\" decoding=\"async\" class=\"alignnone  wp-image-2766\" src=\"https:\/\/valasskemezirici.casd.cz\/wp-content\/uploads\/2017\/02\/DSCN1670-1024x774.jpg\" alt=\"\" width=\"603\" height=\"456\" srcset=\"https:\/\/valasskemezirici.casd.cz\/wp-content\/uploads\/2017\/02\/DSCN1670-1024x774.jpg 1024w, https:\/\/valasskemezirici.casd.cz\/wp-content\/uploads\/2017\/02\/DSCN1670-300x227.jpg 300w, https:\/\/valasskemezirici.casd.cz\/wp-content\/uploads\/2017\/02\/DSCN1670-768x581.jpg 768w, https:\/\/valasskemezirici.casd.cz\/wp-content\/uploads\/2017\/02\/DSCN1670.jpg 1600w\" sizes=\"auto, (max-width: 603px) 100vw, 603px\" \/><\/a> <a href=\"https:\/\/valasskemezirici.casd.cz\/?attachment_id=2767\" rel=\"attachment wp-att-2767\"><img loading=\"lazy\" decoding=\"async\" class=\"alignnone  wp-image-2767\" src=\"https:\/\/valasskemezirici.casd.cz\/wp-content\/uploads\/2017\/02\/DSCN1683-1024x774.jpg\" alt=\"\" width=\"603\" height=\"456\" srcset=\"https:\/\/valasskemezirici.casd.cz\/wp-content\/uploads\/2017\/02\/DSCN1683-1024x774.jpg 1024w, https:\/\/valasskemezirici.casd.cz\/wp-content\/uploads\/2017\/02\/DSCN1683-300x227.jpg 300w, https:\/\/valasskemezirici.casd.cz\/wp-content\/uploads\/2017\/02\/DSCN1683-768x581.jpg 768w, https:\/\/valasskemezirici.casd.cz\/wp-content\/uploads\/2017\/02\/DSCN1683.jpg 1600w\" sizes=\"auto, (max-width: 603px) 100vw, 603px\" \/><\/a> <a href=\"https:\/\/valasskemezirici.casd.cz\/?attachment_id=2768\" rel=\"attachment wp-att-2768\"><img loading=\"lazy\" decoding=\"async\" class=\"alignnone  wp-image-2768\" src=\"https:\/\/valasskemezirici.casd.cz\/wp-content\/uploads\/2017\/02\/DSCN1686-1024x774.jpg\" alt=\"\" width=\"603\" height=\"456\" srcset=\"https:\/\/valasskemezirici.casd.cz\/wp-content\/uploads\/2017\/02\/DSCN1686-1024x774.jpg 1024w, https:\/\/valasskemezirici.casd.cz\/wp-content\/uploads\/2017\/02\/DSCN1686-300x227.jpg 300w, https:\/\/valasskemezirici.casd.cz\/wp-content\/uploads\/2017\/02\/DSCN1686-768x581.jpg 768w, https:\/\/valasskemezirici.casd.cz\/wp-content\/uploads\/2017\/02\/DSCN1686.jpg 1600w\" sizes=\"auto, (max-width: 603px) 100vw, 603px\" \/><\/a><\/p>\n<p style=\"text-align: justify;\">Do vesnice na ho\u0159e le\u017e\u00edc\u00ed v\u0161ak dnes \u017e\u00e1dn\u00fd bicyklista nep\u00e1chne. Parkovi\u0161t\u011b je p\u0159ecpan\u00e9 pohodln\u011bj\u0161\u00edmi p\u0159ibli\u017eovadly v\u0161ech mo\u017en\u00fdch tuzemsk\u00fdch, p\u0159\u00edpadn\u011b jin\u00fdch pozn\u00e1vac\u00edch zna\u010dek. Brzo k\u00a0nim p\u0159ibudou i auta na\u0161ich souputn\u00edk\u016f, kte\u0159\u00ed zvolili variantu B. B\u00e9\u010dka by m\u011bla dosvi\u0161t\u011bt ka\u017edou chv\u00edli, tak\u017ee rychle do hospody u Wil\u00edka, kde bychom mohli doplnit cestou poztr\u00e1cen\u00e9 kalorie.<\/p>\n<p style=\"text-align: justify;\">Vstup do restaura\u010dn\u00edho za\u0159\u00edzen\u00ed je impozantn\u00ed. Vypad\u00e1 to na c\u00edlenou v\u00fdzdobu ke vzpom\u00ednan\u00fdm slavn\u00fdm \u00fanorov\u00fdm dn\u016fm. Gottwald, Lenin, Stalin a dal\u0161\u00ed velik\u00e1ni d\u011bjin tu v\u0161ak po z\u00e1sluze vis\u00ed u\u017e dobr\u00e9 \u010dtvrtstolet\u00ed. Na v\u011b\u010dn\u00e9 \u010dasy budou p\u0159ipom\u00ednat rozko\u0161nou \u00e9ru pokroku, m\u00edru a vl\u00e1dy v\u0161eho r\u00e1doby pracuj\u00edc\u00edho lidu.<\/p>\n<p style=\"text-align: justify;\"><a href=\"https:\/\/valasskemezirici.casd.cz\/?attachment_id=2769\" rel=\"attachment wp-att-2769\"><img loading=\"lazy\" decoding=\"async\" class=\"alignnone  wp-image-2769\" src=\"https:\/\/valasskemezirici.casd.cz\/wp-content\/uploads\/2017\/02\/DSCN1691-1024x774.jpg\" alt=\"\" width=\"601\" height=\"454\" srcset=\"https:\/\/valasskemezirici.casd.cz\/wp-content\/uploads\/2017\/02\/DSCN1691-1024x774.jpg 1024w, https:\/\/valasskemezirici.casd.cz\/wp-content\/uploads\/2017\/02\/DSCN1691-300x227.jpg 300w, https:\/\/valasskemezirici.casd.cz\/wp-content\/uploads\/2017\/02\/DSCN1691-768x581.jpg 768w, https:\/\/valasskemezirici.casd.cz\/wp-content\/uploads\/2017\/02\/DSCN1691.jpg 1600w\" sizes=\"auto, (max-width: 601px) 100vw, 601px\" \/><\/a><\/p>\n<p style=\"text-align: justify;\">V\u00a0dal\u0161\u00edch komnat\u00e1ch jsou vystaveny jin\u00e9 \u0161elmy. Divo\u010d\u00e1ci, vlci, li\u0161\u00e1ci a dal\u0161\u00ed obyvatel\u00e9 zdej\u0161\u00edch hvozd\u016f se nechali st\u00e1hnout z\u00a0k\u016f\u017ee, aby tu v\u00a0jejich p\u0159\u00edtomnosti vyhl\u00e1dl\u00fdm lidsk\u00fdm smrteln\u00edk\u016fm l\u00e9pe zachutnalo. Neporou\u010d\u00edme si kan\u010d\u00ed k\u00fdty ani jezev\u010d\u00ed gul\u00e1\u0161, ale oby\u010dejnou kyselici, \u010di nefal\u0161ovan\u00fd v\u00fdvar z\u00a0fazol\u00ed. N\u011bkte\u0159\u00ed to je\u0161t\u011b jist\u00ed bor\u016fvkov\u00fdmi knedl\u00edky na dom\u00e1c\u00edm tvarohu. Nebyl to z\u00e1m\u011br, ale zasedli jsme k tomu nejspr\u00e1vn\u011bj\u0161\u00edmu stolu. Jeho \u010d\u00edslo je toto\u017en\u00e9 s po\u010dtem poutn\u00edk\u016f v na\u0161\u00ed skupin\u011b. Ten se vy\u0161plhal k ba\u0165ovsk\u00e9 dev\u00edtce.<\/p>\n<p style=\"text-align: justify;\"><a href=\"https:\/\/valasskemezirici.casd.cz\/?attachment_id=2770\" rel=\"attachment wp-att-2770\"><img loading=\"lazy\" decoding=\"async\" class=\"alignnone  wp-image-2770\" src=\"https:\/\/valasskemezirici.casd.cz\/wp-content\/uploads\/2017\/02\/DSCN1697-1024x774.jpg\" alt=\"\" width=\"611\" height=\"462\" srcset=\"https:\/\/valasskemezirici.casd.cz\/wp-content\/uploads\/2017\/02\/DSCN1697-1024x774.jpg 1024w, https:\/\/valasskemezirici.casd.cz\/wp-content\/uploads\/2017\/02\/DSCN1697-300x227.jpg 300w, https:\/\/valasskemezirici.casd.cz\/wp-content\/uploads\/2017\/02\/DSCN1697-768x581.jpg 768w, https:\/\/valasskemezirici.casd.cz\/wp-content\/uploads\/2017\/02\/DSCN1697.jpg 1600w\" sizes=\"auto, (max-width: 611px) 100vw, 611px\" \/><\/a><\/p>\n<p style=\"text-align: justify;\">N\u00e1jezd b\u00e9\u010dek je sice nekoordinovan\u00fd, zato po\u010detn\u011b v\u00fdrazn\u00fd. Pokud p\u0159ipo\u010d\u00edt\u00e1me i Dana, kter\u00fd se tu vydal k\u00e1zat slovo \u017eivota p\u0159\u00edmo z\u00a0c\u00edrkevn\u00edho poh\u0159bu, potom celkov\u00fd po\u010det z\u00fa\u010dastn\u011bn\u00fdch du\u0161\u00ed sah\u00e1 a\u017e k\u00a0\u00factyhodn\u00e9 dvac\u00edtce. Ta se pak v\u00a0rozli\u010dn\u00fdch vln\u00e1ch vyd\u00e1v\u00e1 na pochod ke zmi\u0148ovan\u00fdm Pul\u010d\u00ednsk\u00fdm ledop\u00e1d\u016fm.<\/p>\n<p style=\"text-align: justify;\">K\u00a0n\u011bkolika ledo-p\u00e1d\u016fm v\u0161ak doch\u00e1z\u00ed je\u0161t\u011b na cest\u011b ke jmenovan\u00e9 p\u0159\u00edrodn\u00ed atrakci. Dokonale zmrzl\u00e1 p\u011b\u0161ina pocukrovan\u00e1 jemnou vrstvou v\u010derej\u0161\u00edho sn\u011bhu je natolik zr\u00e1dn\u00e1, \u017ee jen m\u00e1lokter\u00fd jedinec se na n\u00ed udr\u017e\u00ed v\u00a0trvale vzp\u0159\u00edmen\u00e9m stavu. N\u011bkte\u0159\u00ed, p\u0159esn\u011bji \u0159e\u010deno n\u011bkter\u00e9, si na pozad\u00ed, p\u0159\u00edpadn\u011b jin\u00fdch lokalit\u00e1ch sv\u00fdch t\u011blesn\u00fdch schr\u00e1nek odn\u00e1\u0161\u00ed v\u00edce \u010di m\u00e9n\u011b v\u00fdrazn\u00e9 suven\u00fdry. P\u0159esto\u017ee je v\u00a0tuto chv\u00edli mazan\u011b zakr\u00fdvaj\u00ed\u00a0r\u016fznobarevn\u00fdmi textiln\u00edmi vrstvami, stejn\u011b v\u0161echny co nevid\u011bt n\u00e1padn\u011b zmodraj\u00ed.<\/p>\n<p style=\"text-align: justify;\"><a href=\"https:\/\/valasskemezirici.casd.cz\/?attachment_id=2771\" rel=\"attachment wp-att-2771\"><img loading=\"lazy\" decoding=\"async\" class=\"alignnone  wp-image-2771\" src=\"https:\/\/valasskemezirici.casd.cz\/wp-content\/uploads\/2017\/02\/DSCN1754-1024x774.jpg\" alt=\"\" width=\"601\" height=\"454\" srcset=\"https:\/\/valasskemezirici.casd.cz\/wp-content\/uploads\/2017\/02\/DSCN1754-1024x774.jpg 1024w, https:\/\/valasskemezirici.casd.cz\/wp-content\/uploads\/2017\/02\/DSCN1754-300x227.jpg 300w, https:\/\/valasskemezirici.casd.cz\/wp-content\/uploads\/2017\/02\/DSCN1754-768x581.jpg 768w, https:\/\/valasskemezirici.casd.cz\/wp-content\/uploads\/2017\/02\/DSCN1754.jpg 1600w\" sizes=\"auto, (max-width: 601px) 100vw, 601px\" \/><\/a><\/p>\n<p style=\"text-align: justify;\">Kone\u010dn\u011b se\u00a0dost\u00e1v\u00e1me k\u00a0m\u00edstu doty\u010dn\u00e9mu. Doklouzali jsme k\u00a0tak zvan\u00e9mu Propadl\u00e9mu hradu, kter\u00fd si ve\u00a0zlat\u00fdch dob\u00e1ch \u010desk\u00e9ho trampingu pronajala zl\u00ednsk\u00e1 osada Ancona. Pamatujeme doby, kdy tu ho\u0159ely ve\u010dern\u00ed ohn\u011b, zn\u011bly t\u00f3ny kytar a von\u011blo nefal\u0161ovan\u00e9 kamar\u00e1dstv\u00ed. O ledop\u00e1dech v\u011bd\u011bli jen ti, kte\u0159\u00ed tu d\u00e1vali dobrou noc, Tedy, li\u0161ky a trampov\u00e9. Ony tu bydlely a my sem chod\u00edvali p\u011b\u0161ky z\u00a0lide\u010dsk\u00e9k\u00e9ho n\u00e1dra\u017e\u00ed.<\/p>\n<p style=\"text-align: justify;\"><a href=\"https:\/\/valasskemezirici.casd.cz\/?attachment_id=2772\" rel=\"attachment wp-att-2772\"><img loading=\"lazy\" decoding=\"async\" class=\"alignnone  wp-image-2772\" src=\"https:\/\/valasskemezirici.casd.cz\/wp-content\/uploads\/2017\/02\/DSCN1762-1024x774.jpg\" alt=\"\" width=\"606\" height=\"458\" srcset=\"https:\/\/valasskemezirici.casd.cz\/wp-content\/uploads\/2017\/02\/DSCN1762-1024x774.jpg 1024w, https:\/\/valasskemezirici.casd.cz\/wp-content\/uploads\/2017\/02\/DSCN1762-300x227.jpg 300w, https:\/\/valasskemezirici.casd.cz\/wp-content\/uploads\/2017\/02\/DSCN1762-768x581.jpg 768w, https:\/\/valasskemezirici.casd.cz\/wp-content\/uploads\/2017\/02\/DSCN1762.jpg 1600w\" sizes=\"auto, (max-width: 606px) 100vw, 606px\" \/><\/a> <a href=\"https:\/\/valasskemezirici.casd.cz\/?attachment_id=2773\" rel=\"attachment wp-att-2773\"><img loading=\"lazy\" decoding=\"async\" class=\"alignnone  wp-image-2773\" src=\"https:\/\/valasskemezirici.casd.cz\/wp-content\/uploads\/2017\/02\/DSCN1768-1024x774.jpg\" alt=\"\" width=\"606\" height=\"458\" srcset=\"https:\/\/valasskemezirici.casd.cz\/wp-content\/uploads\/2017\/02\/DSCN1768-1024x774.jpg 1024w, https:\/\/valasskemezirici.casd.cz\/wp-content\/uploads\/2017\/02\/DSCN1768-300x227.jpg 300w, https:\/\/valasskemezirici.casd.cz\/wp-content\/uploads\/2017\/02\/DSCN1768-768x581.jpg 768w, https:\/\/valasskemezirici.casd.cz\/wp-content\/uploads\/2017\/02\/DSCN1768.jpg 1600w\" sizes=\"auto, (max-width: 606px) 100vw, 606px\" \/><\/a> <a href=\"https:\/\/valasskemezirici.casd.cz\/?attachment_id=2774\" rel=\"attachment wp-att-2774\"><img loading=\"lazy\" decoding=\"async\" class=\"alignnone  wp-image-2774\" src=\"https:\/\/valasskemezirici.casd.cz\/wp-content\/uploads\/2017\/02\/DSCN1787-774x1024.jpg\" alt=\"\" width=\"606\" height=\"802\" srcset=\"https:\/\/valasskemezirici.casd.cz\/wp-content\/uploads\/2017\/02\/DSCN1787-774x1024.jpg 774w, https:\/\/valasskemezirici.casd.cz\/wp-content\/uploads\/2017\/02\/DSCN1787-227x300.jpg 227w, https:\/\/valasskemezirici.casd.cz\/wp-content\/uploads\/2017\/02\/DSCN1787-768x1016.jpg 768w, https:\/\/valasskemezirici.casd.cz\/wp-content\/uploads\/2017\/02\/DSCN1787.jpg 1210w\" sizes=\"auto, (max-width: 606px) 100vw, 606px\" \/><\/a> <a href=\"https:\/\/valasskemezirici.casd.cz\/?attachment_id=2775\" rel=\"attachment wp-att-2775\"><img loading=\"lazy\" decoding=\"async\" class=\"alignnone  wp-image-2775\" src=\"https:\/\/valasskemezirici.casd.cz\/wp-content\/uploads\/2017\/02\/DSCN1806-1024x774.jpg\" alt=\"\" width=\"608\" height=\"460\" srcset=\"https:\/\/valasskemezirici.casd.cz\/wp-content\/uploads\/2017\/02\/DSCN1806-1024x774.jpg 1024w, https:\/\/valasskemezirici.casd.cz\/wp-content\/uploads\/2017\/02\/DSCN1806-300x227.jpg 300w, https:\/\/valasskemezirici.casd.cz\/wp-content\/uploads\/2017\/02\/DSCN1806-768x581.jpg 768w, https:\/\/valasskemezirici.casd.cz\/wp-content\/uploads\/2017\/02\/DSCN1806.jpg 1600w\" sizes=\"auto, (max-width: 608px) 100vw, 608px\" \/><\/a><\/p>\n<p style=\"text-align: justify;\">Doby se zm\u011bnily. Informa\u010dn\u00ed technologie, televizi nevyj\u00edmaje,\u00a0 sem p\u0159il\u00e1kaly davy. Navzdory hroziv\u011b klouzaj\u00edc\u00edmu podlo\u017e\u00ed se tu baculat\u00ed str\u00fd\u010dkov\u00e9, vychrtl\u00e9 anorekti\u010dky, namakan\u00ed borci, barokn\u00ed tch\u00fdn\u011b\u00a0 i bled\u00ed intelektu\u00e1lov\u00e9 sna\u017e\u00ed zbl\u00edzka \u010di zd\u00e1li zahl\u00e9dnout vyhl\u00e1\u0161en\u00fd z\u00e1zrak. Objevuje se tak\u0159ka ka\u017ed\u00fdm rokem a m\u016f\u017ee za n\u011bj voda, mr\u00e1z a zvl\u00e1\u0161tn\u00ed sn\u011b\u017en\u00e1 \u0159asa, kter\u00e1 um\u011bleck\u00e9 d\u00edlo probarvuje do \u017elutohn\u011bda.<\/p>\n<p style=\"text-align: justify;\">P\u0159esto\u017ee rozhran\u00ed \u00fanora a b\u0159ezna je nejv\u00edce doporu\u010dovan\u00fdm datem n\u00e1v\u0161t\u011bvy, leto\u0161n\u00ed trefa nen\u00ed zrovna nejp\u0159esn\u011bj\u0161\u00ed. D\u00edky dv\u011bma tepl\u00fdm t\u00fddn\u016fm ubylo mohutnosti i kr\u00e1sy. Ledop\u00e1dy se za\u010d\u00ednaj\u00ed kvapn\u011b p\u0159evt\u011blovat v\u00a0pouh\u00e1 torza. Je v\u00a0tom i cosi pou\u010dn\u00e9ho. Chceme-li zamrzl\u00e9 tvary odstranit lidskou silou, m\u00e1lokdy se to poda\u0159\u00ed. Kdy\u017e p\u0159ijde na sc\u00e9nu slun\u00ed\u010dko, d\u011bj\u00ed se z\u00e1zraky. Ledy taj\u00ed a vzduch za\u010d\u00edn\u00e1 von\u011bt po jaru.<\/p>\n<p style=\"text-align: justify;\"><a href=\"https:\/\/valasskemezirici.casd.cz\/?attachment_id=2776\" rel=\"attachment wp-att-2776\"><img loading=\"lazy\" decoding=\"async\" class=\"alignnone  wp-image-2776\" src=\"https:\/\/valasskemezirici.casd.cz\/wp-content\/uploads\/2017\/02\/DSCN1819-774x1024.jpg\" alt=\"\" width=\"619\" height=\"818\" srcset=\"https:\/\/valasskemezirici.casd.cz\/wp-content\/uploads\/2017\/02\/DSCN1819-774x1024.jpg 774w, https:\/\/valasskemezirici.casd.cz\/wp-content\/uploads\/2017\/02\/DSCN1819-227x300.jpg 227w, https:\/\/valasskemezirici.casd.cz\/wp-content\/uploads\/2017\/02\/DSCN1819-768x1016.jpg 768w, https:\/\/valasskemezirici.casd.cz\/wp-content\/uploads\/2017\/02\/DSCN1819.jpg 1210w\" sizes=\"auto, (max-width: 619px) 100vw, 619px\" \/><\/a><\/p>\n<p style=\"text-align: justify;\">Ve\u0161ker\u00e1 dvacetihlav\u00e1 pospolitost se pot\u00e9 p\u0159esunuje k\u00a0nedalek\u00e9mu skaln\u00edmu m\u011bstu. P\u0159ezd\u00edv\u00e1 se mu Izby. V\u00a0t\u011bchto p\u00edskovcov\u00fdch komnat\u00e1ch se v\u00a0sedmn\u00e1ct\u00e9m stolet\u00ed sch\u00e1zeli tehdej\u0161\u00ed totalitou pron\u00e1sledovan\u00ed\u00a0 evangel\u00edci. Nechodili sem, samoz\u0159ejm\u011b, na v\u00fdlet. P\u0159\u00edslu\u0161n\u00edci pob\u011blohorsk\u00e9 Jednoty bratrsk\u00e9 tu p\u0159ich\u00e1zeli naslouchat Bo\u017e\u00edmu slovu a p\u0159ij\u00edmat Ve\u010de\u0159i P\u00e1n\u011b. Samoz\u0159ejm\u011b tajn\u011b, v\u011bt\u0161inou v\u00a0noci. Napov\u00eddaj\u00ed tomu dosud dochovan\u00e9 n\u00e1zvy n\u011bkter\u00fdch m\u00edst \u010di skaln\u00edch \u00fatvar\u016f jako \u010ceskobratrsk\u00fd st\u016fl, Propadl\u00fd kostel, Kazatelna \u010di Bratrsk\u00fd sbor.<\/p>\n<p style=\"text-align: justify;\"><a href=\"https:\/\/valasskemezirici.casd.cz\/?attachment_id=2777\" rel=\"attachment wp-att-2777\"><img loading=\"lazy\" decoding=\"async\" class=\"alignnone  wp-image-2777\" src=\"https:\/\/valasskemezirici.casd.cz\/wp-content\/uploads\/2017\/02\/DSCN1836-1024x774.jpg\" alt=\"\" width=\"612\" height=\"462\" srcset=\"https:\/\/valasskemezirici.casd.cz\/wp-content\/uploads\/2017\/02\/DSCN1836-1024x774.jpg 1024w, https:\/\/valasskemezirici.casd.cz\/wp-content\/uploads\/2017\/02\/DSCN1836-300x227.jpg 300w, https:\/\/valasskemezirici.casd.cz\/wp-content\/uploads\/2017\/02\/DSCN1836-768x581.jpg 768w, https:\/\/valasskemezirici.casd.cz\/wp-content\/uploads\/2017\/02\/DSCN1836.jpg 1600w\" sizes=\"auto, (max-width: 612px) 100vw, 612px\" \/><\/a><\/p>\n<p style=\"text-align: justify;\">Co se to stalo, \u017ee potomci t\u011bch, kte\u0159\u00ed tu kdysi ve velk\u00e9m strachu zal\u00e9zali do sluj\u00ed, se pr\u00e1v\u011b v\u00a0t\u011bchto m\u00edstech sch\u00e1zej\u00ed s\u00a0potomky jejich pron\u00e1sledovatel\u016f? V\u011bhlasn\u00ed c\u00edrkevn\u00ed historici, jako\u017e i nejr\u016fzn\u011bj\u0161\u00ed odborn\u00edci na Bo\u017e\u00ed v\u016fli mohou doch\u00e1zet k\u00a0r\u016fzn\u00fdm odpov\u011bd\u00edm. Na jednom se mo\u017en\u00e1 p\u0159ece jenom shodnou. \u017de i na vala\u0161sk\u00e9 hory za\u010dalo dot\u00edrat jarn\u00ed slun\u00ed\u010dko. A ledy, jakkoli mocn\u00e9, za\u010daly rozt\u00e1vat.<\/p>\n<p style=\"text-align: justify;\">Jeden ze z\u00e1zrak\u016f duchovn\u00edho jara se pr\u00e1v\u011b odehr\u00e1v\u00e1 mezi chladn\u00fdmi pul\u010d\u00ednsk\u00fdmi st\u011bnami. \u0160vitorka hr\u00e1bne do strun a ozv\u011bna rozn\u00e1\u0161\u00ed do okol\u00ed nejn\u00e1dhern\u011bj\u0161\u00ed zpr\u00e1vu. Ovce, kter\u00e9 p\u0159esko\u010dily z\u00a0r\u016fzn\u00fdch ohr\u00e1dek, zp\u00edvaj\u00ed\u00a0 o darovan\u00e9 l\u00e1sce a o p\u0159\u00e1telstv\u00ed. A tak\u00e9 o spole\u010dn\u00e9 touze vstoupit do Bo\u017e\u00edch n\u00e1dvo\u0159\u00ed. O chv\u00e1len\u00ed svat\u00e9ho jm\u00e9na a p\u0159eb\u00fdv\u00e1n\u00ed v Jeho hlubin\u00e1ch\u2026<\/p>\n<p style=\"text-align: justify;\"><a href=\"https:\/\/valasskemezirici.casd.cz\/?attachment_id=2778\" rel=\"attachment wp-att-2778\"><img loading=\"lazy\" decoding=\"async\" class=\"alignnone  wp-image-2778\" src=\"https:\/\/valasskemezirici.casd.cz\/wp-content\/uploads\/2017\/02\/DSCN1829-1024x774.jpg\" alt=\"\" width=\"610\" height=\"461\" srcset=\"https:\/\/valasskemezirici.casd.cz\/wp-content\/uploads\/2017\/02\/DSCN1829-1024x774.jpg 1024w, https:\/\/valasskemezirici.casd.cz\/wp-content\/uploads\/2017\/02\/DSCN1829-300x227.jpg 300w, https:\/\/valasskemezirici.casd.cz\/wp-content\/uploads\/2017\/02\/DSCN1829-768x581.jpg 768w, https:\/\/valasskemezirici.casd.cz\/wp-content\/uploads\/2017\/02\/DSCN1829.jpg 1600w\" sizes=\"auto, (max-width: 610px) 100vw, 610px\" \/><\/a><\/p>\n<p style=\"text-align: justify;\">Dan otev\u00edr\u00e1 Knihu knih. Stejnou, kterou jeho prap\u0159edkov\u00e9 museli rafinovan\u011b ukr\u00fdvat. Ve skaln\u00edch sluj\u00edch je te\u010f po n\u011bkolika stalet\u00edch op\u011bt sly\u0161et Bo\u017e\u00ed zv\u011bst. Tentokr\u00e1t se jedn\u00e1 o p\u0159\u00edm\u00e1 Je\u017e\u00ed\u0161ova slova. O druh\u00e9 m\u00edli, o dobro\u0159e\u010den\u00ed pron\u00e1sledovatel\u016fm, dokonce o n\u011b\u010dem tak nep\u0159edstaviteln\u00e9m, jako je milov\u00e1n\u00ed nep\u0159\u00e1tel. Pr\u00e1v\u011b tady je mo\u017eno naj\u00edt platformu k\u00a0\u0159e\u0161en\u00ed prakticky v\u0161ech sv\u011btov\u00fdch probl\u00e9m\u016f. Poslucha\u010d si po takov\u00fdch slovech m\u016f\u017ee vysta\u010dit s\u00a0racion\u00e1ln\u00ed odpov\u011bd\u00ed, \u017ee je to jednodu\u0161e nemo\u017en\u00e9. Anebo tak\u00e9 odpov\u011bd\u011bt s\u00a0Mari\u00ed: \u201eSta\u0148 se podle v\u016fle P\u00e1n\u011b\u201c. Ve kter\u00e9m p\u0159\u00edpad\u011b lze asi doj\u00edt k\u00a0z\u00e1zraku?<\/p>\n<p style=\"text-align: justify;\"><a href=\"https:\/\/valasskemezirici.casd.cz\/?attachment_id=2779\" rel=\"attachment wp-att-2779\"><img loading=\"lazy\" decoding=\"async\" class=\"alignnone  wp-image-2779\" src=\"https:\/\/valasskemezirici.casd.cz\/wp-content\/uploads\/2017\/02\/DSCN1841-1024x774.jpg\" alt=\"\" width=\"618\" height=\"467\" srcset=\"https:\/\/valasskemezirici.casd.cz\/wp-content\/uploads\/2017\/02\/DSCN1841-1024x774.jpg 1024w, https:\/\/valasskemezirici.casd.cz\/wp-content\/uploads\/2017\/02\/DSCN1841-300x227.jpg 300w, https:\/\/valasskemezirici.casd.cz\/wp-content\/uploads\/2017\/02\/DSCN1841-768x581.jpg 768w, https:\/\/valasskemezirici.casd.cz\/wp-content\/uploads\/2017\/02\/DSCN1841.jpg 1600w\" sizes=\"auto, (max-width: 618px) 100vw, 618px\" \/><\/a><\/p>\n<p style=\"text-align: justify;\">Pul\u010d\u00ednsk\u00e9 sk\u00e1ly, navykl\u00e9 na romantick\u00e9 p\u00edsn\u011b tramp\u016f, jsou nuceny se op\u011bt zaposlouchat do d\u00e1vno zapomenut\u00e9ho \u017e\u00e1nru. O vyvy\u0161ov\u00e1n\u00ed zat\u00edm nep\u0159ekonan\u00e9ho jm\u00e9na. Nad t\u00edmto dnem, nad ka\u017ed\u00fdm \u010dlov\u011bkem, nade v\u0161\u00edm stvo\u0159en\u00edm. A tak\u00e9 odr\u00e1\u017eet k\u00a0nebi up\u0159\u00edmn\u011b vyslovovan\u00e1 slova d\u00edk\u016f, tich\u00fdch chval i pokorn\u00fdch proseb soust\u0159ed\u011bn\u00fdch modlitebn\u00edk\u016f.<\/p>\n<p style=\"text-align: justify;\"><a href=\"https:\/\/valasskemezirici.casd.cz\/?attachment_id=2780\" rel=\"attachment wp-att-2780\"><img loading=\"lazy\" decoding=\"async\" class=\"alignnone  wp-image-2780\" src=\"https:\/\/valasskemezirici.casd.cz\/wp-content\/uploads\/2017\/02\/DSCN1831-1024x774.jpg\" alt=\"\" width=\"625\" height=\"472\" srcset=\"https:\/\/valasskemezirici.casd.cz\/wp-content\/uploads\/2017\/02\/DSCN1831-1024x774.jpg 1024w, https:\/\/valasskemezirici.casd.cz\/wp-content\/uploads\/2017\/02\/DSCN1831-300x227.jpg 300w, https:\/\/valasskemezirici.casd.cz\/wp-content\/uploads\/2017\/02\/DSCN1831-768x581.jpg 768w, https:\/\/valasskemezirici.casd.cz\/wp-content\/uploads\/2017\/02\/DSCN1831.jpg 1600w\" sizes=\"auto, (max-width: 625px) 100vw, 625px\" \/><\/a><\/p>\n<p style=\"text-align: justify;\">Skaln\u00ed bohoslu\u017eba sou\u010dasn\u00fdch u\u010dedn\u00edk\u016f nem\u016f\u017ee kon\u010dit jinak ne\u017e modlitbou spole\u010dnou. Dr\u017e\u00edme se za ruce a jednohlasn\u011b vyzn\u00e1v\u00e1me tot\u00e9\u017e, co n\u011bkdej\u0161\u00ed Je\u017e\u00ed\u0161ovi nejbli\u017e\u0161\u00ed. Krom\u011b touhy po zaji\u0161t\u011bn\u00ed chleba vezdej\u0161\u00edho i p\u0159\u00e1n\u00ed, a\u0165 se stane podle Jeho v\u016fle. A a\u0165 n\u00e1m v\u0161em odpust\u00ed na\u0161e viny. Tak, jako jsme odpustili na\u0161im vin\u00edk\u016fm. V\u00a0t\u00e9to chv\u00edli a v tomto prost\u0159ed\u00ed to zn\u00ed naprosto autenticky.<\/p>\n<p style=\"text-align: justify;\"><a href=\"https:\/\/valasskemezirici.casd.cz\/?attachment_id=2781\" rel=\"attachment wp-att-2781\"><img loading=\"lazy\" decoding=\"async\" class=\"alignnone  wp-image-2781\" src=\"https:\/\/valasskemezirici.casd.cz\/wp-content\/uploads\/2017\/02\/DSCN1844-1024x774.jpg\" alt=\"\" width=\"632\" height=\"477\" srcset=\"https:\/\/valasskemezirici.casd.cz\/wp-content\/uploads\/2017\/02\/DSCN1844-1024x774.jpg 1024w, https:\/\/valasskemezirici.casd.cz\/wp-content\/uploads\/2017\/02\/DSCN1844-300x227.jpg 300w, https:\/\/valasskemezirici.casd.cz\/wp-content\/uploads\/2017\/02\/DSCN1844-768x581.jpg 768w, https:\/\/valasskemezirici.casd.cz\/wp-content\/uploads\/2017\/02\/DSCN1844.jpg 1600w\" sizes=\"auto, (max-width: 632px) 100vw, 632px\" \/><\/a><\/p>\n<p style=\"text-align: justify;\">Pomalu se \u0161e\u0159\u00ed. Extr\u00e9mn\u011b ak\u010dn\u00ed teta Iva si i na dne\u0161n\u00ed v\u00fdlet p\u0159ichystala sout\u011b\u017en\u00ed p\u0159ekvapen\u00ed. P\u0159ed\u010d\u00edt\u00e1 pr\u00e1vnickou mluvou p\u0159etlumo\u010den\u00e1 p\u0159\u00edslov\u00ed. Obecn\u00fd \u010dlov\u011bk se nesta\u010d\u00ed divit, jak ti \u0161kolen\u00ed advok\u00e1ti dok\u00e1\u017eou v\u011bci zamotat. Vr\u00e1tit jejich sd\u011blen\u00ed do roviny selsk\u00e9ho rozumu, to je d\u00e1t jim p\u016fvodn\u00ed zn\u011bn\u00ed, d\u00e1 ob\u010das i docela zabrat. Je to k\u00a0nev\u00ed\u0159e, ale ve\u0161ker\u00e9 zauzlovan\u00e9 v\u00fdplody odta\u017eit\u00fdch intelektu\u00e1l\u016f jsou nakonec \u00fasp\u011b\u0161n\u011b p\u0159etlumo\u010deny. \u00da\u010dastn\u00edci, bez ohledu na v\u00fdkon, v\u011bk, pohlav\u00ed, nato\u017e c\u00edrkevn\u00ed p\u0159\u00edslu\u0161nost jsou pot\u00e9 n\u00e1le\u017eit\u011b odm\u011bn\u011bni. N\u011b\u010d\u00edm sladk\u00fdm na zub a n\u011b\u010d\u00edm u\u017eite\u010dn\u00fdm pro \u017eivot.<\/p>\n<p style=\"text-align: justify;\"><a href=\"https:\/\/valasskemezirici.casd.cz\/?attachment_id=2782\" rel=\"attachment wp-att-2782\"><img loading=\"lazy\" decoding=\"async\" class=\"alignnone  wp-image-2782\" src=\"https:\/\/valasskemezirici.casd.cz\/wp-content\/uploads\/2017\/02\/DSCN1850-1024x774.jpg\" alt=\"\" width=\"627\" height=\"474\" srcset=\"https:\/\/valasskemezirici.casd.cz\/wp-content\/uploads\/2017\/02\/DSCN1850-1024x774.jpg 1024w, https:\/\/valasskemezirici.casd.cz\/wp-content\/uploads\/2017\/02\/DSCN1850-300x227.jpg 300w, https:\/\/valasskemezirici.casd.cz\/wp-content\/uploads\/2017\/02\/DSCN1850-768x581.jpg 768w, https:\/\/valasskemezirici.casd.cz\/wp-content\/uploads\/2017\/02\/DSCN1850.jpg 1600w\" sizes=\"auto, (max-width: 627px) 100vw, 627px\" \/><\/a> <a href=\"https:\/\/valasskemezirici.casd.cz\/?attachment_id=2783\" rel=\"attachment wp-att-2783\"><img loading=\"lazy\" decoding=\"async\" class=\"alignnone  wp-image-2783\" src=\"https:\/\/valasskemezirici.casd.cz\/wp-content\/uploads\/2017\/02\/DSCN1861-1024x774.jpg\" alt=\"\" width=\"630\" height=\"477\" srcset=\"https:\/\/valasskemezirici.casd.cz\/wp-content\/uploads\/2017\/02\/DSCN1861-1024x774.jpg 1024w, https:\/\/valasskemezirici.casd.cz\/wp-content\/uploads\/2017\/02\/DSCN1861-300x227.jpg 300w, https:\/\/valasskemezirici.casd.cz\/wp-content\/uploads\/2017\/02\/DSCN1861-768x581.jpg 768w, https:\/\/valasskemezirici.casd.cz\/wp-content\/uploads\/2017\/02\/DSCN1861.jpg 1600w\" sizes=\"auto, (max-width: 630px) 100vw, 630px\" \/><\/a><\/p>\n<p style=\"text-align: justify;\">Zp\u00e1te\u010dn\u00ed cesta kop\u00edruje \u010dervenou zna\u010dku k\u00a0Pul\u010d\u00ednu. D\u00edky vy\u010dn\u00edvaj\u00edc\u00edm ko\u0159en\u016fm, velk\u00fdm \u0161utr\u016fm a p\u0159edev\u0161\u00edm \u0161ikovn\u011b ukryt\u00fdm ledov\u00fdm zbytk\u016fm se v\u00a0n\u011bkter\u00fdch p\u0159\u00edpadech jedn\u00e1 o z\u00e1le\u017eitost p\u0159en\u00e1ramn\u011b nap\u00ednavou. Jist\u00fd Pavel to jist\u00ed sklouznut\u00edm na pozad\u00ed, jin\u00ed p\u0159i p\u0159ekon\u00e1v\u00e1n\u00ed atraktivn\u00edch pas\u00e1\u017e\u00ed zam\u011bstn\u00e1vaj\u00ed ve\u0161ker\u00e9 kon\u010detiny, dal\u0161\u00ed vol\u00ed vz\u00e1jemnou spolupr\u00e1ci. D\u016fle\u017eit\u00e1 je skute\u010dnost, \u017ee i fin\u00e1lov\u00e1 \u010d\u00e1st v\u00fd\u0161lapu se odehr\u00e1v\u00e1 bez v\u00fdrazn\u011bj\u0161\u00edch ztr\u00e1t na zdrav\u00ed a hlavn\u011b n\u00e1lad\u011b putuj\u00edc\u00edch.<\/p>\n<p style=\"text-align: justify;\"><a href=\"https:\/\/valasskemezirici.casd.cz\/?attachment_id=2784\" rel=\"attachment wp-att-2784\"><img loading=\"lazy\" decoding=\"async\" class=\"alignnone  wp-image-2784\" src=\"https:\/\/valasskemezirici.casd.cz\/wp-content\/uploads\/2017\/02\/DSCN1876-1024x774.jpg\" alt=\"\" width=\"610\" height=\"461\" srcset=\"https:\/\/valasskemezirici.casd.cz\/wp-content\/uploads\/2017\/02\/DSCN1876-1024x774.jpg 1024w, https:\/\/valasskemezirici.casd.cz\/wp-content\/uploads\/2017\/02\/DSCN1876-300x227.jpg 300w, https:\/\/valasskemezirici.casd.cz\/wp-content\/uploads\/2017\/02\/DSCN1876-768x581.jpg 768w, https:\/\/valasskemezirici.casd.cz\/wp-content\/uploads\/2017\/02\/DSCN1876.jpg 1600w\" sizes=\"auto, (max-width: 610px) 100vw, 610px\" \/><\/a><\/p>\n<p style=\"text-align: justify;\">V\u00a0doprovodu \u0160vitorky zdol\u00e1v\u00e1me posledn\u00ed ledov\u00e9 stoup\u00e1n\u00ed. Z\u00a0jejich \u0161vito\u0159iv\u00fdch \u00fast se k\u00a0tmavnouc\u00ed obloze vzn\u00e1\u0161\u00ed polohlasn\u00e1 modlitba. Za pochodu d\u011bkuje \u0161t\u011bdr\u00e9mu nebi za ne\u010dekan\u011b kr\u00e1sn\u00e9 po\u010das\u00ed. Za tolik n\u00e1dhern\u00fdch lid\u00ed, kte\u0159\u00ed se z\u00fa\u010dastnili. Za Dana a jeho nezapomenutelnou promluvu. A hlavn\u011b za z\u0159etelnou p\u0159\u00edtomnost Toho, kter\u00e9ho jsme na v\u00fd\u0161lap pozvali.<\/p>\n<p style=\"text-align: justify;\">Z\u00e1padn\u00ed obzor avizuje z\u00e1v\u011br nev\u0161edn\u00edho dne. Posledn\u00ed paprsky lou\u010d\u00edc\u00edho se slunce vyb\u00edz\u00ed ke zti\u0161en\u00ed. Jedna z\u00a0nejstar\u0161\u00edch \u00fa\u010dastnic dne\u0161n\u00edho v\u00fdletu se zasn\u011bn\u011b d\u00edv\u00e1 k\u00a0d\u00e1lav\u00e1m a polo\u0161eptem recituje poetick\u00e9, v\u00a0du\u0161i ulo\u017een\u00e9 vyzn\u00e1n\u00ed jednoho z\u00a0nejzn\u00e1m\u011bj\u0161\u00edch \u010desk\u00fdch b\u00e1sn\u00edk\u016f. O zemi kr\u00e1sn\u00e9, zemi milovan\u00e9. Nem\u00e1me d\u016fvod se\u00a0k\u00a0n\u00ed v duchu nep\u0159ipojit.<\/p>\n<p style=\"text-align: justify;\"><a href=\"https:\/\/valasskemezirici.casd.cz\/?attachment_id=2785\" rel=\"attachment wp-att-2785\"><img loading=\"lazy\" decoding=\"async\" class=\"alignnone  wp-image-2785\" src=\"https:\/\/valasskemezirici.casd.cz\/wp-content\/uploads\/2017\/02\/DSCN1891-1024x774.jpg\" alt=\"\" width=\"607\" height=\"459\" srcset=\"https:\/\/valasskemezirici.casd.cz\/wp-content\/uploads\/2017\/02\/DSCN1891-1024x774.jpg 1024w, https:\/\/valasskemezirici.casd.cz\/wp-content\/uploads\/2017\/02\/DSCN1891-300x227.jpg 300w, https:\/\/valasskemezirici.casd.cz\/wp-content\/uploads\/2017\/02\/DSCN1891-768x581.jpg 768w, https:\/\/valasskemezirici.casd.cz\/wp-content\/uploads\/2017\/02\/DSCN1891.jpg 1600w\" sizes=\"auto, (max-width: 607px) 100vw, 607px\" \/><\/a><\/p>\n<p style=\"text-align: justify;\"><a href=\"https:\/\/valasskemezirici.casd.cz\/?attachment_id=2786\" rel=\"attachment wp-att-2786\"><img loading=\"lazy\" decoding=\"async\" class=\"alignnone  wp-image-2786\" src=\"https:\/\/valasskemezirici.casd.cz\/wp-content\/uploads\/2017\/02\/DSCN5209-1024x768.jpg\" alt=\"\" width=\"609\" height=\"457\" srcset=\"https:\/\/valasskemezirici.casd.cz\/wp-content\/uploads\/2017\/02\/DSCN5209-1024x768.jpg 1024w, https:\/\/valasskemezirici.casd.cz\/wp-content\/uploads\/2017\/02\/DSCN5209-300x225.jpg 300w, https:\/\/valasskemezirici.casd.cz\/wp-content\/uploads\/2017\/02\/DSCN5209-768x576.jpg 768w\" sizes=\"auto, (max-width: 609px) 100vw, 609px\" \/><\/a><\/p>\n<p style=\"text-align: justify;\">Mineme novou 100dolu na pul\u010d\u00ednsk\u00e9 Stodoln\u00ed ulici a za chv\u00edli u\u017e vplujeme do post\u00e1vaj\u00edc\u00edho davu p\u0159ed Williho trampskou hospodou. N\u011bkte\u0159\u00ed by je\u0161t\u011b posed\u011bli, v\u011bt\u0161inu to v\u0161ak l\u00e1k\u00e1 k\u00a0opu\u0161t\u011bn\u00fdm dom\u00e1c\u00edm krb\u016fm. A\u0165 tak \u010di tak, prvn\u00ed ekuv\u00fd\u0161lap leto\u0161n\u00edho roku se za\u010d\u00edn\u00e1 vr\u00fdvat do pam\u011bti. A pokud se n\u011bkomu vryje i pod k\u016f\u017ei, o \u00fa\u010dastn\u00edky p\u0159\u00ed\u0161t\u00edho v\u00fdletu je p\u0159edem postar\u00e1no.<\/p>\n<p style=\"text-align: justify;\"><a href=\"https:\/\/valasskemezirici.casd.cz\/?attachment_id=2787\" rel=\"attachment wp-att-2787\"><img loading=\"lazy\" decoding=\"async\" class=\"alignnone  wp-image-2787\" src=\"https:\/\/valasskemezirici.casd.cz\/wp-content\/uploads\/2017\/02\/DSCN1897-1024x774.jpg\" alt=\"\" width=\"610\" height=\"461\" srcset=\"https:\/\/valasskemezirici.casd.cz\/wp-content\/uploads\/2017\/02\/DSCN1897-1024x774.jpg 1024w, https:\/\/valasskemezirici.casd.cz\/wp-content\/uploads\/2017\/02\/DSCN1897-300x227.jpg 300w, https:\/\/valasskemezirici.casd.cz\/wp-content\/uploads\/2017\/02\/DSCN1897-768x581.jpg 768w, https:\/\/valasskemezirici.casd.cz\/wp-content\/uploads\/2017\/02\/DSCN1897.jpg 1600w\" sizes=\"auto, (max-width: 610px) 100vw, 610px\" \/><\/a><\/p>\n<p style=\"text-align: justify;\">Hlavn\u011b v\u0161ak, jak stoj\u00ed ps\u00e1no, sta\u0148 se podle v\u016fle P\u00e1n\u011b! A kdy\u017e je dnes v\u00fdro\u010d\u00ed V\u00edt\u011bzn\u00e9ho \u00fanora, dodejme se soudruhy, A NIKDY JINAK!! Amen!!!<\/p>\n<p style=\"text-align: justify;\"><a href=\"https:\/\/valasskemezirici.casd.cz\/?attachment_id=2788\" rel=\"attachment wp-att-2788\"><img loading=\"lazy\" decoding=\"async\" class=\"alignnone  wp-image-2788\" src=\"https:\/\/valasskemezirici.casd.cz\/wp-content\/uploads\/2017\/02\/DSCN1911-1024x774.jpg\" alt=\"\" width=\"610\" height=\"461\" srcset=\"https:\/\/valasskemezirici.casd.cz\/wp-content\/uploads\/2017\/02\/DSCN1911-1024x774.jpg 1024w, https:\/\/valasskemezirici.casd.cz\/wp-content\/uploads\/2017\/02\/DSCN1911-300x227.jpg 300w, https:\/\/valasskemezirici.casd.cz\/wp-content\/uploads\/2017\/02\/DSCN1911-768x581.jpg 768w, https:\/\/valasskemezirici.casd.cz\/wp-content\/uploads\/2017\/02\/DSCN1911.jpg 1600w\" sizes=\"auto, (max-width: 610px) 100vw, 610px\" \/><\/a><\/p>\n","protected":false},"excerpt":{"rendered":"<p>P\u011btadvac\u00e1t\u00fd \u00fanor je n\u011bkter\u00fdm z\u00a0n\u00e1s pov\u011bdom\u00fd. Kolem tohoto data se v\u00a0ulic\u00edch t\u0159epotaly\u00a0 rud\u00e9 vlajky, sv\u00edtily stejn\u011b zbarven\u00e9 hv\u011bzdy a opr\u00fdskan\u00e9 fas\u00e1dy zdobila duchapln\u00e1 hesla o kone\u010dn\u00e9m v\u00edt\u011bzstv\u00ed pracuj\u00edc\u00edho lidu. Vset\u00ednsk\u00e9mu n\u00e1m\u011bst\u00ed v\u00e9vodil Kl\u00e9ma Gottwald osv\u00edcen\u00fd s h\u016fry. Tedy, z\u00a0p\u016fdy vedle stoj\u00edc\u00ed Pan\u010davy. Zd\u00e1lo se, \u017ee Den zn\u00e1rodn\u011bn\u00ed je nepohnuteln\u00fd a jeho d\u016fsledky p\u0159edem dan\u00e9. Samoz\u0159ejm\u011b, [&hellip;]<\/p>\n","protected":false},"author":1,"featured_media":0,"comment_status":"closed","ping_status":"open","sticky":false,"template":"","format":"standard","meta":{"ngg_post_thumbnail":0,"footnotes":""},"categories":[1],"tags":[],"class_list":["post-2753","post","type-post","status-publish","format-standard","hentry","category-nezarazene"],"_links":{"self":[{"href":"https:\/\/valasskemezirici.casd.cz\/index.php?rest_route=\/wp\/v2\/posts\/2753","targetHints":{"allow":["GET"]}}],"collection":[{"href":"https:\/\/valasskemezirici.casd.cz\/index.php?rest_route=\/wp\/v2\/posts"}],"about":[{"href":"https:\/\/valasskemezirici.casd.cz\/index.php?rest_route=\/wp\/v2\/types\/post"}],"author":[{"embeddable":true,"href":"https:\/\/valasskemezirici.casd.cz\/index.php?rest_route=\/wp\/v2\/users\/1"}],"replies":[{"embeddable":true,"href":"https:\/\/valasskemezirici.casd.cz\/index.php?rest_route=%2Fwp%2Fv2%2Fcomments&post=2753"}],"version-history":[{"count":1,"href":"https:\/\/valasskemezirici.casd.cz\/index.php?rest_route=\/wp\/v2\/posts\/2753\/revisions"}],"predecessor-version":[{"id":2789,"href":"https:\/\/valasskemezirici.casd.cz\/index.php?rest_route=\/wp\/v2\/posts\/2753\/revisions\/2789"}],"wp:attachment":[{"href":"https:\/\/valasskemezirici.casd.cz\/index.php?rest_route=%2Fwp%2Fv2%2Fmedia&parent=2753"}],"wp:term":[{"taxonomy":"category","embeddable":true,"href":"https:\/\/valasskemezirici.casd.cz\/index.php?rest_route=%2Fwp%2Fv2%2Fcategories&post=2753"},{"taxonomy":"post_tag","embeddable":true,"href":"https:\/\/valasskemezirici.casd.cz\/index.php?rest_route=%2Fwp%2Fv2%2Ftags&post=2753"}],"curies":[{"name":"wp","href":"https:\/\/api.w.org\/{rel}","templated":true}]}}