{"id":3463,"date":"2017-08-08T19:47:31","date_gmt":"2017-08-08T17:47:31","guid":{"rendered":"http:\/\/valasskemezirici.casd.cz\/?p=3463"},"modified":"2017-08-08T19:47:31","modified_gmt":"2017-08-08T17:47:31","slug":"sobota-5-8-2017","status":"publish","type":"post","link":"https:\/\/valasskemezirici.casd.cz\/?p=3463","title":{"rendered":"Sobota 5.8.2017"},"content":{"rendered":"<p style=\"text-align: justify;\">Tropick\u00e9 teploty, sucho, nedostatek vody &#8211; extr\u00e9my pro na\u0161i zemi nezvykl\u00e9. I to je skute\u010dnost posledn\u00edch dn\u016f. P\u0159esn\u011b v souladu s P\u00edsmem. Op\u011bt jsme se dnes se\u0161li, abychom otev\u0159eli Knihu knih a studovali Bo\u017e\u00ed slovo.<\/p>\n<p style=\"text-align: justify;\">Sobotn\u00ed \u0161kolou n\u00e1s provedl Petr Ch\u00e1ra. Zam\u00fd\u0161leli jsme se nad platnost\u00ed Bo\u017e\u00edch slib\u016f. Ka\u017ed\u00fd z n\u00e1s se n\u011bkdy ocitl v situaci, kdy byl sou\u010d\u00e1st\u00ed nespln\u011bn\u00e9ho slibu. Bu\u010f jsme my sami slib nedodr\u017eeli, nebo jej nedodr\u017eel n\u011bkdo, kdo n\u011bco sl\u00edbil n\u00e1m.Bo\u017e\u00ed zasl\u00edben\u00ed jsou zcela jin\u00e9ho druhu. Bo\u017e\u00ed slovo je jist\u00e9 a nem\u011bnn\u00e9. &#8222;Jak jsem sl\u00edbil, tak to uskute\u010dn\u00edm, jak jsem si p\u0159edsevzal, tak to spln\u00edm.&#8220; (Iz 46,11.)<\/p>\n<p style=\"text-align: justify;\">Bo\u017e\u00ed smlouva s Abrahamem byla zalo\u017eena v\u00fdhradn\u011b na Bo\u017e\u00ed v\u016fli a Bo\u017e\u00edm jedn\u00e1n\u00ed. Neobsahovala \u017e\u00e1dn\u00e9 &#8222;pokud&#8220; ani &#8222;ale&#8220;. Abraham m\u011bl jednodu\u0161e vz\u00edt Boha za slovo a o\u010dek\u00e1vat spln\u011bn\u00ed Jeho slib\u016f. To, co B\u016fh sl\u00edbil Abrahamovi a jeho potomk\u016fm, je pevn\u011b d\u00e1no, n\u00e1sledn\u00e9 zm\u011bny jsou vylou\u010deny.<\/p>\n<p style=\"text-align: justify;\">Z u\u010den\u00ed apo\u0161tola Pavla by se mohlo zd\u00e1t, \u017ee vyvy\u0161uje v\u00edru na \u00fakor z\u00e1kona. To naprosto ne. Naopak v\u00edra, kterou hl\u00e1s\u00e1, z\u00e1kon potvrzuje. V\u00edra s sebou p\u0159in\u00e1\u0161\u00ed bezv\u00fdhradnou ochotu jednat v souladu s Bo\u017e\u00ed v\u016fl\u00ed a \u017e\u00edt \u017eivotem poslu\u0161nosti jeho z\u00e1konu. Pavel pod\u0159izuje z\u00e1kon Bo\u017e\u00edmu zasl\u00edben\u00ed a stav\u00ed jej do &#8222;pomocn\u00e9&#8220; role v Bo\u017e\u00edmpl\u00e1nu sp\u00e1sy. Z\u00e1kon bude poukazovat na h\u0159\u00edch, dokud bude h\u0159\u00edch existovat.<\/p>\n<p><a href=\"https:\/\/valasskemezirici.casd.cz\/?attachment_id=3464\" rel=\"attachment wp-att-3464\"><img loading=\"lazy\" decoding=\"async\" class=\"alignnone  wp-image-3464\" src=\"https:\/\/valasskemezirici.casd.cz\/wp-content\/uploads\/2017\/08\/DSCN7358.jpg\" alt=\"\" width=\"611\" height=\"459\" srcset=\"https:\/\/valasskemezirici.casd.cz\/wp-content\/uploads\/2017\/08\/DSCN7358.jpg 5152w, https:\/\/valasskemezirici.casd.cz\/wp-content\/uploads\/2017\/08\/DSCN7358-300x225.jpg 300w, https:\/\/valasskemezirici.casd.cz\/wp-content\/uploads\/2017\/08\/DSCN7358-768x576.jpg 768w, https:\/\/valasskemezirici.casd.cz\/wp-content\/uploads\/2017\/08\/DSCN7358-1024x768.jpg 1024w\" sizes=\"auto, (max-width: 611px) 100vw, 611px\" \/><\/a><\/p>\n<p style=\"text-align: justify;\">Slov\u00ed\u010dko p\u0159ed k\u00e1z\u00e1n\u00edm Ivy Bure\u0161ov\u00e9 bylo ovlivn\u011bno p\u0159\u00edtomnost\u00ed nov\u00e9ho \u010dlena adventn\u00ed rodiny &#8211; \u010divavy Ha\u010dik\u00f3. Na p\u0159\u00edb\u011bhu dvou ps\u016f, kte\u0159\u00ed se dostali do zrcadlov\u00e9ho s\u00e1lu, jsme si p\u0159ipomn\u011bli, \u017ee to co &#8222;vys\u00edl\u00e1me&#8220;, se n\u00e1m i vrac\u00ed. Na vr\u010d\u00edc\u00edho psa jeho odrazy v zrcadle vr\u010dely, na vesel\u00e9ho a vrt\u00edc\u00edho oc\u00e1skem se &#8222;usm\u00edvaly&#8220; i odrazy. N\u00e1\u0161 P\u00e1n chce, abychom byli radostn\u00ed a plni l\u00e1sky. Abychom si v\u00e1\u017eili sebe i druh\u00fdch, milovali sebe i druh\u00e9 a l\u00e1sku rozd\u00e1vali d\u00e1l.<\/p>\n<p style=\"text-align: justify;\">K\u00e1z\u00e1n\u00edm n\u00e1m poslou\u017eila sestra Ludmila Obadalov\u00e1.&nbsp; P\u0159ipomn\u011bli jsme si n\u011bkolik p\u0159\u00edb\u011bh\u016f z Bible ukazuj\u00edc\u00ed necht\u011bnou cestu hlavn\u00edch postav z domova a jak\u00e9 pro n\u011b m\u011bla cesta d\u016fsledky. P\u0159epis najdete v archivu k\u00e1z\u00e1n\u00ed.<\/p>\n<p style=\"text-align: justify;\"><a href=\"https:\/\/valasskemezirici.casd.cz\/?attachment_id=3465\" rel=\"attachment wp-att-3465\"><img loading=\"lazy\" decoding=\"async\" class=\"alignnone  wp-image-3465\" src=\"https:\/\/valasskemezirici.casd.cz\/wp-content\/uploads\/2017\/08\/DSCN7362.jpg\" alt=\"\" width=\"621\" height=\"828\" srcset=\"https:\/\/valasskemezirici.casd.cz\/wp-content\/uploads\/2017\/08\/DSCN7362.jpg 1704w, https:\/\/valasskemezirici.casd.cz\/wp-content\/uploads\/2017\/08\/DSCN7362-225x300.jpg 225w, https:\/\/valasskemezirici.casd.cz\/wp-content\/uploads\/2017\/08\/DSCN7362-768x1024.jpg 768w\" sizes=\"auto, (max-width: 621px) 100vw, 621px\" \/><\/a> <a href=\"https:\/\/valasskemezirici.casd.cz\/?attachment_id=3466\" rel=\"attachment wp-att-3466\"><img loading=\"lazy\" decoding=\"async\" class=\"alignnone  wp-image-3466\" src=\"https:\/\/valasskemezirici.casd.cz\/wp-content\/uploads\/2017\/08\/DSCN7363.jpg\" alt=\"\" width=\"621\" height=\"466\" srcset=\"https:\/\/valasskemezirici.casd.cz\/wp-content\/uploads\/2017\/08\/DSCN7363.jpg 2272w, https:\/\/valasskemezirici.casd.cz\/wp-content\/uploads\/2017\/08\/DSCN7363-300x225.jpg 300w, https:\/\/valasskemezirici.casd.cz\/wp-content\/uploads\/2017\/08\/DSCN7363-768x576.jpg 768w, https:\/\/valasskemezirici.casd.cz\/wp-content\/uploads\/2017\/08\/DSCN7363-1024x768.jpg 1024w\" sizes=\"auto, (max-width: 621px) 100vw, 621px\" \/><\/a> <a href=\"https:\/\/valasskemezirici.casd.cz\/?attachment_id=3467\" rel=\"attachment wp-att-3467\"><img loading=\"lazy\" decoding=\"async\" class=\"alignnone  wp-image-3467\" src=\"https:\/\/valasskemezirici.casd.cz\/wp-content\/uploads\/2017\/08\/DSCN7364.jpg\" alt=\"\" width=\"621\" height=\"828\" srcset=\"https:\/\/valasskemezirici.casd.cz\/wp-content\/uploads\/2017\/08\/DSCN7364.jpg 1704w, https:\/\/valasskemezirici.casd.cz\/wp-content\/uploads\/2017\/08\/DSCN7364-225x300.jpg 225w, https:\/\/valasskemezirici.casd.cz\/wp-content\/uploads\/2017\/08\/DSCN7364-768x1024.jpg 768w\" sizes=\"auto, (max-width: 621px) 100vw, 621px\" \/><\/a> <a href=\"https:\/\/valasskemezirici.casd.cz\/?attachment_id=3468\" rel=\"attachment wp-att-3468\"><img loading=\"lazy\" decoding=\"async\" class=\"alignnone  wp-image-3468\" src=\"https:\/\/valasskemezirici.casd.cz\/wp-content\/uploads\/2017\/08\/DSCN7367.jpg\" alt=\"\" width=\"622\" height=\"466\" srcset=\"https:\/\/valasskemezirici.casd.cz\/wp-content\/uploads\/2017\/08\/DSCN7367.jpg 2272w, https:\/\/valasskemezirici.casd.cz\/wp-content\/uploads\/2017\/08\/DSCN7367-300x225.jpg 300w, https:\/\/valasskemezirici.casd.cz\/wp-content\/uploads\/2017\/08\/DSCN7367-768x576.jpg 768w, https:\/\/valasskemezirici.casd.cz\/wp-content\/uploads\/2017\/08\/DSCN7367-1024x768.jpg 1024w\" sizes=\"auto, (max-width: 622px) 100vw, 622px\" \/><\/a> <a href=\"https:\/\/valasskemezirici.casd.cz\/?attachment_id=3469\" rel=\"attachment wp-att-3469\"><img loading=\"lazy\" decoding=\"async\" class=\"alignnone  wp-image-3469\" src=\"https:\/\/valasskemezirici.casd.cz\/wp-content\/uploads\/2017\/08\/DSCN7369.jpg\" alt=\"\" width=\"620\" height=\"465\" srcset=\"https:\/\/valasskemezirici.casd.cz\/wp-content\/uploads\/2017\/08\/DSCN7369.jpg 2272w, https:\/\/valasskemezirici.casd.cz\/wp-content\/uploads\/2017\/08\/DSCN7369-300x225.jpg 300w, https:\/\/valasskemezirici.casd.cz\/wp-content\/uploads\/2017\/08\/DSCN7369-768x576.jpg 768w, https:\/\/valasskemezirici.casd.cz\/wp-content\/uploads\/2017\/08\/DSCN7369-1024x768.jpg 1024w\" sizes=\"auto, (max-width: 620px) 100vw, 620px\" \/><\/a><\/p>\n","protected":false},"excerpt":{"rendered":"<p>Tropick\u00e9 teploty, sucho, nedostatek vody &#8211; extr\u00e9my pro na\u0161i zemi nezvykl\u00e9. I to je skute\u010dnost posledn\u00edch dn\u016f. P\u0159esn\u011b v souladu s P\u00edsmem. Op\u011bt jsme se dnes se\u0161li, abychom otev\u0159eli Knihu knih a studovali Bo\u017e\u00ed slovo. Sobotn\u00ed \u0161kolou n\u00e1s provedl Petr Ch\u00e1ra. Zam\u00fd\u0161leli jsme se nad platnost\u00ed Bo\u017e\u00edch slib\u016f. Ka\u017ed\u00fd z n\u00e1s se n\u011bkdy ocitl v [&hellip;]<\/p>\n","protected":false},"author":1,"featured_media":0,"comment_status":"closed","ping_status":"open","sticky":false,"template":"","format":"standard","meta":{"ngg_post_thumbnail":0,"footnotes":""},"categories":[1],"tags":[],"class_list":["post-3463","post","type-post","status-publish","format-standard","hentry","category-nezarazene"],"_links":{"self":[{"href":"https:\/\/valasskemezirici.casd.cz\/index.php?rest_route=\/wp\/v2\/posts\/3463","targetHints":{"allow":["GET"]}}],"collection":[{"href":"https:\/\/valasskemezirici.casd.cz\/index.php?rest_route=\/wp\/v2\/posts"}],"about":[{"href":"https:\/\/valasskemezirici.casd.cz\/index.php?rest_route=\/wp\/v2\/types\/post"}],"author":[{"embeddable":true,"href":"https:\/\/valasskemezirici.casd.cz\/index.php?rest_route=\/wp\/v2\/users\/1"}],"replies":[{"embeddable":true,"href":"https:\/\/valasskemezirici.casd.cz\/index.php?rest_route=%2Fwp%2Fv2%2Fcomments&post=3463"}],"version-history":[{"count":1,"href":"https:\/\/valasskemezirici.casd.cz\/index.php?rest_route=\/wp\/v2\/posts\/3463\/revisions"}],"predecessor-version":[{"id":3470,"href":"https:\/\/valasskemezirici.casd.cz\/index.php?rest_route=\/wp\/v2\/posts\/3463\/revisions\/3470"}],"wp:attachment":[{"href":"https:\/\/valasskemezirici.casd.cz\/index.php?rest_route=%2Fwp%2Fv2%2Fmedia&parent=3463"}],"wp:term":[{"taxonomy":"category","embeddable":true,"href":"https:\/\/valasskemezirici.casd.cz\/index.php?rest_route=%2Fwp%2Fv2%2Fcategories&post=3463"},{"taxonomy":"post_tag","embeddable":true,"href":"https:\/\/valasskemezirici.casd.cz\/index.php?rest_route=%2Fwp%2Fv2%2Ftags&post=3463"}],"curies":[{"name":"wp","href":"https:\/\/api.w.org\/{rel}","templated":true}]}}