{"id":3475,"date":"2017-08-15T19:45:03","date_gmt":"2017-08-15T17:45:03","guid":{"rendered":"http:\/\/valasskemezirici.casd.cz\/?p=3475"},"modified":"2017-08-15T19:45:03","modified_gmt":"2017-08-15T17:45:03","slug":"sobota-12-8-2017","status":"publish","type":"post","link":"https:\/\/valasskemezirici.casd.cz\/?p=3475","title":{"rendered":"Sobota 12.8.2017"},"content":{"rendered":"<p style=\"text-align: justify;\">\u017de je \u010das dovolen\u00fdch v pln\u00e9m proudu bylo vid\u011bt dnes na zapln\u011bnosti modlitebny. P\u0159ejeme v\u0161em bratr\u016fm a sestr\u00e1m, kte\u0159\u00ed se z\u00fa\u010dastn\u00ed bohoslu\u017eby v jin\u00fdch m\u00edstech Bo\u017e\u00ed po\u017eehn\u00e1n\u00ed.<\/p>\n<p style=\"text-align: justify;\">Dopoledn\u00edm programem n\u00e1s provedl Petr Ch\u00e1ra. \u00dakol sobotn\u00ed \u0161koly s n\u00e1mi probral Bohumil Mro\u010dek. T\u00e9matem byla Cesta k v\u00ed\u0159e. V n\u00e1vaznosti na minulou sobotu jsme se zam\u00fd\u0161leli i dnes nad z\u00e1konem a zasl\u00edben\u00edm spasen\u00ed, kter\u00e9 maj\u00ed v Bo\u017e\u00edm pl\u00e1nu spasen\u00ed rozd\u00edln\u00e9 funkce. Z\u00e1kon \u0159\u00edk\u00e1, jak m\u00e1 vypadat \u017eivot t\u011bch, kte\u0159\u00ed dodr\u017euj\u00ed Bo\u017e\u00ed smlouvu. My\u0161lenka staroz\u00e1konn\u00edch v\u011b\u0159\u00edc\u00edch, \u017ee z\u00e1kon je zdrojem osobn\u00edho vztahu s Bohem, je nespr\u00e1vn\u00e1. Z\u00e1kon nem\u016f\u017ee nikoho duchovn\u011b o\u017eivit. Zasl\u00edben\u00ed v\u011b\u010dn\u00e9ho \u017eivota m\u016f\u017eeme p\u0159ijmout pouze prost\u0159ednictv\u00edm d\u00edla, kter\u00e9 pro n\u00e1s vykonal Kristus d\u00edky sv\u00e9 v\u011brnosti. Snahou dodr\u017eovat z\u00e1kon bez Krista, nem\u016f\u017eeme b\u00fdt ospravedln\u011bni a nem\u016f\u017eeme z\u00edskat v\u011b\u010dn\u00fd \u017eivot.<\/p>\n<p style=\"text-align: justify;\">Z\u00e1kon ovliv\u0148oval a ovliv\u0148uje chov\u00e1n\u00ed v\u011b\u0159\u00edc\u00edch, chr\u00e1n\u00ed p\u0159ed nemor\u00e1lnostmi a chybami. Byl n\u00e1m d\u00e1n, aby poukazoval na h\u0159\u00edch a p\u0159n\u00e1\u0161el pou\u010den\u00ed. Vede n\u00e1s k uv\u011bdom\u011bn\u00ed si toho, \u017ee pot\u0159ebujeme Zachr\u00e1nce &#8211; Krista. &#8222;Z\u00e1kazy z\u00e1kona jsou toti\u017e z\u00e1rukou \u0161t\u011bst\u00ed vych\u00e1zej\u00edc\u00edho z poslu\u0161nosti. Kdy\u017e je p\u0159ij\u00edm\u00e1me v Kristu, p\u016fsob\u00ed v n\u00e1s o\u010di\u0161t\u011bn\u00ed charakteru. To n\u00e1m p\u0159inese v\u011b\u010dnou radost. Pro poslu\u0161n\u00e9 se z\u00e1kon st\u00e1v\u00e1 ochrannou zd\u00ed.&#8220;<\/p>\n<p><a href=\"https:\/\/valasskemezirici.casd.cz\/?attachment_id=3476\" rel=\"attachment wp-att-3476\"><img loading=\"lazy\" decoding=\"async\" class=\"alignnone  wp-image-3476\" src=\"https:\/\/valasskemezirici.casd.cz\/wp-content\/uploads\/2017\/08\/DSCN7398.jpg\" alt=\"\" width=\"607\" height=\"455\" srcset=\"https:\/\/valasskemezirici.casd.cz\/wp-content\/uploads\/2017\/08\/DSCN7398.jpg 2272w, https:\/\/valasskemezirici.casd.cz\/wp-content\/uploads\/2017\/08\/DSCN7398-300x225.jpg 300w, https:\/\/valasskemezirici.casd.cz\/wp-content\/uploads\/2017\/08\/DSCN7398-768x576.jpg 768w, https:\/\/valasskemezirici.casd.cz\/wp-content\/uploads\/2017\/08\/DSCN7398-1024x768.jpg 1024w\" sizes=\"auto, (max-width: 607px) 100vw, 607px\" \/><\/a><\/p>\n<p><a href=\"https:\/\/valasskemezirici.casd.cz\/?attachment_id=3477\" rel=\"attachment wp-att-3477\"><img loading=\"lazy\" decoding=\"async\" class=\"alignnone  wp-image-3477\" src=\"https:\/\/valasskemezirici.casd.cz\/wp-content\/uploads\/2017\/08\/DSCN7396.jpg\" alt=\"\" width=\"608\" height=\"810\" srcset=\"https:\/\/valasskemezirici.casd.cz\/wp-content\/uploads\/2017\/08\/DSCN7396.jpg 1704w, https:\/\/valasskemezirici.casd.cz\/wp-content\/uploads\/2017\/08\/DSCN7396-225x300.jpg 225w, https:\/\/valasskemezirici.casd.cz\/wp-content\/uploads\/2017\/08\/DSCN7396-768x1024.jpg 768w\" sizes=\"auto, (max-width: 608px) 100vw, 608px\" \/><\/a> <a href=\"https:\/\/valasskemezirici.casd.cz\/?attachment_id=3478\" rel=\"attachment wp-att-3478\"><img loading=\"lazy\" decoding=\"async\" class=\"alignnone  wp-image-3478\" src=\"https:\/\/valasskemezirici.casd.cz\/wp-content\/uploads\/2017\/08\/DSCN7397.jpg\" alt=\"\" width=\"605\" height=\"454\" srcset=\"https:\/\/valasskemezirici.casd.cz\/wp-content\/uploads\/2017\/08\/DSCN7397.jpg 2272w, https:\/\/valasskemezirici.casd.cz\/wp-content\/uploads\/2017\/08\/DSCN7397-300x225.jpg 300w, https:\/\/valasskemezirici.casd.cz\/wp-content\/uploads\/2017\/08\/DSCN7397-768x576.jpg 768w, https:\/\/valasskemezirici.casd.cz\/wp-content\/uploads\/2017\/08\/DSCN7397-1024x768.jpg 1024w\" sizes=\"auto, (max-width: 605px) 100vw, 605px\" \/><\/a><\/p>\n<p style=\"text-align: justify;\">Iva Bure\u0161ov\u00e1 vyu\u017eila nep\u0159\u00edtomnosti ml\u00e1de\u017ee a ve Slov\u00ed\u010dku p\u0159ed k\u00e1z\u00e1n\u00edm se zam\u00fd\u0161lela nad t\u00edm, pro\u010d dne\u0161n\u00ed &#8211; ale nejen dne\u0161n\u00ed &#8211; ml\u00e1de\u017e m\u00e1 probl\u00e9m s uzn\u00e1v\u00e1n\u00edm autorit. M\u00edt autoritu je posl\u00e1n\u00ed, \u00fakol. Ten, kdo ji chce m\u00edt, mus\u00ed p\u0159edev\u0161\u00edm v\u00e9st k dobr\u00e9mu. Jedin\u00fdm zp\u016fsobem, jak situaci vy\u0159e\u0161it, je \u00facta dosp\u011bl\u00fdch k Je\u017e\u00ed\u0161i. Poslouchat Ho je stejn\u00e9 jako poslouchat Boha, kter\u00fd sv\u00e9ho syna poslal. Je\u017e\u00ed\u0161ovu autoritu je potom nutn\u00e9 p\u0159en\u00e9st na na\u0161e mlad\u00e9. Sv\u00fdm chov\u00e1n\u00edm, sv\u00fdm jedn\u00e1n\u00edm mus\u00edme o N\u011bm sv\u011bd\u010dit. D\u011bti mus\u00ed poznat, \u017ee jedinou osobou, kter\u00fd vytv\u00e1\u0159\u00ed d\u011bjiny, nejsou oni &#8211; a\u010d budou d\u011blat jen to, co sami cht\u011bj\u00ed, ani \u017e\u00e1dn\u00e1 jin\u00e1 osoba. V\u0161e je pod veden\u00edm na\u0161eho P\u00e1na Je\u017e\u00ed\u0161e Krista. Jemu se mus\u00edme pod\u0159\u00eddit. Pokud z\u00edskaj\u00ed mlad\u00ed u\u010ditele, vedouc\u00edho,&nbsp; kter\u00e9ho si a\u017e tak nev\u00e1\u017e\u00ed, je t\u0159eba si uv\u011bdomit, \u017ee svou pozici z\u00edskal, proto\u017ee to P\u00e1n dovolil. My nev\u00edme pro\u010d, P\u00e1n m\u00e1 sv\u00e9 pl\u00e1ny, kter\u00fdm nerozum\u00edme. Ale Jeho v\u016fli je t\u0159eba respektovat. To mlad\u00e9 povede k respektov\u00e1n\u00ed p\u0159im\u011b\u0159en\u00e9 autority k dosp\u011bl\u00fdm.<\/p>\n<p style=\"text-align: justify;\">K\u00e1z\u00e1n\u00edm n\u00e1m poslou\u017eil Milan Kubi\u010d\u00edk a rodinn\u00e1 atmosf\u00e9ra sboru mu evidentn\u011b vyhovovala. Promluva se t\u00fdkala odsuzov\u00e1n\u00ed druh\u00fdch a jej\u00ed p\u0159epis najdete v archivu.<\/p>\n<p style=\"text-align: justify;\"><a href=\"https:\/\/valasskemezirici.casd.cz\/?attachment_id=3479\" rel=\"attachment wp-att-3479\"><img loading=\"lazy\" decoding=\"async\" class=\"alignnone  wp-image-3479\" src=\"https:\/\/valasskemezirici.casd.cz\/wp-content\/uploads\/2017\/08\/DSCN7399.jpg\" alt=\"\" width=\"607\" height=\"456\" srcset=\"https:\/\/valasskemezirici.casd.cz\/wp-content\/uploads\/2017\/08\/DSCN7399.jpg 2272w, https:\/\/valasskemezirici.casd.cz\/wp-content\/uploads\/2017\/08\/DSCN7399-300x225.jpg 300w, https:\/\/valasskemezirici.casd.cz\/wp-content\/uploads\/2017\/08\/DSCN7399-768x576.jpg 768w, https:\/\/valasskemezirici.casd.cz\/wp-content\/uploads\/2017\/08\/DSCN7399-1024x768.jpg 1024w\" sizes=\"auto, (max-width: 607px) 100vw, 607px\" \/><\/a><\/p>\n","protected":false},"excerpt":{"rendered":"<p>\u017de je \u010das dovolen\u00fdch v pln\u00e9m proudu bylo vid\u011bt dnes na zapln\u011bnosti modlitebny. P\u0159ejeme v\u0161em bratr\u016fm a sestr\u00e1m, kte\u0159\u00ed se z\u00fa\u010dastn\u00ed bohoslu\u017eby v jin\u00fdch m\u00edstech Bo\u017e\u00ed po\u017eehn\u00e1n\u00ed. Dopoledn\u00edm programem n\u00e1s provedl Petr Ch\u00e1ra. \u00dakol sobotn\u00ed \u0161koly s n\u00e1mi probral Bohumil Mro\u010dek. T\u00e9matem byla Cesta k v\u00ed\u0159e. V n\u00e1vaznosti na minulou sobotu jsme se zam\u00fd\u0161leli i [&hellip;]<\/p>\n","protected":false},"author":1,"featured_media":0,"comment_status":"closed","ping_status":"open","sticky":false,"template":"","format":"standard","meta":{"ngg_post_thumbnail":0,"footnotes":""},"categories":[1],"tags":[],"class_list":["post-3475","post","type-post","status-publish","format-standard","hentry","category-nezarazene"],"_links":{"self":[{"href":"https:\/\/valasskemezirici.casd.cz\/index.php?rest_route=\/wp\/v2\/posts\/3475","targetHints":{"allow":["GET"]}}],"collection":[{"href":"https:\/\/valasskemezirici.casd.cz\/index.php?rest_route=\/wp\/v2\/posts"}],"about":[{"href":"https:\/\/valasskemezirici.casd.cz\/index.php?rest_route=\/wp\/v2\/types\/post"}],"author":[{"embeddable":true,"href":"https:\/\/valasskemezirici.casd.cz\/index.php?rest_route=\/wp\/v2\/users\/1"}],"replies":[{"embeddable":true,"href":"https:\/\/valasskemezirici.casd.cz\/index.php?rest_route=%2Fwp%2Fv2%2Fcomments&post=3475"}],"version-history":[{"count":1,"href":"https:\/\/valasskemezirici.casd.cz\/index.php?rest_route=\/wp\/v2\/posts\/3475\/revisions"}],"predecessor-version":[{"id":3480,"href":"https:\/\/valasskemezirici.casd.cz\/index.php?rest_route=\/wp\/v2\/posts\/3475\/revisions\/3480"}],"wp:attachment":[{"href":"https:\/\/valasskemezirici.casd.cz\/index.php?rest_route=%2Fwp%2Fv2%2Fmedia&parent=3475"}],"wp:term":[{"taxonomy":"category","embeddable":true,"href":"https:\/\/valasskemezirici.casd.cz\/index.php?rest_route=%2Fwp%2Fv2%2Fcategories&post=3475"},{"taxonomy":"post_tag","embeddable":true,"href":"https:\/\/valasskemezirici.casd.cz\/index.php?rest_route=%2Fwp%2Fv2%2Ftags&post=3475"}],"curies":[{"name":"wp","href":"https:\/\/api.w.org\/{rel}","templated":true}]}}