{"id":3488,"date":"2017-08-31T19:12:57","date_gmt":"2017-08-31T17:12:57","guid":{"rendered":"http:\/\/valasskemezirici.casd.cz\/?p=3488"},"modified":"2017-08-31T19:26:57","modified_gmt":"2017-08-31T17:26:57","slug":"sobota-19-8-2017","status":"publish","type":"post","link":"https:\/\/valasskemezirici.casd.cz\/?p=3488","title":{"rendered":"Sobota 19.8.2017"},"content":{"rendered":"<p>Pr\u00e1zdniny se pomalu bl\u00ed\u017e\u00ed ke sv\u00e9mu konci. Je pot\u0159eba vyu\u017e\u00edt ka\u017ed\u00fd slun\u00ed\u010dkov\u00fd den. Na\u0161i ml\u00e1de\u017en\u00edci z\u00edtra odj\u00ed\u017ed\u00ed na camporee a u\u017e se nemohou do\u010dkat.<\/p>\n<p style=\"text-align: justify;\">Sobotn\u00ed \u0161kolou n\u00e1s provedl Pavel Pimek a \u00fakol <em>Z otrok\u016f d\u011bdicov\u00e9<\/em> se uk\u00e1zal jako hodn\u011b n\u00e1ro\u010dn\u00fd. Apo\u0161tol Pavel pou\u017e\u00edv\u00e1 d\u011bdictv\u00ed jako p\u0159\u00edklad pro vysv\u011btlen\u00ed lidsk\u00e9 situace p\u0159ed Kristov\u00fdm p\u0159\u00edchodem. K\u0159tem se ka\u017ed\u00fd z n\u00e1s &#8211; mu\u017ei, \u017eeny, Izraelci i pohan\u00e9 &#8211; st\u00e1v\u00e1 Bo\u017e\u00edm synem a t\u00edm d\u011bdicem Jeho zasl\u00edben\u00ed. K\u0159tem se z n\u00e1s stali spolud\u011bdicov\u00e9 Kristovi.<\/p>\n<p style=\"text-align: justify;\">Kdy\u017e zem\u0159e bohat\u00fd \u010dlov\u011bk, jeho majetek zd\u011bd\u00ed syn. Pokud nen\u00ed plnolet\u00fd, zastupuj\u00ed ho a chr\u00e1n\u00ed opatrovn\u00edci a o majetek se mus\u00ed starat spr\u00e1vce. Stejn\u011b tak staroz\u00e1konn\u00ed obdob\u00ed&nbsp; bylo jak\u00fdmsi \u00favodem k evangeliu. P\u0159esto\u017ee ob\u0159adn\u00ed z\u00e1kony byly nesm\u00edrn\u011b d\u016fle\u017eit\u00e9 a Izraelci se z nich mnoh\u00e9mu nau\u010dili, byly jen st\u00ednem toho, co m\u011blo p\u0159ij\u00edt. Nikdy nemohly vykonat to, co mohl pro lidi ud\u011blat Kristus.<\/p>\n<p style=\"text-align: justify;\">Je\u017e\u00ed\u0161 p\u0159i\u0161el p\u0159esn\u011b v\u010dase, kter\u00fd B\u016fh p\u0159ipravil. B\u016fh neposlal na zem n\u011bjak\u00e9ho nebesk\u00e9ho posla, sestoupil na zemi s\u00e1m. I to vypov\u00edd\u00e1 o z\u00e1va\u017enosti h\u0159\u00edchu a o tom, jak moc Bohu z\u00e1le\u017e\u00ed na ka\u017ed\u00e9m z n\u00e1s a jak n\u00e1s nesm\u00edrn\u011b miluje. Skute\u010dnost, \u017ee Je\u017e\u00ed\u0161 vzal na sebe na\u0161i lidskou p\u0159irozenost, m\u00e1 pro n\u00e1s obrovsk\u00fd v\u00fdznam. My sami jsme se zachr\u00e1nit nemohli. Kristus svou poslu\u0161nost\u00ed dokonale naplnil z\u00e1kon, \u010d\u00edm\u017e od\u010dinil Adamovo tragick\u00e9 selh\u00e1n\u00ed. Svou smrt\u00ed na k\u0159\u00ed\u017ei Kristus uspokojil spravedlnost z\u00e1kona, kter\u00e1 po\u017eadovala smrt h\u0159\u00ed\u0161n\u00edka. Takto nabyl pr\u00e1vo zachr\u00e1nit v\u0161echny, kte\u0159\u00ed k n\u011bmu p\u0159ich\u00e1zej\u00ed v pokorn\u00e9 v\u00ed\u0159e.<\/p>\n<p style=\"text-align: justify;\">Pokud nem\u011bl bohat\u00fd \u010dlov\u011bk syna, mohl d\u00edt\u011b adoptovat. Zav\u00e1zal se t\u00edm, \u017ee se o n\u011bho bude starat, nikdy se ho nez\u0159ekne, d\u00edt\u011b se nemohlo st\u00e1t otrokem a stalo se pozd\u011bji d\u011bdicem. I my jsme p\u0159edur\u010deni k adopci v Je\u017e\u00ed\u0161i Kristu podle dobroty Jeho v\u016fle.<\/p>\n<p style=\"text-align: justify;\">Slov\u00ed\u010dko p\u0159ed k\u00e1z\u00e1n\u00edm Ivy Bure\u0161ov\u00e9 p\u0159ipomn\u011blo, jak nebezpe\u010dn\u00e1 m\u016f\u017ee b\u00fdt p\u0159etv\u00e1\u0159ka a hran\u00ed si na n\u011bco, \u010d\u00edm nejsme. N\u00e1\u0161 P\u00e1n chce, abychom byli up\u0159\u00edmn\u00ed a fale\u0161 byla od n\u00e1s daleko.<\/p>\n<p style=\"text-align: justify;\">K\u00e1z\u00e1n\u00edm na t\u00e9ma Kn\u011b\u017esk\u00e1 slu\u017eba n\u00e1m poslou\u017eil bratr Ju\u0159\u00ednek. P\u0159epis m\u016f\u017eete op\u011bt naj\u00edt v archivu.<\/p>\n<p style=\"text-align: justify;\"><a href=\"https:\/\/valasskemezirici.casd.cz\/?attachment_id=3489\" rel=\"attachment wp-att-3489\"><img loading=\"lazy\" decoding=\"async\" class=\"alignnone wp-image-3489\" src=\"https:\/\/valasskemezirici.casd.cz\/wp-content\/uploads\/2017\/08\/DSCN7456.jpg\" alt=\"\" width=\"607\" height=\"455\" srcset=\"https:\/\/valasskemezirici.casd.cz\/wp-content\/uploads\/2017\/08\/DSCN7456.jpg 5152w, https:\/\/valasskemezirici.casd.cz\/wp-content\/uploads\/2017\/08\/DSCN7456-300x225.jpg 300w, https:\/\/valasskemezirici.casd.cz\/wp-content\/uploads\/2017\/08\/DSCN7456-768x576.jpg 768w, https:\/\/valasskemezirici.casd.cz\/wp-content\/uploads\/2017\/08\/DSCN7456-1024x768.jpg 1024w\" sizes=\"auto, (max-width: 607px) 100vw, 607px\" \/><\/a><\/p>\n<p>&nbsp;<\/p>\n","protected":false},"excerpt":{"rendered":"<p>Pr\u00e1zdniny se pomalu bl\u00ed\u017e\u00ed ke sv\u00e9mu konci. Je pot\u0159eba vyu\u017e\u00edt ka\u017ed\u00fd slun\u00ed\u010dkov\u00fd den. Na\u0161i ml\u00e1de\u017en\u00edci z\u00edtra odj\u00ed\u017ed\u00ed na camporee a u\u017e se nemohou do\u010dkat. Sobotn\u00ed \u0161kolou n\u00e1s provedl Pavel Pimek a \u00fakol Z otrok\u016f d\u011bdicov\u00e9 se uk\u00e1zal jako hodn\u011b n\u00e1ro\u010dn\u00fd. Apo\u0161tol Pavel pou\u017e\u00edv\u00e1 d\u011bdictv\u00ed jako p\u0159\u00edklad pro vysv\u011btlen\u00ed lidsk\u00e9 situace p\u0159ed Kristov\u00fdm p\u0159\u00edchodem. K\u0159tem se [&hellip;]<\/p>\n","protected":false},"author":1,"featured_media":0,"comment_status":"closed","ping_status":"open","sticky":false,"template":"","format":"standard","meta":{"ngg_post_thumbnail":0,"footnotes":""},"categories":[1],"tags":[],"class_list":["post-3488","post","type-post","status-publish","format-standard","hentry","category-nezarazene"],"_links":{"self":[{"href":"https:\/\/valasskemezirici.casd.cz\/index.php?rest_route=\/wp\/v2\/posts\/3488","targetHints":{"allow":["GET"]}}],"collection":[{"href":"https:\/\/valasskemezirici.casd.cz\/index.php?rest_route=\/wp\/v2\/posts"}],"about":[{"href":"https:\/\/valasskemezirici.casd.cz\/index.php?rest_route=\/wp\/v2\/types\/post"}],"author":[{"embeddable":true,"href":"https:\/\/valasskemezirici.casd.cz\/index.php?rest_route=\/wp\/v2\/users\/1"}],"replies":[{"embeddable":true,"href":"https:\/\/valasskemezirici.casd.cz\/index.php?rest_route=%2Fwp%2Fv2%2Fcomments&post=3488"}],"version-history":[{"count":5,"href":"https:\/\/valasskemezirici.casd.cz\/index.php?rest_route=\/wp\/v2\/posts\/3488\/revisions"}],"predecessor-version":[{"id":3494,"href":"https:\/\/valasskemezirici.casd.cz\/index.php?rest_route=\/wp\/v2\/posts\/3488\/revisions\/3494"}],"wp:attachment":[{"href":"https:\/\/valasskemezirici.casd.cz\/index.php?rest_route=%2Fwp%2Fv2%2Fmedia&parent=3488"}],"wp:term":[{"taxonomy":"category","embeddable":true,"href":"https:\/\/valasskemezirici.casd.cz\/index.php?rest_route=%2Fwp%2Fv2%2Fcategories&post=3488"},{"taxonomy":"post_tag","embeddable":true,"href":"https:\/\/valasskemezirici.casd.cz\/index.php?rest_route=%2Fwp%2Fv2%2Ftags&post=3488"}],"curies":[{"name":"wp","href":"https:\/\/api.w.org\/{rel}","templated":true}]}}