{"id":3495,"date":"2017-08-31T20:37:16","date_gmt":"2017-08-31T18:37:16","guid":{"rendered":"http:\/\/valasskemezirici.casd.cz\/?p=3495"},"modified":"2017-08-31T20:39:31","modified_gmt":"2017-08-31T18:39:31","slug":"sobota-26-8-2017","status":"publish","type":"post","link":"https:\/\/valasskemezirici.casd.cz\/?p=3495","title":{"rendered":"Sobota 26.8.2017"},"content":{"rendered":"<p style=\"text-align: justify;\">Dne\u0161n\u00ed bohoslu\u017eba se musela obej\u00edt bez d\u011bt\u00ed. T\u00e9m\u011b\u0159 v\u0161ichni dnes pob\u00fdvaj\u00ed na camporee v Protivanov\u011b u Prost\u011bjova. V\u00fdznamn\u00fdm a radostn\u00fdm faktem je pro n\u00e1\u0161 sbore\u010dek to, \u017ee dv\u011b z d\u011bv\u010dat se rozhodla dnes slo\u017eit slib pathfindera. P\u0159ejeme Bo\u017e\u00ed po\u017eehn\u00e1n\u00ed !<\/p>\n<p style=\"text-align: justify;\"><a href=\"https:\/\/valasskemezirici.casd.cz\/?attachment_id=3497\" rel=\"attachment wp-att-3497\"><img loading=\"lazy\" decoding=\"async\" class=\"alignnone wp-image-3497\" src=\"https:\/\/valasskemezirici.casd.cz\/wp-content\/uploads\/2017\/08\/DSCN7615.jpg\" alt=\"\" width=\"599\" height=\"449\" srcset=\"https:\/\/valasskemezirici.casd.cz\/wp-content\/uploads\/2017\/08\/DSCN7615.jpg 5152w, https:\/\/valasskemezirici.casd.cz\/wp-content\/uploads\/2017\/08\/DSCN7615-300x225.jpg 300w, https:\/\/valasskemezirici.casd.cz\/wp-content\/uploads\/2017\/08\/DSCN7615-768x576.jpg 768w, https:\/\/valasskemezirici.casd.cz\/wp-content\/uploads\/2017\/08\/DSCN7615-1024x768.jpg 1024w\" sizes=\"auto, (max-width: 599px) 100vw, 599px\" \/><\/a><\/p>\n<p style=\"text-align: justify;\">Petr Kimler se stal dne\u0161n\u00edm pr\u016fvodcem sobotn\u00edm \u00fakolem s n\u00e1zvem <em>Pavlova pastor\u00e1ln\u00ed v\u00fdzva<\/em>. Srdce apo\u0161tola Pavla bylo \u00fazce spojeno se \u017eivotem lid\u00ed. Pova\u017eoval se za v\u00edce ne\u017e jen jejich p\u0159\u00edtele. M\u011bl k nim otcovsk\u00fd vztah. Svou slu\u017ebou je &#8222;zplodil&#8220; pro \u017eivot a p\u0159ivedl ke Kristu. Velmi mu z\u00e1le\u017eelo na jejich dobru a duchovn\u00edm r\u016fstu. U\u010dil, \u017ee b\u00fdt Kristov\u00fdm n\u00e1sledovn\u00edkem je mnohem v\u00edce ne\u017e jen vyzn\u00e1vat n\u011bjakou v\u011brouku. N\u00e1sledovat Krista znamen\u00e1 \u00faplnou p\u0159em\u011bnu do Kristovy podoby. Pavel opakovan\u011b vyb\u00edz\u00ed k\u0159es\u0165any v Galacii, aby napodobovali jeho chov\u00e1n\u00ed. Odvol\u00e1v\u00e1 se na v\u00edru, kter\u00e1 spol\u00e9h\u00e1 na to, co pro n\u011b ud\u011blal Kristus, ne na skutky z\u00e1kona. Galat\u0161t\u00ed toti\u017e v\u00edce p\u0159ipisovali hodnotu sv\u00e9mu chov\u00e1n\u00ed ne\u017e tomu, k\u00fdm se stali v Kristu. Pavel myslel na velkou l\u00e1sku, radost, svobodu a jistotu spasen\u00ed, kterou na\u0161el v Je\u017e\u00ed\u0161i.<\/p>\n<p style=\"text-align: justify;\">Pavel byl velk\u00fd mision\u00e1\u0159. Nau\u010dil se zv\u011bstovat evangelium \u017did\u016fm i pohan\u016fm. Pochopil, \u017ee se mus\u00ed pohan\u016fm p\u0159ibl\u00ed\u017eit, aby je oslovil.<\/p>\n<p style=\"text-align: justify;\">Pavel p\u016fvodn\u011b nem\u011bl v \u00famyslu k\u00e1zat evangelium v Galacii. Ale na cest\u011b ho pravd\u011bpodobn\u011b zastihla n\u011bjak\u00e1 choroba a on musel z\u016fstat. Ve spole\u010dnosti, kde nemoc \u010dasto pova\u017eovali za znamen\u00ed Bo\u017e\u00ed nelibosti, mohli Galat\u0161t\u00ed Pavlovu nemoc zneu\u017e\u00edt jako v\u00fdmluvu pro odm\u00edtnut\u00ed jeho poselstv\u00ed. Oni v\u0161ak Pavla velmi srde\u010dn\u011b p\u0159iv\u00edtali. Jejich srdce zah\u0159\u00e1lo poselstv\u00ed o k\u0159\u00ed\u017ei a usv\u011bd\u010doval je Duch svat\u00fd. Nyn\u00ed v\u0161ak Pavel vid\u011bl, \u017ee se Galat\u0161t\u00ed od pravdy odvrac\u00ed. I p\u0159esto, \u017ee je miloval, musel je napomenout, p\u0159esto\u017ee riskoval, \u017ee se setk\u00e1 s hn\u011bvem, nepochopen\u00edm \u010di nen\u00e1vist\u00ed. Jeho starost se zrodila z l\u00e1sky k brat\u0159\u00edm a sestr\u00e1m ve v\u00ed\u0159e a z hlubok\u00e9ho z\u00e1jmu o n\u011b.<\/p>\n<p style=\"text-align: justify;\">Slov\u00ed\u010dko p\u0159ed k\u00e1z\u00e1n\u00edm Ivy Bure\u0161ov\u00e9 se zam\u00fd\u0161lelo nad \u010dast\u00fdm opakov\u00e1n\u00edm zn\u00e1m\u00e9 modlitby, nap\u0159. Ot\u010den\u00e1\u0161. Tolikr\u00e1t modlen\u00e1 a od\u0159\u00edkan\u00e1, a\u017e se m\u016f\u017ee st\u00e1t, \u017ee p\u0159i jej\u00edm opakov\u00e1n\u00ed p\u0159estaneme vn\u00edmat smysl slov. Stane se n\u00e1m \u0159\u00edkankou. V jednom \u017ealmu se p\u00ed\u0161e: &#8220; Okuste a vizte, jak je Hospodin dobr\u00fd.&#8220; P\u0159i modlitb\u011b &#8222;ochutn\u00e1vejme&#8220; pomalu, vytrvale a uvid\u00edte, zakus\u00edte, jak je n\u00e1\u0161 Otec dobr\u00fd!<\/p>\n<p style=\"text-align: justify;\">K\u00e1z\u00e1n\u00edm n\u00e1m poslou\u017eil kazatel sboru Pavel Koste\u010dka. Bylo to posledn\u00ed k\u00e1z\u00e1n\u00ed p\u0159ed jeho odletem do dalek\u00fdch kraj\u016f ji\u017en\u00ed Ameriky. P\u00e1n t\u011b ochra\u0148uj !<\/p>\n<p style=\"text-align: justify;\">P\u0159epis k\u00e1z\u00e1n\u00ed najdete v archivu.<\/p>\n<p style=\"text-align: justify;\"><a href=\"https:\/\/valasskemezirici.casd.cz\/?attachment_id=3496\" rel=\"attachment wp-att-3496\"><img loading=\"lazy\" decoding=\"async\" class=\"alignnone wp-image-3496\" src=\"https:\/\/valasskemezirici.casd.cz\/wp-content\/uploads\/2017\/08\/DSCN7619.jpg\" alt=\"\" width=\"599\" height=\"449\" srcset=\"https:\/\/valasskemezirici.casd.cz\/wp-content\/uploads\/2017\/08\/DSCN7619.jpg 5152w, https:\/\/valasskemezirici.casd.cz\/wp-content\/uploads\/2017\/08\/DSCN7619-300x225.jpg 300w, https:\/\/valasskemezirici.casd.cz\/wp-content\/uploads\/2017\/08\/DSCN7619-768x576.jpg 768w, https:\/\/valasskemezirici.casd.cz\/wp-content\/uploads\/2017\/08\/DSCN7619-1024x768.jpg 1024w\" sizes=\"auto, (max-width: 599px) 100vw, 599px\" \/><\/a><\/p>\n","protected":false},"excerpt":{"rendered":"<p>Dne\u0161n\u00ed bohoslu\u017eba se musela obej\u00edt bez d\u011bt\u00ed. T\u00e9m\u011b\u0159 v\u0161ichni dnes pob\u00fdvaj\u00ed na camporee v Protivanov\u011b u Prost\u011bjova. V\u00fdznamn\u00fdm a radostn\u00fdm faktem je pro n\u00e1\u0161 sbore\u010dek to, \u017ee dv\u011b z d\u011bv\u010dat se rozhodla dnes slo\u017eit slib pathfindera. P\u0159ejeme Bo\u017e\u00ed po\u017eehn\u00e1n\u00ed ! Petr Kimler se stal dne\u0161n\u00edm pr\u016fvodcem sobotn\u00edm \u00fakolem s n\u00e1zvem Pavlova pastor\u00e1ln\u00ed v\u00fdzva. Srdce apo\u0161tola [&hellip;]<\/p>\n","protected":false},"author":1,"featured_media":0,"comment_status":"closed","ping_status":"open","sticky":false,"template":"","format":"standard","meta":{"ngg_post_thumbnail":0,"footnotes":""},"categories":[1],"tags":[],"class_list":["post-3495","post","type-post","status-publish","format-standard","hentry","category-nezarazene"],"_links":{"self":[{"href":"https:\/\/valasskemezirici.casd.cz\/index.php?rest_route=\/wp\/v2\/posts\/3495","targetHints":{"allow":["GET"]}}],"collection":[{"href":"https:\/\/valasskemezirici.casd.cz\/index.php?rest_route=\/wp\/v2\/posts"}],"about":[{"href":"https:\/\/valasskemezirici.casd.cz\/index.php?rest_route=\/wp\/v2\/types\/post"}],"author":[{"embeddable":true,"href":"https:\/\/valasskemezirici.casd.cz\/index.php?rest_route=\/wp\/v2\/users\/1"}],"replies":[{"embeddable":true,"href":"https:\/\/valasskemezirici.casd.cz\/index.php?rest_route=%2Fwp%2Fv2%2Fcomments&post=3495"}],"version-history":[{"count":3,"href":"https:\/\/valasskemezirici.casd.cz\/index.php?rest_route=\/wp\/v2\/posts\/3495\/revisions"}],"predecessor-version":[{"id":3500,"href":"https:\/\/valasskemezirici.casd.cz\/index.php?rest_route=\/wp\/v2\/posts\/3495\/revisions\/3500"}],"wp:attachment":[{"href":"https:\/\/valasskemezirici.casd.cz\/index.php?rest_route=%2Fwp%2Fv2%2Fmedia&parent=3495"}],"wp:term":[{"taxonomy":"category","embeddable":true,"href":"https:\/\/valasskemezirici.casd.cz\/index.php?rest_route=%2Fwp%2Fv2%2Fcategories&post=3495"},{"taxonomy":"post_tag","embeddable":true,"href":"https:\/\/valasskemezirici.casd.cz\/index.php?rest_route=%2Fwp%2Fv2%2Ftags&post=3495"}],"curies":[{"name":"wp","href":"https:\/\/api.w.org\/{rel}","templated":true}]}}