{"id":3578,"date":"2017-10-01T21:38:47","date_gmt":"2017-10-01T19:38:47","guid":{"rendered":"http:\/\/valasskemezirici.casd.cz\/?p=3578"},"modified":"2017-10-01T21:49:18","modified_gmt":"2017-10-01T19:49:18","slug":"den-dikuvzdani-trojanovice-pamatnik-j-knebla-a-bratri-strnadlu","status":"publish","type":"post","link":"https:\/\/valasskemezirici.casd.cz\/?p=3578","title":{"rendered":"Den d\u00edk\u016fvzd\u00e1n\u00ed Trojanovice &#8211; pam\u00e1tn\u00edk J.Knebla a brat\u0159\u00ed Strnadl\u016f"},"content":{"rendered":"<p><a href=\"https:\/\/valasskemezirici.casd.cz\/?attachment_id=3579\" rel=\"attachment wp-att-3579\"><img loading=\"lazy\" decoding=\"async\" class=\"alignnone wp-image-3579\" src=\"https:\/\/valasskemezirici.casd.cz\/wp-content\/uploads\/2017\/10\/DSCN7840.jpg\" alt=\"\" height=\"450\" width=\"599\" srcset=\"https:\/\/valasskemezirici.casd.cz\/wp-content\/uploads\/2017\/10\/DSCN7840.jpg 2272w, https:\/\/valasskemezirici.casd.cz\/wp-content\/uploads\/2017\/10\/DSCN7840-300x225.jpg 300w, https:\/\/valasskemezirici.casd.cz\/wp-content\/uploads\/2017\/10\/DSCN7840-768x576.jpg 768w, https:\/\/valasskemezirici.casd.cz\/wp-content\/uploads\/2017\/10\/DSCN7840-1024x768.jpg 1024w\" sizes=\"auto, (max-width: 599px) 100vw, 599px\" \/><\/a><\/p>\n<p><a href=\"https:\/\/valasskemezirici.casd.cz\/?attachment_id=3580\" rel=\"attachment wp-att-3580\"><img loading=\"lazy\" decoding=\"async\" class=\"alignnone wp-image-3580\" src=\"https:\/\/valasskemezirici.casd.cz\/wp-content\/uploads\/2017\/10\/DSCN7844.jpg\" alt=\"\" height=\"796\" width=\"597\" srcset=\"https:\/\/valasskemezirici.casd.cz\/wp-content\/uploads\/2017\/10\/DSCN7844.jpg 1704w, https:\/\/valasskemezirici.casd.cz\/wp-content\/uploads\/2017\/10\/DSCN7844-225x300.jpg 225w, https:\/\/valasskemezirici.casd.cz\/wp-content\/uploads\/2017\/10\/DSCN7844-768x1024.jpg 768w\" sizes=\"auto, (max-width: 597px) 100vw, 597px\" \/><\/a><\/p>\n<p style=\"text-align: justify;\">Tak jako ka\u017ed\u00fdm rokem na po\u010d\u00e1tku podzimu, i letos jsme se se\u0161li v Trojanovic\u00edch v kr\u00e1sn\u00e9 d\u0159ev\u011bnici stoj\u00edc\u00ed na m\u00edst\u011b chaloupky, ve kter\u00e9 se narodilo hned&nbsp; 5 v\u00fdznamn\u00fdch osobnost\u00ed vala\u0161sk\u00e9ho kraje &#8211; socha\u0159 Jan Knebl a jeho \u010dty\u0159i synovci, brat\u0159i Strnadlov\u00e9 &#8211; spisovatel\u00e9, liter\u00e1ti a v\u00fdtvarn\u00edci. Hlavn\u00edm mottem dne\u0161n\u00ed bohoslu\u017eby v tomto netradi\u010dn\u00edm prot\u0159ed\u00ed byl Den d\u00edk\u016fvzd\u00e1n\u00ed, kter\u00fdm jsme cht\u011bli na\u0161emu \u0161t\u011bdr\u00e9mu P\u00e1nu a Stvo\u0159iteli pod\u011bkovat za v\u0161echna po\u017eehn\u00e1n\u00ed, kter\u00fdch se n\u00e1m dost\u00e1v\u00e1.<\/p>\n<p style=\"text-align: justify;\">R\u00e1no se ji\u017e v p\u0159edstihu n\u011bkte\u0159\u00ed brat\u0159i a sestry dostavili, aby d\u0159ev\u011bnici podzimn\u011b vyzdobili. Na tr\u00e1mech stropu se vbrzku houpala jabl\u00ed\u010dka, hru\u0161ky, d\u00fdn\u011b a vinn\u00e9 ratolesti, i kdy\u017e jen dekorativn\u00ed. Nov\u011b postaven\u00e1 kachlov\u00e1 kamna se zaplnila nejr\u016fzn\u011bj\u0161\u00edmi velmi l\u00e1kav\u011b vypadaj\u00edc\u00edmi v\u00fdp\u011bstky z na\u0161ich zahr\u00e1dek a dobrotami, kter\u00e9 sestry vlastnoru\u010dn\u011b napekly a uva\u0159ily.<\/p>\n<p style=\"text-align: justify;\"><a href=\"https:\/\/valasskemezirici.casd.cz\/?attachment_id=3581\" rel=\"attachment wp-att-3581\"><img loading=\"lazy\" decoding=\"async\" class=\"alignnone wp-image-3581\" src=\"https:\/\/valasskemezirici.casd.cz\/wp-content\/uploads\/2017\/10\/DSCF3967.jpg\" alt=\"\" height=\"400\" width=\"600\" srcset=\"https:\/\/valasskemezirici.casd.cz\/wp-content\/uploads\/2017\/10\/DSCF3967.jpg 2000w, https:\/\/valasskemezirici.casd.cz\/wp-content\/uploads\/2017\/10\/DSCF3967-300x200.jpg 300w, https:\/\/valasskemezirici.casd.cz\/wp-content\/uploads\/2017\/10\/DSCF3967-768x512.jpg 768w, https:\/\/valasskemezirici.casd.cz\/wp-content\/uploads\/2017\/10\/DSCF3967-1024x682.jpg 1024w\" sizes=\"auto, (max-width: 600px) 100vw, 600px\" \/><\/a><\/p>\n<p style=\"text-align: justify;\"><a href=\"https:\/\/valasskemezirici.casd.cz\/?attachment_id=3584\" rel=\"attachment wp-att-3584\"><img loading=\"lazy\" decoding=\"async\" class=\"alignnone wp-image-3584\" src=\"https:\/\/valasskemezirici.casd.cz\/wp-content\/uploads\/2017\/10\/DSCN7838.jpg\" alt=\"\" height=\"363\" width=\"272\" srcset=\"https:\/\/valasskemezirici.casd.cz\/wp-content\/uploads\/2017\/10\/DSCN7838.jpg 1704w, https:\/\/valasskemezirici.casd.cz\/wp-content\/uploads\/2017\/10\/DSCN7838-225x300.jpg 225w, https:\/\/valasskemezirici.casd.cz\/wp-content\/uploads\/2017\/10\/DSCN7838-768x1024.jpg 768w\" sizes=\"auto, (max-width: 272px) 100vw, 272px\" \/><\/a><a href=\"https:\/\/valasskemezirici.casd.cz\/?attachment_id=3586\" rel=\"attachment wp-att-3586\"><img loading=\"lazy\" decoding=\"async\" class=\"alignnone wp-image-3586\" src=\"https:\/\/valasskemezirici.casd.cz\/wp-content\/uploads\/2017\/10\/DSCF3961.jpg\" alt=\"\" height=\"216\" width=\"325\" srcset=\"https:\/\/valasskemezirici.casd.cz\/wp-content\/uploads\/2017\/10\/DSCF3961.jpg 2000w, https:\/\/valasskemezirici.casd.cz\/wp-content\/uploads\/2017\/10\/DSCF3961-300x200.jpg 300w, https:\/\/valasskemezirici.casd.cz\/wp-content\/uploads\/2017\/10\/DSCF3961-768x512.jpg 768w, https:\/\/valasskemezirici.casd.cz\/wp-content\/uploads\/2017\/10\/DSCF3961-1024x682.jpg 1024w\" sizes=\"auto, (max-width: 325px) 100vw, 325px\" \/><\/a><\/p>\n<p style=\"text-align: justify;\"><a href=\"https:\/\/valasskemezirici.casd.cz\/?attachment_id=3587\" rel=\"attachment wp-att-3587\"><img loading=\"lazy\" decoding=\"async\" class=\"alignnone wp-image-3587\" src=\"https:\/\/valasskemezirici.casd.cz\/wp-content\/uploads\/2017\/10\/DSCF3966.jpg\" alt=\"\" height=\"211\" width=\"317\" srcset=\"https:\/\/valasskemezirici.casd.cz\/wp-content\/uploads\/2017\/10\/DSCF3966.jpg 2000w, https:\/\/valasskemezirici.casd.cz\/wp-content\/uploads\/2017\/10\/DSCF3966-300x200.jpg 300w, https:\/\/valasskemezirici.casd.cz\/wp-content\/uploads\/2017\/10\/DSCF3966-768x512.jpg 768w, https:\/\/valasskemezirici.casd.cz\/wp-content\/uploads\/2017\/10\/DSCF3966-1024x682.jpg 1024w\" sizes=\"auto, (max-width: 317px) 100vw, 317px\" \/><\/a><a href=\"https:\/\/valasskemezirici.casd.cz\/?attachment_id=3588\" rel=\"attachment wp-att-3588\"><img loading=\"lazy\" decoding=\"async\" class=\"alignnone wp-image-3588\" src=\"https:\/\/valasskemezirici.casd.cz\/wp-content\/uploads\/2017\/10\/DSCN7839.jpg\" alt=\"\" height=\"211\" width=\"282\" srcset=\"https:\/\/valasskemezirici.casd.cz\/wp-content\/uploads\/2017\/10\/DSCN7839.jpg 2272w, https:\/\/valasskemezirici.casd.cz\/wp-content\/uploads\/2017\/10\/DSCN7839-300x225.jpg 300w, https:\/\/valasskemezirici.casd.cz\/wp-content\/uploads\/2017\/10\/DSCN7839-768x576.jpg 768w, https:\/\/valasskemezirici.casd.cz\/wp-content\/uploads\/2017\/10\/DSCN7839-1024x768.jpg 1024w\" sizes=\"auto, (max-width: 282px) 100vw, 282px\" \/><\/a><\/p>\n<p style=\"text-align: justify;\"><a href=\"https:\/\/valasskemezirici.casd.cz\/?attachment_id=3615\" rel=\"attachment wp-att-3615\"><img loading=\"lazy\" decoding=\"async\" class=\"alignnone  wp-image-3615\" src=\"https:\/\/valasskemezirici.casd.cz\/wp-content\/uploads\/2017\/10\/DSCN7841.jpg\" alt=\"\" height=\"450\" width=\"599\" srcset=\"https:\/\/valasskemezirici.casd.cz\/wp-content\/uploads\/2017\/10\/DSCN7841.jpg 2272w, https:\/\/valasskemezirici.casd.cz\/wp-content\/uploads\/2017\/10\/DSCN7841-300x225.jpg 300w, https:\/\/valasskemezirici.casd.cz\/wp-content\/uploads\/2017\/10\/DSCN7841-768x576.jpg 768w, https:\/\/valasskemezirici.casd.cz\/wp-content\/uploads\/2017\/10\/DSCN7841-1024x768.jpg 1024w\" sizes=\"auto, (max-width: 599px) 100vw, 599px\" \/><\/a><\/p>\n<p style=\"text-align: justify;\">&nbsp;<\/p>\n<p style=\"text-align: justify;\"><a href=\"https:\/\/valasskemezirici.casd.cz\/?attachment_id=3582\" rel=\"attachment wp-att-3582\"><img loading=\"lazy\" decoding=\"async\" class=\"alignnone wp-image-3582\" src=\"https:\/\/valasskemezirici.casd.cz\/wp-content\/uploads\/2017\/10\/DSCN7851.jpg\" alt=\"\" height=\"451\" width=\"602\" srcset=\"https:\/\/valasskemezirici.casd.cz\/wp-content\/uploads\/2017\/10\/DSCN7851.jpg 2272w, https:\/\/valasskemezirici.casd.cz\/wp-content\/uploads\/2017\/10\/DSCN7851-300x225.jpg 300w, https:\/\/valasskemezirici.casd.cz\/wp-content\/uploads\/2017\/10\/DSCN7851-768x576.jpg 768w, https:\/\/valasskemezirici.casd.cz\/wp-content\/uploads\/2017\/10\/DSCN7851-1024x768.jpg 1024w\" sizes=\"auto, (max-width: 602px) 100vw, 602px\" \/><\/a><\/p>\n<p style=\"text-align: justify;\"><a href=\"https:\/\/valasskemezirici.casd.cz\/?attachment_id=3589\" rel=\"attachment wp-att-3589\"><img loading=\"lazy\" decoding=\"async\" class=\"alignnone wp-image-3589\" src=\"https:\/\/valasskemezirici.casd.cz\/wp-content\/uploads\/2017\/10\/DSCF3978.jpg\" alt=\"\" height=\"402\" width=\"603\" srcset=\"https:\/\/valasskemezirici.casd.cz\/wp-content\/uploads\/2017\/10\/DSCF3978.jpg 2000w, https:\/\/valasskemezirici.casd.cz\/wp-content\/uploads\/2017\/10\/DSCF3978-300x200.jpg 300w, https:\/\/valasskemezirici.casd.cz\/wp-content\/uploads\/2017\/10\/DSCF3978-768x512.jpg 768w, https:\/\/valasskemezirici.casd.cz\/wp-content\/uploads\/2017\/10\/DSCF3978-1024x682.jpg 1024w\" sizes=\"auto, (max-width: 603px) 100vw, 603px\" \/><\/a> <a href=\"https:\/\/valasskemezirici.casd.cz\/?attachment_id=3590\" rel=\"attachment wp-att-3590\"><img loading=\"lazy\" decoding=\"async\" class=\"alignnone wp-image-3590\" src=\"https:\/\/valasskemezirici.casd.cz\/wp-content\/uploads\/2017\/10\/DSCF3979.jpg\" alt=\"\" height=\"401\" width=\"602\" srcset=\"https:\/\/valasskemezirici.casd.cz\/wp-content\/uploads\/2017\/10\/DSCF3979.jpg 2000w, https:\/\/valasskemezirici.casd.cz\/wp-content\/uploads\/2017\/10\/DSCF3979-300x200.jpg 300w, https:\/\/valasskemezirici.casd.cz\/wp-content\/uploads\/2017\/10\/DSCF3979-768x512.jpg 768w, https:\/\/valasskemezirici.casd.cz\/wp-content\/uploads\/2017\/10\/DSCF3979-1024x682.jpg 1024w\" sizes=\"auto, (max-width: 602px) 100vw, 602px\" \/><\/a> <a href=\"https:\/\/valasskemezirici.casd.cz\/?attachment_id=3591\" rel=\"attachment wp-att-3591\"><img loading=\"lazy\" decoding=\"async\" class=\"alignnone wp-image-3591\" src=\"https:\/\/valasskemezirici.casd.cz\/wp-content\/uploads\/2017\/10\/DSCF3990.jpg\" alt=\"\" height=\"402\" width=\"603\" srcset=\"https:\/\/valasskemezirici.casd.cz\/wp-content\/uploads\/2017\/10\/DSCF3990.jpg 2000w, https:\/\/valasskemezirici.casd.cz\/wp-content\/uploads\/2017\/10\/DSCF3990-300x200.jpg 300w, https:\/\/valasskemezirici.casd.cz\/wp-content\/uploads\/2017\/10\/DSCF3990-768x512.jpg 768w, https:\/\/valasskemezirici.casd.cz\/wp-content\/uploads\/2017\/10\/DSCF3990-1024x682.jpg 1024w\" sizes=\"auto, (max-width: 603px) 100vw, 603px\" \/><\/a><\/p>\n<p style=\"text-align: justify;\"><a href=\"https:\/\/valasskemezirici.casd.cz\/?attachment_id=3614\" rel=\"attachment wp-att-3614\"><img loading=\"lazy\" decoding=\"async\" class=\"alignnone  wp-image-3614\" src=\"https:\/\/valasskemezirici.casd.cz\/wp-content\/uploads\/2017\/10\/DSCF3993.jpg\" alt=\"\" height=\"903\" width=\"602\" srcset=\"https:\/\/valasskemezirici.casd.cz\/wp-content\/uploads\/2017\/10\/DSCF3993.jpg 2000w, https:\/\/valasskemezirici.casd.cz\/wp-content\/uploads\/2017\/10\/DSCF3993-200x300.jpg 200w, https:\/\/valasskemezirici.casd.cz\/wp-content\/uploads\/2017\/10\/DSCF3993-768x1152.jpg 768w, https:\/\/valasskemezirici.casd.cz\/wp-content\/uploads\/2017\/10\/DSCF3993-683x1024.jpg 683w\" sizes=\"auto, (max-width: 602px) 100vw, 602px\" \/><\/a><\/p>\n<p style=\"text-align: justify;\">Chaloupka se zaplnila do posledn\u00edho m\u00edste\u010dka. K na\u0161\u00ed radosti p\u0159ijeli i na\u0161i sourozenci v Kristu z Kate\u0159inic. Tak jako tradi\u010dn\u011b, chv\u00e1lili jsme P\u00e1na p\u00edsn\u011bmi a pot\u00e9 se zam\u00fd\u0161leli nad \u00fakolem sobotn\u00ed \u0161koly s Petrem Kimlerem. T\u00e9ma bylo &#8222;Chlubit se k\u0159\u00ed\u017eem&#8220;. Krist\u016fv k\u0159\u00ed\u017e p\u0159in\u00e1\u0161\u00ed do \u017eivota v\u011b\u0159\u00edc\u00edho \u010dlov\u011bka radik\u00e1ln\u00ed zm\u011bnu. K\u0159\u00ed\u017e n\u00e1s vyz\u00fdv\u00e1 k tomu, abychom p\u0159ehodnotili sv\u016fj pohled na sebe, ale i to, jak\u00fd vztah m\u00e1me k sv\u011btu. Sv\u011bt &#8211; sou\u010dasn\u00e1 doba a v\u0161e, co s sebou p\u0159in\u00e1\u0161\u00ed &#8211; stoj\u00ed v opozici v\u016f\u010di Bohu. Pokud jsme v\u0161ak zem\u0159eli s Kristem, sv\u011bt nad n\u00e1mi u\u017e nem\u00e1 tu zotro\u010duj\u00edc\u00ed moc, jakou m\u011bl kdysi. Star\u00fd \u017eivot, kter\u00fdm jsme \u017eili, skon\u010dil.<\/p>\n<p style=\"text-align: justify;\">Sobotn\u00ed \u0161kolku d\u011bt\u00ed dnes vedl Petr Ch\u00e1ra. A proto\u017ee slun\u00ed\u010dko kr\u00e1sn\u011b sv\u00edtilo, se\u0161li se v\u0161ichni na zahrad\u011b za d\u0159ev\u011bnic\u00ed. D\u011bti si pov\u00eddaly o obyvatel\u00edch b\u00fdval\u00e9 chaloupky a pod\u00edvat se \u0161ly i do p\u0159ilehl\u00e9ho muzea.<\/p>\n<p style=\"text-align: justify;\"><a href=\"https:\/\/valasskemezirici.casd.cz\/?attachment_id=3592\" rel=\"attachment wp-att-3592\"><img loading=\"lazy\" decoding=\"async\" class=\"alignnone wp-image-3592\" src=\"https:\/\/valasskemezirici.casd.cz\/wp-content\/uploads\/2017\/10\/DSCN7853.jpg\" alt=\"\" height=\"453\" width=\"603\" srcset=\"https:\/\/valasskemezirici.casd.cz\/wp-content\/uploads\/2017\/10\/DSCN7853.jpg 2272w, https:\/\/valasskemezirici.casd.cz\/wp-content\/uploads\/2017\/10\/DSCN7853-300x225.jpg 300w, https:\/\/valasskemezirici.casd.cz\/wp-content\/uploads\/2017\/10\/DSCN7853-768x576.jpg 768w, https:\/\/valasskemezirici.casd.cz\/wp-content\/uploads\/2017\/10\/DSCN7853-1024x768.jpg 1024w\" sizes=\"auto, (max-width: 603px) 100vw, 603px\" \/><\/a><\/p>\n<p style=\"text-align: justify;\">Po sobotn\u00ed \u0161kole n\u00e1m Jindra Kimler p\u0159ipom\u011bl sv\u00e1tek Jom Kipur, kter\u00fd p\u0159ipad\u00e1 pr\u00e1v\u011b na dne\u0161n\u00ed den. Potom u\u017e jsme si pochutnali na d\u00fd\u0148ov\u00e9 pol\u00e9vce a \u0159ad\u011b jin\u00fdch dobrot, a v\u0161echno bylo opravdu v\u00fdborn\u00e9. Abychom se z p\u0159em\u00edry j\u00eddla nezakulatili, vyrazili jsme na proch\u00e1zku do kr\u00e1sn\u00e9ho okol\u00ed Trojanovic.<\/p>\n<p style=\"text-align: justify;\"><a href=\"https:\/\/valasskemezirici.casd.cz\/?attachment_id=3613\" rel=\"attachment wp-att-3613\"><img loading=\"lazy\" decoding=\"async\" class=\"alignnone  wp-image-3613\" src=\"https:\/\/valasskemezirici.casd.cz\/wp-content\/uploads\/2017\/10\/DSCN7856.jpg\" alt=\"\" height=\"803\" width=\"602\" srcset=\"https:\/\/valasskemezirici.casd.cz\/wp-content\/uploads\/2017\/10\/DSCN7856.jpg 1704w, https:\/\/valasskemezirici.casd.cz\/wp-content\/uploads\/2017\/10\/DSCN7856-225x300.jpg 225w, https:\/\/valasskemezirici.casd.cz\/wp-content\/uploads\/2017\/10\/DSCN7856-768x1024.jpg 768w\" sizes=\"auto, (max-width: 602px) 100vw, 602px\" \/><\/a><\/p>\n<p style=\"text-align: justify;\"><a href=\"https:\/\/valasskemezirici.casd.cz\/?attachment_id=3593\" rel=\"attachment wp-att-3593\"><img loading=\"lazy\" decoding=\"async\" class=\"alignnone wp-image-3593\" src=\"https:\/\/valasskemezirici.casd.cz\/wp-content\/uploads\/2017\/10\/DSCN7862.jpg\" alt=\"\" height=\"451\" width=\"601\" srcset=\"https:\/\/valasskemezirici.casd.cz\/wp-content\/uploads\/2017\/10\/DSCN7862.jpg 2272w, https:\/\/valasskemezirici.casd.cz\/wp-content\/uploads\/2017\/10\/DSCN7862-300x225.jpg 300w, https:\/\/valasskemezirici.casd.cz\/wp-content\/uploads\/2017\/10\/DSCN7862-768x576.jpg 768w, https:\/\/valasskemezirici.casd.cz\/wp-content\/uploads\/2017\/10\/DSCN7862-1024x768.jpg 1024w\" sizes=\"auto, (max-width: 601px) 100vw, 601px\" \/><\/a> <a href=\"https:\/\/valasskemezirici.casd.cz\/?attachment_id=3594\" rel=\"attachment wp-att-3594\"><img loading=\"lazy\" decoding=\"async\" class=\"alignnone wp-image-3594\" src=\"https:\/\/valasskemezirici.casd.cz\/wp-content\/uploads\/2017\/10\/DSCN7863.jpg\" alt=\"\" height=\"796\" width=\"597\" srcset=\"https:\/\/valasskemezirici.casd.cz\/wp-content\/uploads\/2017\/10\/DSCN7863.jpg 1704w, https:\/\/valasskemezirici.casd.cz\/wp-content\/uploads\/2017\/10\/DSCN7863-225x300.jpg 225w, https:\/\/valasskemezirici.casd.cz\/wp-content\/uploads\/2017\/10\/DSCN7863-768x1024.jpg 768w\" sizes=\"auto, (max-width: 597px) 100vw, 597px\" \/><\/a>&nbsp;<\/p>\n<p style=\"text-align: justify;\"><a href=\"https:\/\/valasskemezirici.casd.cz\/?attachment_id=3596\" rel=\"attachment wp-att-3596\"><img loading=\"lazy\" decoding=\"async\" class=\"alignnone wp-image-3596\" src=\"https:\/\/valasskemezirici.casd.cz\/wp-content\/uploads\/2017\/10\/DSCF4001.jpg\" alt=\"\" height=\"397\" width=\"596\" srcset=\"https:\/\/valasskemezirici.casd.cz\/wp-content\/uploads\/2017\/10\/DSCF4001.jpg 2000w, https:\/\/valasskemezirici.casd.cz\/wp-content\/uploads\/2017\/10\/DSCF4001-300x200.jpg 300w, https:\/\/valasskemezirici.casd.cz\/wp-content\/uploads\/2017\/10\/DSCF4001-768x512.jpg 768w, https:\/\/valasskemezirici.casd.cz\/wp-content\/uploads\/2017\/10\/DSCF4001-1024x682.jpg 1024w\" sizes=\"auto, (max-width: 596px) 100vw, 596px\" \/><\/a> <a href=\"https:\/\/valasskemezirici.casd.cz\/?attachment_id=3597\" rel=\"attachment wp-att-3597\"><img loading=\"lazy\" decoding=\"async\" class=\"alignnone wp-image-3597\" src=\"https:\/\/valasskemezirici.casd.cz\/wp-content\/uploads\/2017\/10\/DSCF4005.jpg\" alt=\"\" height=\"398\" width=\"596\" srcset=\"https:\/\/valasskemezirici.casd.cz\/wp-content\/uploads\/2017\/10\/DSCF4005.jpg 2000w, https:\/\/valasskemezirici.casd.cz\/wp-content\/uploads\/2017\/10\/DSCF4005-300x200.jpg 300w, https:\/\/valasskemezirici.casd.cz\/wp-content\/uploads\/2017\/10\/DSCF4005-768x512.jpg 768w, https:\/\/valasskemezirici.casd.cz\/wp-content\/uploads\/2017\/10\/DSCF4005-1024x683.jpg 1024w\" sizes=\"auto, (max-width: 596px) 100vw, 596px\" \/><\/a> <a href=\"https:\/\/valasskemezirici.casd.cz\/?attachment_id=3598\" rel=\"attachment wp-att-3598\"><img loading=\"lazy\" decoding=\"async\" class=\"alignnone wp-image-3598\" src=\"https:\/\/valasskemezirici.casd.cz\/wp-content\/uploads\/2017\/10\/DSCF4006.jpg\" alt=\"\" height=\"396\" width=\"594\" srcset=\"https:\/\/valasskemezirici.casd.cz\/wp-content\/uploads\/2017\/10\/DSCF4006.jpg 2000w, https:\/\/valasskemezirici.casd.cz\/wp-content\/uploads\/2017\/10\/DSCF4006-300x200.jpg 300w, https:\/\/valasskemezirici.casd.cz\/wp-content\/uploads\/2017\/10\/DSCF4006-768x512.jpg 768w, https:\/\/valasskemezirici.casd.cz\/wp-content\/uploads\/2017\/10\/DSCF4006-1024x682.jpg 1024w\" sizes=\"auto, (max-width: 594px) 100vw, 594px\" \/><\/a> <a href=\"https:\/\/valasskemezirici.casd.cz\/?attachment_id=3599\" rel=\"attachment wp-att-3599\"><img loading=\"lazy\" decoding=\"async\" class=\"alignnone wp-image-3599\" src=\"https:\/\/valasskemezirici.casd.cz\/wp-content\/uploads\/2017\/10\/DSCF4014.jpg\" alt=\"\" height=\"397\" width=\"596\" srcset=\"https:\/\/valasskemezirici.casd.cz\/wp-content\/uploads\/2017\/10\/DSCF4014.jpg 2000w, https:\/\/valasskemezirici.casd.cz\/wp-content\/uploads\/2017\/10\/DSCF4014-300x200.jpg 300w, https:\/\/valasskemezirici.casd.cz\/wp-content\/uploads\/2017\/10\/DSCF4014-768x512.jpg 768w, https:\/\/valasskemezirici.casd.cz\/wp-content\/uploads\/2017\/10\/DSCF4014-1024x682.jpg 1024w\" sizes=\"auto, (max-width: 596px) 100vw, 596px\" \/><\/a> <a href=\"https:\/\/valasskemezirici.casd.cz\/?attachment_id=3600\" rel=\"attachment wp-att-3600\"><img loading=\"lazy\" decoding=\"async\" class=\"alignnone wp-image-3600\" src=\"https:\/\/valasskemezirici.casd.cz\/wp-content\/uploads\/2017\/10\/DSCF4015.jpg\" alt=\"\" height=\"397\" width=\"596\" srcset=\"https:\/\/valasskemezirici.casd.cz\/wp-content\/uploads\/2017\/10\/DSCF4015.jpg 2000w, https:\/\/valasskemezirici.casd.cz\/wp-content\/uploads\/2017\/10\/DSCF4015-300x200.jpg 300w, https:\/\/valasskemezirici.casd.cz\/wp-content\/uploads\/2017\/10\/DSCF4015-768x512.jpg 768w, https:\/\/valasskemezirici.casd.cz\/wp-content\/uploads\/2017\/10\/DSCF4015-1024x682.jpg 1024w\" sizes=\"auto, (max-width: 596px) 100vw, 596px\" \/><\/a> <a href=\"https:\/\/valasskemezirici.casd.cz\/?attachment_id=3601\" rel=\"attachment wp-att-3601\"><img loading=\"lazy\" decoding=\"async\" class=\"alignnone wp-image-3601\" src=\"https:\/\/valasskemezirici.casd.cz\/wp-content\/uploads\/2017\/10\/DSCF4018.jpg\" alt=\"\" height=\"397\" width=\"596\" srcset=\"https:\/\/valasskemezirici.casd.cz\/wp-content\/uploads\/2017\/10\/DSCF4018.jpg 2000w, https:\/\/valasskemezirici.casd.cz\/wp-content\/uploads\/2017\/10\/DSCF4018-300x200.jpg 300w, https:\/\/valasskemezirici.casd.cz\/wp-content\/uploads\/2017\/10\/DSCF4018-768x512.jpg 768w, https:\/\/valasskemezirici.casd.cz\/wp-content\/uploads\/2017\/10\/DSCF4018-1024x682.jpg 1024w\" sizes=\"auto, (max-width: 596px) 100vw, 596px\" \/><\/a> <a href=\"https:\/\/valasskemezirici.casd.cz\/?attachment_id=3602\" rel=\"attachment wp-att-3602\"><img loading=\"lazy\" decoding=\"async\" class=\"alignnone wp-image-3602\" src=\"https:\/\/valasskemezirici.casd.cz\/wp-content\/uploads\/2017\/10\/DSCF4019.jpg\" alt=\"\" height=\"396\" width=\"594\" srcset=\"https:\/\/valasskemezirici.casd.cz\/wp-content\/uploads\/2017\/10\/DSCF4019.jpg 2000w, https:\/\/valasskemezirici.casd.cz\/wp-content\/uploads\/2017\/10\/DSCF4019-300x200.jpg 300w, https:\/\/valasskemezirici.casd.cz\/wp-content\/uploads\/2017\/10\/DSCF4019-768x512.jpg 768w, https:\/\/valasskemezirici.casd.cz\/wp-content\/uploads\/2017\/10\/DSCF4019-1024x682.jpg 1024w\" sizes=\"auto, (max-width: 594px) 100vw, 594px\" \/><\/a><\/p>\n<p style=\"text-align: justify;\">Osv\u011b\u017eeni p\u0159\u00edjemn\u00fdm podzimn\u00edm vzduchem a dru\u017en\u00fdmi rozhovory se\u0161li jsme se op\u011bt v d\u0159ev\u011bnici, abychom si vyslechli slov\u00ed\u010dko p\u0159ed k\u00e1z\u00e1n\u00edm Ivy Bure\u0161ov\u00e9 o far\u00e1\u0159i Jeanu-Baptistovi Maria Vianney, kter\u00fd p\u016fsobil ve vesni\u010dce Ars ve Francii v dob\u011b po francouzsk\u00e9 revoluci a sv\u00fdm p\u0159\u00edkladem \u017eivota s Bohem dok\u00e1zal prom\u011bnit ateistickou oblast v k\u0159es\u0165anskou a ovlivnit i neskute\u010dn\u00e9 mno\u017estv\u00ed lid\u00ed z Evropy i Ameriky.<\/p>\n<p style=\"text-align: justify;\"><a href=\"https:\/\/valasskemezirici.casd.cz\/?attachment_id=3609\" rel=\"attachment wp-att-3609\"><img loading=\"lazy\" decoding=\"async\" class=\"alignnone wp-image-3609\" src=\"https:\/\/valasskemezirici.casd.cz\/wp-content\/uploads\/2017\/10\/DSCF4026.jpg\" alt=\"\" height=\"393\" width=\"590\" srcset=\"https:\/\/valasskemezirici.casd.cz\/wp-content\/uploads\/2017\/10\/DSCF4026.jpg 2000w, https:\/\/valasskemezirici.casd.cz\/wp-content\/uploads\/2017\/10\/DSCF4026-300x200.jpg 300w, https:\/\/valasskemezirici.casd.cz\/wp-content\/uploads\/2017\/10\/DSCF4026-768x512.jpg 768w, https:\/\/valasskemezirici.casd.cz\/wp-content\/uploads\/2017\/10\/DSCF4026-1024x682.jpg 1024w\" sizes=\"auto, (max-width: 590px) 100vw, 590px\" \/><\/a><\/p>\n<p style=\"text-align: justify;\">&nbsp;<a href=\"https:\/\/valasskemezirici.casd.cz\/?attachment_id=3608\" rel=\"attachment wp-att-3608\"><img loading=\"lazy\" decoding=\"async\" class=\"alignnone wp-image-3608\" src=\"https:\/\/valasskemezirici.casd.cz\/wp-content\/uploads\/2017\/10\/DSCF4030.jpg\" alt=\"\" height=\"391\" width=\"587\" srcset=\"https:\/\/valasskemezirici.casd.cz\/wp-content\/uploads\/2017\/10\/DSCF4030.jpg 2000w, https:\/\/valasskemezirici.casd.cz\/wp-content\/uploads\/2017\/10\/DSCF4030-300x200.jpg 300w, https:\/\/valasskemezirici.casd.cz\/wp-content\/uploads\/2017\/10\/DSCF4030-768x512.jpg 768w, https:\/\/valasskemezirici.casd.cz\/wp-content\/uploads\/2017\/10\/DSCF4030-1024x682.jpg 1024w\" sizes=\"auto, (max-width: 587px) 100vw, 587px\" \/><\/a><\/p>\n<p style=\"text-align: justify;\">V n\u00e1sleduj\u00edc\u00edm k\u00e1z\u00e1n\u00ed Pavla Koste\u010dky jsme se zam\u00fd\u0161leli nad des\u00e1tky. P\u0159epis k\u00e1z\u00e1n\u00ed najdete v archivu. A u\u017e nastal ten spr\u00e1vn\u00fd okam\u017eik na d\u011bkovn\u00e9 modlitby na\u0161emu Stvo\u0159iteli. D\u016fvod\u016f je nespo\u010det.<\/p>\n<p style=\"text-align: justify;\"><a href=\"https:\/\/valasskemezirici.casd.cz\/?attachment_id=3603\" rel=\"attachment wp-att-3603\"><img loading=\"lazy\" decoding=\"async\" class=\"alignnone wp-image-3603\" src=\"https:\/\/valasskemezirici.casd.cz\/wp-content\/uploads\/2017\/10\/032.jpg\" alt=\"\" height=\"875\" width=\"605\" srcset=\"https:\/\/valasskemezirici.casd.cz\/wp-content\/uploads\/2017\/10\/032.jpg 830w, https:\/\/valasskemezirici.casd.cz\/wp-content\/uploads\/2017\/10\/032-208x300.jpg 208w, https:\/\/valasskemezirici.casd.cz\/wp-content\/uploads\/2017\/10\/032-768x1110.jpg 768w, https:\/\/valasskemezirici.casd.cz\/wp-content\/uploads\/2017\/10\/032-708x1024.jpg 708w\" sizes=\"auto, (max-width: 605px) 100vw, 605px\" \/><\/a><\/p>\n<p style=\"text-align: justify;\"><a href=\"https:\/\/valasskemezirici.casd.cz\/?attachment_id=3606\" rel=\"attachment wp-att-3606\"><img loading=\"lazy\" decoding=\"async\" class=\"alignnone wp-image-3606\" src=\"https:\/\/valasskemezirici.casd.cz\/wp-content\/uploads\/2017\/10\/DSCN7867.jpg\" alt=\"\" height=\"452\" width=\"603\" srcset=\"https:\/\/valasskemezirici.casd.cz\/wp-content\/uploads\/2017\/10\/DSCN7867.jpg 2272w, https:\/\/valasskemezirici.casd.cz\/wp-content\/uploads\/2017\/10\/DSCN7867-300x225.jpg 300w, https:\/\/valasskemezirici.casd.cz\/wp-content\/uploads\/2017\/10\/DSCN7867-768x576.jpg 768w, https:\/\/valasskemezirici.casd.cz\/wp-content\/uploads\/2017\/10\/DSCN7867-1024x768.jpg 1024w\" sizes=\"auto, (max-width: 603px) 100vw, 603px\" \/><\/a><\/p>\n<p style=\"text-align: justify;\">Ukon\u010den\u00ed na\u0161ich dn\u016f d\u00edk\u016fvzd\u00e1n\u00ed pat\u0159\u00ed v\u017edy tombole. Letos se se\u0161lo v\u00edce d\u00e1rk\u016f, ne\u017e bylo \u00fa\u010dastn\u00edk\u016f, tak\u017ee St\u00e1zinka m\u011bla opravdu hodn\u011b pr\u00e1ce s v\u00fdb\u011brem v\u00fdhern\u00edch \u010d\u00edsel. V\u0161ichni byli spokojen\u00ed, rozveselen\u00ed, ale proto\u017ee den u\u017e se pomalu p\u0159ehoupl v p\u0159\u00edjemn\u00fd podve\u010der, dojedli jsme zbytky dobrot, rozlou\u010dili se a pomalu jsme se rozjeli do sv\u00fdch domov\u016f. Tak zase za rok !<\/p>\n<p style=\"text-align: justify;\"><a href=\"https:\/\/valasskemezirici.casd.cz\/?attachment_id=3604\" rel=\"attachment wp-att-3604\"><img loading=\"lazy\" decoding=\"async\" class=\"alignnone wp-image-3604\" src=\"https:\/\/valasskemezirici.casd.cz\/wp-content\/uploads\/2017\/10\/DSCF4061.jpg\" alt=\"\" height=\"396\" width=\"594\" srcset=\"https:\/\/valasskemezirici.casd.cz\/wp-content\/uploads\/2017\/10\/DSCF4061.jpg 2000w, https:\/\/valasskemezirici.casd.cz\/wp-content\/uploads\/2017\/10\/DSCF4061-300x200.jpg 300w, https:\/\/valasskemezirici.casd.cz\/wp-content\/uploads\/2017\/10\/DSCF4061-768x512.jpg 768w, https:\/\/valasskemezirici.casd.cz\/wp-content\/uploads\/2017\/10\/DSCF4061-1024x682.jpg 1024w\" sizes=\"auto, (max-width: 594px) 100vw, 594px\" \/><\/a> <a href=\"https:\/\/valasskemezirici.casd.cz\/?attachment_id=3605\" rel=\"attachment wp-att-3605\"><img loading=\"lazy\" decoding=\"async\" class=\"alignnone wp-image-3605\" src=\"https:\/\/valasskemezirici.casd.cz\/wp-content\/uploads\/2017\/10\/DSCF4070.jpg\" alt=\"\" height=\"393\" width=\"590\" srcset=\"https:\/\/valasskemezirici.casd.cz\/wp-content\/uploads\/2017\/10\/DSCF4070.jpg 2000w, https:\/\/valasskemezirici.casd.cz\/wp-content\/uploads\/2017\/10\/DSCF4070-300x200.jpg 300w, https:\/\/valasskemezirici.casd.cz\/wp-content\/uploads\/2017\/10\/DSCF4070-768x512.jpg 768w, https:\/\/valasskemezirici.casd.cz\/wp-content\/uploads\/2017\/10\/DSCF4070-1024x682.jpg 1024w\" sizes=\"auto, (max-width: 590px) 100vw, 590px\" \/><\/a><\/p>\n<p style=\"text-align: justify;\">&nbsp;<\/p>\n<p style=\"text-align: justify;\">&nbsp;<\/p>\n<p>&nbsp;<\/p>\n","protected":false},"excerpt":{"rendered":"<p>Tak jako ka\u017ed\u00fdm rokem na po\u010d\u00e1tku podzimu, i letos jsme se se\u0161li v Trojanovic\u00edch v kr\u00e1sn\u00e9 d\u0159ev\u011bnici stoj\u00edc\u00ed na m\u00edst\u011b chaloupky, ve kter\u00e9 se narodilo hned&nbsp; 5 v\u00fdznamn\u00fdch osobnost\u00ed vala\u0161sk\u00e9ho kraje &#8211; socha\u0159 Jan Knebl a jeho \u010dty\u0159i synovci, brat\u0159i Strnadlov\u00e9 &#8211; spisovatel\u00e9, liter\u00e1ti a v\u00fdtvarn\u00edci. Hlavn\u00edm mottem dne\u0161n\u00ed bohoslu\u017eby v tomto netradi\u010dn\u00edm prot\u0159ed\u00ed byl [&hellip;]<\/p>\n","protected":false},"author":1,"featured_media":0,"comment_status":"closed","ping_status":"open","sticky":false,"template":"","format":"standard","meta":{"ngg_post_thumbnail":0,"footnotes":""},"categories":[1],"tags":[],"class_list":["post-3578","post","type-post","status-publish","format-standard","hentry","category-nezarazene"],"_links":{"self":[{"href":"https:\/\/valasskemezirici.casd.cz\/index.php?rest_route=\/wp\/v2\/posts\/3578","targetHints":{"allow":["GET"]}}],"collection":[{"href":"https:\/\/valasskemezirici.casd.cz\/index.php?rest_route=\/wp\/v2\/posts"}],"about":[{"href":"https:\/\/valasskemezirici.casd.cz\/index.php?rest_route=\/wp\/v2\/types\/post"}],"author":[{"embeddable":true,"href":"https:\/\/valasskemezirici.casd.cz\/index.php?rest_route=\/wp\/v2\/users\/1"}],"replies":[{"embeddable":true,"href":"https:\/\/valasskemezirici.casd.cz\/index.php?rest_route=%2Fwp%2Fv2%2Fcomments&post=3578"}],"version-history":[{"count":4,"href":"https:\/\/valasskemezirici.casd.cz\/index.php?rest_route=\/wp\/v2\/posts\/3578\/revisions"}],"predecessor-version":[{"id":3616,"href":"https:\/\/valasskemezirici.casd.cz\/index.php?rest_route=\/wp\/v2\/posts\/3578\/revisions\/3616"}],"wp:attachment":[{"href":"https:\/\/valasskemezirici.casd.cz\/index.php?rest_route=%2Fwp%2Fv2%2Fmedia&parent=3578"}],"wp:term":[{"taxonomy":"category","embeddable":true,"href":"https:\/\/valasskemezirici.casd.cz\/index.php?rest_route=%2Fwp%2Fv2%2Fcategories&post=3578"},{"taxonomy":"post_tag","embeddable":true,"href":"https:\/\/valasskemezirici.casd.cz\/index.php?rest_route=%2Fwp%2Fv2%2Ftags&post=3578"}],"curies":[{"name":"wp","href":"https:\/\/api.w.org\/{rel}","templated":true}]}}