{"id":3629,"date":"2017-10-07T17:14:23","date_gmt":"2017-10-07T15:14:23","guid":{"rendered":"http:\/\/valasskemezirici.casd.cz\/?p=3629"},"modified":"2017-10-07T17:17:03","modified_gmt":"2017-10-07T15:17:03","slug":"sobota-7-10-2017","status":"publish","type":"post","link":"https:\/\/valasskemezirici.casd.cz\/?p=3629","title":{"rendered":"Sobota 7.10.2017"},"content":{"rendered":"<p>Dne\u0161n\u00ed sobota byla ve znamen\u00ed kapesn\u00edk\u016f, k\u00fdch\u00e1n\u00ed a ka\u0161l\u00e1n\u00ed. Inu sychrav\u00e1 podzimn\u00ed r\u00e1na u\u017e jsou tady a my si na n\u011b mus\u00edme teprve zvyknout.<\/p>\n<p style=\"text-align: justify;\">Sobotn\u00ed \u0161kolou na t\u00e9ma &#8222;Apo\u0161tol Pavel v \u0158\u00edm\u011b&#8220; pod veden\u00edm Pavla Pimka jsme zah\u00e1jili studium Listu \u0158\u00edman\u016fm. Pavel psal sv\u016fj dopis pravd\u011bpodobn\u011b okolo roku 58 po Kr. v \u0159eck\u00e9m m\u011bst\u011b Kenchreje, kter\u00e9 slou\u017eilo jako v\u00fdchodn\u00ed p\u0159\u00edstav tehdej\u0161\u00edho Korintu. P\u0159i sv\u00e9 n\u00e1v\u0161t\u011bv\u011b sbor\u016f v galacii Pavel zjistil, \u017ee fale\u0161n\u00fdm u\u010ditel\u016fm se b\u011bhem jeho nep\u0159\u00edtomnosti poda\u0159ilo mnoho bratr\u016f a sester p\u0159esv\u011bd\u010dit, aby se znovu vr\u00e1tili k ob\u0159\u00edzce a dodr\u017eov\u00e1n\u00ed ceremoni\u00e1ln\u00edch ustanoven\u00ed Moj\u017e\u00ed\u0161ova z\u00e1kona. V obav\u011b, \u017ee tito lid\u00e9 p\u0159ijdou do \u0158\u00edma je\u0161t\u011b p\u0159ed jeho p\u0159\u00edchodem, p\u00ed\u0161e k\u0159es\u0165an\u016fm v \u0158\u00edm\u011b list. Chce zabr\u00e1nit podobn\u00e9mu ne\u0161t\u011bst\u00ed. Na konci sv\u00e9ho dopisu p\u00ed\u0161e Pavel \u0158\u00edman\u016fm, \u017ee by je r\u00e1d nav\u0161t\u00edvil. Cht\u011bl, aby v\u011bd\u011bli o jeho touze po osobn\u00edm setk\u00e1n\u00ed a vysv\u011btluje, pro\u010d se mu to dosud nepoda\u0159ilo. Velk\u00fd mision\u00e1\u0159 pohan\u016f si uv\u011bdomoval, \u017ee jeho posl\u00e1n\u00edm je p\u0159in\u00e1\u0161et evangelium na m\u00edsta, kde o n\u011bm lid\u00e9 je\u0161t\u011b nesly\u0161eli. V oblastech, kde u\u017e lid\u00e9 o Kristu v\u011bd\u011bli, nechal p\u016fsobit sv\u00e9 spolupracovn\u00edky. Jeho c\u00edlem bylo p\u0159in\u00e9st evangelium do \u0160pan\u011blska.<\/p>\n<p style=\"text-align: justify;\"><a href=\"https:\/\/valasskemezirici.casd.cz\/?attachment_id=3630\" rel=\"attachment wp-att-3630\"><img loading=\"lazy\" decoding=\"async\" class=\"alignnone wp-image-3630\" src=\"https:\/\/valasskemezirici.casd.cz\/wp-content\/uploads\/2017\/10\/DSCN7894.jpg\" alt=\"\" width=\"595\" height=\"793\" srcset=\"https:\/\/valasskemezirici.casd.cz\/wp-content\/uploads\/2017\/10\/DSCN7894.jpg 3864w, https:\/\/valasskemezirici.casd.cz\/wp-content\/uploads\/2017\/10\/DSCN7894-225x300.jpg 225w, https:\/\/valasskemezirici.casd.cz\/wp-content\/uploads\/2017\/10\/DSCN7894-768x1024.jpg 768w\" sizes=\"auto, (max-width: 595px) 100vw, 595px\" \/><\/a><\/p>\n<p style=\"text-align: justify;\">Apo\u0161tol Pavel se sice do \u0158\u00edma nakonec dostal, ale za \u00fapln\u011b jin\u00fdch okolnost\u00ed. Na konci sv\u00e9 t\u0159et\u00ed cesty se Pavel vr\u00e1til do Jeruzal\u00e9ma s finan\u010dn\u00ed podporou, kterou&nbsp; jeruzal\u00e9msk\u00fdm v\u011b\u0159\u00edc\u00edm poslali brat\u0159\u00ed z Evropy a Mal\u00e9 Asie. Tam se v\u0161ak stalo n\u011bco neo\u010dek\u00e1van\u00e9ho. Pavel byl zat\u010den a uv\u011bzn\u011bn. Po dvou letech v\u011bzn\u011bn\u00ed v Cesareji se odvolal k c\u00edsa\u0159i. Asi t\u0159i roky po uv\u011bzn\u011bn\u00ed se jako v\u011bze\u0148 dost\u00e1v\u00e1 do \u0158\u00edma. P\u0159esto\u017ee byl s\u00e1m ve v\u011bzen\u00ed, poda\u0159ilo se mu osvobodit mnoh\u00e9 z pout, kter\u00e1 je dr\u017eela v otroctv\u00ed h\u0159\u00edchu. A\u010dkoliv jeho p\u016fvodn\u00ed pl\u00e1ny byly jin\u00e9, c\u00edtil Pavel Bo\u017e\u00ed veden\u00ed. Prvotn\u00ed zklam\u00e1n\u00ed z uv\u011bzn\u011bn\u00ed se zm\u011bnilo v po\u017eehn\u00e1n\u00ed.<\/p>\n<p style=\"text-align: justify;\">Pavel k\u0159es\u0165any v \u0158\u00edme chv\u00e1lil pro jejich v\u00edru a naz\u00fdv\u00e1 je t\u011bmi, kte\u0159\u00ed jsou &#8222;povol\u00e1ni ke svatosti&#8220;. Neplat\u00ed to v\u0161ak pouze na n\u011b. My v\u0161ichni jsme byli povol\u00e1ni k z\u00e1chran\u011b a svatosti je\u0161t\u011b p\u0159ed zalo\u017een\u00edm sv\u011bta. B\u016fh v\u017edy tou\u017eil po tom, aby prost\u0159ednictv\u00edm Je\u017e\u00ed\u0161e Krista mohl zachr\u00e1nit cel\u00fd sv\u011bt. Nev\u00edme p\u0159esn\u011b, jak byl zalo\u017een k\u0159es\u0165ansk\u00fd sbor v \u0158\u00edm\u011b. Mo\u017en\u00e1 sbor zalo\u017eili lid\u00e9, kte\u0159\u00ed pro\u017eili obr\u00e1cen\u00ed p\u0159i Letnic\u00edch a pot\u00e9 nav\u0161t\u00edvili \u0158\u00edm. Je p\u0159ekvapuj\u00edc\u00ed, \u017ee jen n\u011bkolik let po Letnic\u00edch existuje sbor, kter\u00fd je ji\u017e v cel\u00e9m okol\u00ed zn\u00e1m, a p\u0159esto ho pravd\u011bpodobn\u011b je\u0161t\u011b nenav\u0161t\u00edvil \u017e\u00e1dn\u00fd z apo\u0161tol\u016f. Sbor byl siln\u00fd a horliv\u00fd a P\u00e1n ho vedl a p\u016fsobil v n\u011bm.<\/p>\n<p style=\"text-align: justify;\">Pavel uvedl o v\u011b\u0159\u00edc\u00edch v \u0158\u00edm\u011b t\u0159i skute\u010dnosti:<\/p>\n<ol>\n<li style=\"text-align: justify;\">jsou plni dobroty<\/li>\n<li style=\"text-align: justify;\">jsou napln\u011bni ve\u0161ker\u00fdm pozn\u00e1n\u00edm<\/li>\n<li style=\"text-align: justify;\">ukazuj\u00ed cestu jin\u00fdm<\/li>\n<\/ol>\n<p>Sobotn\u00ed \u0161kolu ml\u00e1de\u017en\u00edk\u016f vedla Iva Bure\u0161ov\u00e1 a stejn\u011b jako dosp\u011bl\u00ed studovali List \u0158\u00edman\u016fm.<\/p>\n<p><a href=\"https:\/\/valasskemezirici.casd.cz\/?attachment_id=3631\" rel=\"attachment wp-att-3631\"><img loading=\"lazy\" decoding=\"async\" class=\"alignnone wp-image-3631\" src=\"https:\/\/valasskemezirici.casd.cz\/wp-content\/uploads\/2017\/10\/DSCN7891.jpg\" alt=\"\" width=\"584\" height=\"438\" srcset=\"https:\/\/valasskemezirici.casd.cz\/wp-content\/uploads\/2017\/10\/DSCN7891.jpg 5152w, https:\/\/valasskemezirici.casd.cz\/wp-content\/uploads\/2017\/10\/DSCN7891-300x225.jpg 300w, https:\/\/valasskemezirici.casd.cz\/wp-content\/uploads\/2017\/10\/DSCN7891-768x576.jpg 768w, https:\/\/valasskemezirici.casd.cz\/wp-content\/uploads\/2017\/10\/DSCN7891-1024x768.jpg 1024w\" sizes=\"auto, (max-width: 584px) 100vw, 584px\" \/><\/a><\/p>\n<p><a href=\"https:\/\/valasskemezirici.casd.cz\/?attachment_id=3632\" rel=\"attachment wp-att-3632\"><img loading=\"lazy\" decoding=\"async\" class=\"alignnone wp-image-3632\" src=\"https:\/\/valasskemezirici.casd.cz\/wp-content\/uploads\/2017\/10\/DSCN7895.jpg\" alt=\"\" width=\"583\" height=\"437\" srcset=\"https:\/\/valasskemezirici.casd.cz\/wp-content\/uploads\/2017\/10\/DSCN7895.jpg 5152w, https:\/\/valasskemezirici.casd.cz\/wp-content\/uploads\/2017\/10\/DSCN7895-300x225.jpg 300w, https:\/\/valasskemezirici.casd.cz\/wp-content\/uploads\/2017\/10\/DSCN7895-768x576.jpg 768w, https:\/\/valasskemezirici.casd.cz\/wp-content\/uploads\/2017\/10\/DSCN7895-1024x768.jpg 1024w\" sizes=\"auto, (max-width: 583px) 100vw, 583px\" \/><\/a> <a href=\"https:\/\/valasskemezirici.casd.cz\/?attachment_id=3633\" rel=\"attachment wp-att-3633\"><img loading=\"lazy\" decoding=\"async\" class=\"alignnone wp-image-3633\" src=\"https:\/\/valasskemezirici.casd.cz\/wp-content\/uploads\/2017\/10\/DSCN7896.jpg\" alt=\"\" width=\"582\" height=\"776\" srcset=\"https:\/\/valasskemezirici.casd.cz\/wp-content\/uploads\/2017\/10\/DSCN7896.jpg 3864w, https:\/\/valasskemezirici.casd.cz\/wp-content\/uploads\/2017\/10\/DSCN7896-225x300.jpg 225w, https:\/\/valasskemezirici.casd.cz\/wp-content\/uploads\/2017\/10\/DSCN7896-768x1024.jpg 768w\" sizes=\"auto, (max-width: 582px) 100vw, 582px\" \/><\/a> <a href=\"https:\/\/valasskemezirici.casd.cz\/?attachment_id=3634\" rel=\"attachment wp-att-3634\"><img loading=\"lazy\" decoding=\"async\" class=\"alignnone wp-image-3634\" src=\"https:\/\/valasskemezirici.casd.cz\/wp-content\/uploads\/2017\/10\/DSCN7897.jpg\" alt=\"\" width=\"582\" height=\"436\" srcset=\"https:\/\/valasskemezirici.casd.cz\/wp-content\/uploads\/2017\/10\/DSCN7897.jpg 5152w, https:\/\/valasskemezirici.casd.cz\/wp-content\/uploads\/2017\/10\/DSCN7897-300x225.jpg 300w, https:\/\/valasskemezirici.casd.cz\/wp-content\/uploads\/2017\/10\/DSCN7897-768x576.jpg 768w, https:\/\/valasskemezirici.casd.cz\/wp-content\/uploads\/2017\/10\/DSCN7897-1024x768.jpg 1024w\" sizes=\"auto, (max-width: 582px) 100vw, 582px\" \/><\/a><\/p>\n<p><a href=\"https:\/\/valasskemezirici.casd.cz\/?attachment_id=3638\" rel=\"attachment wp-att-3638\"><img loading=\"lazy\" decoding=\"async\" class=\"alignnone  wp-image-3638\" src=\"https:\/\/valasskemezirici.casd.cz\/wp-content\/uploads\/2017\/10\/DSCN7898.jpg\" alt=\"\" width=\"583\" height=\"438\" srcset=\"https:\/\/valasskemezirici.casd.cz\/wp-content\/uploads\/2017\/10\/DSCN7898.jpg 5152w, https:\/\/valasskemezirici.casd.cz\/wp-content\/uploads\/2017\/10\/DSCN7898-300x225.jpg 300w, https:\/\/valasskemezirici.casd.cz\/wp-content\/uploads\/2017\/10\/DSCN7898-768x576.jpg 768w, https:\/\/valasskemezirici.casd.cz\/wp-content\/uploads\/2017\/10\/DSCN7898-1024x768.jpg 1024w\" sizes=\"auto, (max-width: 583px) 100vw, 583px\" \/><\/a><\/p>\n<p style=\"text-align: justify;\">Slov\u00ed\u010dko p\u0159ed k\u00e1z\u00e1n\u00edm Ivy Bure\u0161ov\u00e9 se zam\u00fd\u0161lelo nad t\u00edm, \u017ee na\u0161e \u0161patn\u00e9 vlastnosti nemus\u00ed b\u00fdt ke \u0161kod\u011b. N\u00e1\u0161 P\u00e1n se nesna\u017e\u00ed zm\u011bnit na\u0161e ne moc dobr\u00e9 vlastnosti, pouze je p\u0159etvo\u0159\u00ed v charisma. Ka\u017ed\u00fd z&nbsp;n\u00e1s m\u00e1 origin\u00e1ln\u00ed povahu. Kdy\u017e n\u00e1sledujeme Je\u017e\u00ed\u0161e, Je\u017e\u00ed\u0161 nechce, aby se n\u00e1\u0161 charakter zm\u011bnil. Chce jen prom\u011bnit negativn\u00ed sklony na\u0161\u00ed povahy v pozitivn\u00ed. Jako nap\u0159\u00edklad u apo\u0161tola Pavla &#8211; jeho ambicioznost, discipl\u00ednu a p\u0159esnost ve v\u0161em p\u0159etvo\u0159il B\u016fh ve sklony v nad\u0161en\u00ed, v horlivost. U apo\u0161tola Petra &#8211; py\u0161n\u00e9ho, st\u00e1le se vyvy\u0161uj\u00edc\u00edho nad ostatn\u00ed, sna\u017e\u00edc\u00edho se vyniknout, m\u011bn\u00ed tuto p\u00fdchu na dar v\u016fdcovstv\u00ed a d\u011bl\u00e1 z n\u011bho skute\u010dn\u00e9ho v\u016fdce, ale v\u016fdce v&nbsp;l\u00e1sce. Bu\u010fme vd\u011b\u010dni za sv\u00e9 h\u0159\u00edchy a s&nbsp;pokorou je p\u0159edkl\u00e1dejme P\u00e1nu k&nbsp;pou\u017eit\u00ed.<\/p>\n<p style=\"text-align: justify;\">K\u00e1z\u00e1n\u00edm n\u00e1m dnes poslou\u017eil kazatel Pavel Koste\u010dka a zam\u00fd\u0161lel se nad druh\u00fdm p\u0159\u00edchodem P\u00e1na Je\u017e\u00ed\u0161e a nad t\u00edm, jak se na n\u011bho m\u016f\u017eeme p\u0159ipravit. P\u0159epis k\u00e1z\u00e1n\u00ed najdete v archivu.<\/p>\n<p style=\"text-align: justify;\"><a href=\"https:\/\/valasskemezirici.casd.cz\/?attachment_id=3635\" rel=\"attachment wp-att-3635\"><img loading=\"lazy\" decoding=\"async\" class=\"alignnone wp-image-3635\" src=\"https:\/\/valasskemezirici.casd.cz\/wp-content\/uploads\/2017\/10\/DSCN7900.jpg\" alt=\"\" width=\"587\" height=\"441\" srcset=\"https:\/\/valasskemezirici.casd.cz\/wp-content\/uploads\/2017\/10\/DSCN7900.jpg 5152w, https:\/\/valasskemezirici.casd.cz\/wp-content\/uploads\/2017\/10\/DSCN7900-300x225.jpg 300w, https:\/\/valasskemezirici.casd.cz\/wp-content\/uploads\/2017\/10\/DSCN7900-768x576.jpg 768w, https:\/\/valasskemezirici.casd.cz\/wp-content\/uploads\/2017\/10\/DSCN7900-1024x768.jpg 1024w\" sizes=\"auto, (max-width: 587px) 100vw, 587px\" \/><\/a><\/p>\n<p style=\"text-align: justify;\">&nbsp;<\/p>\n","protected":false},"excerpt":{"rendered":"<p>Dne\u0161n\u00ed sobota byla ve znamen\u00ed kapesn\u00edk\u016f, k\u00fdch\u00e1n\u00ed a ka\u0161l\u00e1n\u00ed. Inu sychrav\u00e1 podzimn\u00ed r\u00e1na u\u017e jsou tady a my si na n\u011b mus\u00edme teprve zvyknout. Sobotn\u00ed \u0161kolou na t\u00e9ma &#8222;Apo\u0161tol Pavel v \u0158\u00edm\u011b&#8220; pod veden\u00edm Pavla Pimka jsme zah\u00e1jili studium Listu \u0158\u00edman\u016fm. Pavel psal sv\u016fj dopis pravd\u011bpodobn\u011b okolo roku 58 po Kr. v \u0159eck\u00e9m m\u011bst\u011b Kenchreje, [&hellip;]<\/p>\n","protected":false},"author":1,"featured_media":0,"comment_status":"closed","ping_status":"open","sticky":false,"template":"","format":"standard","meta":{"ngg_post_thumbnail":0,"footnotes":""},"categories":[1],"tags":[],"class_list":["post-3629","post","type-post","status-publish","format-standard","hentry","category-nezarazene"],"_links":{"self":[{"href":"https:\/\/valasskemezirici.casd.cz\/index.php?rest_route=\/wp\/v2\/posts\/3629","targetHints":{"allow":["GET"]}}],"collection":[{"href":"https:\/\/valasskemezirici.casd.cz\/index.php?rest_route=\/wp\/v2\/posts"}],"about":[{"href":"https:\/\/valasskemezirici.casd.cz\/index.php?rest_route=\/wp\/v2\/types\/post"}],"author":[{"embeddable":true,"href":"https:\/\/valasskemezirici.casd.cz\/index.php?rest_route=\/wp\/v2\/users\/1"}],"replies":[{"embeddable":true,"href":"https:\/\/valasskemezirici.casd.cz\/index.php?rest_route=%2Fwp%2Fv2%2Fcomments&post=3629"}],"version-history":[{"count":3,"href":"https:\/\/valasskemezirici.casd.cz\/index.php?rest_route=\/wp\/v2\/posts\/3629\/revisions"}],"predecessor-version":[{"id":3639,"href":"https:\/\/valasskemezirici.casd.cz\/index.php?rest_route=\/wp\/v2\/posts\/3629\/revisions\/3639"}],"wp:attachment":[{"href":"https:\/\/valasskemezirici.casd.cz\/index.php?rest_route=%2Fwp%2Fv2%2Fmedia&parent=3629"}],"wp:term":[{"taxonomy":"category","embeddable":true,"href":"https:\/\/valasskemezirici.casd.cz\/index.php?rest_route=%2Fwp%2Fv2%2Fcategories&post=3629"},{"taxonomy":"post_tag","embeddable":true,"href":"https:\/\/valasskemezirici.casd.cz\/index.php?rest_route=%2Fwp%2Fv2%2Ftags&post=3629"}],"curies":[{"name":"wp","href":"https:\/\/api.w.org\/{rel}","templated":true}]}}