{"id":3671,"date":"2017-10-21T21:31:36","date_gmt":"2017-10-21T19:31:36","guid":{"rendered":"http:\/\/valasskemezirici.casd.cz\/?p=3671"},"modified":"2017-10-21T21:31:36","modified_gmt":"2017-10-21T19:31:36","slug":"sobota-21-10-2017","status":"publish","type":"post","link":"https:\/\/valasskemezirici.casd.cz\/?p=3671","title":{"rendered":"Sobota 21.10.2017"},"content":{"rendered":"<p><a href=\"https:\/\/valasskemezirici.casd.cz\/?attachment_id=3672\" rel=\"attachment wp-att-3672\"><img loading=\"lazy\" decoding=\"async\" class=\"alignnone  wp-image-3672\" src=\"https:\/\/valasskemezirici.casd.cz\/wp-content\/uploads\/2017\/10\/DSCN7952.jpg\" alt=\"\" height=\"456\" width=\"607\" srcset=\"https:\/\/valasskemezirici.casd.cz\/wp-content\/uploads\/2017\/10\/DSCN7952.jpg 2272w, https:\/\/valasskemezirici.casd.cz\/wp-content\/uploads\/2017\/10\/DSCN7952-300x225.jpg 300w, https:\/\/valasskemezirici.casd.cz\/wp-content\/uploads\/2017\/10\/DSCN7952-768x576.jpg 768w, https:\/\/valasskemezirici.casd.cz\/wp-content\/uploads\/2017\/10\/DSCN7952-1024x768.jpg 1024w\" sizes=\"auto, (max-width: 607px) 100vw, 607px\" \/><\/a><\/p>\n<p><strong><em>Petr Hoff &#8211; Podzim<\/em><\/strong><\/p>\n<p><em>Zase n\u00e1s podzim nav\u0161t\u011bvuje<\/em><\/p>\n<p><em>a v d\u00e1lce po obloze pluje<\/em><\/p>\n<p><em>houf ta\u017en\u00fdch pt\u00e1k\u016f &#8211; odl\u00e9t\u00e1. <\/em><\/p>\n<p><em>za sluncem let\u00ed do sv\u011bta.<\/em><\/p>\n<p>&nbsp;<\/p>\n<p><em>A n\u00e1m, kdy\u017e chceme, l\u00e1ska prav\u00e1<\/em><\/p>\n<p><em>sv\u00e1 k\u0159\u00eddla tak\u00e9 darem d\u00e1v\u00e1<\/em><\/p>\n<p><em>a srdce let\u00ed, dom\u016f se vrac\u00ed,<\/em><\/p>\n<p><em>B\u016fh na\u0161e je slunce, my ta\u017en\u00ed jsme pt\u00e1ci.<\/em><\/p>\n<p>&nbsp;<\/p>\n<p style=\"text-align: justify;\">Sobotn\u00ed bohoslu\u017ebu jsme po obvykl\u00e9 p\u00edsni a modlitb\u011b zah\u00e1jili prom\u00edtnut\u00edm prvn\u00edho videa ze seri\u00e1lu k\u0159es\u0165ansk\u00e9ho port\u00e1lu HopeTV.sk &#8211; <strong>Lineage<\/strong>, kter\u00fd popisuje vznik protestantismu. Pot\u00e9 jsme se ji\u017e roze\u0161li do t\u0159\u00edd sobotn\u00ed \u0161koly &#8211; dosp\u011bl\u00e1ci, ml\u00e1de\u017e a d\u011bti.<\/p>\n<p style=\"text-align: justify;\">U\u010ditelem byl dnes Bohumil Mro\u010dek a probral s n\u00e1mi \u00fakol s n\u00e1zvem <strong>Daleko od Bo\u017e\u00ed sl\u00e1vy<\/strong>.&nbsp; Apo\u0161tol Pavel n\u00e1s usv\u011bd\u010duje, \u017ee v\u0161ichni lid\u00e9 jsou pod moc\u00ed h\u0159\u00edchu. Nez\u00e1le\u017e\u00ed na tom, jak se vid\u00edme my nebo jak n\u00e1s vid\u00ed lid\u00e9 okolo. D\u016fle\u017eit\u00e9 je, jak n\u00e1s vid\u00ed B\u016fh. Pavel n\u00e1m p\u0159in\u00e1\u0161\u00ed dobrou zpr\u00e1vu o Kristu jako o Mesi\u00e1\u0161i. Kristus ji\u017e p\u0159i\u0161el a kdo v n\u011bho v\u011b\u0159\u00ed, m\u016f\u017ee b\u00fdt zachr\u00e1n\u011bn. V\u011b\u010dnou z\u00e1chranu n\u00e1m toti\u017e nezajist\u00ed na\u0161e dobr\u00e9 skutky ani poslu\u0161nost z\u00e1kona, ale v\u00fdlu\u010dn\u011b Je\u017e\u00ed\u0161 a jeho dokonal\u00e1 spravedlnost. Spravedliv\u00fd je tedy ten, kdo je ospravedln\u011bn Bo\u017e\u00ed milost\u00ed a toto ospravedln\u011bn\u00ed p\u0159ijme v\u00edrou.<\/p>\n<p style=\"text-align: justify;\">N\u011bkte\u0159\u00ed lid\u00e9 jsou p\u0159esv\u011bd\u010deni, \u017ee jsou v podstat\u011b dob\u0159\u00ed. Srovn\u00e1vaj\u00ed se s druh\u00fdmi a zd\u00e1 se jim, \u017ee jsou na tom l\u00e9pe. V\u017edy najdeme n\u011bkoho, kdo je hor\u0161\u00ed ne\u017e my. To z n\u00e1s v\u0161ak ned\u011bl\u00e1 dobr\u00e9 lidi. Kdy\u017e se za\u010dneme porovn\u00e1vat se svat\u00fdm a spravedliv\u00fdm Bohem, uvid\u00edme vlastn\u00ed b\u00eddu a sami sob\u011b se zo\u0161kliv\u00edme. H\u0159\u00ed\u0161n\u00fd \u010dlov\u011bk nem\u016f\u017ee odr\u00e1\u017eet Bo\u017e\u00ed obraz a jeho sl\u00e1vu. Prvn\u00ed krok, kter\u00fd mus\u00edme ud\u011blat, je uznat vlastn\u00ed h\u0159\u00ed\u0161nost a bezmocnost. K tomu n\u00e1s vede Duch svat\u00fd. V\u00fdsledkem jeho p\u016fsoben\u00ed je hlubok\u00e1 l\u00edtost.<\/p>\n<p style=\"text-align: justify;\">Co maj\u00ed spole\u010dn\u00e9ho \u017eid\u00e9 a pohan\u00e9 ? V\u0161ichni jsme h\u0159\u00ed\u0161n\u00ed a v\u0161ichni m\u00e1me jedinou nad\u011bji v Kristov\u011b milosti.<\/p>\n<p style=\"text-align: justify;\">\u010casto se st\u00e1v\u00e1, \u017ee vid\u00edme h\u0159\u00edchy druh\u00fdch a poukazujeme na n\u011b. Kritikou v\u0161ak vyn\u00e1\u0161\u00edme rozsudek nad sebou.<\/p>\n<p style=\"text-align: justify;\">Bo\u017e\u00ed dobrota n\u00e1s chce k pok\u00e1n\u00ed &#8222;p\u0159iv\u00e9st&#8220;, ne &#8222;p\u0159inutit&#8220;. B\u016fh je \u00fa\u017easn\u011b trp\u011bliv\u00fd. Chce lidi p\u0159it\u00e1hnout svou l\u00e1skou. Skute\u010dn\u00e9 pok\u00e1n\u00ed, kter\u00e9 vych\u00e1z\u00ed ze srdce, v n\u00e1s automaticky probouz\u00ed touhu po zm\u011bn\u011b \u017eivota a v\u00edt\u011bzstv\u00ed nad h\u0159\u00edchem, kter\u00fd jsme vyznali.<\/p>\n<p style=\"text-align: justify;\"><a href=\"https:\/\/valasskemezirici.casd.cz\/?attachment_id=3673\" rel=\"attachment wp-att-3673\"><img loading=\"lazy\" decoding=\"async\" class=\"alignnone  wp-image-3673\" src=\"https:\/\/valasskemezirici.casd.cz\/wp-content\/uploads\/2017\/10\/DSCN7955.jpg\" alt=\"\" height=\"446\" width=\"595\" srcset=\"https:\/\/valasskemezirici.casd.cz\/wp-content\/uploads\/2017\/10\/DSCN7955.jpg 5152w, https:\/\/valasskemezirici.casd.cz\/wp-content\/uploads\/2017\/10\/DSCN7955-300x225.jpg 300w, https:\/\/valasskemezirici.casd.cz\/wp-content\/uploads\/2017\/10\/DSCN7955-768x576.jpg 768w, https:\/\/valasskemezirici.casd.cz\/wp-content\/uploads\/2017\/10\/DSCN7955-1024x768.jpg 1024w\" sizes=\"auto, (max-width: 595px) 100vw, 595px\" \/><\/a><\/p>\n<p style=\"text-align: justify;\">Slov\u00ed\u010dko p\u0159ed k\u00e1z\u00e1n\u00edm Ivy Bure\u0161ov\u00e9 hovo\u0159ilo o dvou bratrech, kte\u0159\u00ed se kv\u016fli malichernosti poh\u00e1dali a p\u0159estali spolu mluvit. Star\u0161\u00ed bratr nechal tesa\u0159em postavit mezi jejich domy vysok\u00fd plot, ale tesa\u0159 m\u00edsto plotu postavil most. Brat\u0159i si odpustili a tesa\u0159 ode\u0161el, proto\u017ee mus\u00ed postavit je\u0161t\u011b mnoho most\u016f mezi n\u00e1mi, lidmi.<\/p>\n<p style=\"text-align: justify;\">K\u00e1z\u00e1n\u00edm n\u00e1m dnes poslou\u017eila Blanka Novotn\u00e1 a zam\u00fd\u0161lela se nad Bo\u017e\u00edm chov\u00e1n\u00edm v p\u0159\u00edpad\u011b, \u017ee n\u00e1s ochrom\u00ed strach tak moc, \u017ee sel\u017ee na\u0161e v\u00edra. P\u0159epis najdete v archivu.<\/p>\n<p style=\"text-align: justify;\"><a href=\"https:\/\/valasskemezirici.casd.cz\/?attachment_id=3674\" rel=\"attachment wp-att-3674\"><img loading=\"lazy\" decoding=\"async\" class=\"alignnone  wp-image-3674\" src=\"https:\/\/valasskemezirici.casd.cz\/wp-content\/uploads\/2017\/10\/DSCN7956.jpg\" alt=\"\" height=\"451\" width=\"602\" srcset=\"https:\/\/valasskemezirici.casd.cz\/wp-content\/uploads\/2017\/10\/DSCN7956.jpg 5152w, https:\/\/valasskemezirici.casd.cz\/wp-content\/uploads\/2017\/10\/DSCN7956-300x225.jpg 300w, https:\/\/valasskemezirici.casd.cz\/wp-content\/uploads\/2017\/10\/DSCN7956-768x576.jpg 768w, https:\/\/valasskemezirici.casd.cz\/wp-content\/uploads\/2017\/10\/DSCN7956-1024x768.jpg 1024w\" sizes=\"auto, (max-width: 602px) 100vw, 602px\" \/><\/a><\/p>\n","protected":false},"excerpt":{"rendered":"<p>Petr Hoff &#8211; Podzim Zase n\u00e1s podzim nav\u0161t\u011bvuje a v d\u00e1lce po obloze pluje houf ta\u017en\u00fdch pt\u00e1k\u016f &#8211; odl\u00e9t\u00e1. za sluncem let\u00ed do sv\u011bta. &nbsp; A n\u00e1m, kdy\u017e chceme, l\u00e1ska prav\u00e1 sv\u00e1 k\u0159\u00eddla tak\u00e9 darem d\u00e1v\u00e1 a srdce let\u00ed, dom\u016f se vrac\u00ed, B\u016fh na\u0161e je slunce, my ta\u017en\u00ed jsme pt\u00e1ci. &nbsp; Sobotn\u00ed bohoslu\u017ebu jsme po [&hellip;]<\/p>\n","protected":false},"author":1,"featured_media":0,"comment_status":"closed","ping_status":"open","sticky":false,"template":"","format":"standard","meta":{"ngg_post_thumbnail":0,"footnotes":""},"categories":[1],"tags":[],"class_list":["post-3671","post","type-post","status-publish","format-standard","hentry","category-nezarazene"],"_links":{"self":[{"href":"https:\/\/valasskemezirici.casd.cz\/index.php?rest_route=\/wp\/v2\/posts\/3671","targetHints":{"allow":["GET"]}}],"collection":[{"href":"https:\/\/valasskemezirici.casd.cz\/index.php?rest_route=\/wp\/v2\/posts"}],"about":[{"href":"https:\/\/valasskemezirici.casd.cz\/index.php?rest_route=\/wp\/v2\/types\/post"}],"author":[{"embeddable":true,"href":"https:\/\/valasskemezirici.casd.cz\/index.php?rest_route=\/wp\/v2\/users\/1"}],"replies":[{"embeddable":true,"href":"https:\/\/valasskemezirici.casd.cz\/index.php?rest_route=%2Fwp%2Fv2%2Fcomments&post=3671"}],"version-history":[{"count":1,"href":"https:\/\/valasskemezirici.casd.cz\/index.php?rest_route=\/wp\/v2\/posts\/3671\/revisions"}],"predecessor-version":[{"id":3675,"href":"https:\/\/valasskemezirici.casd.cz\/index.php?rest_route=\/wp\/v2\/posts\/3671\/revisions\/3675"}],"wp:attachment":[{"href":"https:\/\/valasskemezirici.casd.cz\/index.php?rest_route=%2Fwp%2Fv2%2Fmedia&parent=3671"}],"wp:term":[{"taxonomy":"category","embeddable":true,"href":"https:\/\/valasskemezirici.casd.cz\/index.php?rest_route=%2Fwp%2Fv2%2Fcategories&post=3671"},{"taxonomy":"post_tag","embeddable":true,"href":"https:\/\/valasskemezirici.casd.cz\/index.php?rest_route=%2Fwp%2Fv2%2Ftags&post=3671"}],"curies":[{"name":"wp","href":"https:\/\/api.w.org\/{rel}","templated":true}]}}