{"id":3684,"date":"2017-10-30T17:18:38","date_gmt":"2017-10-30T16:18:38","guid":{"rendered":"http:\/\/valasskemezirici.casd.cz\/?p=3684"},"modified":"2017-10-30T17:18:38","modified_gmt":"2017-10-30T16:18:38","slug":"sobota-28-10-2017","status":"publish","type":"post","link":"https:\/\/valasskemezirici.casd.cz\/?p=3684","title":{"rendered":"Sobota 28.10.2017"},"content":{"rendered":"<p style=\"text-align: justify;\">Dne\u0161n\u00ed sobota je v na\u0161ich sborech sobotou stvo\u0159en\u00ed. Hned v \u00favodu sobotn\u00ed \u0161koly jsme proto shl\u00e9dli video na str\u00e1nk\u00e1ch CASD v\u011bnovan\u00e9 tomuto dni. P\u0159e\u010detli jsme si dne\u0161n\u00ed slovo z Jit\u0159enky, proto\u017ee je pro n\u00e1\u0161 sbor velmi aktu\u00e1ln\u00ed, a pochv\u00e1lili jsme d\u011bti za vyroben\u00ed plak\u00e1tu, kter\u00fdm n\u00e1m p\u0159ipomn\u011bly 500 v\u00fdro\u010d\u00ed dne, kdy Martin Luther p\u0159ibil na dve\u0159e kostela ve Wittenbergu sv\u00fdch 95 tez\u00ed. Potom u\u017e jsme se rozd\u011blili do skupinek a studovali \u00fakol s n\u00e1zvem Ospravedln\u011bn\u00ed z v\u00edry &#8211; dop\u011bl\u00ed pod veden\u00edm Ani\u010dky Petrovi\u010dov\u00e9 a ml\u00e1de\u017e s Ivou Bure\u0161ovou.<\/p>\n<p style=\"text-align: justify;\"><a href=\"https:\/\/valasskemezirici.casd.cz\/?attachment_id=3685\" rel=\"attachment wp-att-3685\"><img loading=\"lazy\" decoding=\"async\" class=\"alignnone  wp-image-3685\" src=\"https:\/\/valasskemezirici.casd.cz\/wp-content\/uploads\/2017\/10\/DSCN7991.jpg\" alt=\"\" width=\"591\" height=\"443\" srcset=\"https:\/\/valasskemezirici.casd.cz\/wp-content\/uploads\/2017\/10\/DSCN7991.jpg 5152w, https:\/\/valasskemezirici.casd.cz\/wp-content\/uploads\/2017\/10\/DSCN7991-300x225.jpg 300w, https:\/\/valasskemezirici.casd.cz\/wp-content\/uploads\/2017\/10\/DSCN7991-768x576.jpg 768w, https:\/\/valasskemezirici.casd.cz\/wp-content\/uploads\/2017\/10\/DSCN7991-1024x768.jpg 1024w\" sizes=\"auto, (max-width: 591px) 100vw, 591px\" \/><\/a> <a href=\"https:\/\/valasskemezirici.casd.cz\/?attachment_id=3686\" rel=\"attachment wp-att-3686\"><img loading=\"lazy\" decoding=\"async\" class=\"alignnone  wp-image-3686\" src=\"https:\/\/valasskemezirici.casd.cz\/wp-content\/uploads\/2017\/10\/DSCN7992.jpg\" alt=\"\" width=\"591\" height=\"444\" srcset=\"https:\/\/valasskemezirici.casd.cz\/wp-content\/uploads\/2017\/10\/DSCN7992.jpg 5152w, https:\/\/valasskemezirici.casd.cz\/wp-content\/uploads\/2017\/10\/DSCN7992-300x225.jpg 300w, https:\/\/valasskemezirici.casd.cz\/wp-content\/uploads\/2017\/10\/DSCN7992-768x576.jpg 768w, https:\/\/valasskemezirici.casd.cz\/wp-content\/uploads\/2017\/10\/DSCN7992-1024x768.jpg 1024w\" sizes=\"auto, (max-width: 591px) 100vw, 591px\" \/><\/a> <a href=\"https:\/\/valasskemezirici.casd.cz\/?attachment_id=3687\" rel=\"attachment wp-att-3687\"><img loading=\"lazy\" decoding=\"async\" class=\"alignnone  wp-image-3687\" src=\"https:\/\/valasskemezirici.casd.cz\/wp-content\/uploads\/2017\/10\/DSCN7994.jpg\" alt=\"\" width=\"589\" height=\"785\" srcset=\"https:\/\/valasskemezirici.casd.cz\/wp-content\/uploads\/2017\/10\/DSCN7994.jpg 3864w, https:\/\/valasskemezirici.casd.cz\/wp-content\/uploads\/2017\/10\/DSCN7994-225x300.jpg 225w, https:\/\/valasskemezirici.casd.cz\/wp-content\/uploads\/2017\/10\/DSCN7994-768x1024.jpg 768w\" sizes=\"auto, (max-width: 589px) 100vw, 589px\" \/><\/a><\/p>\n<p style=\"text-align: justify;\">\u00dakol se zab\u00fdval t\u00e9matem ospravedln\u011bn\u00ed. Ten, kdo poru\u0161il z\u00e1kon, p\u0159ich\u00e1z\u00ed p\u0159ed soudce a zaslou\u017e\u00ed trest. Na z\u00e1klad\u011b d\u016fkaz\u016f by m\u011bl b\u00fdt odsouzen. Pokud se ale objev\u00ed n\u011bkdo, kdo p\u0159estupek vezme za odsouzen\u00e9ho na sebe, pak se vin\u00edk st\u00e1v\u00e1 ospravedln\u011bn\u00fdm. P\u0159ed soudcem stoj\u00ed jako nevinn\u00fd \u010dlov\u011bk. Vinu na sebe v\u0161ak m\u016f\u017ee vz\u00edt pouze ten, kdo se s\u00e1m \u017e\u00e1dn\u00e9ho p\u0159estupku nedopustil. Tak je to i s na\u0161\u00edm h\u0159\u00edchem, na\u0161\u00ed vinou. Ka\u017ed\u00fd z n\u00e1s zh\u0159e\u0161il, ka\u017ed\u00fd si zaslou\u017e\u00ed trest. Ale na\u0161e h\u0159\u00edchy vzal na sebe Je\u017e\u00ed\u0161 Kristus, on &#8211; jako jedin\u00fd spravedliv\u00fd. T\u00edm n\u00e1s p\u0159ed Bohem o\u010distil, na\u0161e vina je n\u00e1m odpu\u0161t\u011bna d\u00edky z\u00e1stupn\u00e9 ob\u011bti Je\u017e\u00ed\u0161e.<\/p>\n<p style=\"text-align: justify;\">Je pro n\u00e1s d\u016fle\u017eit\u00e9 \u0159\u00eddit se z\u00e1konem Bo\u017e\u00edm. Ten n\u00e1m ukazuje na\u0161e selh\u00e1n\u00ed a provin\u011bn\u00ed v\u016f\u010di Bohu. S\u00e1m z\u00e1kon n\u00e1s v\u0161ak viny nezbav\u00ed. M\u016f\u017ee na ni jen pouk\u00e1zat a vyzvat n\u00e1s, abychom hledali \u0159e\u0161en\u00ed. Ukazuje n\u00e1m Bo\u017e\u00ed charakter a poukazuje na to, kde ho ve sv\u00e9m \u017eivot\u011b nedostate\u010dn\u011b odr\u00e1\u017e\u00edme.<\/p>\n<p style=\"text-align: justify;\">Je\u017e\u00ed\u0161 je jedin\u00fd, kdo na t\u00e9to zemi \u017eil dokonal\u00fdm a skute\u010dn\u011b spravedliv\u00fdm \u017eivotem. Nab\u00edz\u00ed ho jako dar kaa\u017ed\u00e9mu, kdo mu uv\u011b\u0159\u00ed a vlo\u017e\u00ed v n\u011bj svou naprostou d\u016fv\u011bru. tento dar nenab\u00edz\u00ed proto, \u017ee bychom si ho zaslou\u017eili, ale proto, \u017ee ho nutn\u011b pot\u0159ebujeme. Apo\u0161tol Pavel mluv\u00ed o v\u00ed\u0159e v Je\u017e\u00ed\u0161e Krista. T\u00edm nemyslel pouze uzn\u00e1n\u00ed, \u017ee Je\u017e\u00ed\u0161 \u017eil a zem\u0159el. V\u00edra znamen\u00e1 p\u0159ijmout Jej jako sv\u00e9ho Spasitele, z\u00e1stupce a P\u00e1na. Tato d\u016fv\u011bra n\u00e1s motivuje a vede k tomu, abychom v srdci zatou\u017eili \u017e\u00edt podle Bo\u017e\u00ed v\u016fle &#8211; vyj\u00e1d\u0159en\u00e9 v jeho p\u0159ik\u00e1z\u00e1n\u00edch.<\/p>\n<p style=\"text-align: justify;\">Milost spasen\u00ed, kterou n\u00e1m B\u016fh d\u00e1v\u00e1, nen\u00ed nic jin\u00e9ho ne\u017e nezaslou\u017een\u00e1 p\u0159\u00edze\u0148. Nem\u016f\u017eeme si ji ni\u010d\u00edm vydob\u00fdt. M\u016f\u017eeme ji m\u00edt jen d\u00edky tomu, \u017ee se Kristus dobrovoln\u011b rozhodl ob\u011btovat za n\u00e1s sv\u016fj \u017eivot.<\/p>\n<p style=\"text-align: justify;\">D\u00edky k\u0159\u00ed\u017ei Golgoty m\u016f\u017ee B\u016fh prohl\u00e1sit h\u0159\u00ed\u0161n\u00edky za spravedliv\u00e9, a p\u0159esto m\u016f\u017ee v o\u010d\u00edch cel\u00e9o vesm\u00edru z\u016fstat spravedliv\u00fdm i On. K\u0159\u00ed\u017e uk\u00e1zal, jak moc B\u016fh tento sv\u011bt miloval a miluje.<\/p>\n<p style=\"text-align: justify;\">Tak\u00e9 slov\u00ed\u010dko p\u0159ed k\u00e1z\u00e1n\u00edm bylo v\u011bnov\u00e1no stvo\u0159en\u00ed. Iva Bure\u0161ov\u00e1 prom\u00edtla video dopln\u011bn\u00e9 hudbou J.Haydna z oratoria &#8222;Stvo\u0159en\u00ed&#8220;, ve kter\u00e9m jsme si p\u0159ipomenuli, jak\u00e9 \u00fa\u017easn\u00e9 divy dok\u00e1zal n\u00e1\u0161 P\u00e1n ve stvo\u0159itelsk\u00e9m t\u00fddnu.<\/p>\n<p style=\"text-align: justify;\"><a href=\"https:\/\/valasskemezirici.casd.cz\/?attachment_id=3688\" rel=\"attachment wp-att-3688\"><img loading=\"lazy\" decoding=\"async\" class=\"alignnone  wp-image-3688\" src=\"https:\/\/valasskemezirici.casd.cz\/wp-content\/uploads\/2017\/10\/DSCN7995.jpg\" alt=\"\" width=\"600\" height=\"800\" srcset=\"https:\/\/valasskemezirici.casd.cz\/wp-content\/uploads\/2017\/10\/DSCN7995.jpg 3864w, https:\/\/valasskemezirici.casd.cz\/wp-content\/uploads\/2017\/10\/DSCN7995-225x300.jpg 225w, https:\/\/valasskemezirici.casd.cz\/wp-content\/uploads\/2017\/10\/DSCN7995-768x1024.jpg 768w\" sizes=\"auto, (max-width: 600px) 100vw, 600px\" \/><\/a><\/p>\n<p style=\"text-align: justify;\">K\u00e1z\u00e1n\u00edm n\u00e1m poslou\u017eil kazatel Pavel Koste\u010dka a navazovalo na jeho p\u0159edchoz\u00ed k\u00e1z\u00e1n\u00ed z knihy Daniele. Zam\u00fd\u0161leli jsme se v n\u011bm nad ot\u00e1zkou pok\u00e1n\u00ed. P\u0159epis najdete v archivu.<\/p>\n<p style=\"text-align: justify;\"><a href=\"https:\/\/valasskemezirici.casd.cz\/?attachment_id=3689\" rel=\"attachment wp-att-3689\"><img loading=\"lazy\" decoding=\"async\" class=\"alignnone  wp-image-3689\" src=\"https:\/\/valasskemezirici.casd.cz\/wp-content\/uploads\/2017\/10\/DSCN8002.jpg\" alt=\"\" width=\"598\" height=\"448\" srcset=\"https:\/\/valasskemezirici.casd.cz\/wp-content\/uploads\/2017\/10\/DSCN8002.jpg 5152w, https:\/\/valasskemezirici.casd.cz\/wp-content\/uploads\/2017\/10\/DSCN8002-300x225.jpg 300w, https:\/\/valasskemezirici.casd.cz\/wp-content\/uploads\/2017\/10\/DSCN8002-768x576.jpg 768w, https:\/\/valasskemezirici.casd.cz\/wp-content\/uploads\/2017\/10\/DSCN8002-1024x768.jpg 1024w\" sizes=\"auto, (max-width: 598px) 100vw, 598px\" \/><\/a><\/p>\n<p style=\"text-align: justify;\">&nbsp;<\/p>\n","protected":false},"excerpt":{"rendered":"<p>Dne\u0161n\u00ed sobota je v na\u0161ich sborech sobotou stvo\u0159en\u00ed. Hned v \u00favodu sobotn\u00ed \u0161koly jsme proto shl\u00e9dli video na str\u00e1nk\u00e1ch CASD v\u011bnovan\u00e9 tomuto dni. P\u0159e\u010detli jsme si dne\u0161n\u00ed slovo z Jit\u0159enky, proto\u017ee je pro n\u00e1\u0161 sbor velmi aktu\u00e1ln\u00ed, a pochv\u00e1lili jsme d\u011bti za vyroben\u00ed plak\u00e1tu, kter\u00fdm n\u00e1m p\u0159ipomn\u011bly 500 v\u00fdro\u010d\u00ed dne, kdy Martin Luther p\u0159ibil na [&hellip;]<\/p>\n","protected":false},"author":1,"featured_media":0,"comment_status":"closed","ping_status":"open","sticky":false,"template":"","format":"standard","meta":{"ngg_post_thumbnail":0,"footnotes":""},"categories":[1],"tags":[],"class_list":["post-3684","post","type-post","status-publish","format-standard","hentry","category-nezarazene"],"_links":{"self":[{"href":"https:\/\/valasskemezirici.casd.cz\/index.php?rest_route=\/wp\/v2\/posts\/3684","targetHints":{"allow":["GET"]}}],"collection":[{"href":"https:\/\/valasskemezirici.casd.cz\/index.php?rest_route=\/wp\/v2\/posts"}],"about":[{"href":"https:\/\/valasskemezirici.casd.cz\/index.php?rest_route=\/wp\/v2\/types\/post"}],"author":[{"embeddable":true,"href":"https:\/\/valasskemezirici.casd.cz\/index.php?rest_route=\/wp\/v2\/users\/1"}],"replies":[{"embeddable":true,"href":"https:\/\/valasskemezirici.casd.cz\/index.php?rest_route=%2Fwp%2Fv2%2Fcomments&post=3684"}],"version-history":[{"count":1,"href":"https:\/\/valasskemezirici.casd.cz\/index.php?rest_route=\/wp\/v2\/posts\/3684\/revisions"}],"predecessor-version":[{"id":3690,"href":"https:\/\/valasskemezirici.casd.cz\/index.php?rest_route=\/wp\/v2\/posts\/3684\/revisions\/3690"}],"wp:attachment":[{"href":"https:\/\/valasskemezirici.casd.cz\/index.php?rest_route=%2Fwp%2Fv2%2Fmedia&parent=3684"}],"wp:term":[{"taxonomy":"category","embeddable":true,"href":"https:\/\/valasskemezirici.casd.cz\/index.php?rest_route=%2Fwp%2Fv2%2Fcategories&post=3684"},{"taxonomy":"post_tag","embeddable":true,"href":"https:\/\/valasskemezirici.casd.cz\/index.php?rest_route=%2Fwp%2Fv2%2Ftags&post=3684"}],"curies":[{"name":"wp","href":"https:\/\/api.w.org\/{rel}","templated":true}]}}