{"id":3696,"date":"2017-11-07T17:02:42","date_gmt":"2017-11-07T16:02:42","guid":{"rendered":"http:\/\/valasskemezirici.casd.cz\/?p=3696"},"modified":"2017-11-07T17:07:46","modified_gmt":"2017-11-07T16:07:46","slug":"sobota-4-11-2017","status":"publish","type":"post","link":"https:\/\/valasskemezirici.casd.cz\/?p=3696","title":{"rendered":"Sobota 4.11.2017"},"content":{"rendered":"<p style=\"text-align: justify;\">Po po\u0161mourn\u00e9m t\u00fddnu n\u00e1m P\u00e1n po\u017eehnal a sv\u016fj den odpo\u010dinku rozz\u00e1\u0159il slune\u010dn\u00edmi paprsky, kter\u00e9 n\u00e1s l\u00e1kaly k odpoledn\u00ed proch\u00e1zce barevnou podzimn\u00ed krajinou.<\/p>\n<p style=\"text-align: justify;\">Sobotn\u00ed \u0161kolou n\u00e1s provedl Petr Ch\u00e1ra. Prob\u00edrali jsme n\u00e1dhern\u00e9 t\u00e9ma Abrahamova v\u00edra, ve kter\u00e9m jsme na\u0161li \u0159adu inspiruj\u00edc\u00edch my\u0161lenek. S d\u011btmi prob\u00edrala my\u0161lenky apo\u0161tola Pavla Iva Bure\u0161ov\u00e1.<\/p>\n<p style=\"text-align: justify;\"><a href=\"https:\/\/valasskemezirici.casd.cz\/?attachment_id=3697\" rel=\"attachment wp-att-3697\"><img loading=\"lazy\" decoding=\"async\" class=\"alignnone wp-image-3697\" src=\"https:\/\/valasskemezirici.casd.cz\/wp-content\/uploads\/2017\/11\/DSCN8006.jpg\" alt=\"\" height=\"445\" width=\"593\" srcset=\"https:\/\/valasskemezirici.casd.cz\/wp-content\/uploads\/2017\/11\/DSCN8006.jpg 5152w, https:\/\/valasskemezirici.casd.cz\/wp-content\/uploads\/2017\/11\/DSCN8006-300x225.jpg 300w, https:\/\/valasskemezirici.casd.cz\/wp-content\/uploads\/2017\/11\/DSCN8006-768x576.jpg 768w, https:\/\/valasskemezirici.casd.cz\/wp-content\/uploads\/2017\/11\/DSCN8006-1024x768.jpg 1024w\" sizes=\"auto, (max-width: 593px) 100vw, 593px\" \/><\/a><\/p>\n<p style=\"text-align: justify;\"><a href=\"https:\/\/valasskemezirici.casd.cz\/?attachment_id=3698\" rel=\"attachment wp-att-3698\"><img loading=\"lazy\" decoding=\"async\" class=\"alignnone wp-image-3698\" src=\"https:\/\/valasskemezirici.casd.cz\/wp-content\/uploads\/2017\/11\/DSCN8004.jpg\" alt=\"\" height=\"444\" width=\"591\" srcset=\"https:\/\/valasskemezirici.casd.cz\/wp-content\/uploads\/2017\/11\/DSCN8004.jpg 5152w, https:\/\/valasskemezirici.casd.cz\/wp-content\/uploads\/2017\/11\/DSCN8004-300x225.jpg 300w, https:\/\/valasskemezirici.casd.cz\/wp-content\/uploads\/2017\/11\/DSCN8004-768x576.jpg 768w, https:\/\/valasskemezirici.casd.cz\/wp-content\/uploads\/2017\/11\/DSCN8004-1024x768.jpg 1024w\" sizes=\"auto, (max-width: 591px) 100vw, 591px\" \/><\/a><\/p>\n<p style=\"text-align: justify;\">Abraham byl pova\u017eov\u00e1n za vzor svatosti a spravedlnosti. P\u0159esto\u017ee m\u011bl k Bohu tak bl\u00edzko, jeho skutky a poslu\u0161nost nebyly dostate\u010dn\u00e9 k z\u00edsk\u00e1n\u00ed \u017eivota v\u011b\u010dn\u00e9ho. Pokud mohl b\u00fdt Abraham zachr\u00e1n\u011bn jen Bo\u017e\u00ed milost\u00ed, pak tot\u00e9\u017e plat\u00ed pro n\u00e1s v\u0161echny.To je &#8222;ospravedln\u011bn\u00ed z v\u00edry&#8220; Star\u00e9ho z\u00e1kona. V\u0161echny ob\u0159ady a ritu\u00e1ly ve svatyn\u00edch m\u011bly jedin\u00fd c\u00edl &#8211; n\u00e1zorn\u011b uk\u00e1zat, \u017ee h\u0159\u00ed\u0161n\u00edk nikdy nem\u016f\u017ee b\u00fdt spasen na z\u00e1klad\u011b sv\u00fdch skutk\u016f, ale v\u00fdlu\u010dn\u011b d\u00edky smrti z\u00e1konn\u00e9 ob\u011bti.<\/p>\n<p style=\"text-align: justify;\">&#8222;Uv\u011b\u0159il Abraham Bohu, a bylo mu to po\u010d\u00edt\u00e1no za spravedlnost.&#8220; &#8222;V\u017edy\u0165 i David prohla\u0161uje za blahoslaven\u00e9ho \u010dlov\u011bka, jemu\u017e B\u016fh p\u0159ipo\u010d\u00edt\u00e1v\u00e1 spravedlnost bez skutk\u016f&#8220;. Abraham i David byli pova\u017eov\u00e1ni za spravedliv\u00e9 proto, \u017ee uv\u011b\u0159ili Hospodinu. David poru\u0161il tolik p\u0159ik\u00e1z\u00e1n\u00ed, \u017ee mohl b\u00fdt n\u011bkolikan\u00e1sobn\u011b odsozen. Odpu\u0161t\u011bn\u00ed, kter\u00e9ho se mu dostalo, je projevem Bo\u017e\u00ed milosti. Snaha zaslou\u017eit si Bo\u017e\u00ed zasl\u00edben\u00ed poslu\u0161nost\u00ed z\u00e1kona zcela znehodnocuje \u00falohu v\u00edry. V\u0161ichni jsme poru\u0161iliz\u00e1kon.&nbsp; M\u00e1me jedinou \u0161anci &#8211; pot\u0159ebujem Krista, jeho\u017e spravedlnost n\u00e1m m\u016f\u017ee b\u00fdt p\u0159ipo\u010dtena na z\u00e1klad\u011b v\u00edry v n\u011bj.<\/p>\n<p style=\"text-align: justify;\">Pavel vysv\u011btluje, \u017ee spasen\u00ed z v\u00edry nen\u00ed nab\u00edzeno jen \u017did\u016fm, ale tak\u00e9 pohan\u016fm. Kristus zem\u0159el za v\u0161echny, bez ohledu na jejich p\u016fvod nebo n\u00e1rodnost.<\/p>\n<p style=\"text-align: justify;\">Slov\u00ed\u010dko p\u0159ed k\u00e1z\u00e1n\u00edm Ivy Bure\u0161ov\u00e9 mluvilo o nejv\u011bt\u0161\u00edm suchozemsk\u00e9m savci &#8211; slonovi. Krom\u011b toho, \u017ee je to nesm\u00edrn\u011b inteligentn\u00ed tvor, je v mnoha v\u011bcech podobn\u00fd \u010dlov\u011bku &#8211; dobr\u00fdch i \u0161patn\u00fdch. Slon v zajet\u00ed se nikdy nepokus\u00ed utrhnout ze slab\u00e9ho \u0159et\u011bzu, kter\u00fdm je p\u0159iv\u00e1z\u00e1n, proto\u017ee jako mal\u00e9 sl\u016fn\u011b dosp\u011bl k n\u00e1zoru, \u017ee na to nem\u00e1 s\u00edlu, a jako dosp\u011bl\u00fd u\u017e to ani nezkou\u0161\u00ed. I my mnohdy nem\u00e1me odvahu zkusit n\u011bco, co jsme d\u0159\u00edve nedovedli a \u0159adu rozhodnut\u00ed vzd\u00e1v\u00e1me.<\/p>\n<p style=\"text-align: justify;\">K\u00e1z\u00e1n\u00edm n\u00e1m poslou\u017eil Bohumil Mro\u010dek, p\u0159epis najdete v archivu. A proto\u017ee zapo\u010dal modlitebn\u00ed t\u00fdden, p\u0159e\u010detli jsme si na z\u00e1v\u011br bohoslu\u017eby prvn\u00ed z p\u0159edn\u00e1\u0161ek.<\/p>\n<p style=\"text-align: justify;\"><a href=\"https:\/\/valasskemezirici.casd.cz\/?attachment_id=3699\" rel=\"attachment wp-att-3699\"><img loading=\"lazy\" decoding=\"async\" class=\"alignnone wp-image-3699\" src=\"https:\/\/valasskemezirici.casd.cz\/wp-content\/uploads\/2017\/11\/DSCN8007.jpg\" alt=\"\" height=\"449\" width=\"599\" srcset=\"https:\/\/valasskemezirici.casd.cz\/wp-content\/uploads\/2017\/11\/DSCN8007.jpg 5152w, https:\/\/valasskemezirici.casd.cz\/wp-content\/uploads\/2017\/11\/DSCN8007-300x225.jpg 300w, https:\/\/valasskemezirici.casd.cz\/wp-content\/uploads\/2017\/11\/DSCN8007-768x576.jpg 768w, https:\/\/valasskemezirici.casd.cz\/wp-content\/uploads\/2017\/11\/DSCN8007-1024x768.jpg 1024w\" sizes=\"auto, (max-width: 599px) 100vw, 599px\" \/><\/a> <a href=\"https:\/\/valasskemezirici.casd.cz\/?attachment_id=3700\" rel=\"attachment wp-att-3700\"><img loading=\"lazy\" decoding=\"async\" class=\"alignnone wp-image-3700\" src=\"https:\/\/valasskemezirici.casd.cz\/wp-content\/uploads\/2017\/11\/DSCN8010.jpg\" alt=\"\" height=\"451\" width=\"601\" srcset=\"https:\/\/valasskemezirici.casd.cz\/wp-content\/uploads\/2017\/11\/DSCN8010.jpg 5152w, https:\/\/valasskemezirici.casd.cz\/wp-content\/uploads\/2017\/11\/DSCN8010-300x225.jpg 300w, https:\/\/valasskemezirici.casd.cz\/wp-content\/uploads\/2017\/11\/DSCN8010-768x576.jpg 768w, https:\/\/valasskemezirici.casd.cz\/wp-content\/uploads\/2017\/11\/DSCN8010-1024x768.jpg 1024w\" sizes=\"auto, (max-width: 601px) 100vw, 601px\" \/><\/a><\/p>\n<p style=\"text-align: justify;\">&nbsp;<\/p>\n<p style=\"text-align: justify;\">&nbsp;<\/p>\n","protected":false},"excerpt":{"rendered":"<p>Po po\u0161mourn\u00e9m t\u00fddnu n\u00e1m P\u00e1n po\u017eehnal a sv\u016fj den odpo\u010dinku rozz\u00e1\u0159il slune\u010dn\u00edmi paprsky, kter\u00e9 n\u00e1s l\u00e1kaly k odpoledn\u00ed proch\u00e1zce barevnou podzimn\u00ed krajinou. Sobotn\u00ed \u0161kolou n\u00e1s provedl Petr Ch\u00e1ra. Prob\u00edrali jsme n\u00e1dhern\u00e9 t\u00e9ma Abrahamova v\u00edra, ve kter\u00e9m jsme na\u0161li \u0159adu inspiruj\u00edc\u00edch my\u0161lenek. S d\u011btmi prob\u00edrala my\u0161lenky apo\u0161tola Pavla Iva Bure\u0161ov\u00e1. Abraham byl pova\u017eov\u00e1n za vzor svatosti [&hellip;]<\/p>\n","protected":false},"author":1,"featured_media":0,"comment_status":"closed","ping_status":"open","sticky":false,"template":"","format":"standard","meta":{"ngg_post_thumbnail":0,"footnotes":""},"categories":[1],"tags":[],"class_list":["post-3696","post","type-post","status-publish","format-standard","hentry","category-nezarazene"],"_links":{"self":[{"href":"https:\/\/valasskemezirici.casd.cz\/index.php?rest_route=\/wp\/v2\/posts\/3696","targetHints":{"allow":["GET"]}}],"collection":[{"href":"https:\/\/valasskemezirici.casd.cz\/index.php?rest_route=\/wp\/v2\/posts"}],"about":[{"href":"https:\/\/valasskemezirici.casd.cz\/index.php?rest_route=\/wp\/v2\/types\/post"}],"author":[{"embeddable":true,"href":"https:\/\/valasskemezirici.casd.cz\/index.php?rest_route=\/wp\/v2\/users\/1"}],"replies":[{"embeddable":true,"href":"https:\/\/valasskemezirici.casd.cz\/index.php?rest_route=%2Fwp%2Fv2%2Fcomments&post=3696"}],"version-history":[{"count":1,"href":"https:\/\/valasskemezirici.casd.cz\/index.php?rest_route=\/wp\/v2\/posts\/3696\/revisions"}],"predecessor-version":[{"id":3701,"href":"https:\/\/valasskemezirici.casd.cz\/index.php?rest_route=\/wp\/v2\/posts\/3696\/revisions\/3701"}],"wp:attachment":[{"href":"https:\/\/valasskemezirici.casd.cz\/index.php?rest_route=%2Fwp%2Fv2%2Fmedia&parent=3696"}],"wp:term":[{"taxonomy":"category","embeddable":true,"href":"https:\/\/valasskemezirici.casd.cz\/index.php?rest_route=%2Fwp%2Fv2%2Fcategories&post=3696"},{"taxonomy":"post_tag","embeddable":true,"href":"https:\/\/valasskemezirici.casd.cz\/index.php?rest_route=%2Fwp%2Fv2%2Ftags&post=3696"}],"curies":[{"name":"wp","href":"https:\/\/api.w.org\/{rel}","templated":true}]}}