{"id":3711,"date":"2017-11-26T14:03:30","date_gmt":"2017-11-26T13:03:30","guid":{"rendered":"http:\/\/valasskemezirici.casd.cz\/?p=3711"},"modified":"2017-11-26T14:03:30","modified_gmt":"2017-11-26T13:03:30","slug":"okrskove-shromazdeni-zlin-25-11-2017","status":"publish","type":"post","link":"https:\/\/valasskemezirici.casd.cz\/?p=3711","title":{"rendered":"Okrskov\u00e9 shrom\u00e1\u017ed\u011bn\u00ed Zl\u00edn 25.11.2017"},"content":{"rendered":"<p><a href=\"https:\/\/valasskemezirici.casd.cz\/?attachment_id=3712\" rel=\"attachment wp-att-3712\"><img loading=\"lazy\" decoding=\"async\" class=\"alignnone  wp-image-3712\" src=\"https:\/\/valasskemezirici.casd.cz\/wp-content\/uploads\/2017\/11\/Sn\u00edmek-0613-300x225.jpg\" alt=\"\" width=\"277\" height=\"208\"> <\/a><a href=\"https:\/\/valasskemezirici.casd.cz\/?attachment_id=3713\" rel=\"attachment wp-att-3713\"><img loading=\"lazy\" decoding=\"async\" class=\"alignnone  wp-image-3713\" src=\"https:\/\/valasskemezirici.casd.cz\/wp-content\/uploads\/2017\/11\/Modlitebna_CASD1.jpg\" alt=\"\" width=\"311\" height=\"206\" srcset=\"https:\/\/valasskemezirici.casd.cz\/wp-content\/uploads\/2017\/11\/Modlitebna_CASD1.jpg 640w, https:\/\/valasskemezirici.casd.cz\/wp-content\/uploads\/2017\/11\/Modlitebna_CASD1-300x199.jpg 300w\" sizes=\"auto, (max-width: 311px) 100vw, 311px\" \/><\/a><\/p>\n<p style=\"text-align: justify;\">V sobotu 25.11.2017 jsme se se\u0161li v modlitebn\u011b CASD ve Zl\u00edn\u011b &#8211; Malenovic\u00edch na Okrskov\u00e9m shrom\u00e1\u017ed\u011bn\u00ed u p\u0159\u00edle\u017eitosti 20t\u00e9ho v\u00fdro\u010d\u00ed otev\u0159en\u00ed nov\u00e9 modlitebny. A\u010d jde o budovu vskutku velikou, \u0159ada z n\u00e1s p\u0159i pohledu do zapln\u011bn\u00e9ho s\u00e1lu a ochoz\u016f vyslovila domn\u011bnku, zda nem\u011bla b\u00fdt je\u0161t\u011b v\u011bt\u0161\u00ed. Slavnostn\u00edho shrom\u00e1\u017ed\u011bn\u00ed se z\u00fa\u010dastnily sbory ze Zl\u00edna, Hole\u0161ova, Vala\u0161sk\u00e9ho Mezi\u0159\u00ed\u010d\u00ed, Vset\u00edna, Vala\u0161sk\u00fdch Klobouk, Uhersk\u00e9 Hradi\u0161t\u011b.<\/p>\n<p style=\"text-align: justify;\"><a href=\"https:\/\/valasskemezirici.casd.cz\/?attachment_id=3714\" rel=\"attachment wp-att-3714\"><img loading=\"lazy\" decoding=\"async\" class=\"alignnone  wp-image-3714\" src=\"https:\/\/valasskemezirici.casd.cz\/wp-content\/uploads\/2017\/11\/DSCN8128.jpg\" alt=\"\" width=\"596\" height=\"447\" srcset=\"https:\/\/valasskemezirici.casd.cz\/wp-content\/uploads\/2017\/11\/DSCN8128.jpg 5152w, https:\/\/valasskemezirici.casd.cz\/wp-content\/uploads\/2017\/11\/DSCN8128-300x225.jpg 300w, https:\/\/valasskemezirici.casd.cz\/wp-content\/uploads\/2017\/11\/DSCN8128-768x576.jpg 768w, https:\/\/valasskemezirici.casd.cz\/wp-content\/uploads\/2017\/11\/DSCN8128-1024x768.jpg 1024w\" sizes=\"auto, (max-width: 596px) 100vw, 596px\" \/><\/a><\/p>\n<p style=\"text-align: justify;\">Program shrom\u00e1\u017ed\u011bn\u00ed byl opravdu bohat\u00fd. Mottem bylo &#8211; Co pro mne znamen\u00e1 m\u016fj sbor. Na podiu se vyst\u0159\u00eddali zp\u011bv\u00e1ci a hudebn\u00edci t\u00e9m\u011b\u0159 ze v\u0161ech sbor\u016f, a to jak dosp\u011bl\u00ed, tak ml\u00e1de\u017e a d\u011bti. \u00da\u017easn\u00fdm z\u00e1\u017eitkem bylo vystoupen\u00ed mandol\u00ednov\u00e9ho souboru. Jako nitka se t\u00e1hlo cel\u00fdm programem odkr\u00fdv\u00e1n\u00ed prom\u00edtan\u00e9ho puzzle &#8211; za ka\u017edou odpov\u011b\u010f na motto setk\u00e1n\u00ed byla odtajn\u011bna jedna kostka a n\u00e1m se pomalu odkr\u00fdval pohled na fotografii sborov\u00e9ho spole\u010denstv\u00ed Zl\u00edn. Za kazatelnou se vyst\u0159\u00eddalo n\u011bkolik kazatel\u016f, kte\u0159\u00ed p\u016fsobili a p\u016fsob\u00ed ve Zl\u00edn\u011b, pod\u00edleli se na stavb\u011b modlitebny a dnes na tuto dobu vzpom\u00ednali. Vzpom\u00ednky byly \u00fasm\u011bvn\u00e9 i nap\u00ednav\u00e9.<\/p>\n<p style=\"text-align: justify;\">Samoz\u0159ejmou sou\u010d\u00e1st\u00ed bohoslu\u017eby byla sobotn\u00ed \u0161kola, kterou jsme ale pro\u017eili netradi\u010dn\u011b. Rozd\u011bleni do skupinek jsme se sna\u017eili odpov\u011bd\u011bt na ot\u00e1zky, kter\u00e9 pro n\u00e1s p\u0159ipravili organiz\u00e1to\u0159i akce a kter\u00e9 se t\u00fdkaly z\u00e1kona. K\u00e1z\u00e1n\u00edm n\u00e1m poslou\u017eil bratr J.Nowak a zam\u00fd\u0161lel se na n\u00e1sledov\u00e1n\u00ed Krista v souladu s textem Jan 1,20.-39.<\/p>\n<p style=\"text-align: justify;\">Po poledn\u00edm ob\u010derstven\u00ed jsme op\u011bt p\u00edsn\u011bmi chv\u00e1lili na\u0161eho P\u00e1na a poslouchali vzpom\u00ednky kazatel\u016f. Shl\u00e9dli jsme tak\u00e9 prezentaci fotek dokumentuj\u00edc\u00edch stavbu Domu pro seniory EFATA a modlitebny. I kdy\u017e program trval do 16hod, d\u00edky b\u00e1je\u010dn\u00e9 organizaci a \u00fa\u017easn\u00fdm p\u0159\u00edsp\u011bvk\u016fm n\u00e1m den utekl jako voda a zanechal v n\u00e1s kr\u00e1sn\u00fd pocit soun\u00e1le\u017eitosti a Bo\u017e\u00ed l\u00e1sky k n\u00e1m.<\/p>\n<p style=\"text-align: justify;\"><a href=\"https:\/\/valasskemezirici.casd.cz\/?attachment_id=3715\" rel=\"attachment wp-att-3715\"><img loading=\"lazy\" decoding=\"async\" class=\"alignnone  wp-image-3715\" src=\"https:\/\/valasskemezirici.casd.cz\/wp-content\/uploads\/2017\/11\/DSCN8129.jpg\" alt=\"\" width=\"595\" height=\"446\" srcset=\"https:\/\/valasskemezirici.casd.cz\/wp-content\/uploads\/2017\/11\/DSCN8129.jpg 5152w, https:\/\/valasskemezirici.casd.cz\/wp-content\/uploads\/2017\/11\/DSCN8129-300x225.jpg 300w, https:\/\/valasskemezirici.casd.cz\/wp-content\/uploads\/2017\/11\/DSCN8129-768x576.jpg 768w, https:\/\/valasskemezirici.casd.cz\/wp-content\/uploads\/2017\/11\/DSCN8129-1024x768.jpg 1024w\" sizes=\"auto, (max-width: 595px) 100vw, 595px\" \/><\/a> <a href=\"https:\/\/valasskemezirici.casd.cz\/?attachment_id=3716\" rel=\"attachment wp-att-3716\"><img loading=\"lazy\" decoding=\"async\" class=\"alignnone  wp-image-3716\" src=\"https:\/\/valasskemezirici.casd.cz\/wp-content\/uploads\/2017\/11\/DSCN8130.jpg\" alt=\"\" width=\"592\" height=\"444\" srcset=\"https:\/\/valasskemezirici.casd.cz\/wp-content\/uploads\/2017\/11\/DSCN8130.jpg 5152w, https:\/\/valasskemezirici.casd.cz\/wp-content\/uploads\/2017\/11\/DSCN8130-300x225.jpg 300w, https:\/\/valasskemezirici.casd.cz\/wp-content\/uploads\/2017\/11\/DSCN8130-768x576.jpg 768w, https:\/\/valasskemezirici.casd.cz\/wp-content\/uploads\/2017\/11\/DSCN8130-1024x768.jpg 1024w\" sizes=\"auto, (max-width: 592px) 100vw, 592px\" \/><\/a> <a href=\"https:\/\/valasskemezirici.casd.cz\/?attachment_id=3717\" rel=\"attachment wp-att-3717\"><img loading=\"lazy\" decoding=\"async\" class=\"alignnone  wp-image-3717\" src=\"https:\/\/valasskemezirici.casd.cz\/wp-content\/uploads\/2017\/11\/DSCN8131.jpg\" alt=\"\" width=\"590\" height=\"442\" srcset=\"https:\/\/valasskemezirici.casd.cz\/wp-content\/uploads\/2017\/11\/DSCN8131.jpg 5152w, https:\/\/valasskemezirici.casd.cz\/wp-content\/uploads\/2017\/11\/DSCN8131-300x225.jpg 300w, https:\/\/valasskemezirici.casd.cz\/wp-content\/uploads\/2017\/11\/DSCN8131-768x576.jpg 768w, https:\/\/valasskemezirici.casd.cz\/wp-content\/uploads\/2017\/11\/DSCN8131-1024x768.jpg 1024w\" sizes=\"auto, (max-width: 590px) 100vw, 590px\" \/><\/a> <a href=\"https:\/\/valasskemezirici.casd.cz\/?attachment_id=3718\" rel=\"attachment wp-att-3718\"><img loading=\"lazy\" decoding=\"async\" class=\"alignnone  wp-image-3718\" src=\"https:\/\/valasskemezirici.casd.cz\/wp-content\/uploads\/2017\/11\/DSCN8132.jpg\" alt=\"\" width=\"590\" height=\"787\" srcset=\"https:\/\/valasskemezirici.casd.cz\/wp-content\/uploads\/2017\/11\/DSCN8132.jpg 3864w, https:\/\/valasskemezirici.casd.cz\/wp-content\/uploads\/2017\/11\/DSCN8132-225x300.jpg 225w, https:\/\/valasskemezirici.casd.cz\/wp-content\/uploads\/2017\/11\/DSCN8132-768x1024.jpg 768w\" sizes=\"auto, (max-width: 590px) 100vw, 590px\" \/><\/a> <a href=\"https:\/\/valasskemezirici.casd.cz\/?attachment_id=3719\" rel=\"attachment wp-att-3719\"><img loading=\"lazy\" decoding=\"async\" class=\"alignnone  wp-image-3719\" src=\"https:\/\/valasskemezirici.casd.cz\/wp-content\/uploads\/2017\/11\/DSCN8133.jpg\" alt=\"\" width=\"590\" height=\"443\" srcset=\"https:\/\/valasskemezirici.casd.cz\/wp-content\/uploads\/2017\/11\/DSCN8133.jpg 5152w, https:\/\/valasskemezirici.casd.cz\/wp-content\/uploads\/2017\/11\/DSCN8133-300x225.jpg 300w, https:\/\/valasskemezirici.casd.cz\/wp-content\/uploads\/2017\/11\/DSCN8133-768x576.jpg 768w, https:\/\/valasskemezirici.casd.cz\/wp-content\/uploads\/2017\/11\/DSCN8133-1024x768.jpg 1024w\" sizes=\"auto, (max-width: 590px) 100vw, 590px\" \/><\/a> <a href=\"https:\/\/valasskemezirici.casd.cz\/?attachment_id=3720\" rel=\"attachment wp-att-3720\"><img loading=\"lazy\" decoding=\"async\" class=\"alignnone  wp-image-3720\" src=\"https:\/\/valasskemezirici.casd.cz\/wp-content\/uploads\/2017\/11\/DSCN8136.jpg\" alt=\"\" width=\"590\" height=\"442\" srcset=\"https:\/\/valasskemezirici.casd.cz\/wp-content\/uploads\/2017\/11\/DSCN8136.jpg 5152w, https:\/\/valasskemezirici.casd.cz\/wp-content\/uploads\/2017\/11\/DSCN8136-300x225.jpg 300w, https:\/\/valasskemezirici.casd.cz\/wp-content\/uploads\/2017\/11\/DSCN8136-768x576.jpg 768w, https:\/\/valasskemezirici.casd.cz\/wp-content\/uploads\/2017\/11\/DSCN8136-1024x768.jpg 1024w\" sizes=\"auto, (max-width: 590px) 100vw, 590px\" \/><\/a> <a href=\"https:\/\/valasskemezirici.casd.cz\/?attachment_id=3721\" rel=\"attachment wp-att-3721\"><img loading=\"lazy\" decoding=\"async\" class=\"alignnone  wp-image-3721\" src=\"https:\/\/valasskemezirici.casd.cz\/wp-content\/uploads\/2017\/11\/DSCN8137.jpg\" alt=\"\" width=\"589\" height=\"442\" srcset=\"https:\/\/valasskemezirici.casd.cz\/wp-content\/uploads\/2017\/11\/DSCN8137.jpg 5152w, https:\/\/valasskemezirici.casd.cz\/wp-content\/uploads\/2017\/11\/DSCN8137-300x225.jpg 300w, https:\/\/valasskemezirici.casd.cz\/wp-content\/uploads\/2017\/11\/DSCN8137-768x576.jpg 768w, https:\/\/valasskemezirici.casd.cz\/wp-content\/uploads\/2017\/11\/DSCN8137-1024x768.jpg 1024w\" sizes=\"auto, (max-width: 589px) 100vw, 589px\" \/><\/a> <a href=\"https:\/\/valasskemezirici.casd.cz\/?attachment_id=3722\" rel=\"attachment wp-att-3722\"><img loading=\"lazy\" decoding=\"async\" class=\"alignnone  wp-image-3722\" src=\"https:\/\/valasskemezirici.casd.cz\/wp-content\/uploads\/2017\/11\/DSCN8138.jpg\" alt=\"\" width=\"589\" height=\"442\" srcset=\"https:\/\/valasskemezirici.casd.cz\/wp-content\/uploads\/2017\/11\/DSCN8138.jpg 5152w, https:\/\/valasskemezirici.casd.cz\/wp-content\/uploads\/2017\/11\/DSCN8138-300x225.jpg 300w, https:\/\/valasskemezirici.casd.cz\/wp-content\/uploads\/2017\/11\/DSCN8138-768x576.jpg 768w, https:\/\/valasskemezirici.casd.cz\/wp-content\/uploads\/2017\/11\/DSCN8138-1024x768.jpg 1024w\" sizes=\"auto, (max-width: 589px) 100vw, 589px\" \/><\/a> <a href=\"https:\/\/valasskemezirici.casd.cz\/?attachment_id=3723\" rel=\"attachment wp-att-3723\"><img loading=\"lazy\" decoding=\"async\" class=\"alignnone  wp-image-3723\" src=\"https:\/\/valasskemezirici.casd.cz\/wp-content\/uploads\/2017\/11\/DSCN8139.jpg\" alt=\"\" width=\"590\" height=\"442\" srcset=\"https:\/\/valasskemezirici.casd.cz\/wp-content\/uploads\/2017\/11\/DSCN8139.jpg 5152w, https:\/\/valasskemezirici.casd.cz\/wp-content\/uploads\/2017\/11\/DSCN8139-300x225.jpg 300w, https:\/\/valasskemezirici.casd.cz\/wp-content\/uploads\/2017\/11\/DSCN8139-768x576.jpg 768w, https:\/\/valasskemezirici.casd.cz\/wp-content\/uploads\/2017\/11\/DSCN8139-1024x768.jpg 1024w\" sizes=\"auto, (max-width: 590px) 100vw, 590px\" \/><\/a> <a href=\"https:\/\/valasskemezirici.casd.cz\/?attachment_id=3724\" rel=\"attachment wp-att-3724\"><img loading=\"lazy\" decoding=\"async\" class=\"alignnone  wp-image-3724\" src=\"https:\/\/valasskemezirici.casd.cz\/wp-content\/uploads\/2017\/11\/DSCN8140.jpg\" alt=\"\" width=\"590\" height=\"443\" srcset=\"https:\/\/valasskemezirici.casd.cz\/wp-content\/uploads\/2017\/11\/DSCN8140.jpg 5152w, https:\/\/valasskemezirici.casd.cz\/wp-content\/uploads\/2017\/11\/DSCN8140-300x225.jpg 300w, https:\/\/valasskemezirici.casd.cz\/wp-content\/uploads\/2017\/11\/DSCN8140-768x576.jpg 768w, https:\/\/valasskemezirici.casd.cz\/wp-content\/uploads\/2017\/11\/DSCN8140-1024x768.jpg 1024w\" sizes=\"auto, (max-width: 590px) 100vw, 590px\" \/><\/a> <a href=\"https:\/\/valasskemezirici.casd.cz\/?attachment_id=3725\" rel=\"attachment wp-att-3725\"><img loading=\"lazy\" decoding=\"async\" class=\"alignnone  wp-image-3725\" src=\"https:\/\/valasskemezirici.casd.cz\/wp-content\/uploads\/2017\/11\/DSCN8142.jpg\" alt=\"\" width=\"591\" height=\"443\" srcset=\"https:\/\/valasskemezirici.casd.cz\/wp-content\/uploads\/2017\/11\/DSCN8142.jpg 5152w, https:\/\/valasskemezirici.casd.cz\/wp-content\/uploads\/2017\/11\/DSCN8142-300x225.jpg 300w, https:\/\/valasskemezirici.casd.cz\/wp-content\/uploads\/2017\/11\/DSCN8142-768x576.jpg 768w, https:\/\/valasskemezirici.casd.cz\/wp-content\/uploads\/2017\/11\/DSCN8142-1024x768.jpg 1024w\" sizes=\"auto, (max-width: 591px) 100vw, 591px\" \/><\/a> <a href=\"https:\/\/valasskemezirici.casd.cz\/?attachment_id=3726\" rel=\"attachment wp-att-3726\"><img loading=\"lazy\" decoding=\"async\" class=\"alignnone  wp-image-3726\" src=\"https:\/\/valasskemezirici.casd.cz\/wp-content\/uploads\/2017\/11\/DSCN8143.jpg\" alt=\"\" width=\"591\" height=\"444\" srcset=\"https:\/\/valasskemezirici.casd.cz\/wp-content\/uploads\/2017\/11\/DSCN8143.jpg 5152w, https:\/\/valasskemezirici.casd.cz\/wp-content\/uploads\/2017\/11\/DSCN8143-300x225.jpg 300w, https:\/\/valasskemezirici.casd.cz\/wp-content\/uploads\/2017\/11\/DSCN8143-768x576.jpg 768w, https:\/\/valasskemezirici.casd.cz\/wp-content\/uploads\/2017\/11\/DSCN8143-1024x768.jpg 1024w\" sizes=\"auto, (max-width: 591px) 100vw, 591px\" \/><\/a> <a href=\"https:\/\/valasskemezirici.casd.cz\/?attachment_id=3727\" rel=\"attachment wp-att-3727\"><img loading=\"lazy\" decoding=\"async\" class=\"alignnone  wp-image-3727\" src=\"https:\/\/valasskemezirici.casd.cz\/wp-content\/uploads\/2017\/11\/DSCN8146.jpg\" alt=\"\" width=\"591\" height=\"443\" srcset=\"https:\/\/valasskemezirici.casd.cz\/wp-content\/uploads\/2017\/11\/DSCN8146.jpg 5152w, https:\/\/valasskemezirici.casd.cz\/wp-content\/uploads\/2017\/11\/DSCN8146-300x225.jpg 300w, https:\/\/valasskemezirici.casd.cz\/wp-content\/uploads\/2017\/11\/DSCN8146-768x576.jpg 768w, https:\/\/valasskemezirici.casd.cz\/wp-content\/uploads\/2017\/11\/DSCN8146-1024x768.jpg 1024w\" sizes=\"auto, (max-width: 591px) 100vw, 591px\" \/><\/a><\/p>\n","protected":false},"excerpt":{"rendered":"<p>V sobotu 25.11.2017 jsme se se\u0161li v modlitebn\u011b CASD ve Zl\u00edn\u011b &#8211; Malenovic\u00edch na Okrskov\u00e9m shrom\u00e1\u017ed\u011bn\u00ed u p\u0159\u00edle\u017eitosti 20t\u00e9ho v\u00fdro\u010d\u00ed otev\u0159en\u00ed nov\u00e9 modlitebny. A\u010d jde o budovu vskutku velikou, \u0159ada z n\u00e1s p\u0159i pohledu do zapln\u011bn\u00e9ho s\u00e1lu a ochoz\u016f vyslovila domn\u011bnku, zda nem\u011bla b\u00fdt je\u0161t\u011b v\u011bt\u0161\u00ed. Slavnostn\u00edho shrom\u00e1\u017ed\u011bn\u00ed se z\u00fa\u010dastnily sbory ze Zl\u00edna, Hole\u0161ova, Vala\u0161sk\u00e9ho [&hellip;]<\/p>\n","protected":false},"author":1,"featured_media":0,"comment_status":"closed","ping_status":"open","sticky":false,"template":"","format":"standard","meta":{"ngg_post_thumbnail":0,"footnotes":""},"categories":[1],"tags":[],"class_list":["post-3711","post","type-post","status-publish","format-standard","hentry","category-nezarazene"],"_links":{"self":[{"href":"https:\/\/valasskemezirici.casd.cz\/index.php?rest_route=\/wp\/v2\/posts\/3711","targetHints":{"allow":["GET"]}}],"collection":[{"href":"https:\/\/valasskemezirici.casd.cz\/index.php?rest_route=\/wp\/v2\/posts"}],"about":[{"href":"https:\/\/valasskemezirici.casd.cz\/index.php?rest_route=\/wp\/v2\/types\/post"}],"author":[{"embeddable":true,"href":"https:\/\/valasskemezirici.casd.cz\/index.php?rest_route=\/wp\/v2\/users\/1"}],"replies":[{"embeddable":true,"href":"https:\/\/valasskemezirici.casd.cz\/index.php?rest_route=%2Fwp%2Fv2%2Fcomments&post=3711"}],"version-history":[{"count":1,"href":"https:\/\/valasskemezirici.casd.cz\/index.php?rest_route=\/wp\/v2\/posts\/3711\/revisions"}],"predecessor-version":[{"id":3728,"href":"https:\/\/valasskemezirici.casd.cz\/index.php?rest_route=\/wp\/v2\/posts\/3711\/revisions\/3728"}],"wp:attachment":[{"href":"https:\/\/valasskemezirici.casd.cz\/index.php?rest_route=%2Fwp%2Fv2%2Fmedia&parent=3711"}],"wp:term":[{"taxonomy":"category","embeddable":true,"href":"https:\/\/valasskemezirici.casd.cz\/index.php?rest_route=%2Fwp%2Fv2%2Fcategories&post=3711"},{"taxonomy":"post_tag","embeddable":true,"href":"https:\/\/valasskemezirici.casd.cz\/index.php?rest_route=%2Fwp%2Fv2%2Ftags&post=3711"}],"curies":[{"name":"wp","href":"https:\/\/api.w.org\/{rel}","templated":true}]}}